{"id":1939,"date":"2015-12-07T08:51:00","date_gmt":"2015-12-07T06:51:00","guid":{"rendered":"http:\/\/tkg-duisburg.de\/?p=1939"},"modified":"2015-12-07T08:53:23","modified_gmt":"2015-12-07T06:53:23","slug":"refugees-welcome-die-qii-zu-besuch-im-fluechtlingsheim-moers","status":"publish","type":"post","link":"https:\/\/tkg-duisburg.de\/?p=1939","title":{"rendered":"Refugees welcome &#8211; Die QII zu Besuch im Fl\u00fcchtlingsheim Moers"},"content":{"rendered":"<h2>Refugees welcome &#8211; helpers even more &lt;3<\/h2>\n<h2><a href=\"https:\/\/tkg-duisburg.de\/wp-content\/uploads\/2015\/12\/titel-cropped.jpg\"><img loading=\"lazy\" decoding=\"async\" class=\"aligncenter wp-image-1941 size-full\" src=\"https:\/\/tkg-duisburg.de\/wp-content\/uploads\/2015\/12\/titel-cropped.jpg\" alt=\"titel cropped\" width=\"594\" height=\"354\" srcset=\"https:\/\/tkg-duisburg.de\/wp-content\/uploads\/2015\/12\/titel-cropped.jpg 594w, https:\/\/tkg-duisburg.de\/wp-content\/uploads\/2015\/12\/titel-cropped-300x179.jpg 300w\" sizes=\"auto, (max-width: 594px) 100vw, 594px\" \/><\/a><\/h2>\n<p style=\"text-align: justify;\">Am Dienstag, den 17. November 2015, machte sich der Spanischkurs der Q2 von Frau Wolz auf den Weg nach Moers, um vor Ort in einer Fl\u00fcchtlingsunterkunft Kindern und ihren Eltern einen abwechslungsreichen Nachmittag zu bereiten, der sie von allem Negativen befreien sollte \u2013 zumindest f\u00fcr diese Stunden.<\/p>\n<p style=\"text-align: justify;\"><!--more--><br \/>\nDie Sch\u00fclerinnen und Sch\u00fcler hatten sich viel \u00fcberlegt und vorgen<a href=\"https:\/\/tkg-duisburg.de\/wp-content\/uploads\/2015\/12\/fluechtlingsheim1.jpg\"><img loading=\"lazy\" decoding=\"async\" class=\"size-full wp-image-1957 alignright\" src=\"https:\/\/tkg-duisburg.de\/wp-content\/uploads\/2015\/12\/fluechtlingsheim1.jpg\" alt=\"fluechtlingsheim1\" width=\"319\" height=\"267\" srcset=\"https:\/\/tkg-duisburg.de\/wp-content\/uploads\/2015\/12\/fluechtlingsheim1.jpg 319w, https:\/\/tkg-duisburg.de\/wp-content\/uploads\/2015\/12\/fluechtlingsheim1-300x251.jpg 300w\" sizes=\"auto, (max-width: 319px) 100vw, 319px\" \/><\/a>ommen. Sie erfreuten die Fl\u00fcchtlinge zum einen mit Sachspenden wie Winterkleidung, Schreib- und Bastelutensilien sowie Spielsachen; auch die eine oder andere S\u00fc\u00dfigkeit f\u00fcr die Kleinen war nat\u00fcrlich mit dabei. Insbesondere f\u00fcr die Kinder im Grundschulalter hatten die Spanischlernenden viel Tolles geplant:<br \/>\nSie spielten mit ihnen und zauberten so ein L\u00e4cheln in ihre Gesichter. Neben Aktionen wie Kinderschminken, Fu\u00dfball und Federball, malen und basteln, <a href=\"https:\/\/tkg-duisburg.de\/wp-content\/uploads\/2015\/12\/Foto-17.11.15-14-36-59-e1449255477961.jpg\"><img loading=\"lazy\" decoding=\"async\" class=\"wp-image-1943 alignright\" src=\"https:\/\/tkg-duisburg.de\/wp-content\/uploads\/2015\/12\/Foto-17.11.15-14-36-59-e1449255477961.jpg\" alt=\"Foto 17.11.15, 14 36 59\" width=\"319\" height=\"267\" srcset=\"https:\/\/tkg-duisburg.de\/wp-content\/uploads\/2015\/12\/Foto-17.11.15-14-36-59-e1449255477961.jpg 2415w, https:\/\/tkg-duisburg.de\/wp-content\/uploads\/2015\/12\/Foto-17.11.15-14-36-59-e1449255477961-300x251.jpg 300w, https:\/\/tkg-duisburg.de\/wp-content\/uploads\/2015\/12\/Foto-17.11.15-14-36-59-e1449255477961-1024x858.jpg 1024w\" sizes=\"auto, (max-width: 319px) 100vw, 319px\" \/><\/a>Tischfu\u00dfball und Tisch-Ping-Pong sowie einem Farben-Lernspiel sorgten die Sch\u00fclerinnen und Sch\u00fcler des 13. Jahrgangs auch durch ihre offenen und herzlichen Gesten f\u00fcr ein gelungenes Kinderfest. Der Nachmittag stand somit unter dem Motto: ein Herz f\u00fcr Fl\u00fcchtlinge. Es wurden Umarmungen, freundschaftliche Handschl\u00e4ge und Zeichen des Dankes ausgetauscht.<br \/>\nDie Familienangeh\u00f6rigen waren der Aktion ebenso positiv gesinnt und traten <a href=\"https:\/\/tkg-duisburg.de\/wp-content\/uploads\/2015\/12\/fluechtlingsheim3.jpg\"><img loading=\"lazy\" decoding=\"async\" class=\"size-full wp-image-1958 alignright\" src=\"https:\/\/tkg-duisburg.de\/wp-content\/uploads\/2015\/12\/fluechtlingsheim3.jpg\" alt=\"fluechtlingsheim3\" width=\"319\" height=\"267\" srcset=\"https:\/\/tkg-duisburg.de\/wp-content\/uploads\/2015\/12\/fluechtlingsheim3.jpg 319w, https:\/\/tkg-duisburg.de\/wp-content\/uploads\/2015\/12\/fluechtlingsheim3-300x251.jpg 300w\" sizes=\"auto, (max-width: 319px) 100vw, 319px\" \/><\/a>mit den Sch\u00fclerinnen und Sch\u00fclern in den Dialog. Eltern, Gro\u00dfeltern und \u00e4ltere Geschwister waren versammelt und man unterhielt sich. Dabei waren besonders die t\u00fcrkischen und arabischen Sprachkenntnisse von Vorteil, um die Kommunikation erfolgreich bestreiten zu k\u00f6nnen. Nichtsdestoweniger wurden auch ein paar englische S\u00e4tze ausgetauscht. Im Notfall halfen uns ebenfalls H\u00e4nde, Gesten und pantomimisches Darstellen der intendierten S\u00e4tze. Die Fl\u00fcchtlinge erz\u00e4hlten von Problemen mit ihren Aufenthaltsgenehmigungen, von pers\u00f6nlichen Verlusten, von den katastrophalen Umst\u00e4nden in ihrem Land (sie kamen aus Syrien, Afghanistan oder dem Irak) oder von anderen einschneidenden Erlebnissen, die sie ihr Leben lang nicht mehr vergessen werden. Die Empathie der Sch\u00fclerinnen und Sch\u00fcler war \u00fcberw\u00e4ltigend und so konnten sie das Leid der Menschen in der Unterkunft verstehen, sich hingegen auch mit ihnen zusammen freuen, wenn sie etwa von einer bald zu beziehenden Wohnung im Umkreis berichteten.<\/p>\n<p><a href=\"https:\/\/tkg-duisburg.de\/wp-content\/uploads\/2015\/12\/fluechtlingsheim4.jpg\"><img loading=\"lazy\" decoding=\"async\" class=\"wp-image-1959 alignnone\" src=\"https:\/\/tkg-duisburg.de\/wp-content\/uploads\/2015\/12\/fluechtlingsheim4.jpg\" alt=\"fluechtlingsheim4\" width=\"184\" height=\"184\" srcset=\"https:\/\/tkg-duisburg.de\/wp-content\/uploads\/2015\/12\/fluechtlingsheim4.jpg 400w, https:\/\/tkg-duisburg.de\/wp-content\/uploads\/2015\/12\/fluechtlingsheim4-150x150.jpg 150w, https:\/\/tkg-duisburg.de\/wp-content\/uploads\/2015\/12\/fluechtlingsheim4-300x300.jpg 300w\" sizes=\"auto, (max-width: 184px) 100vw, 184px\" \/><\/a><a href=\"https:\/\/tkg-duisburg.de\/wp-content\/uploads\/2015\/12\/fluechtlingsheim6.jpg\"><img loading=\"lazy\" decoding=\"async\" class=\"wp-image-1961 alignnone\" src=\"https:\/\/tkg-duisburg.de\/wp-content\/uploads\/2015\/12\/fluechtlingsheim6.jpg\" alt=\"fluechtlingsheim6\" width=\"235\" height=\"183\" srcset=\"https:\/\/tkg-duisburg.de\/wp-content\/uploads\/2015\/12\/fluechtlingsheim6.jpg 400w, https:\/\/tkg-duisburg.de\/wp-content\/uploads\/2015\/12\/fluechtlingsheim6-300x233.jpg 300w\" sizes=\"auto, (max-width: 235px) 100vw, 235px\" \/><\/a><a href=\"https:\/\/tkg-duisburg.de\/wp-content\/uploads\/2015\/12\/fluechtlingsheim5.jpg\"><img loading=\"lazy\" decoding=\"async\" class=\"wp-image-1960 alignnone\" src=\"https:\/\/tkg-duisburg.de\/wp-content\/uploads\/2015\/12\/fluechtlingsheim5.jpg\" alt=\"fluechtlingsheim5\" width=\"185\" height=\"184\" srcset=\"https:\/\/tkg-duisburg.de\/wp-content\/uploads\/2015\/12\/fluechtlingsheim5.jpg 400w, https:\/\/tkg-duisburg.de\/wp-content\/uploads\/2015\/12\/fluechtlingsheim5-150x150.jpg 150w, https:\/\/tkg-duisburg.de\/wp-content\/uploads\/2015\/12\/fluechtlingsheim5-300x298.jpg 300w\" sizes=\"auto, (max-width: 185px) 100vw, 185px\" \/><\/a><\/p>\n<p style=\"text-align: justify;\">Zum Ende des Nachmittags hin wurde die Runde gem\u00fctlicher und die Frauen des Fl\u00fcchtlingsheims bereiteten uns Chai-Tee zu, was die Sch\u00fclerinnen und Sch\u00fcler lachend mit dem Ausdruck \u201ezu Gast bei G\u00e4sten\u201c kommentierten.<a href=\"https:\/\/tkg-duisburg.de\/wp-content\/uploads\/2015\/12\/fluechtlingsheim7.jpg\"><img loading=\"lazy\" decoding=\"async\" class=\" wp-image-1963 alignleft\" src=\"https:\/\/tkg-duisburg.de\/wp-content\/uploads\/2015\/12\/fluechtlingsheim7.jpg\" alt=\"fluechtlingsheim7\" width=\"324\" height=\"243\" srcset=\"https:\/\/tkg-duisburg.de\/wp-content\/uploads\/2015\/12\/fluechtlingsheim7.jpg 600w, https:\/\/tkg-duisburg.de\/wp-content\/uploads\/2015\/12\/fluechtlingsheim7-300x225.jpg 300w\" sizes=\"auto, (max-width: 324px) 100vw, 324px\" \/><\/a><br \/>\nAlles in allem war der Ausflug eine gelungene und gef\u00fchlsbetonte Aktion, die uns allen vor Augen gef\u00fchrt hat, welche Schicksale es gibt und dass die momentane Situation uns alle betrifft, denn jeder kann helfen und sollte es auch tun!<\/p>\n<p style=\"text-align: justify;\"><em>Die Sch\u00fclerinnen und Sch\u00fcler des Spanischkurses von Frau Wolz<\/em><\/p>\n","protected":false},"excerpt":{"rendered":"<p>Refugees welcome &#8211; helpers even more &lt;3 Am Dienstag, den 17. November 2015, machte sich der Spanischkurs der Q2 von Frau Wolz auf den Weg nach Moers, um vor Ort in einer Fl\u00fcchtlingsunterkunft Kindern und ihren Eltern einen abwechslungsreichen Nachmittag zu bereiten, der sie von allem Negativen befreien sollte \u2013 zumindest f\u00fcr diese Stunden.<\/p>\n","protected":false},"author":1,"featured_media":0,"comment_status":"closed","ping_status":"open","sticky":false,"template":"","format":"standard","meta":{"footnotes":""},"categories":[1,9,30,29,3],"tags":[],"class_list":["post-1939","post","type-post","status-publish","format-standard","hentry","category-allgemein","category-exkursionen","category-qii","category-spanisch","category-veranstaltungen"],"yoast_head":"<!-- This site is optimized with the Yoast SEO plugin v22.6 - https:\/\/yoast.com\/wordpress\/plugins\/seo\/ -->\n<title>Refugees welcome - Die QII zu Besuch im Fl\u00fcchtlingsheim Moers - Theodor K\u00f6nig Gesamtschule Duisburg<\/title>\n<meta name=\"robots\" content=\"index, follow, max-snippet:-1, max-image-preview:large, max-video-preview:-1\" \/>\n<link rel=\"canonical\" href=\"https:\/\/tkg-duisburg.de\/?p=1939\" \/>\n<meta property=\"og:locale\" content=\"de_DE\" \/>\n<meta property=\"og:type\" content=\"article\" \/>\n<meta property=\"og:title\" content=\"Refugees welcome - Die QII zu Besuch im Fl\u00fcchtlingsheim Moers - Theodor K\u00f6nig Gesamtschule Duisburg\" \/>\n<meta property=\"og:description\" content=\"Refugees welcome &#8211; helpers even more &lt;3 Am Dienstag, den 17. November 2015, machte sich der Spanischkurs der Q2 von Frau Wolz auf den Weg nach Moers, um vor Ort in einer Fl\u00fcchtlingsunterkunft Kindern und ihren Eltern einen abwechslungsreichen Nachmittag zu bereiten, der sie von allem Negativen befreien sollte \u2013 zumindest f\u00fcr diese Stunden.\" \/>\n<meta property=\"og:url\" content=\"https:\/\/tkg-duisburg.de\/?p=1939\" \/>\n<meta property=\"og:site_name\" content=\"Theodor K\u00f6nig Gesamtschule Duisburg\" \/>\n<meta property=\"article:published_time\" content=\"2015-12-07T06:51:00+00:00\" \/>\n<meta property=\"article:modified_time\" content=\"2015-12-07T06:53:23+00:00\" \/>\n<meta property=\"og:image\" content=\"http:\/\/tkg-duisburg.de\/wp-content\/uploads\/2015\/12\/titel-cropped.jpg\" \/>\n<meta name=\"author\" content=\"Theodor K\u00f6nig Gesamtschule\" \/>\n<meta name=\"twitter:card\" content=\"summary_large_image\" \/>\n<meta name=\"twitter:label1\" content=\"Verfasst von\" \/>\n\t<meta name=\"twitter:data1\" content=\"Theodor K\u00f6nig Gesamtschule\" \/>\n\t<meta name=\"twitter:label2\" content=\"Gesch\u00e4tzte Lesezeit\" \/>\n\t<meta name=\"twitter:data2\" content=\"2\u00a0Minuten\" \/>\n<script type=\"application\/ld+json\" class=\"yoast-schema-graph\">{\"@context\":\"https:\/\/schema.org\",\"@graph\":[{\"@type\":\"WebPage\",\"@id\":\"https:\/\/tkg-duisburg.de\/?p=1939\",\"url\":\"https:\/\/tkg-duisburg.de\/?p=1939\",\"name\":\"Refugees welcome - Die QII zu Besuch im Fl\u00fcchtlingsheim Moers - Theodor K\u00f6nig Gesamtschule Duisburg\",\"isPartOf\":{\"@id\":\"https:\/\/tkg-duisburg.de\/#website\"},\"primaryImageOfPage\":{\"@id\":\"https:\/\/tkg-duisburg.de\/?p=1939#primaryimage\"},\"image\":{\"@id\":\"https:\/\/tkg-duisburg.de\/?p=1939#primaryimage\"},\"thumbnailUrl\":\"http:\/\/tkg-duisburg.de\/wp-content\/uploads\/2015\/12\/titel-cropped.jpg\",\"datePublished\":\"2015-12-07T06:51:00+00:00\",\"dateModified\":\"2015-12-07T06:53:23+00:00\",\"author\":{\"@id\":\"https:\/\/tkg-duisburg.de\/#\/schema\/person\/959db6a2cedeb35dd75151dbd9d4361c\"},\"breadcrumb\":{\"@id\":\"https:\/\/tkg-duisburg.de\/?p=1939#breadcrumb\"},\"inLanguage\":\"de\",\"potentialAction\":[{\"@type\":\"ReadAction\",\"target\":[\"https:\/\/tkg-duisburg.de\/?p=1939\"]}]},{\"@type\":\"ImageObject\",\"inLanguage\":\"de\",\"@id\":\"https:\/\/tkg-duisburg.de\/?p=1939#primaryimage\",\"url\":\"http:\/\/tkg-duisburg.de\/wp-content\/uploads\/2015\/12\/titel-cropped.jpg\",\"contentUrl\":\"http:\/\/tkg-duisburg.de\/wp-content\/uploads\/2015\/12\/titel-cropped.jpg\"},{\"@type\":\"BreadcrumbList\",\"@id\":\"https:\/\/tkg-duisburg.de\/?p=1939#breadcrumb\",\"itemListElement\":[{\"@type\":\"ListItem\",\"position\":1,\"name\":\"Startseite\",\"item\":\"https:\/\/tkg-duisburg.de\/\"},{\"@type\":\"ListItem\",\"position\":2,\"name\":\"Refugees welcome &#8211; Die QII zu Besuch im Fl\u00fcchtlingsheim Moers\"}]},{\"@type\":\"WebSite\",\"@id\":\"https:\/\/tkg-duisburg.de\/#website\",\"url\":\"https:\/\/tkg-duisburg.de\/\",\"name\":\"Theodor K\u00f6nig Gesamtschule Duisburg\",\"description\":\"\",\"potentialAction\":[{\"@type\":\"SearchAction\",\"target\":{\"@type\":\"EntryPoint\",\"urlTemplate\":\"https:\/\/tkg-duisburg.de\/?s={search_term_string}\"},\"query-input\":\"required name=search_term_string\"}],\"inLanguage\":\"de\"},{\"@type\":\"Person\",\"@id\":\"https:\/\/tkg-duisburg.de\/#\/schema\/person\/959db6a2cedeb35dd75151dbd9d4361c\",\"name\":\"Theodor K\u00f6nig Gesamtschule\",\"image\":{\"@type\":\"ImageObject\",\"inLanguage\":\"de\",\"@id\":\"https:\/\/tkg-duisburg.de\/#\/schema\/person\/image\/\",\"url\":\"https:\/\/secure.gravatar.com\/avatar\/78b8874227e9cd261d53d8462e0bd16b4cd3f37456ad1287bc3bfd162d6f0b9f?s=96&d=mm&r=g\",\"contentUrl\":\"https:\/\/secure.gravatar.com\/avatar\/78b8874227e9cd261d53d8462e0bd16b4cd3f37456ad1287bc3bfd162d6f0b9f?s=96&d=mm&r=g\",\"caption\":\"Theodor K\u00f6nig Gesamtschule\"},\"url\":\"https:\/\/tkg-duisburg.de\/?author=1\"}]}<\/script>\n<!-- \/ Yoast SEO plugin. -->","yoast_head_json":{"title":"Refugees welcome - Die QII zu Besuch im Fl\u00fcchtlingsheim Moers - Theodor K\u00f6nig Gesamtschule Duisburg","robots":{"index":"index","follow":"follow","max-snippet":"max-snippet:-1","max-image-preview":"max-image-preview:large","max-video-preview":"max-video-preview:-1"},"canonical":"https:\/\/tkg-duisburg.de\/?p=1939","og_locale":"de_DE","og_type":"article","og_title":"Refugees welcome - Die QII zu Besuch im Fl\u00fcchtlingsheim Moers - Theodor K\u00f6nig Gesamtschule Duisburg","og_description":"Refugees welcome &#8211; helpers even more &lt;3 Am Dienstag, den 17. November 2015, machte sich der Spanischkurs der Q2 von Frau Wolz auf den Weg nach Moers, um vor Ort in einer Fl\u00fcchtlingsunterkunft Kindern und ihren Eltern einen abwechslungsreichen Nachmittag zu bereiten, der sie von allem Negativen befreien sollte \u2013 zumindest f\u00fcr diese Stunden.","og_url":"https:\/\/tkg-duisburg.de\/?p=1939","og_site_name":"Theodor K\u00f6nig Gesamtschule Duisburg","article_published_time":"2015-12-07T06:51:00+00:00","article_modified_time":"2015-12-07T06:53:23+00:00","og_image":[{"url":"http:\/\/tkg-duisburg.de\/wp-content\/uploads\/2015\/12\/titel-cropped.jpg"}],"author":"Theodor K\u00f6nig Gesamtschule","twitter_card":"summary_large_image","twitter_misc":{"Verfasst von":"Theodor K\u00f6nig Gesamtschule","Gesch\u00e4tzte Lesezeit":"2\u00a0Minuten"},"schema":{"@context":"https:\/\/schema.org","@graph":[{"@type":"WebPage","@id":"https:\/\/tkg-duisburg.de\/?p=1939","url":"https:\/\/tkg-duisburg.de\/?p=1939","name":"Refugees welcome - Die QII zu Besuch im Fl\u00fcchtlingsheim Moers - Theodor K\u00f6nig Gesamtschule Duisburg","isPartOf":{"@id":"https:\/\/tkg-duisburg.de\/#website"},"primaryImageOfPage":{"@id":"https:\/\/tkg-duisburg.de\/?p=1939#primaryimage"},"image":{"@id":"https:\/\/tkg-duisburg.de\/?p=1939#primaryimage"},"thumbnailUrl":"http:\/\/tkg-duisburg.de\/wp-content\/uploads\/2015\/12\/titel-cropped.jpg","datePublished":"2015-12-07T06:51:00+00:00","dateModified":"2015-12-07T06:53:23+00:00","author":{"@id":"https:\/\/tkg-duisburg.de\/#\/schema\/person\/959db6a2cedeb35dd75151dbd9d4361c"},"breadcrumb":{"@id":"https:\/\/tkg-duisburg.de\/?p=1939#breadcrumb"},"inLanguage":"de","potentialAction":[{"@type":"ReadAction","target":["https:\/\/tkg-duisburg.de\/?p=1939"]}]},{"@type":"ImageObject","inLanguage":"de","@id":"https:\/\/tkg-duisburg.de\/?p=1939#primaryimage","url":"http:\/\/tkg-duisburg.de\/wp-content\/uploads\/2015\/12\/titel-cropped.jpg","contentUrl":"http:\/\/tkg-duisburg.de\/wp-content\/uploads\/2015\/12\/titel-cropped.jpg"},{"@type":"BreadcrumbList","@id":"https:\/\/tkg-duisburg.de\/?p=1939#breadcrumb","itemListElement":[{"@type":"ListItem","position":1,"name":"Startseite","item":"https:\/\/tkg-duisburg.de\/"},{"@type":"ListItem","position":2,"name":"Refugees welcome &#8211; Die QII zu Besuch im Fl\u00fcchtlingsheim Moers"}]},{"@type":"WebSite","@id":"https:\/\/tkg-duisburg.de\/#website","url":"https:\/\/tkg-duisburg.de\/","name":"Theodor K\u00f6nig Gesamtschule Duisburg","description":"","potentialAction":[{"@type":"SearchAction","target":{"@type":"EntryPoint","urlTemplate":"https:\/\/tkg-duisburg.de\/?s={search_term_string}"},"query-input":"required name=search_term_string"}],"inLanguage":"de"},{"@type":"Person","@id":"https:\/\/tkg-duisburg.de\/#\/schema\/person\/959db6a2cedeb35dd75151dbd9d4361c","name":"Theodor K\u00f6nig Gesamtschule","image":{"@type":"ImageObject","inLanguage":"de","@id":"https:\/\/tkg-duisburg.de\/#\/schema\/person\/image\/","url":"https:\/\/secure.gravatar.com\/avatar\/78b8874227e9cd261d53d8462e0bd16b4cd3f37456ad1287bc3bfd162d6f0b9f?s=96&d=mm&r=g","contentUrl":"https:\/\/secure.gravatar.com\/avatar\/78b8874227e9cd261d53d8462e0bd16b4cd3f37456ad1287bc3bfd162d6f0b9f?s=96&d=mm&r=g","caption":"Theodor K\u00f6nig Gesamtschule"},"url":"https:\/\/tkg-duisburg.de\/?author=1"}]}},"_links":{"self":[{"href":"https:\/\/tkg-duisburg.de\/index.php?rest_route=\/wp\/v2\/posts\/1939","targetHints":{"allow":["GET"]}}],"collection":[{"href":"https:\/\/tkg-duisburg.de\/index.php?rest_route=\/wp\/v2\/posts"}],"about":[{"href":"https:\/\/tkg-duisburg.de\/index.php?rest_route=\/wp\/v2\/types\/post"}],"author":[{"embeddable":true,"href":"https:\/\/tkg-duisburg.de\/index.php?rest_route=\/wp\/v2\/users\/1"}],"replies":[{"embeddable":true,"href":"https:\/\/tkg-duisburg.de\/index.php?rest_route=%2Fwp%2Fv2%2Fcomments&post=1939"}],"version-history":[{"count":5,"href":"https:\/\/tkg-duisburg.de\/index.php?rest_route=\/wp\/v2\/posts\/1939\/revisions"}],"predecessor-version":[{"id":1965,"href":"https:\/\/tkg-duisburg.de\/index.php?rest_route=\/wp\/v2\/posts\/1939\/revisions\/1965"}],"wp:attachment":[{"href":"https:\/\/tkg-duisburg.de\/index.php?rest_route=%2Fwp%2Fv2%2Fmedia&parent=1939"}],"wp:term":[{"taxonomy":"category","embeddable":true,"href":"https:\/\/tkg-duisburg.de\/index.php?rest_route=%2Fwp%2Fv2%2Fcategories&post=1939"},{"taxonomy":"post_tag","embeddable":true,"href":"https:\/\/tkg-duisburg.de\/index.php?rest_route=%2Fwp%2Fv2%2Ftags&post=1939"}],"curies":[{"name":"wp","href":"https:\/\/api.w.org\/{rel}","templated":true}]}}