{"id":1990,"date":"2015-12-19T14:22:44","date_gmt":"2015-12-19T12:22:44","guid":{"rendered":"http:\/\/tkg-duisburg.de\/?p=1990"},"modified":"2015-12-22T23:38:46","modified_gmt":"2015-12-22T21:38:46","slug":"was-lange-waehrt-die-neue-schulkueche","status":"publish","type":"post","link":"https:\/\/tkg-duisburg.de\/?p=1990","title":{"rendered":"Was lange w\u00e4hrt,&#8230; &#8211; Die neue Schulk\u00fcche"},"content":{"rendered":"<p style=\"text-align: justify;\"><a href=\"https:\/\/tkg-duisburg.de\/wp-content\/uploads\/2015\/12\/titel-k\u00fcche.jpg\"><img loading=\"lazy\" decoding=\"async\" class=\"aligncenter size-full wp-image-2002\" src=\"https:\/\/tkg-duisburg.de\/wp-content\/uploads\/2015\/12\/titel-k\u00fcche.jpg\" alt=\"titel k\u00fcche\" width=\"765\" height=\"298\" srcset=\"https:\/\/tkg-duisburg.de\/wp-content\/uploads\/2015\/12\/titel-k\u00fcche.jpg 765w, https:\/\/tkg-duisburg.de\/wp-content\/uploads\/2015\/12\/titel-k\u00fcche-300x117.jpg 300w\" sizes=\"auto, (max-width: 765px) 100vw, 765px\" \/><\/a>Nach vielen Planungsgespr\u00e4chen, Vor-Ort-Terminen, Mailkontakten und Telefonaten, nach Ausr\u00e4umen der K\u00fcche, gespanntem Beobachten der &#8222;Baufortschritte&#8220;, Reinigung, Eink\u00e4ufen und Einr\u00e4umen k\u00f6nnen Sch\u00fclerinnen, Sch\u00fcler, Lehrerinnen und Lehrer in der Lehrk\u00fcche wieder Schmackhaftes zubereiten.<\/p>\n<p style=\"text-align: justify;\">Eine Kostprobe f\u00fcr das Kollegium gab es bei einer kleinen Einweihung der neuen Schulk\u00fcche am 10.12.2015.<\/p>\n<div id='gallery-1' class='gallery galleryid-1990 gallery-columns-3 gallery-size-thumbnail'><figure class='gallery-item'>\n\t\t\t<div class='gallery-icon landscape'>\n\t\t\t\t<a href='https:\/\/tkg-duisburg.de\/?attachment_id=1995'><img loading=\"lazy\" decoding=\"async\" width=\"150\" height=\"150\" src=\"https:\/\/tkg-duisburg.de\/wp-content\/uploads\/2015\/12\/k\u00fcche2-150x150.jpg\" class=\"attachment-thumbnail size-thumbnail\" alt=\"\" \/><\/a>\n\t\t\t<\/div><\/figure><figure class='gallery-item'>\n\t\t\t<div class='gallery-icon landscape'>\n\t\t\t\t<a href='https:\/\/tkg-duisburg.de\/?attachment_id=1997'><img loading=\"lazy\" decoding=\"async\" width=\"150\" height=\"150\" src=\"https:\/\/tkg-duisburg.de\/wp-content\/uploads\/2015\/12\/k\u00fcche4-150x150.jpg\" class=\"attachment-thumbnail size-thumbnail\" alt=\"\" \/><\/a>\n\t\t\t<\/div><\/figure><figure class='gallery-item'>\n\t\t\t<div class='gallery-icon landscape'>\n\t\t\t\t<a href='https:\/\/tkg-duisburg.de\/?attachment_id=2001'><img loading=\"lazy\" decoding=\"async\" width=\"150\" height=\"150\" src=\"https:\/\/tkg-duisburg.de\/wp-content\/uploads\/2015\/12\/k\u00fcche8-150x150.jpg\" class=\"attachment-thumbnail size-thumbnail\" alt=\"\" \/><\/a>\n\t\t\t<\/div><\/figure><figure class='gallery-item'>\n\t\t\t<div class='gallery-icon landscape'>\n\t\t\t\t<a href='https:\/\/tkg-duisburg.de\/?attachment_id=1994'><img loading=\"lazy\" decoding=\"async\" width=\"150\" height=\"150\" src=\"https:\/\/tkg-duisburg.de\/wp-content\/uploads\/2015\/12\/k\u00fcche1-150x150.jpg\" class=\"attachment-thumbnail size-thumbnail\" alt=\"\" \/><\/a>\n\t\t\t<\/div><\/figure><figure class='gallery-item'>\n\t\t\t<div class='gallery-icon landscape'>\n\t\t\t\t<a href='https:\/\/tkg-duisburg.de\/?attachment_id=2000'><img loading=\"lazy\" decoding=\"async\" width=\"150\" height=\"150\" src=\"https:\/\/tkg-duisburg.de\/wp-content\/uploads\/2015\/12\/k\u00fcche7-150x150.jpg\" class=\"attachment-thumbnail size-thumbnail\" alt=\"\" \/><\/a>\n\t\t\t<\/div><\/figure><figure class='gallery-item'>\n\t\t\t<div class='gallery-icon landscape'>\n\t\t\t\t<a href='https:\/\/tkg-duisburg.de\/?attachment_id=1999'><img loading=\"lazy\" decoding=\"async\" width=\"150\" height=\"150\" src=\"https:\/\/tkg-duisburg.de\/wp-content\/uploads\/2015\/12\/k\u00fcche6-150x150.jpg\" class=\"attachment-thumbnail size-thumbnail\" alt=\"\" \/><\/a>\n\t\t\t<\/div><\/figure><figure class='gallery-item'>\n\t\t\t<div class='gallery-icon landscape'>\n\t\t\t\t<a href='https:\/\/tkg-duisburg.de\/?attachment_id=1998'><img loading=\"lazy\" decoding=\"async\" width=\"150\" height=\"150\" src=\"https:\/\/tkg-duisburg.de\/wp-content\/uploads\/2015\/12\/k\u00fcche5-150x150.jpg\" class=\"attachment-thumbnail size-thumbnail\" alt=\"\" \/><\/a>\n\t\t\t<\/div><\/figure><figure class='gallery-item'>\n\t\t\t<div class='gallery-icon landscape'>\n\t\t\t\t<a href='https:\/\/tkg-duisburg.de\/?attachment_id=1996'><img loading=\"lazy\" decoding=\"async\" width=\"150\" height=\"150\" src=\"https:\/\/tkg-duisburg.de\/wp-content\/uploads\/2015\/12\/k\u00fcche3-150x150.jpg\" class=\"attachment-thumbnail size-thumbnail\" alt=\"\" \/><\/a>\n\t\t\t<\/div><\/figure><figure class='gallery-item'>\n\t\t\t<div class='gallery-icon landscape'>\n\t\t\t\t<a href='https:\/\/tkg-duisburg.de\/?attachment_id=2004'><img loading=\"lazy\" decoding=\"async\" width=\"150\" height=\"150\" src=\"https:\/\/tkg-duisburg.de\/wp-content\/uploads\/2015\/12\/k\u00fcche9-150x150.jpg\" class=\"attachment-thumbnail size-thumbnail\" alt=\"Schulk\u00fcche\" \/><\/a>\n\t\t\t<\/div><\/figure>\n\t\t<\/div>\n\n","protected":false},"excerpt":{"rendered":"<p>Nach vielen Planungsgespr\u00e4chen, Vor-Ort-Terminen, Mailkontakten und Telefonaten, nach Ausr\u00e4umen der K\u00fcche, gespanntem Beobachten der &#8222;Baufortschritte&#8220;, Reinigung, Eink\u00e4ufen und Einr\u00e4umen k\u00f6nnen Sch\u00fclerinnen, Sch\u00fcler, Lehrerinnen und Lehrer in der Lehrk\u00fcche wieder Schmackhaftes zubereiten. Eine Kostprobe f\u00fcr das Kollegium gab es bei einer kleinen Einweihung der neuen Schulk\u00fcche am 10.12.2015.<\/p>\n","protected":false},"author":1,"featured_media":0,"comment_status":"closed","ping_status":"open","sticky":false,"template":"","format":"standard","meta":{"footnotes":""},"categories":[1],"tags":[],"class_list":["post-1990","post","type-post","status-publish","format-standard","hentry","category-allgemein"],"yoast_head":"<!-- This site is optimized with the Yoast SEO plugin v22.6 - https:\/\/yoast.com\/wordpress\/plugins\/seo\/ -->\n<title>Was lange w\u00e4hrt,... - Die neue Schulk\u00fcche - Theodor K\u00f6nig Gesamtschule Duisburg<\/title>\n<meta name=\"robots\" content=\"index, follow, max-snippet:-1, max-image-preview:large, max-video-preview:-1\" \/>\n<link rel=\"canonical\" href=\"https:\/\/tkg-duisburg.de\/?p=1990\" \/>\n<meta property=\"og:locale\" content=\"de_DE\" \/>\n<meta property=\"og:type\" content=\"article\" \/>\n<meta property=\"og:title\" content=\"Was lange w\u00e4hrt,... - Die neue Schulk\u00fcche - Theodor K\u00f6nig Gesamtschule Duisburg\" \/>\n<meta property=\"og:description\" content=\"Nach vielen Planungsgespr\u00e4chen, Vor-Ort-Terminen, Mailkontakten und Telefonaten, nach Ausr\u00e4umen der K\u00fcche, gespanntem Beobachten der &#8222;Baufortschritte&#8220;, Reinigung, Eink\u00e4ufen und Einr\u00e4umen k\u00f6nnen Sch\u00fclerinnen, Sch\u00fcler, Lehrerinnen und Lehrer in der Lehrk\u00fcche wieder Schmackhaftes zubereiten. Eine Kostprobe f\u00fcr das Kollegium gab es bei einer kleinen Einweihung der neuen Schulk\u00fcche am 10.12.2015.\" \/>\n<meta property=\"og:url\" content=\"https:\/\/tkg-duisburg.de\/?p=1990\" \/>\n<meta property=\"og:site_name\" content=\"Theodor K\u00f6nig Gesamtschule Duisburg\" \/>\n<meta property=\"article:published_time\" content=\"2015-12-19T12:22:44+00:00\" \/>\n<meta property=\"article:modified_time\" content=\"2015-12-22T21:38:46+00:00\" \/>\n<meta property=\"og:image\" content=\"https:\/\/tkg-duisburg.de\/wp-content\/uploads\/2015\/12\/k\u00fcche2-150x150.jpg\" \/>\n<meta name=\"author\" content=\"Theodor K\u00f6nig Gesamtschule\" \/>\n<meta name=\"twitter:card\" content=\"summary_large_image\" \/>\n<meta name=\"twitter:label1\" content=\"Verfasst von\" \/>\n\t<meta name=\"twitter:data1\" content=\"Theodor K\u00f6nig Gesamtschule\" \/>\n<script type=\"application\/ld+json\" class=\"yoast-schema-graph\">{\"@context\":\"https:\/\/schema.org\",\"@graph\":[{\"@type\":\"WebPage\",\"@id\":\"https:\/\/tkg-duisburg.de\/?p=1990\",\"url\":\"https:\/\/tkg-duisburg.de\/?p=1990\",\"name\":\"Was lange w\u00e4hrt,... - Die neue Schulk\u00fcche - Theodor K\u00f6nig Gesamtschule Duisburg\",\"isPartOf\":{\"@id\":\"https:\/\/tkg-duisburg.de\/#website\"},\"datePublished\":\"2015-12-19T12:22:44+00:00\",\"dateModified\":\"2015-12-22T21:38:46+00:00\",\"author\":{\"@id\":\"https:\/\/tkg-duisburg.de\/#\/schema\/person\/959db6a2cedeb35dd75151dbd9d4361c\"},\"breadcrumb\":{\"@id\":\"https:\/\/tkg-duisburg.de\/?p=1990#breadcrumb\"},\"inLanguage\":\"de\",\"potentialAction\":[{\"@type\":\"ReadAction\",\"target\":[\"https:\/\/tkg-duisburg.de\/?p=1990\"]}]},{\"@type\":\"BreadcrumbList\",\"@id\":\"https:\/\/tkg-duisburg.de\/?p=1990#breadcrumb\",\"itemListElement\":[{\"@type\":\"ListItem\",\"position\":1,\"name\":\"Startseite\",\"item\":\"https:\/\/tkg-duisburg.de\/\"},{\"@type\":\"ListItem\",\"position\":2,\"name\":\"Was lange w\u00e4hrt,&#8230; &#8211; Die neue Schulk\u00fcche\"}]},{\"@type\":\"WebSite\",\"@id\":\"https:\/\/tkg-duisburg.de\/#website\",\"url\":\"https:\/\/tkg-duisburg.de\/\",\"name\":\"Theodor K\u00f6nig Gesamtschule Duisburg\",\"description\":\"\",\"potentialAction\":[{\"@type\":\"SearchAction\",\"target\":{\"@type\":\"EntryPoint\",\"urlTemplate\":\"https:\/\/tkg-duisburg.de\/?s={search_term_string}\"},\"query-input\":\"required name=search_term_string\"}],\"inLanguage\":\"de\"},{\"@type\":\"Person\",\"@id\":\"https:\/\/tkg-duisburg.de\/#\/schema\/person\/959db6a2cedeb35dd75151dbd9d4361c\",\"name\":\"Theodor K\u00f6nig Gesamtschule\",\"image\":{\"@type\":\"ImageObject\",\"inLanguage\":\"de\",\"@id\":\"https:\/\/tkg-duisburg.de\/#\/schema\/person\/image\/\",\"url\":\"https:\/\/secure.gravatar.com\/avatar\/78b8874227e9cd261d53d8462e0bd16b4cd3f37456ad1287bc3bfd162d6f0b9f?s=96&d=mm&r=g\",\"contentUrl\":\"https:\/\/secure.gravatar.com\/avatar\/78b8874227e9cd261d53d8462e0bd16b4cd3f37456ad1287bc3bfd162d6f0b9f?s=96&d=mm&r=g\",\"caption\":\"Theodor K\u00f6nig Gesamtschule\"},\"url\":\"https:\/\/tkg-duisburg.de\/?author=1\"}]}<\/script>\n<!-- \/ Yoast SEO plugin. -->","yoast_head_json":{"title":"Was lange w\u00e4hrt,... - Die neue Schulk\u00fcche - Theodor K\u00f6nig Gesamtschule Duisburg","robots":{"index":"index","follow":"follow","max-snippet":"max-snippet:-1","max-image-preview":"max-image-preview:large","max-video-preview":"max-video-preview:-1"},"canonical":"https:\/\/tkg-duisburg.de\/?p=1990","og_locale":"de_DE","og_type":"article","og_title":"Was lange w\u00e4hrt,... - Die neue Schulk\u00fcche - Theodor K\u00f6nig Gesamtschule Duisburg","og_description":"Nach vielen Planungsgespr\u00e4chen, Vor-Ort-Terminen, Mailkontakten und Telefonaten, nach Ausr\u00e4umen der K\u00fcche, gespanntem Beobachten der &#8222;Baufortschritte&#8220;, Reinigung, Eink\u00e4ufen und Einr\u00e4umen k\u00f6nnen Sch\u00fclerinnen, Sch\u00fcler, Lehrerinnen und Lehrer in der Lehrk\u00fcche wieder Schmackhaftes zubereiten. Eine Kostprobe f\u00fcr das Kollegium gab es bei einer kleinen Einweihung der neuen Schulk\u00fcche am 10.12.2015.","og_url":"https:\/\/tkg-duisburg.de\/?p=1990","og_site_name":"Theodor K\u00f6nig Gesamtschule Duisburg","article_published_time":"2015-12-19T12:22:44+00:00","article_modified_time":"2015-12-22T21:38:46+00:00","og_image":[{"url":"https:\/\/tkg-duisburg.de\/wp-content\/uploads\/2015\/12\/k\u00fcche2-150x150.jpg"}],"author":"Theodor K\u00f6nig Gesamtschule","twitter_card":"summary_large_image","twitter_misc":{"Verfasst von":"Theodor K\u00f6nig Gesamtschule"},"schema":{"@context":"https:\/\/schema.org","@graph":[{"@type":"WebPage","@id":"https:\/\/tkg-duisburg.de\/?p=1990","url":"https:\/\/tkg-duisburg.de\/?p=1990","name":"Was lange w\u00e4hrt,... - Die neue Schulk\u00fcche - Theodor K\u00f6nig Gesamtschule Duisburg","isPartOf":{"@id":"https:\/\/tkg-duisburg.de\/#website"},"datePublished":"2015-12-19T12:22:44+00:00","dateModified":"2015-12-22T21:38:46+00:00","author":{"@id":"https:\/\/tkg-duisburg.de\/#\/schema\/person\/959db6a2cedeb35dd75151dbd9d4361c"},"breadcrumb":{"@id":"https:\/\/tkg-duisburg.de\/?p=1990#breadcrumb"},"inLanguage":"de","potentialAction":[{"@type":"ReadAction","target":["https:\/\/tkg-duisburg.de\/?p=1990"]}]},{"@type":"BreadcrumbList","@id":"https:\/\/tkg-duisburg.de\/?p=1990#breadcrumb","itemListElement":[{"@type":"ListItem","position":1,"name":"Startseite","item":"https:\/\/tkg-duisburg.de\/"},{"@type":"ListItem","position":2,"name":"Was lange w\u00e4hrt,&#8230; &#8211; Die neue Schulk\u00fcche"}]},{"@type":"WebSite","@id":"https:\/\/tkg-duisburg.de\/#website","url":"https:\/\/tkg-duisburg.de\/","name":"Theodor K\u00f6nig Gesamtschule Duisburg","description":"","potentialAction":[{"@type":"SearchAction","target":{"@type":"EntryPoint","urlTemplate":"https:\/\/tkg-duisburg.de\/?s={search_term_string}"},"query-input":"required name=search_term_string"}],"inLanguage":"de"},{"@type":"Person","@id":"https:\/\/tkg-duisburg.de\/#\/schema\/person\/959db6a2cedeb35dd75151dbd9d4361c","name":"Theodor K\u00f6nig Gesamtschule","image":{"@type":"ImageObject","inLanguage":"de","@id":"https:\/\/tkg-duisburg.de\/#\/schema\/person\/image\/","url":"https:\/\/secure.gravatar.com\/avatar\/78b8874227e9cd261d53d8462e0bd16b4cd3f37456ad1287bc3bfd162d6f0b9f?s=96&d=mm&r=g","contentUrl":"https:\/\/secure.gravatar.com\/avatar\/78b8874227e9cd261d53d8462e0bd16b4cd3f37456ad1287bc3bfd162d6f0b9f?s=96&d=mm&r=g","caption":"Theodor K\u00f6nig Gesamtschule"},"url":"https:\/\/tkg-duisburg.de\/?author=1"}]}},"_links":{"self":[{"href":"https:\/\/tkg-duisburg.de\/index.php?rest_route=\/wp\/v2\/posts\/1990","targetHints":{"allow":["GET"]}}],"collection":[{"href":"https:\/\/tkg-duisburg.de\/index.php?rest_route=\/wp\/v2\/posts"}],"about":[{"href":"https:\/\/tkg-duisburg.de\/index.php?rest_route=\/wp\/v2\/types\/post"}],"author":[{"embeddable":true,"href":"https:\/\/tkg-duisburg.de\/index.php?rest_route=\/wp\/v2\/users\/1"}],"replies":[{"embeddable":true,"href":"https:\/\/tkg-duisburg.de\/index.php?rest_route=%2Fwp%2Fv2%2Fcomments&post=1990"}],"version-history":[{"count":6,"href":"https:\/\/tkg-duisburg.de\/index.php?rest_route=\/wp\/v2\/posts\/1990\/revisions"}],"predecessor-version":[{"id":2034,"href":"https:\/\/tkg-duisburg.de\/index.php?rest_route=\/wp\/v2\/posts\/1990\/revisions\/2034"}],"wp:attachment":[{"href":"https:\/\/tkg-duisburg.de\/index.php?rest_route=%2Fwp%2Fv2%2Fmedia&parent=1990"}],"wp:term":[{"taxonomy":"category","embeddable":true,"href":"https:\/\/tkg-duisburg.de\/index.php?rest_route=%2Fwp%2Fv2%2Fcategories&post=1990"},{"taxonomy":"post_tag","embeddable":true,"href":"https:\/\/tkg-duisburg.de\/index.php?rest_route=%2Fwp%2Fv2%2Ftags&post=1990"}],"curies":[{"name":"wp","href":"https:\/\/api.w.org\/{rel}","templated":true}]}}