{"id":2557,"date":"2016-12-12T21:15:50","date_gmt":"2016-12-12T19:15:50","guid":{"rendered":"http:\/\/tkg-duisburg.de\/?p=2557"},"modified":"2017-07-18T10:20:24","modified_gmt":"2017-07-18T08:20:24","slug":"oberstufe-nimmt-teil-am-duisburger-schulmodell-der-ihk","status":"publish","type":"post","link":"https:\/\/tkg-duisburg.de\/?p=2557","title":{"rendered":"Oberstufe nimmt teil am Duisburger Schulmodell der IHK"},"content":{"rendered":"<p><img loading=\"lazy\" decoding=\"async\" class=\"aligncenter size-full wp-image-2558\" src=\"https:\/\/tkg-duisburg.de\/wp-content\/uploads\/2016\/12\/7845-e1481570084132.jpg\" alt=\"7845\" width=\"800\" height=\"533\" \/><\/p>\n<div>\n<div>Quelle Foto: Niederrheinische IHK \/ Ulrich Sorbe<\/div>\n<\/div>\n<p style=\"text-align: justify;\">Am 01.12.2016 unterzeichneten Herr Zerari (Ansprechpartner der IHK) und Frau Hiller-Kitzmann (Abteilungsleiterin Oberstufe) eine entsprechende Kooperationsvereinbarung. Sch\u00fclerinnen und Sch\u00fcler der Oberstufe, die nach dem Fachabitur oder Abitur eine Ausbildung anstreben, erhalten nun\u00a0 \u00fcber Herrn Zerari die M\u00f6glichkeit der pers\u00f6nlichen, individuellen und aktiven Unterst\u00fctzung beim Bewerbungsprozess. Frau Hiller-Kitzmann freut sich auf die Zusammenarbeit.<\/p>\n","protected":false},"excerpt":{"rendered":"<p>Quelle Foto: Niederrheinische IHK \/ Ulrich Sorbe Am 01.12.2016 unterzeichneten Herr Zerari (Ansprechpartner der IHK) und Frau Hiller-Kitzmann (Abteilungsleiterin Oberstufe) eine entsprechende Kooperationsvereinbarung. Sch\u00fclerinnen und Sch\u00fcler der Oberstufe, die nach dem Fachabitur oder Abitur eine Ausbildung anstreben, erhalten nun\u00a0 \u00fcber Herrn Zerari die M\u00f6glichkeit der pers\u00f6nlichen, individuellen und aktiven Unterst\u00fctzung beim Bewerbungsprozess. Frau Hiller-Kitzmann freut &hellip; <a href=\"https:\/\/tkg-duisburg.de\/?p=2557\" class=\"more-link\"><span class=\"screen-reader-text\">Oberstufe nimmt teil am Duisburger Schulmodell der IHK<\/span> weiterlesen <span class=\"meta-nav\">&rarr;<\/span><\/a><\/p>\n","protected":false},"author":5,"featured_media":0,"comment_status":"closed","ping_status":"open","sticky":false,"template":"","format":"standard","meta":{"footnotes":""},"categories":[1],"tags":[],"class_list":["post-2557","post","type-post","status-publish","format-standard","hentry","category-allgemein"],"yoast_head":"<!-- This site is optimized with the Yoast SEO plugin v22.6 - https:\/\/yoast.com\/wordpress\/plugins\/seo\/ -->\n<title>Oberstufe nimmt teil am Duisburger Schulmodell der IHK - Theodor K\u00f6nig Gesamtschule Duisburg<\/title>\n<meta name=\"robots\" content=\"index, follow, max-snippet:-1, max-image-preview:large, max-video-preview:-1\" \/>\n<link rel=\"canonical\" href=\"https:\/\/tkg-duisburg.de\/?p=2557\" \/>\n<meta property=\"og:locale\" content=\"de_DE\" \/>\n<meta property=\"og:type\" content=\"article\" \/>\n<meta property=\"og:title\" content=\"Oberstufe nimmt teil am Duisburger Schulmodell der IHK - Theodor K\u00f6nig Gesamtschule Duisburg\" \/>\n<meta property=\"og:description\" content=\"Quelle Foto: Niederrheinische IHK \/ Ulrich Sorbe Am 01.12.2016 unterzeichneten Herr Zerari (Ansprechpartner der IHK) und Frau Hiller-Kitzmann (Abteilungsleiterin Oberstufe) eine entsprechende Kooperationsvereinbarung. Sch\u00fclerinnen und Sch\u00fcler der Oberstufe, die nach dem Fachabitur oder Abitur eine Ausbildung anstreben, erhalten nun\u00a0 \u00fcber Herrn Zerari die M\u00f6glichkeit der pers\u00f6nlichen, individuellen und aktiven Unterst\u00fctzung beim Bewerbungsprozess. Frau Hiller-Kitzmann freut &hellip; Oberstufe nimmt teil am Duisburger Schulmodell der IHK weiterlesen &rarr;\" \/>\n<meta property=\"og:url\" content=\"https:\/\/tkg-duisburg.de\/?p=2557\" \/>\n<meta property=\"og:site_name\" content=\"Theodor K\u00f6nig Gesamtschule Duisburg\" \/>\n<meta property=\"article:published_time\" content=\"2016-12-12T19:15:50+00:00\" \/>\n<meta property=\"article:modified_time\" content=\"2017-07-18T08:20:24+00:00\" \/>\n<meta property=\"og:image\" content=\"http:\/\/tkg-duisburg.de\/wp-content\/uploads\/2016\/12\/7845-e1481570084132.jpg\" \/>\n<meta name=\"author\" content=\"Bj\u00f6rn Becker\" \/>\n<meta name=\"twitter:card\" content=\"summary_large_image\" \/>\n<meta name=\"twitter:label1\" content=\"Verfasst von\" \/>\n\t<meta name=\"twitter:data1\" content=\"Bj\u00f6rn Becker\" \/>\n<script type=\"application\/ld+json\" class=\"yoast-schema-graph\">{\"@context\":\"https:\/\/schema.org\",\"@graph\":[{\"@type\":\"WebPage\",\"@id\":\"https:\/\/tkg-duisburg.de\/?p=2557\",\"url\":\"https:\/\/tkg-duisburg.de\/?p=2557\",\"name\":\"Oberstufe nimmt teil am Duisburger Schulmodell der IHK - Theodor K\u00f6nig Gesamtschule Duisburg\",\"isPartOf\":{\"@id\":\"https:\/\/tkg-duisburg.de\/#website\"},\"primaryImageOfPage\":{\"@id\":\"https:\/\/tkg-duisburg.de\/?p=2557#primaryimage\"},\"image\":{\"@id\":\"https:\/\/tkg-duisburg.de\/?p=2557#primaryimage\"},\"thumbnailUrl\":\"http:\/\/tkg-duisburg.de\/wp-content\/uploads\/2016\/12\/7845-e1481570084132.jpg\",\"datePublished\":\"2016-12-12T19:15:50+00:00\",\"dateModified\":\"2017-07-18T08:20:24+00:00\",\"author\":{\"@id\":\"https:\/\/tkg-duisburg.de\/#\/schema\/person\/5a5b174492de297d4b57e9a3d89564ee\"},\"breadcrumb\":{\"@id\":\"https:\/\/tkg-duisburg.de\/?p=2557#breadcrumb\"},\"inLanguage\":\"de\",\"potentialAction\":[{\"@type\":\"ReadAction\",\"target\":[\"https:\/\/tkg-duisburg.de\/?p=2557\"]}]},{\"@type\":\"ImageObject\",\"inLanguage\":\"de\",\"@id\":\"https:\/\/tkg-duisburg.de\/?p=2557#primaryimage\",\"url\":\"http:\/\/tkg-duisburg.de\/wp-content\/uploads\/2016\/12\/7845-e1481570084132.jpg\",\"contentUrl\":\"http:\/\/tkg-duisburg.de\/wp-content\/uploads\/2016\/12\/7845-e1481570084132.jpg\"},{\"@type\":\"BreadcrumbList\",\"@id\":\"https:\/\/tkg-duisburg.de\/?p=2557#breadcrumb\",\"itemListElement\":[{\"@type\":\"ListItem\",\"position\":1,\"name\":\"Startseite\",\"item\":\"https:\/\/tkg-duisburg.de\/\"},{\"@type\":\"ListItem\",\"position\":2,\"name\":\"Oberstufe nimmt teil am Duisburger Schulmodell der IHK\"}]},{\"@type\":\"WebSite\",\"@id\":\"https:\/\/tkg-duisburg.de\/#website\",\"url\":\"https:\/\/tkg-duisburg.de\/\",\"name\":\"Theodor K\u00f6nig Gesamtschule Duisburg\",\"description\":\"\",\"potentialAction\":[{\"@type\":\"SearchAction\",\"target\":{\"@type\":\"EntryPoint\",\"urlTemplate\":\"https:\/\/tkg-duisburg.de\/?s={search_term_string}\"},\"query-input\":\"required name=search_term_string\"}],\"inLanguage\":\"de\"},{\"@type\":\"Person\",\"@id\":\"https:\/\/tkg-duisburg.de\/#\/schema\/person\/5a5b174492de297d4b57e9a3d89564ee\",\"name\":\"Bj\u00f6rn Becker\",\"image\":{\"@type\":\"ImageObject\",\"inLanguage\":\"de\",\"@id\":\"https:\/\/tkg-duisburg.de\/#\/schema\/person\/image\/\",\"url\":\"https:\/\/secure.gravatar.com\/avatar\/c7690b9f448fdd19e7a021d2d0201faa0dc70513a48fc7103388e3231c3056a4?s=96&d=mm&r=g\",\"contentUrl\":\"https:\/\/secure.gravatar.com\/avatar\/c7690b9f448fdd19e7a021d2d0201faa0dc70513a48fc7103388e3231c3056a4?s=96&d=mm&r=g\",\"caption\":\"Bj\u00f6rn Becker\"},\"url\":\"https:\/\/tkg-duisburg.de\/?author=5\"}]}<\/script>\n<!-- \/ Yoast SEO plugin. -->","yoast_head_json":{"title":"Oberstufe nimmt teil am Duisburger Schulmodell der IHK - Theodor K\u00f6nig Gesamtschule Duisburg","robots":{"index":"index","follow":"follow","max-snippet":"max-snippet:-1","max-image-preview":"max-image-preview:large","max-video-preview":"max-video-preview:-1"},"canonical":"https:\/\/tkg-duisburg.de\/?p=2557","og_locale":"de_DE","og_type":"article","og_title":"Oberstufe nimmt teil am Duisburger Schulmodell der IHK - Theodor K\u00f6nig Gesamtschule Duisburg","og_description":"Quelle Foto: Niederrheinische IHK \/ Ulrich Sorbe Am 01.12.2016 unterzeichneten Herr Zerari (Ansprechpartner der IHK) und Frau Hiller-Kitzmann (Abteilungsleiterin Oberstufe) eine entsprechende Kooperationsvereinbarung. Sch\u00fclerinnen und Sch\u00fcler der Oberstufe, die nach dem Fachabitur oder Abitur eine Ausbildung anstreben, erhalten nun\u00a0 \u00fcber Herrn Zerari die M\u00f6glichkeit der pers\u00f6nlichen, individuellen und aktiven Unterst\u00fctzung beim Bewerbungsprozess. Frau Hiller-Kitzmann freut &hellip; Oberstufe nimmt teil am Duisburger Schulmodell der IHK weiterlesen &rarr;","og_url":"https:\/\/tkg-duisburg.de\/?p=2557","og_site_name":"Theodor K\u00f6nig Gesamtschule Duisburg","article_published_time":"2016-12-12T19:15:50+00:00","article_modified_time":"2017-07-18T08:20:24+00:00","og_image":[{"url":"http:\/\/tkg-duisburg.de\/wp-content\/uploads\/2016\/12\/7845-e1481570084132.jpg"}],"author":"Bj\u00f6rn Becker","twitter_card":"summary_large_image","twitter_misc":{"Verfasst von":"Bj\u00f6rn Becker"},"schema":{"@context":"https:\/\/schema.org","@graph":[{"@type":"WebPage","@id":"https:\/\/tkg-duisburg.de\/?p=2557","url":"https:\/\/tkg-duisburg.de\/?p=2557","name":"Oberstufe nimmt teil am Duisburger Schulmodell der IHK - Theodor K\u00f6nig Gesamtschule Duisburg","isPartOf":{"@id":"https:\/\/tkg-duisburg.de\/#website"},"primaryImageOfPage":{"@id":"https:\/\/tkg-duisburg.de\/?p=2557#primaryimage"},"image":{"@id":"https:\/\/tkg-duisburg.de\/?p=2557#primaryimage"},"thumbnailUrl":"http:\/\/tkg-duisburg.de\/wp-content\/uploads\/2016\/12\/7845-e1481570084132.jpg","datePublished":"2016-12-12T19:15:50+00:00","dateModified":"2017-07-18T08:20:24+00:00","author":{"@id":"https:\/\/tkg-duisburg.de\/#\/schema\/person\/5a5b174492de297d4b57e9a3d89564ee"},"breadcrumb":{"@id":"https:\/\/tkg-duisburg.de\/?p=2557#breadcrumb"},"inLanguage":"de","potentialAction":[{"@type":"ReadAction","target":["https:\/\/tkg-duisburg.de\/?p=2557"]}]},{"@type":"ImageObject","inLanguage":"de","@id":"https:\/\/tkg-duisburg.de\/?p=2557#primaryimage","url":"http:\/\/tkg-duisburg.de\/wp-content\/uploads\/2016\/12\/7845-e1481570084132.jpg","contentUrl":"http:\/\/tkg-duisburg.de\/wp-content\/uploads\/2016\/12\/7845-e1481570084132.jpg"},{"@type":"BreadcrumbList","@id":"https:\/\/tkg-duisburg.de\/?p=2557#breadcrumb","itemListElement":[{"@type":"ListItem","position":1,"name":"Startseite","item":"https:\/\/tkg-duisburg.de\/"},{"@type":"ListItem","position":2,"name":"Oberstufe nimmt teil am Duisburger Schulmodell der IHK"}]},{"@type":"WebSite","@id":"https:\/\/tkg-duisburg.de\/#website","url":"https:\/\/tkg-duisburg.de\/","name":"Theodor K\u00f6nig Gesamtschule Duisburg","description":"","potentialAction":[{"@type":"SearchAction","target":{"@type":"EntryPoint","urlTemplate":"https:\/\/tkg-duisburg.de\/?s={search_term_string}"},"query-input":"required name=search_term_string"}],"inLanguage":"de"},{"@type":"Person","@id":"https:\/\/tkg-duisburg.de\/#\/schema\/person\/5a5b174492de297d4b57e9a3d89564ee","name":"Bj\u00f6rn Becker","image":{"@type":"ImageObject","inLanguage":"de","@id":"https:\/\/tkg-duisburg.de\/#\/schema\/person\/image\/","url":"https:\/\/secure.gravatar.com\/avatar\/c7690b9f448fdd19e7a021d2d0201faa0dc70513a48fc7103388e3231c3056a4?s=96&d=mm&r=g","contentUrl":"https:\/\/secure.gravatar.com\/avatar\/c7690b9f448fdd19e7a021d2d0201faa0dc70513a48fc7103388e3231c3056a4?s=96&d=mm&r=g","caption":"Bj\u00f6rn Becker"},"url":"https:\/\/tkg-duisburg.de\/?author=5"}]}},"_links":{"self":[{"href":"https:\/\/tkg-duisburg.de\/index.php?rest_route=\/wp\/v2\/posts\/2557","targetHints":{"allow":["GET"]}}],"collection":[{"href":"https:\/\/tkg-duisburg.de\/index.php?rest_route=\/wp\/v2\/posts"}],"about":[{"href":"https:\/\/tkg-duisburg.de\/index.php?rest_route=\/wp\/v2\/types\/post"}],"author":[{"embeddable":true,"href":"https:\/\/tkg-duisburg.de\/index.php?rest_route=\/wp\/v2\/users\/5"}],"replies":[{"embeddable":true,"href":"https:\/\/tkg-duisburg.de\/index.php?rest_route=%2Fwp%2Fv2%2Fcomments&post=2557"}],"version-history":[{"count":1,"href":"https:\/\/tkg-duisburg.de\/index.php?rest_route=\/wp\/v2\/posts\/2557\/revisions"}],"predecessor-version":[{"id":2559,"href":"https:\/\/tkg-duisburg.de\/index.php?rest_route=\/wp\/v2\/posts\/2557\/revisions\/2559"}],"wp:attachment":[{"href":"https:\/\/tkg-duisburg.de\/index.php?rest_route=%2Fwp%2Fv2%2Fmedia&parent=2557"}],"wp:term":[{"taxonomy":"category","embeddable":true,"href":"https:\/\/tkg-duisburg.de\/index.php?rest_route=%2Fwp%2Fv2%2Fcategories&post=2557"},{"taxonomy":"post_tag","embeddable":true,"href":"https:\/\/tkg-duisburg.de\/index.php?rest_route=%2Fwp%2Fv2%2Ftags&post=2557"}],"curies":[{"name":"wp","href":"https:\/\/api.w.org\/{rel}","templated":true}]}}