{"id":3104,"date":"2018-04-05T18:30:10","date_gmt":"2018-04-05T16:30:10","guid":{"rendered":"http:\/\/tkg-duisburg.de\/?p=3104"},"modified":"2018-06-06T07:20:24","modified_gmt":"2018-06-06T05:20:24","slug":"ifm-electronic-dialog-mit-der-jugend","status":"publish","type":"post","link":"https:\/\/tkg-duisburg.de\/?p=3104","title":{"rendered":"\u00a0ifm electronic \u2013\u00a0Dialog mit der Jugend"},"content":{"rendered":"<p><b>ifm electronic \u2013\u00a0Dialog mit der Jugend am 14.03.2018 in Essen\u00a0<\/b><\/p>\n<p><img loading=\"lazy\" decoding=\"async\" class=\"aligncenter size-full wp-image-3107\" src=\"https:\/\/tkg-duisburg.de\/wp-content\/uploads\/2018\/04\/Dialog-mit-der-Jugend-ifm-14_03_18-57-e1522945526816.jpg\" alt=\"\" width=\"800\" height=\"434\" \/><\/p>\n<p>Ifm electronic, den Weltmarktf\u00fchrer bei der Produktion von Sensoren, kannte weder der Erdkunde Leistungskurs der Q 2 noch die Kurslehrerin.<\/p>\n<p>Am 14.03. erhielten wir, die Gelegenheit das Unternehmen, das 1969 gegr\u00fcndet wurde und heute von den S\u00f6hnen der Unternehmensgr\u00fcnder gemeinsam geleitet wird, kennenzulernen.<\/p>\n<p><!--more--><\/p>\n<p>Zun\u00e4chst erhielten wir einen Einblick in den nahezu vollautomatisierten Lagerstandort und die Logistik des Unternehmens. Absolut beeindruckend waren die \u201eWagen\u201c, die sich wie von Geisterhand mit einer Geschwindigkeit von 6 km\/h zwischen den Hochregalen bewegten und die Lieferungen zusammenstellten.<\/p>\n<p><img loading=\"lazy\" decoding=\"async\" class=\"aligncenter size-full wp-image-3108\" src=\"https:\/\/tkg-duisburg.de\/wp-content\/uploads\/2018\/04\/Dialog-mit-der-Jugend-ifm-14_03_18-23-e1522945667646.jpg\" alt=\"\" width=\"800\" height=\"561\" \/><\/p>\n<p>Mit \u201eLike ice in the sunshine\u201c startete dann die Gespr\u00e4chsrunde mit Herrn Marhofer, der den Standort Essen leitet. Die Sch\u00fclerinnen und Sch\u00fcler erlebten einen bodenst\u00e4ndigen und authentischen Firmeninhaber, der jede Frage zu seinem Unternehmen und seiner Person offen und ehrlich beantwortete und auch bei kritischen Fragen kein Blatt vor den Mund nahm.<\/p>\n<blockquote><p><b>\u201e <\/b>&#8211; Wir reden von Digitalisierung, aber im Vergleich zu China befinden wir\u00a0uns noch in der Steinzeit.<\/p>\n<p>&#8211; Orange \u2013 die Hausfarbe? Wir hatten mal grau, dann t\u00fcrkis \u2013 was gar nicht ging und orange war damals revolution\u00e4r.<\/p>\n<p>&#8211; Nach einem Treffen mit meinem Partner in Tettnang kann ich mir schon mal vorstellen das Unternehmen alleine zu leiten \u2013 aber nur 24 Stunden lang.<\/p>\n<p>&#8211; 1 Mrd. \u20ac Umsatz zu unserem Firmenjubil\u00e4um w\u00e4re super. Wenn nicht, dann eben ein Jahr sp\u00e4ter.<\/p>\n<p>&#8211; Was ein Major Player ist, wei\u00df ich auch nicht. Habe erst durch ihre Fragen erfahren, dass das bei uns auf der Homepage steht.<\/p>\n<p>&#8211; Ohne den R\u00fcckhalt der Familie geht es nicht, wenn man fast die H\u00e4lfte des Jahres unterwegs ist. Meine Frau ist im Grunde alleinerziehend, aber heute habe ich den Elternabend gewonnen.<\/p>\n<p>&#8211; Elektroautos sind eine geniale Idee, aber wenn alle die fahren w\u00fcrden, w\u00e4re abends der Fernseher schwarz.<b>\u201c\u00a0<\/b><\/p><\/blockquote>\n<p><img loading=\"lazy\" decoding=\"async\" class=\"aligncenter size-full wp-image-3109\" src=\"https:\/\/tkg-duisburg.de\/wp-content\/uploads\/2018\/04\/Dialog-mit-der-Jugend-ifm-14_03_18-48-e1522945705104.jpg\" alt=\"\" width=\"800\" height=\"487\" \/><\/p>\n<p>Beeindruckt war der Kurs davon, dass Herr Marhofer beim Dialogtermin offen mit seiner Vita umging, ansonsten den Medienrummel aber meidet und dass f\u00fcr ihn das Vorleben der \u201eFirmenbibel\u201c grundlegend ist.<\/p>\n<p>Die TKG dankt ifm electonic und der TalentMetropoleRuhr f\u00fcr die Teilnahme am Dialogtermin<\/p>\n<p><em>C.Hiller-Kitzmann (Abteilungsleiterin Oberstufe)<\/em><\/p>\n","protected":false},"excerpt":{"rendered":"<p>ifm electronic \u2013\u00a0Dialog mit der Jugend am 14.03.2018 in Essen\u00a0 Ifm electronic, den Weltmarktf\u00fchrer bei der Produktion von Sensoren, kannte weder der Erdkunde Leistungskurs der Q 2 noch die Kurslehrerin. Am 14.03. erhielten wir, die Gelegenheit das Unternehmen, das 1969 gegr\u00fcndet wurde und heute von den S\u00f6hnen der Unternehmensgr\u00fcnder gemeinsam geleitet wird, kennenzulernen.<\/p>\n","protected":false},"author":1,"featured_media":0,"comment_status":"closed","ping_status":"open","sticky":false,"template":"","format":"standard","meta":{"footnotes":""},"categories":[31,9,37,42,30],"tags":[],"class_list":["post-3104","post","type-post","status-publish","format-standard","hentry","category-ausserschulisches-lernen","category-exkursionen","category-externe-kooperation","category-geographie","category-qii"],"yoast_head":"<!-- This site is optimized with the Yoast SEO plugin v22.6 - https:\/\/yoast.com\/wordpress\/plugins\/seo\/ -->\n<title>\u00a0ifm electronic \u2013\u00a0Dialog mit der Jugend - Theodor K\u00f6nig Gesamtschule Duisburg<\/title>\n<meta name=\"robots\" content=\"index, follow, max-snippet:-1, max-image-preview:large, max-video-preview:-1\" \/>\n<link rel=\"canonical\" href=\"https:\/\/tkg-duisburg.de\/?p=3104\" \/>\n<meta property=\"og:locale\" content=\"de_DE\" \/>\n<meta property=\"og:type\" content=\"article\" \/>\n<meta property=\"og:title\" content=\"\u00a0ifm electronic \u2013\u00a0Dialog mit der Jugend - Theodor K\u00f6nig Gesamtschule Duisburg\" \/>\n<meta property=\"og:description\" content=\"ifm electronic \u2013\u00a0Dialog mit der Jugend am 14.03.2018 in Essen\u00a0 Ifm electronic, den Weltmarktf\u00fchrer bei der Produktion von Sensoren, kannte weder der Erdkunde Leistungskurs der Q 2 noch die Kurslehrerin. Am 14.03. erhielten wir, die Gelegenheit das Unternehmen, das 1969 gegr\u00fcndet wurde und heute von den S\u00f6hnen der Unternehmensgr\u00fcnder gemeinsam geleitet wird, kennenzulernen.\" \/>\n<meta property=\"og:url\" content=\"https:\/\/tkg-duisburg.de\/?p=3104\" \/>\n<meta property=\"og:site_name\" content=\"Theodor K\u00f6nig Gesamtschule Duisburg\" \/>\n<meta property=\"article:published_time\" content=\"2018-04-05T16:30:10+00:00\" \/>\n<meta property=\"article:modified_time\" content=\"2018-06-06T05:20:24+00:00\" \/>\n<meta property=\"og:image\" content=\"http:\/\/tkg-duisburg.de\/wp-content\/uploads\/2018\/04\/Dialog-mit-der-Jugend-ifm-14_03_18-57-e1522945526816.jpg\" \/>\n<meta name=\"author\" content=\"Theodor K\u00f6nig Gesamtschule\" \/>\n<meta name=\"twitter:card\" content=\"summary_large_image\" \/>\n<meta name=\"twitter:label1\" content=\"Verfasst von\" \/>\n\t<meta name=\"twitter:data1\" content=\"Theodor K\u00f6nig Gesamtschule\" \/>\n\t<meta name=\"twitter:label2\" content=\"Gesch\u00e4tzte Lesezeit\" \/>\n\t<meta name=\"twitter:data2\" content=\"2\u00a0Minuten\" \/>\n<script type=\"application\/ld+json\" class=\"yoast-schema-graph\">{\"@context\":\"https:\/\/schema.org\",\"@graph\":[{\"@type\":\"WebPage\",\"@id\":\"https:\/\/tkg-duisburg.de\/?p=3104\",\"url\":\"https:\/\/tkg-duisburg.de\/?p=3104\",\"name\":\"\u00a0ifm electronic \u2013\u00a0Dialog mit der Jugend - Theodor K\u00f6nig Gesamtschule Duisburg\",\"isPartOf\":{\"@id\":\"https:\/\/tkg-duisburg.de\/#website\"},\"primaryImageOfPage\":{\"@id\":\"https:\/\/tkg-duisburg.de\/?p=3104#primaryimage\"},\"image\":{\"@id\":\"https:\/\/tkg-duisburg.de\/?p=3104#primaryimage\"},\"thumbnailUrl\":\"http:\/\/tkg-duisburg.de\/wp-content\/uploads\/2018\/04\/Dialog-mit-der-Jugend-ifm-14_03_18-57-e1522945526816.jpg\",\"datePublished\":\"2018-04-05T16:30:10+00:00\",\"dateModified\":\"2018-06-06T05:20:24+00:00\",\"author\":{\"@id\":\"https:\/\/tkg-duisburg.de\/#\/schema\/person\/959db6a2cedeb35dd75151dbd9d4361c\"},\"breadcrumb\":{\"@id\":\"https:\/\/tkg-duisburg.de\/?p=3104#breadcrumb\"},\"inLanguage\":\"de\",\"potentialAction\":[{\"@type\":\"ReadAction\",\"target\":[\"https:\/\/tkg-duisburg.de\/?p=3104\"]}]},{\"@type\":\"ImageObject\",\"inLanguage\":\"de\",\"@id\":\"https:\/\/tkg-duisburg.de\/?p=3104#primaryimage\",\"url\":\"http:\/\/tkg-duisburg.de\/wp-content\/uploads\/2018\/04\/Dialog-mit-der-Jugend-ifm-14_03_18-57-e1522945526816.jpg\",\"contentUrl\":\"http:\/\/tkg-duisburg.de\/wp-content\/uploads\/2018\/04\/Dialog-mit-der-Jugend-ifm-14_03_18-57-e1522945526816.jpg\"},{\"@type\":\"BreadcrumbList\",\"@id\":\"https:\/\/tkg-duisburg.de\/?p=3104#breadcrumb\",\"itemListElement\":[{\"@type\":\"ListItem\",\"position\":1,\"name\":\"Startseite\",\"item\":\"https:\/\/tkg-duisburg.de\/\"},{\"@type\":\"ListItem\",\"position\":2,\"name\":\"\u00a0ifm electronic \u2013\u00a0Dialog mit der Jugend\"}]},{\"@type\":\"WebSite\",\"@id\":\"https:\/\/tkg-duisburg.de\/#website\",\"url\":\"https:\/\/tkg-duisburg.de\/\",\"name\":\"Theodor K\u00f6nig Gesamtschule Duisburg\",\"description\":\"\",\"potentialAction\":[{\"@type\":\"SearchAction\",\"target\":{\"@type\":\"EntryPoint\",\"urlTemplate\":\"https:\/\/tkg-duisburg.de\/?s={search_term_string}\"},\"query-input\":\"required name=search_term_string\"}],\"inLanguage\":\"de\"},{\"@type\":\"Person\",\"@id\":\"https:\/\/tkg-duisburg.de\/#\/schema\/person\/959db6a2cedeb35dd75151dbd9d4361c\",\"name\":\"Theodor K\u00f6nig Gesamtschule\",\"image\":{\"@type\":\"ImageObject\",\"inLanguage\":\"de\",\"@id\":\"https:\/\/tkg-duisburg.de\/#\/schema\/person\/image\/\",\"url\":\"https:\/\/secure.gravatar.com\/avatar\/78b8874227e9cd261d53d8462e0bd16b4cd3f37456ad1287bc3bfd162d6f0b9f?s=96&d=mm&r=g\",\"contentUrl\":\"https:\/\/secure.gravatar.com\/avatar\/78b8874227e9cd261d53d8462e0bd16b4cd3f37456ad1287bc3bfd162d6f0b9f?s=96&d=mm&r=g\",\"caption\":\"Theodor K\u00f6nig Gesamtschule\"},\"url\":\"https:\/\/tkg-duisburg.de\/?author=1\"}]}<\/script>\n<!-- \/ Yoast SEO plugin. -->","yoast_head_json":{"title":"\u00a0ifm electronic \u2013\u00a0Dialog mit der Jugend - Theodor K\u00f6nig Gesamtschule Duisburg","robots":{"index":"index","follow":"follow","max-snippet":"max-snippet:-1","max-image-preview":"max-image-preview:large","max-video-preview":"max-video-preview:-1"},"canonical":"https:\/\/tkg-duisburg.de\/?p=3104","og_locale":"de_DE","og_type":"article","og_title":"\u00a0ifm electronic \u2013\u00a0Dialog mit der Jugend - Theodor K\u00f6nig Gesamtschule Duisburg","og_description":"ifm electronic \u2013\u00a0Dialog mit der Jugend am 14.03.2018 in Essen\u00a0 Ifm electronic, den Weltmarktf\u00fchrer bei der Produktion von Sensoren, kannte weder der Erdkunde Leistungskurs der Q 2 noch die Kurslehrerin. Am 14.03. erhielten wir, die Gelegenheit das Unternehmen, das 1969 gegr\u00fcndet wurde und heute von den S\u00f6hnen der Unternehmensgr\u00fcnder gemeinsam geleitet wird, kennenzulernen.","og_url":"https:\/\/tkg-duisburg.de\/?p=3104","og_site_name":"Theodor K\u00f6nig Gesamtschule Duisburg","article_published_time":"2018-04-05T16:30:10+00:00","article_modified_time":"2018-06-06T05:20:24+00:00","og_image":[{"url":"http:\/\/tkg-duisburg.de\/wp-content\/uploads\/2018\/04\/Dialog-mit-der-Jugend-ifm-14_03_18-57-e1522945526816.jpg"}],"author":"Theodor K\u00f6nig Gesamtschule","twitter_card":"summary_large_image","twitter_misc":{"Verfasst von":"Theodor K\u00f6nig Gesamtschule","Gesch\u00e4tzte Lesezeit":"2\u00a0Minuten"},"schema":{"@context":"https:\/\/schema.org","@graph":[{"@type":"WebPage","@id":"https:\/\/tkg-duisburg.de\/?p=3104","url":"https:\/\/tkg-duisburg.de\/?p=3104","name":"\u00a0ifm electronic \u2013\u00a0Dialog mit der Jugend - Theodor K\u00f6nig Gesamtschule Duisburg","isPartOf":{"@id":"https:\/\/tkg-duisburg.de\/#website"},"primaryImageOfPage":{"@id":"https:\/\/tkg-duisburg.de\/?p=3104#primaryimage"},"image":{"@id":"https:\/\/tkg-duisburg.de\/?p=3104#primaryimage"},"thumbnailUrl":"http:\/\/tkg-duisburg.de\/wp-content\/uploads\/2018\/04\/Dialog-mit-der-Jugend-ifm-14_03_18-57-e1522945526816.jpg","datePublished":"2018-04-05T16:30:10+00:00","dateModified":"2018-06-06T05:20:24+00:00","author":{"@id":"https:\/\/tkg-duisburg.de\/#\/schema\/person\/959db6a2cedeb35dd75151dbd9d4361c"},"breadcrumb":{"@id":"https:\/\/tkg-duisburg.de\/?p=3104#breadcrumb"},"inLanguage":"de","potentialAction":[{"@type":"ReadAction","target":["https:\/\/tkg-duisburg.de\/?p=3104"]}]},{"@type":"ImageObject","inLanguage":"de","@id":"https:\/\/tkg-duisburg.de\/?p=3104#primaryimage","url":"http:\/\/tkg-duisburg.de\/wp-content\/uploads\/2018\/04\/Dialog-mit-der-Jugend-ifm-14_03_18-57-e1522945526816.jpg","contentUrl":"http:\/\/tkg-duisburg.de\/wp-content\/uploads\/2018\/04\/Dialog-mit-der-Jugend-ifm-14_03_18-57-e1522945526816.jpg"},{"@type":"BreadcrumbList","@id":"https:\/\/tkg-duisburg.de\/?p=3104#breadcrumb","itemListElement":[{"@type":"ListItem","position":1,"name":"Startseite","item":"https:\/\/tkg-duisburg.de\/"},{"@type":"ListItem","position":2,"name":"\u00a0ifm electronic \u2013\u00a0Dialog mit der Jugend"}]},{"@type":"WebSite","@id":"https:\/\/tkg-duisburg.de\/#website","url":"https:\/\/tkg-duisburg.de\/","name":"Theodor K\u00f6nig Gesamtschule Duisburg","description":"","potentialAction":[{"@type":"SearchAction","target":{"@type":"EntryPoint","urlTemplate":"https:\/\/tkg-duisburg.de\/?s={search_term_string}"},"query-input":"required name=search_term_string"}],"inLanguage":"de"},{"@type":"Person","@id":"https:\/\/tkg-duisburg.de\/#\/schema\/person\/959db6a2cedeb35dd75151dbd9d4361c","name":"Theodor K\u00f6nig Gesamtschule","image":{"@type":"ImageObject","inLanguage":"de","@id":"https:\/\/tkg-duisburg.de\/#\/schema\/person\/image\/","url":"https:\/\/secure.gravatar.com\/avatar\/78b8874227e9cd261d53d8462e0bd16b4cd3f37456ad1287bc3bfd162d6f0b9f?s=96&d=mm&r=g","contentUrl":"https:\/\/secure.gravatar.com\/avatar\/78b8874227e9cd261d53d8462e0bd16b4cd3f37456ad1287bc3bfd162d6f0b9f?s=96&d=mm&r=g","caption":"Theodor K\u00f6nig Gesamtschule"},"url":"https:\/\/tkg-duisburg.de\/?author=1"}]}},"_links":{"self":[{"href":"https:\/\/tkg-duisburg.de\/index.php?rest_route=\/wp\/v2\/posts\/3104","targetHints":{"allow":["GET"]}}],"collection":[{"href":"https:\/\/tkg-duisburg.de\/index.php?rest_route=\/wp\/v2\/posts"}],"about":[{"href":"https:\/\/tkg-duisburg.de\/index.php?rest_route=\/wp\/v2\/types\/post"}],"author":[{"embeddable":true,"href":"https:\/\/tkg-duisburg.de\/index.php?rest_route=\/wp\/v2\/users\/1"}],"replies":[{"embeddable":true,"href":"https:\/\/tkg-duisburg.de\/index.php?rest_route=%2Fwp%2Fv2%2Fcomments&post=3104"}],"version-history":[{"count":4,"href":"https:\/\/tkg-duisburg.de\/index.php?rest_route=\/wp\/v2\/posts\/3104\/revisions"}],"predecessor-version":[{"id":3111,"href":"https:\/\/tkg-duisburg.de\/index.php?rest_route=\/wp\/v2\/posts\/3104\/revisions\/3111"}],"wp:attachment":[{"href":"https:\/\/tkg-duisburg.de\/index.php?rest_route=%2Fwp%2Fv2%2Fmedia&parent=3104"}],"wp:term":[{"taxonomy":"category","embeddable":true,"href":"https:\/\/tkg-duisburg.de\/index.php?rest_route=%2Fwp%2Fv2%2Fcategories&post=3104"},{"taxonomy":"post_tag","embeddable":true,"href":"https:\/\/tkg-duisburg.de\/index.php?rest_route=%2Fwp%2Fv2%2Ftags&post=3104"}],"curies":[{"name":"wp","href":"https:\/\/api.w.org\/{rel}","templated":true}]}}