{"id":3161,"date":"2018-05-21T06:28:04","date_gmt":"2018-05-21T04:28:04","guid":{"rendered":"http:\/\/tkg-duisburg.de\/?p=3161"},"modified":"2018-06-06T07:20:24","modified_gmt":"2018-06-06T05:20:24","slug":"philosophisches-cafe-15-5-18","status":"publish","type":"post","link":"https:\/\/tkg-duisburg.de\/?p=3161","title":{"rendered":"Philosophisches Caf\u00e9 15.5.18"},"content":{"rendered":"<p><img loading=\"lazy\" decoding=\"async\" class=\"aligncenter size-full wp-image-3162\" src=\"https:\/\/tkg-duisburg.de\/wp-content\/uploads\/2018\/05\/IMG_4061-e1526876801251.jpg\" alt=\"\" width=\"800\" height=\"600\" \/><\/p>\n<p>Am 15.5. wurde das zweite Philosophische Caf\u00e9 an der Theodor-K\u00f6nig-Gesamtschule abgehalten.<\/p>\n<p><!--more-->Am Dienstagnachmittag diskutierten Sch\u00fcler und Lehrer angeregt die Frage: \u201eHaben Klone Menschenrechte?\u201c Dabei wurden nicht nur fiktive Szenarien aus Science-Fiction Filmen weitergedacht, sondern auch wahrscheinlichere M\u00f6glichkeiten, wie das therapeutische Klonen aus Stammzellen, besprochen.<\/p>\n<p>Die Teilnehmer stellten sich mehreren ethischen Fragestellungen: \u201eWie soll der Mensch mit von ihm erzeugten Leben umgehen?\u201c, \u201eWelche Grenzen sollte die Medizin setzen?\u201c, \u201eIst Organspende sinnvoll?\u201c oder \u201eHabe ich ein Recht auf meinen Tod?\u201c<\/p>\n<p>Dabei wurde kein Konsens gefunden und eine Antwort f\u00fchrte meist zu weiteren neuen Fragen, aber es gab eine angeregte Debatte und es wird sicherlich nicht das letzte Philosophische Caf\u00e9 gewesen sein.<\/p>\n","protected":false},"excerpt":{"rendered":"<p>Am 15.5. wurde das zweite Philosophische Caf\u00e9 an der Theodor-K\u00f6nig-Gesamtschule abgehalten.<\/p>\n","protected":false},"author":1,"featured_media":0,"comment_status":"closed","ping_status":"open","sticky":false,"template":"","format":"standard","meta":{"footnotes":""},"categories":[41,3],"tags":[],"class_list":["post-3161","post","type-post","status-publish","format-standard","hentry","category-philosophie","category-veranstaltungen"],"yoast_head":"<!-- This site is optimized with the Yoast SEO plugin v22.6 - https:\/\/yoast.com\/wordpress\/plugins\/seo\/ -->\n<title>Philosophisches Caf\u00e9 15.5.18 - Theodor K\u00f6nig Gesamtschule Duisburg<\/title>\n<meta name=\"robots\" content=\"index, follow, max-snippet:-1, max-image-preview:large, max-video-preview:-1\" \/>\n<link rel=\"canonical\" href=\"https:\/\/tkg-duisburg.de\/?p=3161\" \/>\n<meta property=\"og:locale\" content=\"de_DE\" \/>\n<meta property=\"og:type\" content=\"article\" \/>\n<meta property=\"og:title\" content=\"Philosophisches Caf\u00e9 15.5.18 - Theodor K\u00f6nig Gesamtschule Duisburg\" \/>\n<meta property=\"og:description\" content=\"Am 15.5. wurde das zweite Philosophische Caf\u00e9 an der Theodor-K\u00f6nig-Gesamtschule abgehalten.\" \/>\n<meta property=\"og:url\" content=\"https:\/\/tkg-duisburg.de\/?p=3161\" \/>\n<meta property=\"og:site_name\" content=\"Theodor K\u00f6nig Gesamtschule Duisburg\" \/>\n<meta property=\"article:published_time\" content=\"2018-05-21T04:28:04+00:00\" \/>\n<meta property=\"article:modified_time\" content=\"2018-06-06T05:20:24+00:00\" \/>\n<meta property=\"og:image\" content=\"http:\/\/tkg-duisburg.de\/wp-content\/uploads\/2018\/05\/IMG_4061-e1526876801251.jpg\" \/>\n<meta name=\"author\" content=\"Theodor K\u00f6nig Gesamtschule\" \/>\n<meta name=\"twitter:card\" content=\"summary_large_image\" \/>\n<meta name=\"twitter:label1\" content=\"Verfasst von\" \/>\n\t<meta name=\"twitter:data1\" content=\"Theodor K\u00f6nig Gesamtschule\" \/>\n\t<meta name=\"twitter:label2\" content=\"Gesch\u00e4tzte Lesezeit\" \/>\n\t<meta name=\"twitter:data2\" content=\"1\u00a0Minute\" \/>\n<script type=\"application\/ld+json\" class=\"yoast-schema-graph\">{\"@context\":\"https:\/\/schema.org\",\"@graph\":[{\"@type\":\"WebPage\",\"@id\":\"https:\/\/tkg-duisburg.de\/?p=3161\",\"url\":\"https:\/\/tkg-duisburg.de\/?p=3161\",\"name\":\"Philosophisches Caf\u00e9 15.5.18 - Theodor K\u00f6nig Gesamtschule Duisburg\",\"isPartOf\":{\"@id\":\"https:\/\/tkg-duisburg.de\/#website\"},\"primaryImageOfPage\":{\"@id\":\"https:\/\/tkg-duisburg.de\/?p=3161#primaryimage\"},\"image\":{\"@id\":\"https:\/\/tkg-duisburg.de\/?p=3161#primaryimage\"},\"thumbnailUrl\":\"http:\/\/tkg-duisburg.de\/wp-content\/uploads\/2018\/05\/IMG_4061-e1526876801251.jpg\",\"datePublished\":\"2018-05-21T04:28:04+00:00\",\"dateModified\":\"2018-06-06T05:20:24+00:00\",\"author\":{\"@id\":\"https:\/\/tkg-duisburg.de\/#\/schema\/person\/959db6a2cedeb35dd75151dbd9d4361c\"},\"breadcrumb\":{\"@id\":\"https:\/\/tkg-duisburg.de\/?p=3161#breadcrumb\"},\"inLanguage\":\"de\",\"potentialAction\":[{\"@type\":\"ReadAction\",\"target\":[\"https:\/\/tkg-duisburg.de\/?p=3161\"]}]},{\"@type\":\"ImageObject\",\"inLanguage\":\"de\",\"@id\":\"https:\/\/tkg-duisburg.de\/?p=3161#primaryimage\",\"url\":\"http:\/\/tkg-duisburg.de\/wp-content\/uploads\/2018\/05\/IMG_4061-e1526876801251.jpg\",\"contentUrl\":\"http:\/\/tkg-duisburg.de\/wp-content\/uploads\/2018\/05\/IMG_4061-e1526876801251.jpg\"},{\"@type\":\"BreadcrumbList\",\"@id\":\"https:\/\/tkg-duisburg.de\/?p=3161#breadcrumb\",\"itemListElement\":[{\"@type\":\"ListItem\",\"position\":1,\"name\":\"Startseite\",\"item\":\"https:\/\/tkg-duisburg.de\/\"},{\"@type\":\"ListItem\",\"position\":2,\"name\":\"Philosophisches Caf\u00e9 15.5.18\"}]},{\"@type\":\"WebSite\",\"@id\":\"https:\/\/tkg-duisburg.de\/#website\",\"url\":\"https:\/\/tkg-duisburg.de\/\",\"name\":\"Theodor K\u00f6nig Gesamtschule Duisburg\",\"description\":\"\",\"potentialAction\":[{\"@type\":\"SearchAction\",\"target\":{\"@type\":\"EntryPoint\",\"urlTemplate\":\"https:\/\/tkg-duisburg.de\/?s={search_term_string}\"},\"query-input\":\"required name=search_term_string\"}],\"inLanguage\":\"de\"},{\"@type\":\"Person\",\"@id\":\"https:\/\/tkg-duisburg.de\/#\/schema\/person\/959db6a2cedeb35dd75151dbd9d4361c\",\"name\":\"Theodor K\u00f6nig Gesamtschule\",\"image\":{\"@type\":\"ImageObject\",\"inLanguage\":\"de\",\"@id\":\"https:\/\/tkg-duisburg.de\/#\/schema\/person\/image\/\",\"url\":\"https:\/\/secure.gravatar.com\/avatar\/78b8874227e9cd261d53d8462e0bd16b4cd3f37456ad1287bc3bfd162d6f0b9f?s=96&d=mm&r=g\",\"contentUrl\":\"https:\/\/secure.gravatar.com\/avatar\/78b8874227e9cd261d53d8462e0bd16b4cd3f37456ad1287bc3bfd162d6f0b9f?s=96&d=mm&r=g\",\"caption\":\"Theodor K\u00f6nig Gesamtschule\"},\"url\":\"https:\/\/tkg-duisburg.de\/?author=1\"}]}<\/script>\n<!-- \/ Yoast SEO plugin. -->","yoast_head_json":{"title":"Philosophisches Caf\u00e9 15.5.18 - Theodor K\u00f6nig Gesamtschule Duisburg","robots":{"index":"index","follow":"follow","max-snippet":"max-snippet:-1","max-image-preview":"max-image-preview:large","max-video-preview":"max-video-preview:-1"},"canonical":"https:\/\/tkg-duisburg.de\/?p=3161","og_locale":"de_DE","og_type":"article","og_title":"Philosophisches Caf\u00e9 15.5.18 - Theodor K\u00f6nig Gesamtschule Duisburg","og_description":"Am 15.5. wurde das zweite Philosophische Caf\u00e9 an der Theodor-K\u00f6nig-Gesamtschule abgehalten.","og_url":"https:\/\/tkg-duisburg.de\/?p=3161","og_site_name":"Theodor K\u00f6nig Gesamtschule Duisburg","article_published_time":"2018-05-21T04:28:04+00:00","article_modified_time":"2018-06-06T05:20:24+00:00","og_image":[{"url":"http:\/\/tkg-duisburg.de\/wp-content\/uploads\/2018\/05\/IMG_4061-e1526876801251.jpg"}],"author":"Theodor K\u00f6nig Gesamtschule","twitter_card":"summary_large_image","twitter_misc":{"Verfasst von":"Theodor K\u00f6nig Gesamtschule","Gesch\u00e4tzte Lesezeit":"1\u00a0Minute"},"schema":{"@context":"https:\/\/schema.org","@graph":[{"@type":"WebPage","@id":"https:\/\/tkg-duisburg.de\/?p=3161","url":"https:\/\/tkg-duisburg.de\/?p=3161","name":"Philosophisches Caf\u00e9 15.5.18 - Theodor K\u00f6nig Gesamtschule Duisburg","isPartOf":{"@id":"https:\/\/tkg-duisburg.de\/#website"},"primaryImageOfPage":{"@id":"https:\/\/tkg-duisburg.de\/?p=3161#primaryimage"},"image":{"@id":"https:\/\/tkg-duisburg.de\/?p=3161#primaryimage"},"thumbnailUrl":"http:\/\/tkg-duisburg.de\/wp-content\/uploads\/2018\/05\/IMG_4061-e1526876801251.jpg","datePublished":"2018-05-21T04:28:04+00:00","dateModified":"2018-06-06T05:20:24+00:00","author":{"@id":"https:\/\/tkg-duisburg.de\/#\/schema\/person\/959db6a2cedeb35dd75151dbd9d4361c"},"breadcrumb":{"@id":"https:\/\/tkg-duisburg.de\/?p=3161#breadcrumb"},"inLanguage":"de","potentialAction":[{"@type":"ReadAction","target":["https:\/\/tkg-duisburg.de\/?p=3161"]}]},{"@type":"ImageObject","inLanguage":"de","@id":"https:\/\/tkg-duisburg.de\/?p=3161#primaryimage","url":"http:\/\/tkg-duisburg.de\/wp-content\/uploads\/2018\/05\/IMG_4061-e1526876801251.jpg","contentUrl":"http:\/\/tkg-duisburg.de\/wp-content\/uploads\/2018\/05\/IMG_4061-e1526876801251.jpg"},{"@type":"BreadcrumbList","@id":"https:\/\/tkg-duisburg.de\/?p=3161#breadcrumb","itemListElement":[{"@type":"ListItem","position":1,"name":"Startseite","item":"https:\/\/tkg-duisburg.de\/"},{"@type":"ListItem","position":2,"name":"Philosophisches Caf\u00e9 15.5.18"}]},{"@type":"WebSite","@id":"https:\/\/tkg-duisburg.de\/#website","url":"https:\/\/tkg-duisburg.de\/","name":"Theodor K\u00f6nig Gesamtschule Duisburg","description":"","potentialAction":[{"@type":"SearchAction","target":{"@type":"EntryPoint","urlTemplate":"https:\/\/tkg-duisburg.de\/?s={search_term_string}"},"query-input":"required name=search_term_string"}],"inLanguage":"de"},{"@type":"Person","@id":"https:\/\/tkg-duisburg.de\/#\/schema\/person\/959db6a2cedeb35dd75151dbd9d4361c","name":"Theodor K\u00f6nig Gesamtschule","image":{"@type":"ImageObject","inLanguage":"de","@id":"https:\/\/tkg-duisburg.de\/#\/schema\/person\/image\/","url":"https:\/\/secure.gravatar.com\/avatar\/78b8874227e9cd261d53d8462e0bd16b4cd3f37456ad1287bc3bfd162d6f0b9f?s=96&d=mm&r=g","contentUrl":"https:\/\/secure.gravatar.com\/avatar\/78b8874227e9cd261d53d8462e0bd16b4cd3f37456ad1287bc3bfd162d6f0b9f?s=96&d=mm&r=g","caption":"Theodor K\u00f6nig Gesamtschule"},"url":"https:\/\/tkg-duisburg.de\/?author=1"}]}},"_links":{"self":[{"href":"https:\/\/tkg-duisburg.de\/index.php?rest_route=\/wp\/v2\/posts\/3161","targetHints":{"allow":["GET"]}}],"collection":[{"href":"https:\/\/tkg-duisburg.de\/index.php?rest_route=\/wp\/v2\/posts"}],"about":[{"href":"https:\/\/tkg-duisburg.de\/index.php?rest_route=\/wp\/v2\/types\/post"}],"author":[{"embeddable":true,"href":"https:\/\/tkg-duisburg.de\/index.php?rest_route=\/wp\/v2\/users\/1"}],"replies":[{"embeddable":true,"href":"https:\/\/tkg-duisburg.de\/index.php?rest_route=%2Fwp%2Fv2%2Fcomments&post=3161"}],"version-history":[{"count":1,"href":"https:\/\/tkg-duisburg.de\/index.php?rest_route=\/wp\/v2\/posts\/3161\/revisions"}],"predecessor-version":[{"id":3163,"href":"https:\/\/tkg-duisburg.de\/index.php?rest_route=\/wp\/v2\/posts\/3161\/revisions\/3163"}],"wp:attachment":[{"href":"https:\/\/tkg-duisburg.de\/index.php?rest_route=%2Fwp%2Fv2%2Fmedia&parent=3161"}],"wp:term":[{"taxonomy":"category","embeddable":true,"href":"https:\/\/tkg-duisburg.de\/index.php?rest_route=%2Fwp%2Fv2%2Fcategories&post=3161"},{"taxonomy":"post_tag","embeddable":true,"href":"https:\/\/tkg-duisburg.de\/index.php?rest_route=%2Fwp%2Fv2%2Ftags&post=3161"}],"curies":[{"name":"wp","href":"https:\/\/api.w.org\/{rel}","templated":true}]}}