{"id":3309,"date":"2018-12-02T16:10:02","date_gmt":"2018-12-02T14:10:02","guid":{"rendered":"http:\/\/tkg-duisburg.de\/?p=3309"},"modified":"2018-12-02T16:10:02","modified_gmt":"2018-12-02T14:10:02","slug":"klima-kidz","status":"publish","type":"post","link":"https:\/\/tkg-duisburg.de\/?p=3309","title":{"rendered":"Klima Kidz"},"content":{"rendered":"<p><b>Klima Kidz in Klasse 5<\/b><br \/>\n<img loading=\"lazy\" decoding=\"async\" class=\"aligncenter size-full wp-image-3310\" src=\"https:\/\/tkg-duisburg.de\/wp-content\/uploads\/2018\/12\/70c6cb7a-4450-4a30-9b08-3bc6812c569b.jpg\" alt=\"\" width=\"1600\" height=\"762\" srcset=\"https:\/\/tkg-duisburg.de\/wp-content\/uploads\/2018\/12\/70c6cb7a-4450-4a30-9b08-3bc6812c569b.jpg 1600w, https:\/\/tkg-duisburg.de\/wp-content\/uploads\/2018\/12\/70c6cb7a-4450-4a30-9b08-3bc6812c569b-300x143.jpg 300w, https:\/\/tkg-duisburg.de\/wp-content\/uploads\/2018\/12\/70c6cb7a-4450-4a30-9b08-3bc6812c569b-1024x488.jpg 1024w\" sizes=\"auto, (max-width: 1600px) 100vw, 1600px\" \/><br \/>\nAm vergangenen Freitag, den 23.11.2018 fand zum wiederholten Male das Projekt Klima Kidz der Unesco-AG an der Theodor-K\u00f6nig-Gesamtschule statt. Herr Schultz, Dozent der Deutschen Umweltaktion NRW, lud die Kidz unter dem Motto \u201eForscht, r\u00e4tselt und experimentiert!\u201c zu einem interessanten Exkurs zur Energieforschung ein.<\/p>\n<p><!--more--><img loading=\"lazy\" decoding=\"async\" class=\"aligncenter size-full wp-image-3311\" src=\"https:\/\/tkg-duisburg.de\/wp-content\/uploads\/2018\/12\/70642142-371f-446c-b983-6b78a4fa28a9.jpg\" alt=\"\" width=\"1600\" height=\"1200\" srcset=\"https:\/\/tkg-duisburg.de\/wp-content\/uploads\/2018\/12\/70642142-371f-446c-b983-6b78a4fa28a9.jpg 1600w, https:\/\/tkg-duisburg.de\/wp-content\/uploads\/2018\/12\/70642142-371f-446c-b983-6b78a4fa28a9-300x225.jpg 300w, https:\/\/tkg-duisburg.de\/wp-content\/uploads\/2018\/12\/70642142-371f-446c-b983-6b78a4fa28a9-1024x768.jpg 1024w\" sizes=\"auto, (max-width: 1600px) 100vw, 1600px\" \/><\/p>\n<p>Dazu besuchte er die f\u00fcnften Klassen, um die Sch\u00fclerinnen und Sch\u00fcler \u00fcber das Thema Elektrizit\u00e4t zu informieren. Dabei stellte sich heraus, dass die Jungforscher bereits \u00fcber ein umfangreiches Wissen zu diesem Themenkomplex verf\u00fcgen, was Herrn Schultz sichtlich positiv beeindruckte. Zun\u00e4chst stiegen die kleinen Forscher theoretisch in die Thematik ein, indem gekl\u00e4rt wurde, wozu wir Strom \u00fcberhaupt ben\u00f6tigen und wie dieser erzeugt werden kann. Besonders interessant war es f\u00fcr die Klima Kidz, zusammen mit Herrn Schultz im experimentellen Teil Solarautos zum Fahren, Solarkakerlaken zum Tanzen und eine Dampfmaschine zum Laufen zu bringen. Impressionen des Tages:<\/p>\n<div id='gallery-1' class='gallery galleryid-3309 gallery-columns-4 gallery-size-thumbnail'><figure class='gallery-item'>\n\t\t\t<div class='gallery-icon landscape'>\n\t\t\t\t<a href='https:\/\/tkg-duisburg.de\/?attachment_id=3315'><img loading=\"lazy\" decoding=\"async\" width=\"150\" height=\"200\" src=\"https:\/\/tkg-duisburg.de\/wp-content\/uploads\/2018\/12\/1b15187f-1171-4047-924a-4b8792112ee3-150x200.jpg\" class=\"attachment-thumbnail size-thumbnail\" alt=\"\" aria-describedby=\"gallery-1-3315\" \/><\/a>\n\t\t\t<\/div>\n\t\t\t\t<figcaption class='wp-caption-text gallery-caption' id='gallery-1-3315'>\n\t\t\t\tDie Kakerlaken im Einsatz\n\t\t\t\t<\/figcaption><\/figure><figure class='gallery-item'>\n\t\t\t<div class='gallery-icon landscape'>\n\t\t\t\t<a href='https:\/\/tkg-duisburg.de\/?attachment_id=3314'><img loading=\"lazy\" decoding=\"async\" width=\"150\" height=\"200\" src=\"https:\/\/tkg-duisburg.de\/wp-content\/uploads\/2018\/12\/47ebb02b-f668-4a26-b3bf-8eda5374bc83-150x200.jpg\" class=\"attachment-thumbnail size-thumbnail\" alt=\"\" aria-describedby=\"gallery-1-3314\" \/><\/a>\n\t\t\t<\/div>\n\t\t\t\t<figcaption class='wp-caption-text gallery-caption' id='gallery-1-3314'>\n\t\t\t\tDie &#8222;Solarkakerlake&#8220;\n\t\t\t\t<\/figcaption><\/figure><figure class='gallery-item'>\n\t\t\t<div class='gallery-icon landscape'>\n\t\t\t\t<a href='https:\/\/tkg-duisburg.de\/?attachment_id=3313'><img loading=\"lazy\" decoding=\"async\" width=\"150\" height=\"200\" src=\"https:\/\/tkg-duisburg.de\/wp-content\/uploads\/2018\/12\/f4c1e167-c3f0-41d8-b496-b00542f877b0-150x200.jpg\" class=\"attachment-thumbnail size-thumbnail\" alt=\"\" aria-describedby=\"gallery-1-3313\" \/><\/a>\n\t\t\t<\/div>\n\t\t\t\t<figcaption class='wp-caption-text gallery-caption' id='gallery-1-3313'>\n\t\t\t\tDie Dampfmaschine\n\t\t\t\t<\/figcaption><\/figure><figure class='gallery-item'>\n\t\t\t<div class='gallery-icon landscape'>\n\t\t\t\t<a href='https:\/\/tkg-duisburg.de\/?attachment_id=3312'><img loading=\"lazy\" decoding=\"async\" width=\"150\" height=\"200\" src=\"https:\/\/tkg-duisburg.de\/wp-content\/uploads\/2018\/12\/a69c0243-fbdb-4572-a7ee-04d25486ff1a-150x200.jpg\" class=\"attachment-thumbnail size-thumbnail\" alt=\"\" aria-describedby=\"gallery-1-3312\" \/><\/a>\n\t\t\t<\/div>\n\t\t\t\t<figcaption class='wp-caption-text gallery-caption' id='gallery-1-3312'>\n\t\t\t\tDie Dampfmaschine\n\t\t\t\t<\/figcaption><\/figure>\n\t\t<\/div>\n\n<p><span class=\"Apple-converted-space\"><br \/>\n<\/span> M. Sch\u00f6ppe (Unesco-Team)<\/p>\n","protected":false},"excerpt":{"rendered":"<p>Klima Kidz in Klasse 5 Am vergangenen Freitag, den 23.11.2018 fand zum wiederholten Male das Projekt Klima Kidz der Unesco-AG an der Theodor-K\u00f6nig-Gesamtschule statt. Herr Schultz, Dozent der Deutschen Umweltaktion NRW, lud die Kidz unter dem Motto \u201eForscht, r\u00e4tselt und experimentiert!\u201c zu einem interessanten Exkurs zur Energieforschung ein.<\/p>\n","protected":false},"author":5,"featured_media":0,"comment_status":"closed","ping_status":"open","sticky":false,"template":"","format":"standard","meta":{"footnotes":""},"categories":[1],"tags":[],"class_list":["post-3309","post","type-post","status-publish","format-standard","hentry","category-allgemein"],"yoast_head":"<!-- This site is optimized with the Yoast SEO plugin v22.6 - https:\/\/yoast.com\/wordpress\/plugins\/seo\/ -->\n<title>Klima Kidz - Theodor K\u00f6nig Gesamtschule Duisburg<\/title>\n<meta name=\"robots\" content=\"index, follow, max-snippet:-1, max-image-preview:large, max-video-preview:-1\" \/>\n<link rel=\"canonical\" href=\"https:\/\/tkg-duisburg.de\/?p=3309\" \/>\n<meta property=\"og:locale\" content=\"de_DE\" \/>\n<meta property=\"og:type\" content=\"article\" \/>\n<meta property=\"og:title\" content=\"Klima Kidz - Theodor K\u00f6nig Gesamtschule Duisburg\" \/>\n<meta property=\"og:description\" content=\"Klima Kidz in Klasse 5 Am vergangenen Freitag, den 23.11.2018 fand zum wiederholten Male das Projekt Klima Kidz der Unesco-AG an der Theodor-K\u00f6nig-Gesamtschule statt. Herr Schultz, Dozent der Deutschen Umweltaktion NRW, lud die Kidz unter dem Motto \u201eForscht, r\u00e4tselt und experimentiert!\u201c zu einem interessanten Exkurs zur Energieforschung ein.\" \/>\n<meta property=\"og:url\" content=\"https:\/\/tkg-duisburg.de\/?p=3309\" \/>\n<meta property=\"og:site_name\" content=\"Theodor K\u00f6nig Gesamtschule Duisburg\" \/>\n<meta property=\"article:published_time\" content=\"2018-12-02T14:10:02+00:00\" \/>\n<meta property=\"og:image\" content=\"https:\/\/tkg-duisburg.de\/wp-content\/uploads\/2018\/12\/1b15187f-1171-4047-924a-4b8792112ee3-150x200.jpg\" \/>\n<meta name=\"author\" content=\"Bj\u00f6rn Becker\" \/>\n<meta name=\"twitter:card\" content=\"summary_large_image\" \/>\n<meta name=\"twitter:label1\" content=\"Verfasst von\" \/>\n\t<meta name=\"twitter:data1\" content=\"Bj\u00f6rn Becker\" \/>\n\t<meta name=\"twitter:label2\" content=\"Gesch\u00e4tzte Lesezeit\" \/>\n\t<meta name=\"twitter:data2\" content=\"1\u00a0Minute\" \/>\n<script type=\"application\/ld+json\" class=\"yoast-schema-graph\">{\"@context\":\"https:\/\/schema.org\",\"@graph\":[{\"@type\":\"WebPage\",\"@id\":\"https:\/\/tkg-duisburg.de\/?p=3309\",\"url\":\"https:\/\/tkg-duisburg.de\/?p=3309\",\"name\":\"Klima Kidz - Theodor K\u00f6nig Gesamtschule Duisburg\",\"isPartOf\":{\"@id\":\"https:\/\/tkg-duisburg.de\/#website\"},\"primaryImageOfPage\":{\"@id\":\"https:\/\/tkg-duisburg.de\/?p=3309#primaryimage\"},\"image\":{\"@id\":\"https:\/\/tkg-duisburg.de\/?p=3309#primaryimage\"},\"thumbnailUrl\":\"http:\/\/tkg-duisburg.de\/wp-content\/uploads\/2018\/12\/70c6cb7a-4450-4a30-9b08-3bc6812c569b.jpg\",\"datePublished\":\"2018-12-02T14:10:02+00:00\",\"dateModified\":\"2018-12-02T14:10:02+00:00\",\"author\":{\"@id\":\"https:\/\/tkg-duisburg.de\/#\/schema\/person\/5a5b174492de297d4b57e9a3d89564ee\"},\"breadcrumb\":{\"@id\":\"https:\/\/tkg-duisburg.de\/?p=3309#breadcrumb\"},\"inLanguage\":\"de\",\"potentialAction\":[{\"@type\":\"ReadAction\",\"target\":[\"https:\/\/tkg-duisburg.de\/?p=3309\"]}]},{\"@type\":\"ImageObject\",\"inLanguage\":\"de\",\"@id\":\"https:\/\/tkg-duisburg.de\/?p=3309#primaryimage\",\"url\":\"http:\/\/tkg-duisburg.de\/wp-content\/uploads\/2018\/12\/70c6cb7a-4450-4a30-9b08-3bc6812c569b.jpg\",\"contentUrl\":\"http:\/\/tkg-duisburg.de\/wp-content\/uploads\/2018\/12\/70c6cb7a-4450-4a30-9b08-3bc6812c569b.jpg\"},{\"@type\":\"BreadcrumbList\",\"@id\":\"https:\/\/tkg-duisburg.de\/?p=3309#breadcrumb\",\"itemListElement\":[{\"@type\":\"ListItem\",\"position\":1,\"name\":\"Startseite\",\"item\":\"https:\/\/tkg-duisburg.de\/\"},{\"@type\":\"ListItem\",\"position\":2,\"name\":\"Klima Kidz\"}]},{\"@type\":\"WebSite\",\"@id\":\"https:\/\/tkg-duisburg.de\/#website\",\"url\":\"https:\/\/tkg-duisburg.de\/\",\"name\":\"Theodor K\u00f6nig Gesamtschule Duisburg\",\"description\":\"\",\"potentialAction\":[{\"@type\":\"SearchAction\",\"target\":{\"@type\":\"EntryPoint\",\"urlTemplate\":\"https:\/\/tkg-duisburg.de\/?s={search_term_string}\"},\"query-input\":\"required name=search_term_string\"}],\"inLanguage\":\"de\"},{\"@type\":\"Person\",\"@id\":\"https:\/\/tkg-duisburg.de\/#\/schema\/person\/5a5b174492de297d4b57e9a3d89564ee\",\"name\":\"Bj\u00f6rn Becker\",\"image\":{\"@type\":\"ImageObject\",\"inLanguage\":\"de\",\"@id\":\"https:\/\/tkg-duisburg.de\/#\/schema\/person\/image\/\",\"url\":\"https:\/\/secure.gravatar.com\/avatar\/c7690b9f448fdd19e7a021d2d0201faa0dc70513a48fc7103388e3231c3056a4?s=96&d=mm&r=g\",\"contentUrl\":\"https:\/\/secure.gravatar.com\/avatar\/c7690b9f448fdd19e7a021d2d0201faa0dc70513a48fc7103388e3231c3056a4?s=96&d=mm&r=g\",\"caption\":\"Bj\u00f6rn Becker\"},\"url\":\"https:\/\/tkg-duisburg.de\/?author=5\"}]}<\/script>\n<!-- \/ Yoast SEO plugin. -->","yoast_head_json":{"title":"Klima Kidz - Theodor K\u00f6nig Gesamtschule Duisburg","robots":{"index":"index","follow":"follow","max-snippet":"max-snippet:-1","max-image-preview":"max-image-preview:large","max-video-preview":"max-video-preview:-1"},"canonical":"https:\/\/tkg-duisburg.de\/?p=3309","og_locale":"de_DE","og_type":"article","og_title":"Klima Kidz - Theodor K\u00f6nig Gesamtschule Duisburg","og_description":"Klima Kidz in Klasse 5 Am vergangenen Freitag, den 23.11.2018 fand zum wiederholten Male das Projekt Klima Kidz der Unesco-AG an der Theodor-K\u00f6nig-Gesamtschule statt. Herr Schultz, Dozent der Deutschen Umweltaktion NRW, lud die Kidz unter dem Motto \u201eForscht, r\u00e4tselt und experimentiert!\u201c zu einem interessanten Exkurs zur Energieforschung ein.","og_url":"https:\/\/tkg-duisburg.de\/?p=3309","og_site_name":"Theodor K\u00f6nig Gesamtschule Duisburg","article_published_time":"2018-12-02T14:10:02+00:00","og_image":[{"url":"https:\/\/tkg-duisburg.de\/wp-content\/uploads\/2018\/12\/1b15187f-1171-4047-924a-4b8792112ee3-150x200.jpg"}],"author":"Bj\u00f6rn Becker","twitter_card":"summary_large_image","twitter_misc":{"Verfasst von":"Bj\u00f6rn Becker","Gesch\u00e4tzte Lesezeit":"1\u00a0Minute"},"schema":{"@context":"https:\/\/schema.org","@graph":[{"@type":"WebPage","@id":"https:\/\/tkg-duisburg.de\/?p=3309","url":"https:\/\/tkg-duisburg.de\/?p=3309","name":"Klima Kidz - Theodor K\u00f6nig Gesamtschule Duisburg","isPartOf":{"@id":"https:\/\/tkg-duisburg.de\/#website"},"primaryImageOfPage":{"@id":"https:\/\/tkg-duisburg.de\/?p=3309#primaryimage"},"image":{"@id":"https:\/\/tkg-duisburg.de\/?p=3309#primaryimage"},"thumbnailUrl":"http:\/\/tkg-duisburg.de\/wp-content\/uploads\/2018\/12\/70c6cb7a-4450-4a30-9b08-3bc6812c569b.jpg","datePublished":"2018-12-02T14:10:02+00:00","dateModified":"2018-12-02T14:10:02+00:00","author":{"@id":"https:\/\/tkg-duisburg.de\/#\/schema\/person\/5a5b174492de297d4b57e9a3d89564ee"},"breadcrumb":{"@id":"https:\/\/tkg-duisburg.de\/?p=3309#breadcrumb"},"inLanguage":"de","potentialAction":[{"@type":"ReadAction","target":["https:\/\/tkg-duisburg.de\/?p=3309"]}]},{"@type":"ImageObject","inLanguage":"de","@id":"https:\/\/tkg-duisburg.de\/?p=3309#primaryimage","url":"http:\/\/tkg-duisburg.de\/wp-content\/uploads\/2018\/12\/70c6cb7a-4450-4a30-9b08-3bc6812c569b.jpg","contentUrl":"http:\/\/tkg-duisburg.de\/wp-content\/uploads\/2018\/12\/70c6cb7a-4450-4a30-9b08-3bc6812c569b.jpg"},{"@type":"BreadcrumbList","@id":"https:\/\/tkg-duisburg.de\/?p=3309#breadcrumb","itemListElement":[{"@type":"ListItem","position":1,"name":"Startseite","item":"https:\/\/tkg-duisburg.de\/"},{"@type":"ListItem","position":2,"name":"Klima Kidz"}]},{"@type":"WebSite","@id":"https:\/\/tkg-duisburg.de\/#website","url":"https:\/\/tkg-duisburg.de\/","name":"Theodor K\u00f6nig Gesamtschule Duisburg","description":"","potentialAction":[{"@type":"SearchAction","target":{"@type":"EntryPoint","urlTemplate":"https:\/\/tkg-duisburg.de\/?s={search_term_string}"},"query-input":"required name=search_term_string"}],"inLanguage":"de"},{"@type":"Person","@id":"https:\/\/tkg-duisburg.de\/#\/schema\/person\/5a5b174492de297d4b57e9a3d89564ee","name":"Bj\u00f6rn Becker","image":{"@type":"ImageObject","inLanguage":"de","@id":"https:\/\/tkg-duisburg.de\/#\/schema\/person\/image\/","url":"https:\/\/secure.gravatar.com\/avatar\/c7690b9f448fdd19e7a021d2d0201faa0dc70513a48fc7103388e3231c3056a4?s=96&d=mm&r=g","contentUrl":"https:\/\/secure.gravatar.com\/avatar\/c7690b9f448fdd19e7a021d2d0201faa0dc70513a48fc7103388e3231c3056a4?s=96&d=mm&r=g","caption":"Bj\u00f6rn Becker"},"url":"https:\/\/tkg-duisburg.de\/?author=5"}]}},"_links":{"self":[{"href":"https:\/\/tkg-duisburg.de\/index.php?rest_route=\/wp\/v2\/posts\/3309","targetHints":{"allow":["GET"]}}],"collection":[{"href":"https:\/\/tkg-duisburg.de\/index.php?rest_route=\/wp\/v2\/posts"}],"about":[{"href":"https:\/\/tkg-duisburg.de\/index.php?rest_route=\/wp\/v2\/types\/post"}],"author":[{"embeddable":true,"href":"https:\/\/tkg-duisburg.de\/index.php?rest_route=\/wp\/v2\/users\/5"}],"replies":[{"embeddable":true,"href":"https:\/\/tkg-duisburg.de\/index.php?rest_route=%2Fwp%2Fv2%2Fcomments&post=3309"}],"version-history":[{"count":1,"href":"https:\/\/tkg-duisburg.de\/index.php?rest_route=\/wp\/v2\/posts\/3309\/revisions"}],"predecessor-version":[{"id":3316,"href":"https:\/\/tkg-duisburg.de\/index.php?rest_route=\/wp\/v2\/posts\/3309\/revisions\/3316"}],"wp:attachment":[{"href":"https:\/\/tkg-duisburg.de\/index.php?rest_route=%2Fwp%2Fv2%2Fmedia&parent=3309"}],"wp:term":[{"taxonomy":"category","embeddable":true,"href":"https:\/\/tkg-duisburg.de\/index.php?rest_route=%2Fwp%2Fv2%2Fcategories&post=3309"},{"taxonomy":"post_tag","embeddable":true,"href":"https:\/\/tkg-duisburg.de\/index.php?rest_route=%2Fwp%2Fv2%2Ftags&post=3309"}],"curies":[{"name":"wp","href":"https:\/\/api.w.org\/{rel}","templated":true}]}}