{"id":3511,"date":"2019-02-21T21:16:41","date_gmt":"2019-02-21T19:16:41","guid":{"rendered":"http:\/\/tkg-duisburg.de\/?p=3511"},"modified":"2019-02-21T21:16:41","modified_gmt":"2019-02-21T19:16:41","slug":"namibia-ein-ganz-wichtiger-tag-fuer-die-tkg","status":"publish","type":"post","link":"https:\/\/tkg-duisburg.de\/?p=3511","title":{"rendered":"\u201eNamibia \u2013 ein ganz wichtiger Tag f\u00fcr die TKG\u201c"},"content":{"rendered":"\n<p><strong>Donnerstag, 21.02.2019<\/strong><\/p>\n\n\n\n<p>F\u00fcr unsere Namibia-Gruppe war heute ein ganz wichtiger Tag, denn man sollte unsere m\u00f6gliche zuk\u00fcnftige Partnerschule kennen lernen.&nbsp;<\/p>\n\n\n\n<blockquote class=\"wp-block-quote is-layout-flow wp-block-quote-is-layout-flow\"><p>Guten Morgen, ich habe gerade die Brosch\u00fcren der Stadt Duisburg eingepackt und dann kann es bald  Richtung Partnerschule losgehen! Wir sind alle schon ein wenig aufgeregt und gespannt! Wir geben alles! Gru\u00df.<\/p><cite>Bericht von Herrn Preu\u00df<\/cite><\/blockquote>\n\n\n\n<p>Aufgeregt und gespannt, aber mit Unterst\u00fctzung aus Beeck ging es dann zur Partnerschule.<\/p>\n\n\n\n<p>Und wir waren gut:<\/p>\n\n\n\n<figure class=\"wp-block-image\"><img loading=\"lazy\" decoding=\"async\" width=\"1024\" height=\"768\" src=\"https:\/\/tkg-duisburg.de\/wp-content\/uploads\/2019\/02\/1db70c92-394b-40ab-896e-7d4eb0a1a532-1024x768.jpg\" alt=\"\" class=\"wp-image-3512\" srcset=\"https:\/\/tkg-duisburg.de\/wp-content\/uploads\/2019\/02\/1db70c92-394b-40ab-896e-7d4eb0a1a532-1024x768.jpg 1024w, https:\/\/tkg-duisburg.de\/wp-content\/uploads\/2019\/02\/1db70c92-394b-40ab-896e-7d4eb0a1a532-300x225.jpg 300w, https:\/\/tkg-duisburg.de\/wp-content\/uploads\/2019\/02\/1db70c92-394b-40ab-896e-7d4eb0a1a532.jpg 1600w\" sizes=\"auto, (max-width: 1024px) 100vw, 1024px\" \/><\/figure>\n\n\n\n<blockquote class=\"wp-block-quote is-layout-flow wp-block-quote-is-layout-flow\"><p>Wir haben die Schule (s.oben)gerockt!Die ganze Bande war sehr begeistert, ebens der Principal und das Kollegium!Die Schule nennt sich nach dem Pr\u00e4sidenten Hage Geingob School!Wir sind dort schon als Partnerschule vorgestellt worden.Ich bin sehr ger\u00fchrt!N\u00e4chste Woche sind wir nochmals dort!&#x1f642;<br> Ein ausf\u00fchrlicher Bericht von Ali folgt!&#x1f642;<\/p><cite>Bericht von Herrn Preu\u00df<\/cite><\/blockquote>\n\n\n\n<p>Ich wusste, die Gruppe kriegt das hin und jetzt k\u00f6nnen wir langsam an eine langfristige Partnerschaft denken.&nbsp;<\/p>\n\n\n\n<figure class=\"wp-block-image\"><img loading=\"lazy\" decoding=\"async\" width=\"1024\" height=\"768\" src=\"https:\/\/tkg-duisburg.de\/wp-content\/uploads\/2019\/02\/1db70c92-394b-40ab-896e-7d4eb0a1a532-1-1024x768.jpg\" alt=\"\" class=\"wp-image-3514\" srcset=\"https:\/\/tkg-duisburg.de\/wp-content\/uploads\/2019\/02\/1db70c92-394b-40ab-896e-7d4eb0a1a532-1-1024x768.jpg 1024w, https:\/\/tkg-duisburg.de\/wp-content\/uploads\/2019\/02\/1db70c92-394b-40ab-896e-7d4eb0a1a532-1-300x225.jpg 300w, https:\/\/tkg-duisburg.de\/wp-content\/uploads\/2019\/02\/1db70c92-394b-40ab-896e-7d4eb0a1a532-1.jpg 1600w\" sizes=\"auto, (max-width: 1024px) 100vw, 1024px\" \/><\/figure>\n\n\n\n<p>Am Nachmittag gab es dann noch einen Termin mit der Gouverneurin. Die eher farbig gekleideten Frauen geh\u00f6ren zur F\u00fchrungsregie der Gouverneurin.<\/p>\n\n\n\n<p>Ali, der f\u00fcr den heutigen Bericht zust\u00e4ndig ist, hat heute keine leichte Aufgabe und ist sicher noch bei der Arbeit. Der Bericht folgt also noch.<\/p>\n\n\n\n<div class=\"wp-block-image\"><figure class=\"aligncenter is-resized\"><img loading=\"lazy\" decoding=\"async\" src=\"https:\/\/tkg-duisburg.de\/wp-content\/uploads\/2019\/02\/1ca9d580-854c-465c-96cc-59147411bbc6-576x1024.jpg\" alt=\"\" class=\"wp-image-3513\" width=\"304\" height=\"540\" srcset=\"https:\/\/tkg-duisburg.de\/wp-content\/uploads\/2019\/02\/1ca9d580-854c-465c-96cc-59147411bbc6-576x1024.jpg 576w, https:\/\/tkg-duisburg.de\/wp-content\/uploads\/2019\/02\/1ca9d580-854c-465c-96cc-59147411bbc6-169x300.jpg 169w, https:\/\/tkg-duisburg.de\/wp-content\/uploads\/2019\/02\/1ca9d580-854c-465c-96cc-59147411bbc6.jpg 900w\" sizes=\"auto, (max-width: 304px) 100vw, 304px\" \/><\/figure><\/div>\n\n\n\n<p>Daf\u00fcr hat Kadir mal ein Foto geschickt. Super Foto, Kadir.<\/p>\n\n\n\n<p><em>Cordula Hiller-Kitzmann<\/em><\/p>\n","protected":false},"excerpt":{"rendered":"<p>Donnerstag, 21.02.2019 F\u00fcr unsere Namibia-Gruppe war heute ein ganz wichtiger Tag, denn man sollte unsere m\u00f6gliche zuk\u00fcnftige Partnerschule kennen lernen.&nbsp; Guten Morgen, ich habe gerade die Brosch\u00fcren der Stadt Duisburg eingepackt und dann kann es bald Richtung Partnerschule losgehen! Wir sind alle schon ein wenig aufgeregt und gespannt! Wir geben alles! Gru\u00df. Bericht von Herrn &hellip; <a href=\"https:\/\/tkg-duisburg.de\/?p=3511\" class=\"more-link\"><span class=\"screen-reader-text\">\u201eNamibia \u2013 ein ganz wichtiger Tag f\u00fcr die TKG\u201c<\/span> weiterlesen <span class=\"meta-nav\">&rarr;<\/span><\/a><\/p>\n","protected":false},"author":5,"featured_media":0,"comment_status":"closed","ping_status":"open","sticky":false,"template":"","format":"standard","meta":{"footnotes":""},"categories":[31,9,37,50,47],"tags":[],"class_list":["post-3511","post","type-post","status-publish","format-standard","hentry","category-ausserschulisches-lernen","category-exkursionen","category-externe-kooperation","category-namibia","category-unesco"],"yoast_head":"<!-- This site is optimized with the Yoast SEO plugin v22.6 - https:\/\/yoast.com\/wordpress\/plugins\/seo\/ -->\n<title>\u201eNamibia \u2013 ein ganz wichtiger Tag f\u00fcr die TKG\u201c - Theodor K\u00f6nig Gesamtschule Duisburg<\/title>\n<meta name=\"robots\" content=\"index, follow, max-snippet:-1, max-image-preview:large, max-video-preview:-1\" \/>\n<link rel=\"canonical\" href=\"https:\/\/tkg-duisburg.de\/?p=3511\" \/>\n<meta property=\"og:locale\" content=\"de_DE\" \/>\n<meta property=\"og:type\" content=\"article\" \/>\n<meta property=\"og:title\" content=\"\u201eNamibia \u2013 ein ganz wichtiger Tag f\u00fcr die TKG\u201c - Theodor K\u00f6nig Gesamtschule Duisburg\" \/>\n<meta property=\"og:description\" content=\"Donnerstag, 21.02.2019 F\u00fcr unsere Namibia-Gruppe war heute ein ganz wichtiger Tag, denn man sollte unsere m\u00f6gliche zuk\u00fcnftige Partnerschule kennen lernen.&nbsp; Guten Morgen, ich habe gerade die Brosch\u00fcren der Stadt Duisburg eingepackt und dann kann es bald Richtung Partnerschule losgehen! Wir sind alle schon ein wenig aufgeregt und gespannt! Wir geben alles! Gru\u00df. Bericht von Herrn &hellip; \u201eNamibia \u2013 ein ganz wichtiger Tag f\u00fcr die TKG\u201c weiterlesen &rarr;\" \/>\n<meta property=\"og:url\" content=\"https:\/\/tkg-duisburg.de\/?p=3511\" \/>\n<meta property=\"og:site_name\" content=\"Theodor K\u00f6nig Gesamtschule Duisburg\" \/>\n<meta property=\"article:published_time\" content=\"2019-02-21T19:16:41+00:00\" \/>\n<meta property=\"og:image\" content=\"http:\/\/tkg-duisburg.de\/wp-content\/uploads\/2019\/02\/1db70c92-394b-40ab-896e-7d4eb0a1a532-1024x768.jpg\" \/>\n<meta name=\"author\" content=\"Bj\u00f6rn Becker\" \/>\n<meta name=\"twitter:card\" content=\"summary_large_image\" \/>\n<meta name=\"twitter:label1\" content=\"Verfasst von\" \/>\n\t<meta name=\"twitter:data1\" content=\"Bj\u00f6rn Becker\" \/>\n\t<meta name=\"twitter:label2\" content=\"Gesch\u00e4tzte Lesezeit\" \/>\n\t<meta name=\"twitter:data2\" content=\"1\u00a0Minute\" \/>\n<script type=\"application\/ld+json\" class=\"yoast-schema-graph\">{\"@context\":\"https:\/\/schema.org\",\"@graph\":[{\"@type\":\"WebPage\",\"@id\":\"https:\/\/tkg-duisburg.de\/?p=3511\",\"url\":\"https:\/\/tkg-duisburg.de\/?p=3511\",\"name\":\"\u201eNamibia \u2013 ein ganz wichtiger Tag f\u00fcr die TKG\u201c - Theodor K\u00f6nig Gesamtschule Duisburg\",\"isPartOf\":{\"@id\":\"https:\/\/tkg-duisburg.de\/#website\"},\"primaryImageOfPage\":{\"@id\":\"https:\/\/tkg-duisburg.de\/?p=3511#primaryimage\"},\"image\":{\"@id\":\"https:\/\/tkg-duisburg.de\/?p=3511#primaryimage\"},\"thumbnailUrl\":\"http:\/\/tkg-duisburg.de\/wp-content\/uploads\/2019\/02\/1db70c92-394b-40ab-896e-7d4eb0a1a532-1024x768.jpg\",\"datePublished\":\"2019-02-21T19:16:41+00:00\",\"dateModified\":\"2019-02-21T19:16:41+00:00\",\"author\":{\"@id\":\"https:\/\/tkg-duisburg.de\/#\/schema\/person\/5a5b174492de297d4b57e9a3d89564ee\"},\"breadcrumb\":{\"@id\":\"https:\/\/tkg-duisburg.de\/?p=3511#breadcrumb\"},\"inLanguage\":\"de\",\"potentialAction\":[{\"@type\":\"ReadAction\",\"target\":[\"https:\/\/tkg-duisburg.de\/?p=3511\"]}]},{\"@type\":\"ImageObject\",\"inLanguage\":\"de\",\"@id\":\"https:\/\/tkg-duisburg.de\/?p=3511#primaryimage\",\"url\":\"http:\/\/tkg-duisburg.de\/wp-content\/uploads\/2019\/02\/1db70c92-394b-40ab-896e-7d4eb0a1a532-1024x768.jpg\",\"contentUrl\":\"http:\/\/tkg-duisburg.de\/wp-content\/uploads\/2019\/02\/1db70c92-394b-40ab-896e-7d4eb0a1a532-1024x768.jpg\"},{\"@type\":\"BreadcrumbList\",\"@id\":\"https:\/\/tkg-duisburg.de\/?p=3511#breadcrumb\",\"itemListElement\":[{\"@type\":\"ListItem\",\"position\":1,\"name\":\"Startseite\",\"item\":\"https:\/\/tkg-duisburg.de\/\"},{\"@type\":\"ListItem\",\"position\":2,\"name\":\"\u201eNamibia \u2013 ein ganz wichtiger Tag f\u00fcr die TKG\u201c\"}]},{\"@type\":\"WebSite\",\"@id\":\"https:\/\/tkg-duisburg.de\/#website\",\"url\":\"https:\/\/tkg-duisburg.de\/\",\"name\":\"Theodor K\u00f6nig Gesamtschule Duisburg\",\"description\":\"\",\"potentialAction\":[{\"@type\":\"SearchAction\",\"target\":{\"@type\":\"EntryPoint\",\"urlTemplate\":\"https:\/\/tkg-duisburg.de\/?s={search_term_string}\"},\"query-input\":\"required name=search_term_string\"}],\"inLanguage\":\"de\"},{\"@type\":\"Person\",\"@id\":\"https:\/\/tkg-duisburg.de\/#\/schema\/person\/5a5b174492de297d4b57e9a3d89564ee\",\"name\":\"Bj\u00f6rn Becker\",\"image\":{\"@type\":\"ImageObject\",\"inLanguage\":\"de\",\"@id\":\"https:\/\/tkg-duisburg.de\/#\/schema\/person\/image\/\",\"url\":\"https:\/\/secure.gravatar.com\/avatar\/c7690b9f448fdd19e7a021d2d0201faa0dc70513a48fc7103388e3231c3056a4?s=96&d=mm&r=g\",\"contentUrl\":\"https:\/\/secure.gravatar.com\/avatar\/c7690b9f448fdd19e7a021d2d0201faa0dc70513a48fc7103388e3231c3056a4?s=96&d=mm&r=g\",\"caption\":\"Bj\u00f6rn Becker\"},\"url\":\"https:\/\/tkg-duisburg.de\/?author=5\"}]}<\/script>\n<!-- \/ Yoast SEO plugin. -->","yoast_head_json":{"title":"\u201eNamibia \u2013 ein ganz wichtiger Tag f\u00fcr die TKG\u201c - Theodor K\u00f6nig Gesamtschule Duisburg","robots":{"index":"index","follow":"follow","max-snippet":"max-snippet:-1","max-image-preview":"max-image-preview:large","max-video-preview":"max-video-preview:-1"},"canonical":"https:\/\/tkg-duisburg.de\/?p=3511","og_locale":"de_DE","og_type":"article","og_title":"\u201eNamibia \u2013 ein ganz wichtiger Tag f\u00fcr die TKG\u201c - Theodor K\u00f6nig Gesamtschule Duisburg","og_description":"Donnerstag, 21.02.2019 F\u00fcr unsere Namibia-Gruppe war heute ein ganz wichtiger Tag, denn man sollte unsere m\u00f6gliche zuk\u00fcnftige Partnerschule kennen lernen.&nbsp; Guten Morgen, ich habe gerade die Brosch\u00fcren der Stadt Duisburg eingepackt und dann kann es bald Richtung Partnerschule losgehen! Wir sind alle schon ein wenig aufgeregt und gespannt! Wir geben alles! Gru\u00df. Bericht von Herrn &hellip; \u201eNamibia \u2013 ein ganz wichtiger Tag f\u00fcr die TKG\u201c weiterlesen &rarr;","og_url":"https:\/\/tkg-duisburg.de\/?p=3511","og_site_name":"Theodor K\u00f6nig Gesamtschule Duisburg","article_published_time":"2019-02-21T19:16:41+00:00","og_image":[{"url":"http:\/\/tkg-duisburg.de\/wp-content\/uploads\/2019\/02\/1db70c92-394b-40ab-896e-7d4eb0a1a532-1024x768.jpg"}],"author":"Bj\u00f6rn Becker","twitter_card":"summary_large_image","twitter_misc":{"Verfasst von":"Bj\u00f6rn Becker","Gesch\u00e4tzte Lesezeit":"1\u00a0Minute"},"schema":{"@context":"https:\/\/schema.org","@graph":[{"@type":"WebPage","@id":"https:\/\/tkg-duisburg.de\/?p=3511","url":"https:\/\/tkg-duisburg.de\/?p=3511","name":"\u201eNamibia \u2013 ein ganz wichtiger Tag f\u00fcr die TKG\u201c - Theodor K\u00f6nig Gesamtschule Duisburg","isPartOf":{"@id":"https:\/\/tkg-duisburg.de\/#website"},"primaryImageOfPage":{"@id":"https:\/\/tkg-duisburg.de\/?p=3511#primaryimage"},"image":{"@id":"https:\/\/tkg-duisburg.de\/?p=3511#primaryimage"},"thumbnailUrl":"http:\/\/tkg-duisburg.de\/wp-content\/uploads\/2019\/02\/1db70c92-394b-40ab-896e-7d4eb0a1a532-1024x768.jpg","datePublished":"2019-02-21T19:16:41+00:00","dateModified":"2019-02-21T19:16:41+00:00","author":{"@id":"https:\/\/tkg-duisburg.de\/#\/schema\/person\/5a5b174492de297d4b57e9a3d89564ee"},"breadcrumb":{"@id":"https:\/\/tkg-duisburg.de\/?p=3511#breadcrumb"},"inLanguage":"de","potentialAction":[{"@type":"ReadAction","target":["https:\/\/tkg-duisburg.de\/?p=3511"]}]},{"@type":"ImageObject","inLanguage":"de","@id":"https:\/\/tkg-duisburg.de\/?p=3511#primaryimage","url":"http:\/\/tkg-duisburg.de\/wp-content\/uploads\/2019\/02\/1db70c92-394b-40ab-896e-7d4eb0a1a532-1024x768.jpg","contentUrl":"http:\/\/tkg-duisburg.de\/wp-content\/uploads\/2019\/02\/1db70c92-394b-40ab-896e-7d4eb0a1a532-1024x768.jpg"},{"@type":"BreadcrumbList","@id":"https:\/\/tkg-duisburg.de\/?p=3511#breadcrumb","itemListElement":[{"@type":"ListItem","position":1,"name":"Startseite","item":"https:\/\/tkg-duisburg.de\/"},{"@type":"ListItem","position":2,"name":"\u201eNamibia \u2013 ein ganz wichtiger Tag f\u00fcr die TKG\u201c"}]},{"@type":"WebSite","@id":"https:\/\/tkg-duisburg.de\/#website","url":"https:\/\/tkg-duisburg.de\/","name":"Theodor K\u00f6nig Gesamtschule Duisburg","description":"","potentialAction":[{"@type":"SearchAction","target":{"@type":"EntryPoint","urlTemplate":"https:\/\/tkg-duisburg.de\/?s={search_term_string}"},"query-input":"required name=search_term_string"}],"inLanguage":"de"},{"@type":"Person","@id":"https:\/\/tkg-duisburg.de\/#\/schema\/person\/5a5b174492de297d4b57e9a3d89564ee","name":"Bj\u00f6rn Becker","image":{"@type":"ImageObject","inLanguage":"de","@id":"https:\/\/tkg-duisburg.de\/#\/schema\/person\/image\/","url":"https:\/\/secure.gravatar.com\/avatar\/c7690b9f448fdd19e7a021d2d0201faa0dc70513a48fc7103388e3231c3056a4?s=96&d=mm&r=g","contentUrl":"https:\/\/secure.gravatar.com\/avatar\/c7690b9f448fdd19e7a021d2d0201faa0dc70513a48fc7103388e3231c3056a4?s=96&d=mm&r=g","caption":"Bj\u00f6rn Becker"},"url":"https:\/\/tkg-duisburg.de\/?author=5"}]}},"_links":{"self":[{"href":"https:\/\/tkg-duisburg.de\/index.php?rest_route=\/wp\/v2\/posts\/3511","targetHints":{"allow":["GET"]}}],"collection":[{"href":"https:\/\/tkg-duisburg.de\/index.php?rest_route=\/wp\/v2\/posts"}],"about":[{"href":"https:\/\/tkg-duisburg.de\/index.php?rest_route=\/wp\/v2\/types\/post"}],"author":[{"embeddable":true,"href":"https:\/\/tkg-duisburg.de\/index.php?rest_route=\/wp\/v2\/users\/5"}],"replies":[{"embeddable":true,"href":"https:\/\/tkg-duisburg.de\/index.php?rest_route=%2Fwp%2Fv2%2Fcomments&post=3511"}],"version-history":[{"count":1,"href":"https:\/\/tkg-duisburg.de\/index.php?rest_route=\/wp\/v2\/posts\/3511\/revisions"}],"predecessor-version":[{"id":3515,"href":"https:\/\/tkg-duisburg.de\/index.php?rest_route=\/wp\/v2\/posts\/3511\/revisions\/3515"}],"wp:attachment":[{"href":"https:\/\/tkg-duisburg.de\/index.php?rest_route=%2Fwp%2Fv2%2Fmedia&parent=3511"}],"wp:term":[{"taxonomy":"category","embeddable":true,"href":"https:\/\/tkg-duisburg.de\/index.php?rest_route=%2Fwp%2Fv2%2Fcategories&post=3511"},{"taxonomy":"post_tag","embeddable":true,"href":"https:\/\/tkg-duisburg.de\/index.php?rest_route=%2Fwp%2Fv2%2Ftags&post=3511"}],"curies":[{"name":"wp","href":"https:\/\/api.w.org\/{rel}","templated":true}]}}