{"id":3551,"date":"2019-02-25T21:21:43","date_gmt":"2019-02-25T19:21:43","guid":{"rendered":"http:\/\/tkg-duisburg.de\/?p=3551"},"modified":"2019-02-25T21:21:43","modified_gmt":"2019-02-25T19:21:43","slug":"namibia-waste-management","status":"publish","type":"post","link":"https:\/\/tkg-duisburg.de\/?p=3551","title":{"rendered":"\u201eNamibia \u2013 Waste Management\u201c"},"content":{"rendered":"\n<p><strong>Montag, 25.02.2019<\/strong><\/p>\n\n\n\n<p>Gerade in den stark wachsenden St\u00e4dten stellt die fehlende Abfallentsorgung ein gro\u00dfes Problem dar. Man muss sich mal vorstellen f\u00fcr den M\u00fcll von fast 2,4 Mio. Menschen gibt es nur zwei Abfallentsorgungsanlagen.<\/p>\n\n\n\n<p>Mit der <em>National Solid Waste Strategy<\/em> geht die Regierung dieses Problem an und will bis 2028 eine nachhaltige M\u00fcllentsorgung installieren. Zurzeit befindet man sich noch in der Phase der Implementation eines Rahmenplans und in diese Arbeit erhielt unsere Gruppe heute einen Einblick.<\/p>\n\n\n\n<blockquote class=\"wp-block-quote is-layout-flow wp-block-quote-is-layout-flow\"><p><strong><em>-Besuch beim Recyclinghof-<br><\/em><\/strong> Gegen 8:00 Uhr wurden wir von einem Bus abgeholt. Es ging mit unseren Austauschsch\u00fclerinnen zum Recyclinghof. Am Anfang gab es einen Vortrag \u00fcber M\u00fcllentsorgung. Daraufhin gab es einen Rundgang \u00fcber das komplette Geb\u00e4ude. Wir haben vieles gesehen zum Beispiel die Container indem der Abfall getrennt wurde. Ein Schock f\u00fcr uns war, dass an einem Ort medizinisches verbrannt wurde unter anderem waren das gestorbene Babys und Z\u00e4hne. Als der Rundgang zu Ende war haben wir uns in dem Bus gesetzt und es ging weiter wir haben M\u00fcllbesichtigungstouren gemacht . Wir fuhren in ein Stadtteil wo nur ,,wei\u00dfe\u2019\u2018reiche Leben und dort hat es mit der M\u00fclltrennung funktioniert. Doch durch die Township\u2018s fuhren wir nicht, weil es dort nicht der Fall war. Daraufhin ging es weiter zu einer Recyclingfirma. Da d\u00fcrfte ich nicht rein, weil ich keine festen Schuhe hatte\u2026<\/p><\/blockquote>\n\n\n\n<ul class=\"wp-block-gallery columns-3 is-cropped wp-block-gallery-1 is-layout-flex wp-block-gallery-is-layout-flex\"><li class=\"blocks-gallery-item\"><figure><img loading=\"lazy\" decoding=\"async\" width=\"768\" height=\"1024\" src=\"https:\/\/tkg-duisburg.de\/wp-content\/uploads\/2019\/02\/db9ceb50-7cda-4157-b459-7187e0b277ff-768x1024.jpg\" alt=\"\" data-id=\"3552\" data-link=\"https:\/\/tkg-duisburg.de\/?attachment_id=3552\" class=\"wp-image-3552\" srcset=\"https:\/\/tkg-duisburg.de\/wp-content\/uploads\/2019\/02\/db9ceb50-7cda-4157-b459-7187e0b277ff-768x1024.jpg 768w, https:\/\/tkg-duisburg.de\/wp-content\/uploads\/2019\/02\/db9ceb50-7cda-4157-b459-7187e0b277ff-150x200.jpg 150w, https:\/\/tkg-duisburg.de\/wp-content\/uploads\/2019\/02\/db9ceb50-7cda-4157-b459-7187e0b277ff-225x300.jpg 225w, https:\/\/tkg-duisburg.de\/wp-content\/uploads\/2019\/02\/db9ceb50-7cda-4157-b459-7187e0b277ff.jpg 1200w\" sizes=\"auto, (max-width: 768px) 100vw, 768px\" \/><\/figure><\/li><li class=\"blocks-gallery-item\"><figure><img loading=\"lazy\" decoding=\"async\" width=\"768\" height=\"1024\" src=\"https:\/\/tkg-duisburg.de\/wp-content\/uploads\/2019\/02\/bf92c59b-83f2-4fa8-a1f6-4beee52b8e56-768x1024.jpg\" alt=\"\" data-id=\"3553\" data-link=\"https:\/\/tkg-duisburg.de\/?attachment_id=3553\" class=\"wp-image-3553\" srcset=\"https:\/\/tkg-duisburg.de\/wp-content\/uploads\/2019\/02\/bf92c59b-83f2-4fa8-a1f6-4beee52b8e56-768x1024.jpg 768w, https:\/\/tkg-duisburg.de\/wp-content\/uploads\/2019\/02\/bf92c59b-83f2-4fa8-a1f6-4beee52b8e56-150x200.jpg 150w, https:\/\/tkg-duisburg.de\/wp-content\/uploads\/2019\/02\/bf92c59b-83f2-4fa8-a1f6-4beee52b8e56-225x300.jpg 225w, https:\/\/tkg-duisburg.de\/wp-content\/uploads\/2019\/02\/bf92c59b-83f2-4fa8-a1f6-4beee52b8e56.jpg 1200w\" sizes=\"auto, (max-width: 768px) 100vw, 768px\" \/><\/figure><\/li><li class=\"blocks-gallery-item\"><figure><img loading=\"lazy\" decoding=\"async\" width=\"768\" height=\"1024\" src=\"https:\/\/tkg-duisburg.de\/wp-content\/uploads\/2019\/02\/89cf5929-5a94-4b35-8027-17c3fbbb97d6-768x1024.jpg\" alt=\"\" data-id=\"3554\" data-link=\"https:\/\/tkg-duisburg.de\/?attachment_id=3554\" class=\"wp-image-3554\" srcset=\"https:\/\/tkg-duisburg.de\/wp-content\/uploads\/2019\/02\/89cf5929-5a94-4b35-8027-17c3fbbb97d6-768x1024.jpg 768w, https:\/\/tkg-duisburg.de\/wp-content\/uploads\/2019\/02\/89cf5929-5a94-4b35-8027-17c3fbbb97d6-150x200.jpg 150w, https:\/\/tkg-duisburg.de\/wp-content\/uploads\/2019\/02\/89cf5929-5a94-4b35-8027-17c3fbbb97d6-225x300.jpg 225w, https:\/\/tkg-duisburg.de\/wp-content\/uploads\/2019\/02\/89cf5929-5a94-4b35-8027-17c3fbbb97d6.jpg 1200w\" sizes=\"auto, (max-width: 768px) 100vw, 768px\" \/><\/figure><\/li><\/ul>\n\n\n\n<p>Um 15.52 Uhr erreichte mich die folgende Nachricht.<\/p>\n\n\n\n<blockquote class=\"wp-block-quote is-layout-flow wp-block-quote-is-layout-flow\"><p>Die Schulen in Windhoek haben keinen Strom mehr, da der Staat seine Rechnungen nicht bezahlt! Kein Witz! Morgen oder \u00dcbermorgen werden wir nochmal die Hage Gaingob School besuchen und einen Letter of intend unterschreiben lassen! <\/p><\/blockquote>\n\n\n\n<p>16.26 Uhr:&nbsp; Entwarnung \u201eDer Staat hat seine Schulden bezahlt\u201c<\/p>\n\n\n\n<p><em>C. Hiller-Kitzmann<\/em><\/p>\n","protected":false},"excerpt":{"rendered":"<p>Montag, 25.02.2019 Gerade in den stark wachsenden St\u00e4dten stellt die fehlende Abfallentsorgung ein gro\u00dfes Problem dar. Man muss sich mal vorstellen f\u00fcr den M\u00fcll von fast 2,4 Mio. Menschen gibt es nur zwei Abfallentsorgungsanlagen. Mit der National Solid Waste Strategy geht die Regierung dieses Problem an und will bis 2028 eine nachhaltige M\u00fcllentsorgung installieren. Zurzeit &hellip; <a href=\"https:\/\/tkg-duisburg.de\/?p=3551\" class=\"more-link\"><span class=\"screen-reader-text\">\u201eNamibia \u2013 Waste Management\u201c<\/span> weiterlesen <span class=\"meta-nav\">&rarr;<\/span><\/a><\/p>\n","protected":false},"author":5,"featured_media":0,"comment_status":"closed","ping_status":"open","sticky":false,"template":"","format":"standard","meta":{"footnotes":""},"categories":[31,9,37,50,47],"tags":[],"class_list":["post-3551","post","type-post","status-publish","format-standard","hentry","category-ausserschulisches-lernen","category-exkursionen","category-externe-kooperation","category-namibia","category-unesco"],"yoast_head":"<!-- This site is optimized with the Yoast SEO plugin v22.6 - https:\/\/yoast.com\/wordpress\/plugins\/seo\/ -->\n<title>\u201eNamibia \u2013 Waste Management\u201c - Theodor K\u00f6nig Gesamtschule Duisburg<\/title>\n<meta name=\"robots\" content=\"index, follow, max-snippet:-1, max-image-preview:large, max-video-preview:-1\" \/>\n<link rel=\"canonical\" href=\"https:\/\/tkg-duisburg.de\/?p=3551\" \/>\n<meta property=\"og:locale\" content=\"de_DE\" \/>\n<meta property=\"og:type\" content=\"article\" \/>\n<meta property=\"og:title\" content=\"\u201eNamibia \u2013 Waste Management\u201c - Theodor K\u00f6nig Gesamtschule Duisburg\" \/>\n<meta property=\"og:description\" content=\"Montag, 25.02.2019 Gerade in den stark wachsenden St\u00e4dten stellt die fehlende Abfallentsorgung ein gro\u00dfes Problem dar. Man muss sich mal vorstellen f\u00fcr den M\u00fcll von fast 2,4 Mio. Menschen gibt es nur zwei Abfallentsorgungsanlagen. Mit der National Solid Waste Strategy geht die Regierung dieses Problem an und will bis 2028 eine nachhaltige M\u00fcllentsorgung installieren. Zurzeit &hellip; \u201eNamibia \u2013 Waste Management\u201c weiterlesen &rarr;\" \/>\n<meta property=\"og:url\" content=\"https:\/\/tkg-duisburg.de\/?p=3551\" \/>\n<meta property=\"og:site_name\" content=\"Theodor K\u00f6nig Gesamtschule Duisburg\" \/>\n<meta property=\"article:published_time\" content=\"2019-02-25T19:21:43+00:00\" \/>\n<meta property=\"og:image\" content=\"http:\/\/tkg-duisburg.de\/wp-content\/uploads\/2019\/02\/db9ceb50-7cda-4157-b459-7187e0b277ff-768x1024.jpg\" \/>\n<meta name=\"author\" content=\"Bj\u00f6rn Becker\" \/>\n<meta name=\"twitter:card\" content=\"summary_large_image\" \/>\n<meta name=\"twitter:label1\" content=\"Verfasst von\" \/>\n\t<meta name=\"twitter:data1\" content=\"Bj\u00f6rn Becker\" \/>\n\t<meta name=\"twitter:label2\" content=\"Gesch\u00e4tzte Lesezeit\" \/>\n\t<meta name=\"twitter:data2\" content=\"1\u00a0Minute\" \/>\n<script type=\"application\/ld+json\" class=\"yoast-schema-graph\">{\"@context\":\"https:\/\/schema.org\",\"@graph\":[{\"@type\":\"WebPage\",\"@id\":\"https:\/\/tkg-duisburg.de\/?p=3551\",\"url\":\"https:\/\/tkg-duisburg.de\/?p=3551\",\"name\":\"\u201eNamibia \u2013 Waste Management\u201c - Theodor K\u00f6nig Gesamtschule Duisburg\",\"isPartOf\":{\"@id\":\"https:\/\/tkg-duisburg.de\/#website\"},\"primaryImageOfPage\":{\"@id\":\"https:\/\/tkg-duisburg.de\/?p=3551#primaryimage\"},\"image\":{\"@id\":\"https:\/\/tkg-duisburg.de\/?p=3551#primaryimage\"},\"thumbnailUrl\":\"http:\/\/tkg-duisburg.de\/wp-content\/uploads\/2019\/02\/db9ceb50-7cda-4157-b459-7187e0b277ff-768x1024.jpg\",\"datePublished\":\"2019-02-25T19:21:43+00:00\",\"dateModified\":\"2019-02-25T19:21:43+00:00\",\"author\":{\"@id\":\"https:\/\/tkg-duisburg.de\/#\/schema\/person\/5a5b174492de297d4b57e9a3d89564ee\"},\"breadcrumb\":{\"@id\":\"https:\/\/tkg-duisburg.de\/?p=3551#breadcrumb\"},\"inLanguage\":\"de\",\"potentialAction\":[{\"@type\":\"ReadAction\",\"target\":[\"https:\/\/tkg-duisburg.de\/?p=3551\"]}]},{\"@type\":\"ImageObject\",\"inLanguage\":\"de\",\"@id\":\"https:\/\/tkg-duisburg.de\/?p=3551#primaryimage\",\"url\":\"http:\/\/tkg-duisburg.de\/wp-content\/uploads\/2019\/02\/db9ceb50-7cda-4157-b459-7187e0b277ff-768x1024.jpg\",\"contentUrl\":\"http:\/\/tkg-duisburg.de\/wp-content\/uploads\/2019\/02\/db9ceb50-7cda-4157-b459-7187e0b277ff-768x1024.jpg\"},{\"@type\":\"BreadcrumbList\",\"@id\":\"https:\/\/tkg-duisburg.de\/?p=3551#breadcrumb\",\"itemListElement\":[{\"@type\":\"ListItem\",\"position\":1,\"name\":\"Startseite\",\"item\":\"https:\/\/tkg-duisburg.de\/\"},{\"@type\":\"ListItem\",\"position\":2,\"name\":\"\u201eNamibia \u2013 Waste Management\u201c\"}]},{\"@type\":\"WebSite\",\"@id\":\"https:\/\/tkg-duisburg.de\/#website\",\"url\":\"https:\/\/tkg-duisburg.de\/\",\"name\":\"Theodor K\u00f6nig Gesamtschule Duisburg\",\"description\":\"\",\"potentialAction\":[{\"@type\":\"SearchAction\",\"target\":{\"@type\":\"EntryPoint\",\"urlTemplate\":\"https:\/\/tkg-duisburg.de\/?s={search_term_string}\"},\"query-input\":\"required name=search_term_string\"}],\"inLanguage\":\"de\"},{\"@type\":\"Person\",\"@id\":\"https:\/\/tkg-duisburg.de\/#\/schema\/person\/5a5b174492de297d4b57e9a3d89564ee\",\"name\":\"Bj\u00f6rn Becker\",\"image\":{\"@type\":\"ImageObject\",\"inLanguage\":\"de\",\"@id\":\"https:\/\/tkg-duisburg.de\/#\/schema\/person\/image\/\",\"url\":\"https:\/\/secure.gravatar.com\/avatar\/c7690b9f448fdd19e7a021d2d0201faa0dc70513a48fc7103388e3231c3056a4?s=96&d=mm&r=g\",\"contentUrl\":\"https:\/\/secure.gravatar.com\/avatar\/c7690b9f448fdd19e7a021d2d0201faa0dc70513a48fc7103388e3231c3056a4?s=96&d=mm&r=g\",\"caption\":\"Bj\u00f6rn Becker\"},\"url\":\"https:\/\/tkg-duisburg.de\/?author=5\"}]}<\/script>\n<!-- \/ Yoast SEO plugin. -->","yoast_head_json":{"title":"\u201eNamibia \u2013 Waste Management\u201c - Theodor K\u00f6nig Gesamtschule Duisburg","robots":{"index":"index","follow":"follow","max-snippet":"max-snippet:-1","max-image-preview":"max-image-preview:large","max-video-preview":"max-video-preview:-1"},"canonical":"https:\/\/tkg-duisburg.de\/?p=3551","og_locale":"de_DE","og_type":"article","og_title":"\u201eNamibia \u2013 Waste Management\u201c - Theodor K\u00f6nig Gesamtschule Duisburg","og_description":"Montag, 25.02.2019 Gerade in den stark wachsenden St\u00e4dten stellt die fehlende Abfallentsorgung ein gro\u00dfes Problem dar. Man muss sich mal vorstellen f\u00fcr den M\u00fcll von fast 2,4 Mio. Menschen gibt es nur zwei Abfallentsorgungsanlagen. Mit der National Solid Waste Strategy geht die Regierung dieses Problem an und will bis 2028 eine nachhaltige M\u00fcllentsorgung installieren. Zurzeit &hellip; \u201eNamibia \u2013 Waste Management\u201c weiterlesen &rarr;","og_url":"https:\/\/tkg-duisburg.de\/?p=3551","og_site_name":"Theodor K\u00f6nig Gesamtschule Duisburg","article_published_time":"2019-02-25T19:21:43+00:00","og_image":[{"url":"http:\/\/tkg-duisburg.de\/wp-content\/uploads\/2019\/02\/db9ceb50-7cda-4157-b459-7187e0b277ff-768x1024.jpg"}],"author":"Bj\u00f6rn Becker","twitter_card":"summary_large_image","twitter_misc":{"Verfasst von":"Bj\u00f6rn Becker","Gesch\u00e4tzte Lesezeit":"1\u00a0Minute"},"schema":{"@context":"https:\/\/schema.org","@graph":[{"@type":"WebPage","@id":"https:\/\/tkg-duisburg.de\/?p=3551","url":"https:\/\/tkg-duisburg.de\/?p=3551","name":"\u201eNamibia \u2013 Waste Management\u201c - Theodor K\u00f6nig Gesamtschule Duisburg","isPartOf":{"@id":"https:\/\/tkg-duisburg.de\/#website"},"primaryImageOfPage":{"@id":"https:\/\/tkg-duisburg.de\/?p=3551#primaryimage"},"image":{"@id":"https:\/\/tkg-duisburg.de\/?p=3551#primaryimage"},"thumbnailUrl":"http:\/\/tkg-duisburg.de\/wp-content\/uploads\/2019\/02\/db9ceb50-7cda-4157-b459-7187e0b277ff-768x1024.jpg","datePublished":"2019-02-25T19:21:43+00:00","dateModified":"2019-02-25T19:21:43+00:00","author":{"@id":"https:\/\/tkg-duisburg.de\/#\/schema\/person\/5a5b174492de297d4b57e9a3d89564ee"},"breadcrumb":{"@id":"https:\/\/tkg-duisburg.de\/?p=3551#breadcrumb"},"inLanguage":"de","potentialAction":[{"@type":"ReadAction","target":["https:\/\/tkg-duisburg.de\/?p=3551"]}]},{"@type":"ImageObject","inLanguage":"de","@id":"https:\/\/tkg-duisburg.de\/?p=3551#primaryimage","url":"http:\/\/tkg-duisburg.de\/wp-content\/uploads\/2019\/02\/db9ceb50-7cda-4157-b459-7187e0b277ff-768x1024.jpg","contentUrl":"http:\/\/tkg-duisburg.de\/wp-content\/uploads\/2019\/02\/db9ceb50-7cda-4157-b459-7187e0b277ff-768x1024.jpg"},{"@type":"BreadcrumbList","@id":"https:\/\/tkg-duisburg.de\/?p=3551#breadcrumb","itemListElement":[{"@type":"ListItem","position":1,"name":"Startseite","item":"https:\/\/tkg-duisburg.de\/"},{"@type":"ListItem","position":2,"name":"\u201eNamibia \u2013 Waste Management\u201c"}]},{"@type":"WebSite","@id":"https:\/\/tkg-duisburg.de\/#website","url":"https:\/\/tkg-duisburg.de\/","name":"Theodor K\u00f6nig Gesamtschule Duisburg","description":"","potentialAction":[{"@type":"SearchAction","target":{"@type":"EntryPoint","urlTemplate":"https:\/\/tkg-duisburg.de\/?s={search_term_string}"},"query-input":"required name=search_term_string"}],"inLanguage":"de"},{"@type":"Person","@id":"https:\/\/tkg-duisburg.de\/#\/schema\/person\/5a5b174492de297d4b57e9a3d89564ee","name":"Bj\u00f6rn Becker","image":{"@type":"ImageObject","inLanguage":"de","@id":"https:\/\/tkg-duisburg.de\/#\/schema\/person\/image\/","url":"https:\/\/secure.gravatar.com\/avatar\/c7690b9f448fdd19e7a021d2d0201faa0dc70513a48fc7103388e3231c3056a4?s=96&d=mm&r=g","contentUrl":"https:\/\/secure.gravatar.com\/avatar\/c7690b9f448fdd19e7a021d2d0201faa0dc70513a48fc7103388e3231c3056a4?s=96&d=mm&r=g","caption":"Bj\u00f6rn Becker"},"url":"https:\/\/tkg-duisburg.de\/?author=5"}]}},"_links":{"self":[{"href":"https:\/\/tkg-duisburg.de\/index.php?rest_route=\/wp\/v2\/posts\/3551","targetHints":{"allow":["GET"]}}],"collection":[{"href":"https:\/\/tkg-duisburg.de\/index.php?rest_route=\/wp\/v2\/posts"}],"about":[{"href":"https:\/\/tkg-duisburg.de\/index.php?rest_route=\/wp\/v2\/types\/post"}],"author":[{"embeddable":true,"href":"https:\/\/tkg-duisburg.de\/index.php?rest_route=\/wp\/v2\/users\/5"}],"replies":[{"embeddable":true,"href":"https:\/\/tkg-duisburg.de\/index.php?rest_route=%2Fwp%2Fv2%2Fcomments&post=3551"}],"version-history":[{"count":1,"href":"https:\/\/tkg-duisburg.de\/index.php?rest_route=\/wp\/v2\/posts\/3551\/revisions"}],"predecessor-version":[{"id":3555,"href":"https:\/\/tkg-duisburg.de\/index.php?rest_route=\/wp\/v2\/posts\/3551\/revisions\/3555"}],"wp:attachment":[{"href":"https:\/\/tkg-duisburg.de\/index.php?rest_route=%2Fwp%2Fv2%2Fmedia&parent=3551"}],"wp:term":[{"taxonomy":"category","embeddable":true,"href":"https:\/\/tkg-duisburg.de\/index.php?rest_route=%2Fwp%2Fv2%2Fcategories&post=3551"},{"taxonomy":"post_tag","embeddable":true,"href":"https:\/\/tkg-duisburg.de\/index.php?rest_route=%2Fwp%2Fv2%2Ftags&post=3551"}],"curies":[{"name":"wp","href":"https:\/\/api.w.org\/{rel}","templated":true}]}}