{"id":3581,"date":"2019-03-01T22:12:47","date_gmt":"2019-03-01T20:12:47","guid":{"rendered":"http:\/\/tkg-duisburg.de\/?p=3581"},"modified":"2019-03-01T22:12:47","modified_gmt":"2019-03-01T20:12:47","slug":"namibia-abschied-teil-1","status":"publish","type":"post","link":"https:\/\/tkg-duisburg.de\/?p=3581","title":{"rendered":"\u201eNamibia  &#8211; Abschied Teil 1\u201c"},"content":{"rendered":"\n<p><strong>Freitag, 01.03.2019<\/strong><\/p>\n\n\n\n<p>Heute Morgen um 7.00 Uhr wurde unsere Gruppe, aber auch die Gruppe aus M\u00fcnster in der A Shipena School verabschiedet. Sicher ein bewegender Moment, denn in den zur\u00fcck liegenden Wochen hat man gemeinsam gearbeitet, sich kennen gelernt und viel geleistet.<\/p>\n\n\n\n<!--more-->\n\n\n\n<blockquote class=\"wp-block-quote is-layout-flow wp-block-quote-is-layout-flow\"><p><strong>Schulauff\u00fchrung<\/strong><br> Schon am fr\u00fchen Morgen um 8 Uhr bin ich und Yaren in die Aula der A.Shipena Schule gegangen um nochmal vor unserem gro\u00dfen Auftritt zu proben. Um 10 Uhr hat dann die Auff\u00fchrung angefangen, der Direktor hat eine kurze Rede gehalten und dann fing auch schon das Theaterst\u00fcck an. Das Theaterst\u00fcck beinhaltet Themen wie Gleichberechtigung zwischen Frauen und M\u00e4nnern. Und dann kamen auch wir schon dran, ich und Yaren haben zu dem<br> SDG Song getanzt. Ich war wirklich sehr nerv\u00f6s denn die Halle war komplett \u00fcberf\u00fcllt, auch war die Stimmung wirklich sehr gut jedoch gab es auch Momente als die Sch\u00fcler viel zu laut waren und man das St\u00fcck nicht verstehen konnte und auch wurden teilweise Sch\u00fcler auf der B\u00fchne ausgebuht oder auch ausgelacht, und das finde ich nicht okay denn die Sch\u00fcler dort auf der B\u00fchne haben hart gearbeitet und waren mit Herz und Blut vollkommen dabei. Das Verhalten der Sch\u00fcler im Publikum war einfach kindisch und unversch\u00e4mt. Was ich auch nicht toll fand war das fast alle VIP Leute abgesagt haben und das waren alles \u201eWei\u00dfe\u201c. Zum Ende hin haben ich und Yaren zu einem weiteren Song getanzt und da war die Stimmung wirklich klasse. Viele haben mitgetanzt und ich habe es wirklich sehr genossen. Was ich auch gut fand ist das ich und Yaren die einzigen waren die in der Tanzgruppe und auch generell mitgetanzt haben und damit sind wir besonders herausgestochen. F\u00fcr mich war die Auff\u00fchrung ein voller Erfolg und ich hatte wirklich sehr viel Spa\u00df dabei und ich bin etwas traurig dar\u00fcber das es vorbei ist.<\/p><cite>Bericht von Seyma zur Schulauff\u00fchrung<\/cite><\/blockquote>\n\n\n\n<ul class=\"wp-block-gallery columns-2 is-cropped wp-block-gallery-1 is-layout-flex wp-block-gallery-is-layout-flex\"><li class=\"blocks-gallery-item\"><figure><img loading=\"lazy\" decoding=\"async\" width=\"1024\" height=\"768\" src=\"https:\/\/tkg-duisburg.de\/wp-content\/uploads\/2019\/03\/2D20E574-F9B7-4422-91D2-101E8B9B7A21-1024x768.jpeg\" alt=\"\" data-id=\"3591\" data-link=\"https:\/\/tkg-duisburg.de\/?attachment_id=3591\" class=\"wp-image-3591\" srcset=\"https:\/\/tkg-duisburg.de\/wp-content\/uploads\/2019\/03\/2D20E574-F9B7-4422-91D2-101E8B9B7A21.jpeg 1024w, https:\/\/tkg-duisburg.de\/wp-content\/uploads\/2019\/03\/2D20E574-F9B7-4422-91D2-101E8B9B7A21-300x225.jpeg 300w\" sizes=\"auto, (max-width: 1024px) 100vw, 1024px\" \/><\/figure><\/li><li class=\"blocks-gallery-item\"><figure><img loading=\"lazy\" decoding=\"async\" width=\"1024\" height=\"768\" src=\"https:\/\/tkg-duisburg.de\/wp-content\/uploads\/2019\/03\/04D9E73E-AEF5-4CA9-AE12-8C26C13F50E4-1024x768.jpeg\" alt=\"\" data-id=\"3592\" data-link=\"https:\/\/tkg-duisburg.de\/?attachment_id=3592\" class=\"wp-image-3592\" srcset=\"https:\/\/tkg-duisburg.de\/wp-content\/uploads\/2019\/03\/04D9E73E-AEF5-4CA9-AE12-8C26C13F50E4.jpeg 1024w, https:\/\/tkg-duisburg.de\/wp-content\/uploads\/2019\/03\/04D9E73E-AEF5-4CA9-AE12-8C26C13F50E4-300x225.jpeg 300w\" sizes=\"auto, (max-width: 1024px) 100vw, 1024px\" \/><\/figure><\/li><\/ul>\n\n\n\n<p>Die Sch\u00fcler und Sch\u00fclerinnen hatten dann noch mal Zeit f\u00fcr einen Besuch in der Stadt und anschlie\u00dfend die M\u00f6glichkeit schwimmen zu gehen, w\u00e4hrend Herr Preu\u00df um 9.00 Uhr einen Termin mit der Botschafterin hatte.<\/p>\n\n\n\n<p><em>C. Hiller-Kitzmann<\/em><\/p>\n","protected":false},"excerpt":{"rendered":"<p>Freitag, 01.03.2019 Heute Morgen um 7.00 Uhr wurde unsere Gruppe, aber auch die Gruppe aus M\u00fcnster in der A Shipena School verabschiedet. Sicher ein bewegender Moment, denn in den zur\u00fcck liegenden Wochen hat man gemeinsam gearbeitet, sich kennen gelernt und viel geleistet.<\/p>\n","protected":false},"author":5,"featured_media":0,"comment_status":"closed","ping_status":"open","sticky":false,"template":"","format":"standard","meta":{"footnotes":""},"categories":[31,37,50,47],"tags":[],"class_list":["post-3581","post","type-post","status-publish","format-standard","hentry","category-ausserschulisches-lernen","category-externe-kooperation","category-namibia","category-unesco"],"yoast_head":"<!-- This site is optimized with the Yoast SEO plugin v22.6 - https:\/\/yoast.com\/wordpress\/plugins\/seo\/ -->\n<title>\u201eNamibia - Abschied Teil 1\u201c - Theodor K\u00f6nig Gesamtschule Duisburg<\/title>\n<meta name=\"robots\" content=\"index, follow, max-snippet:-1, max-image-preview:large, max-video-preview:-1\" \/>\n<link rel=\"canonical\" href=\"https:\/\/tkg-duisburg.de\/?p=3581\" \/>\n<meta property=\"og:locale\" content=\"de_DE\" \/>\n<meta property=\"og:type\" content=\"article\" \/>\n<meta property=\"og:title\" content=\"\u201eNamibia - Abschied Teil 1\u201c - Theodor K\u00f6nig Gesamtschule Duisburg\" \/>\n<meta property=\"og:description\" content=\"Freitag, 01.03.2019 Heute Morgen um 7.00 Uhr wurde unsere Gruppe, aber auch die Gruppe aus M\u00fcnster in der A Shipena School verabschiedet. Sicher ein bewegender Moment, denn in den zur\u00fcck liegenden Wochen hat man gemeinsam gearbeitet, sich kennen gelernt und viel geleistet.\" \/>\n<meta property=\"og:url\" content=\"https:\/\/tkg-duisburg.de\/?p=3581\" \/>\n<meta property=\"og:site_name\" content=\"Theodor K\u00f6nig Gesamtschule Duisburg\" \/>\n<meta property=\"article:published_time\" content=\"2019-03-01T20:12:47+00:00\" \/>\n<meta property=\"og:image\" content=\"http:\/\/tkg-duisburg.de\/wp-content\/uploads\/2019\/03\/2D20E574-F9B7-4422-91D2-101E8B9B7A21-1024x768.jpeg\" \/>\n<meta name=\"author\" content=\"Bj\u00f6rn Becker\" \/>\n<meta name=\"twitter:card\" content=\"summary_large_image\" \/>\n<meta name=\"twitter:label1\" content=\"Verfasst von\" \/>\n\t<meta name=\"twitter:data1\" content=\"Bj\u00f6rn Becker\" \/>\n\t<meta name=\"twitter:label2\" content=\"Gesch\u00e4tzte Lesezeit\" \/>\n\t<meta name=\"twitter:data2\" content=\"2\u00a0Minuten\" \/>\n<script type=\"application\/ld+json\" class=\"yoast-schema-graph\">{\"@context\":\"https:\/\/schema.org\",\"@graph\":[{\"@type\":\"WebPage\",\"@id\":\"https:\/\/tkg-duisburg.de\/?p=3581\",\"url\":\"https:\/\/tkg-duisburg.de\/?p=3581\",\"name\":\"\u201eNamibia - Abschied Teil 1\u201c - Theodor K\u00f6nig Gesamtschule Duisburg\",\"isPartOf\":{\"@id\":\"https:\/\/tkg-duisburg.de\/#website\"},\"primaryImageOfPage\":{\"@id\":\"https:\/\/tkg-duisburg.de\/?p=3581#primaryimage\"},\"image\":{\"@id\":\"https:\/\/tkg-duisburg.de\/?p=3581#primaryimage\"},\"thumbnailUrl\":\"http:\/\/tkg-duisburg.de\/wp-content\/uploads\/2019\/03\/2D20E574-F9B7-4422-91D2-101E8B9B7A21-1024x768.jpeg\",\"datePublished\":\"2019-03-01T20:12:47+00:00\",\"dateModified\":\"2019-03-01T20:12:47+00:00\",\"author\":{\"@id\":\"https:\/\/tkg-duisburg.de\/#\/schema\/person\/5a5b174492de297d4b57e9a3d89564ee\"},\"breadcrumb\":{\"@id\":\"https:\/\/tkg-duisburg.de\/?p=3581#breadcrumb\"},\"inLanguage\":\"de\",\"potentialAction\":[{\"@type\":\"ReadAction\",\"target\":[\"https:\/\/tkg-duisburg.de\/?p=3581\"]}]},{\"@type\":\"ImageObject\",\"inLanguage\":\"de\",\"@id\":\"https:\/\/tkg-duisburg.de\/?p=3581#primaryimage\",\"url\":\"http:\/\/tkg-duisburg.de\/wp-content\/uploads\/2019\/03\/2D20E574-F9B7-4422-91D2-101E8B9B7A21-1024x768.jpeg\",\"contentUrl\":\"http:\/\/tkg-duisburg.de\/wp-content\/uploads\/2019\/03\/2D20E574-F9B7-4422-91D2-101E8B9B7A21-1024x768.jpeg\"},{\"@type\":\"BreadcrumbList\",\"@id\":\"https:\/\/tkg-duisburg.de\/?p=3581#breadcrumb\",\"itemListElement\":[{\"@type\":\"ListItem\",\"position\":1,\"name\":\"Startseite\",\"item\":\"https:\/\/tkg-duisburg.de\/\"},{\"@type\":\"ListItem\",\"position\":2,\"name\":\"\u201eNamibia &#8211; Abschied Teil 1\u201c\"}]},{\"@type\":\"WebSite\",\"@id\":\"https:\/\/tkg-duisburg.de\/#website\",\"url\":\"https:\/\/tkg-duisburg.de\/\",\"name\":\"Theodor K\u00f6nig Gesamtschule Duisburg\",\"description\":\"\",\"potentialAction\":[{\"@type\":\"SearchAction\",\"target\":{\"@type\":\"EntryPoint\",\"urlTemplate\":\"https:\/\/tkg-duisburg.de\/?s={search_term_string}\"},\"query-input\":\"required name=search_term_string\"}],\"inLanguage\":\"de\"},{\"@type\":\"Person\",\"@id\":\"https:\/\/tkg-duisburg.de\/#\/schema\/person\/5a5b174492de297d4b57e9a3d89564ee\",\"name\":\"Bj\u00f6rn Becker\",\"image\":{\"@type\":\"ImageObject\",\"inLanguage\":\"de\",\"@id\":\"https:\/\/tkg-duisburg.de\/#\/schema\/person\/image\/\",\"url\":\"https:\/\/secure.gravatar.com\/avatar\/c7690b9f448fdd19e7a021d2d0201faa0dc70513a48fc7103388e3231c3056a4?s=96&d=mm&r=g\",\"contentUrl\":\"https:\/\/secure.gravatar.com\/avatar\/c7690b9f448fdd19e7a021d2d0201faa0dc70513a48fc7103388e3231c3056a4?s=96&d=mm&r=g\",\"caption\":\"Bj\u00f6rn Becker\"},\"url\":\"https:\/\/tkg-duisburg.de\/?author=5\"}]}<\/script>\n<!-- \/ Yoast SEO plugin. -->","yoast_head_json":{"title":"\u201eNamibia - Abschied Teil 1\u201c - Theodor K\u00f6nig Gesamtschule Duisburg","robots":{"index":"index","follow":"follow","max-snippet":"max-snippet:-1","max-image-preview":"max-image-preview:large","max-video-preview":"max-video-preview:-1"},"canonical":"https:\/\/tkg-duisburg.de\/?p=3581","og_locale":"de_DE","og_type":"article","og_title":"\u201eNamibia - Abschied Teil 1\u201c - Theodor K\u00f6nig Gesamtschule Duisburg","og_description":"Freitag, 01.03.2019 Heute Morgen um 7.00 Uhr wurde unsere Gruppe, aber auch die Gruppe aus M\u00fcnster in der A Shipena School verabschiedet. Sicher ein bewegender Moment, denn in den zur\u00fcck liegenden Wochen hat man gemeinsam gearbeitet, sich kennen gelernt und viel geleistet.","og_url":"https:\/\/tkg-duisburg.de\/?p=3581","og_site_name":"Theodor K\u00f6nig Gesamtschule Duisburg","article_published_time":"2019-03-01T20:12:47+00:00","og_image":[{"url":"http:\/\/tkg-duisburg.de\/wp-content\/uploads\/2019\/03\/2D20E574-F9B7-4422-91D2-101E8B9B7A21-1024x768.jpeg"}],"author":"Bj\u00f6rn Becker","twitter_card":"summary_large_image","twitter_misc":{"Verfasst von":"Bj\u00f6rn Becker","Gesch\u00e4tzte Lesezeit":"2\u00a0Minuten"},"schema":{"@context":"https:\/\/schema.org","@graph":[{"@type":"WebPage","@id":"https:\/\/tkg-duisburg.de\/?p=3581","url":"https:\/\/tkg-duisburg.de\/?p=3581","name":"\u201eNamibia - Abschied Teil 1\u201c - Theodor K\u00f6nig Gesamtschule Duisburg","isPartOf":{"@id":"https:\/\/tkg-duisburg.de\/#website"},"primaryImageOfPage":{"@id":"https:\/\/tkg-duisburg.de\/?p=3581#primaryimage"},"image":{"@id":"https:\/\/tkg-duisburg.de\/?p=3581#primaryimage"},"thumbnailUrl":"http:\/\/tkg-duisburg.de\/wp-content\/uploads\/2019\/03\/2D20E574-F9B7-4422-91D2-101E8B9B7A21-1024x768.jpeg","datePublished":"2019-03-01T20:12:47+00:00","dateModified":"2019-03-01T20:12:47+00:00","author":{"@id":"https:\/\/tkg-duisburg.de\/#\/schema\/person\/5a5b174492de297d4b57e9a3d89564ee"},"breadcrumb":{"@id":"https:\/\/tkg-duisburg.de\/?p=3581#breadcrumb"},"inLanguage":"de","potentialAction":[{"@type":"ReadAction","target":["https:\/\/tkg-duisburg.de\/?p=3581"]}]},{"@type":"ImageObject","inLanguage":"de","@id":"https:\/\/tkg-duisburg.de\/?p=3581#primaryimage","url":"http:\/\/tkg-duisburg.de\/wp-content\/uploads\/2019\/03\/2D20E574-F9B7-4422-91D2-101E8B9B7A21-1024x768.jpeg","contentUrl":"http:\/\/tkg-duisburg.de\/wp-content\/uploads\/2019\/03\/2D20E574-F9B7-4422-91D2-101E8B9B7A21-1024x768.jpeg"},{"@type":"BreadcrumbList","@id":"https:\/\/tkg-duisburg.de\/?p=3581#breadcrumb","itemListElement":[{"@type":"ListItem","position":1,"name":"Startseite","item":"https:\/\/tkg-duisburg.de\/"},{"@type":"ListItem","position":2,"name":"\u201eNamibia &#8211; Abschied Teil 1\u201c"}]},{"@type":"WebSite","@id":"https:\/\/tkg-duisburg.de\/#website","url":"https:\/\/tkg-duisburg.de\/","name":"Theodor K\u00f6nig Gesamtschule Duisburg","description":"","potentialAction":[{"@type":"SearchAction","target":{"@type":"EntryPoint","urlTemplate":"https:\/\/tkg-duisburg.de\/?s={search_term_string}"},"query-input":"required name=search_term_string"}],"inLanguage":"de"},{"@type":"Person","@id":"https:\/\/tkg-duisburg.de\/#\/schema\/person\/5a5b174492de297d4b57e9a3d89564ee","name":"Bj\u00f6rn Becker","image":{"@type":"ImageObject","inLanguage":"de","@id":"https:\/\/tkg-duisburg.de\/#\/schema\/person\/image\/","url":"https:\/\/secure.gravatar.com\/avatar\/c7690b9f448fdd19e7a021d2d0201faa0dc70513a48fc7103388e3231c3056a4?s=96&d=mm&r=g","contentUrl":"https:\/\/secure.gravatar.com\/avatar\/c7690b9f448fdd19e7a021d2d0201faa0dc70513a48fc7103388e3231c3056a4?s=96&d=mm&r=g","caption":"Bj\u00f6rn Becker"},"url":"https:\/\/tkg-duisburg.de\/?author=5"}]}},"_links":{"self":[{"href":"https:\/\/tkg-duisburg.de\/index.php?rest_route=\/wp\/v2\/posts\/3581","targetHints":{"allow":["GET"]}}],"collection":[{"href":"https:\/\/tkg-duisburg.de\/index.php?rest_route=\/wp\/v2\/posts"}],"about":[{"href":"https:\/\/tkg-duisburg.de\/index.php?rest_route=\/wp\/v2\/types\/post"}],"author":[{"embeddable":true,"href":"https:\/\/tkg-duisburg.de\/index.php?rest_route=\/wp\/v2\/users\/5"}],"replies":[{"embeddable":true,"href":"https:\/\/tkg-duisburg.de\/index.php?rest_route=%2Fwp%2Fv2%2Fcomments&post=3581"}],"version-history":[{"count":3,"href":"https:\/\/tkg-duisburg.de\/index.php?rest_route=\/wp\/v2\/posts\/3581\/revisions"}],"predecessor-version":[{"id":3593,"href":"https:\/\/tkg-duisburg.de\/index.php?rest_route=\/wp\/v2\/posts\/3581\/revisions\/3593"}],"wp:attachment":[{"href":"https:\/\/tkg-duisburg.de\/index.php?rest_route=%2Fwp%2Fv2%2Fmedia&parent=3581"}],"wp:term":[{"taxonomy":"category","embeddable":true,"href":"https:\/\/tkg-duisburg.de\/index.php?rest_route=%2Fwp%2Fv2%2Fcategories&post=3581"},{"taxonomy":"post_tag","embeddable":true,"href":"https:\/\/tkg-duisburg.de\/index.php?rest_route=%2Fwp%2Fv2%2Ftags&post=3581"}],"curies":[{"name":"wp","href":"https:\/\/api.w.org\/{rel}","templated":true}]}}