{"id":3821,"date":"2019-05-15T21:54:24","date_gmt":"2019-05-15T19:54:24","guid":{"rendered":"http:\/\/tkg-duisburg.de\/?p=3821"},"modified":"2019-05-15T21:54:24","modified_gmt":"2019-05-15T19:54:24","slug":"namibia-teil-2-die-tkg-in-muenster","status":"publish","type":"post","link":"https:\/\/tkg-duisburg.de\/?p=3821","title":{"rendered":"Namibia Teil 2 \u2013 Die TKG in M\u00fcnster"},"content":{"rendered":"\n<p><\/p>\n\n\n\n<p>Unsere G\u00e4ste nahmen vormittags am Unterricht teil und f\u00fcr einen Teil unserer \u201ekleinen Afrikaner\u201c stand zun\u00e4chst eine Abi-Klausur auf dem Programm.<\/p>\n\n\n\n<ul class=\"wp-block-gallery columns-2 is-cropped wp-block-gallery-1 is-layout-flex wp-block-gallery-is-layout-flex\"><li class=\"blocks-gallery-item\"><figure><img loading=\"lazy\" decoding=\"async\" width=\"768\" height=\"1024\" src=\"https:\/\/tkg-duisburg.de\/wp-content\/uploads\/2019\/05\/IMG-20190510-WA0013-768x1024.jpg\" alt=\"\" data-id=\"3822\" data-link=\"https:\/\/tkg-duisburg.de\/?attachment_id=3822\" class=\"wp-image-3822\" srcset=\"https:\/\/tkg-duisburg.de\/wp-content\/uploads\/2019\/05\/IMG-20190510-WA0013-768x1024.jpg 768w, https:\/\/tkg-duisburg.de\/wp-content\/uploads\/2019\/05\/IMG-20190510-WA0013-150x200.jpg 150w, https:\/\/tkg-duisburg.de\/wp-content\/uploads\/2019\/05\/IMG-20190510-WA0013-225x300.jpg 225w, https:\/\/tkg-duisburg.de\/wp-content\/uploads\/2019\/05\/IMG-20190510-WA0013.jpg 1200w\" sizes=\"auto, (max-width: 768px) 100vw, 768px\" \/><\/figure><\/li><li class=\"blocks-gallery-item\"><figure><img loading=\"lazy\" decoding=\"async\" width=\"768\" height=\"1024\" src=\"https:\/\/tkg-duisburg.de\/wp-content\/uploads\/2019\/05\/IMG-20190510-WA0007-768x1024.jpg\" alt=\"\" data-id=\"3823\" data-link=\"https:\/\/tkg-duisburg.de\/?attachment_id=3823\" class=\"wp-image-3823\" srcset=\"https:\/\/tkg-duisburg.de\/wp-content\/uploads\/2019\/05\/IMG-20190510-WA0007-768x1024.jpg 768w, https:\/\/tkg-duisburg.de\/wp-content\/uploads\/2019\/05\/IMG-20190510-WA0007-150x200.jpg 150w, https:\/\/tkg-duisburg.de\/wp-content\/uploads\/2019\/05\/IMG-20190510-WA0007-225x300.jpg 225w, https:\/\/tkg-duisburg.de\/wp-content\/uploads\/2019\/05\/IMG-20190510-WA0007.jpg 1200w\" sizes=\"auto, (max-width: 768px) 100vw, 768px\" \/><\/figure><\/li><\/ul>\n\n\n\n<!--more-->\n\n\n\n<p>Am Nachmittag ging es dann f\u00fcr alle nach M\u00fcnster und auch Ahmet aus der Q 2 durfte mit, denn er wird ab August ein FSJ im Skate-Aid Park in Windhoek absolvieren und konnte so erste Kontakte kn\u00fcpfen.<\/p>\n\n\n\n<p>Am Abend gab es erst mal ein gemeinsames Grillen und wohl auch eine erste Yoga-Unterweisung, die Emre schon gut umsetzt.<\/p>\n\n\n\n<p>Am Freitag standen dann die SDG\u2019s im Mittelpunkt und man besch\u00e4ftigte sich intensiv mit dem Thema Solarenergie.<\/p>\n\n\n\n<p>F\u00fcr alle Beteiligten war es ein guter Tag, auch weil Freundschaften gepflegt werden konnten.<\/p>\n\n\n\n<blockquote class=\"wp-block-quote is-layout-flow wp-block-quote-is-layout-flow\"><p>Am Bahnhof lernte ich ja die beiden Lehrerinnen und die Schulsprecher kennen wirkten nett. Als wir dann an dem Vereinshaus ankamen, wo wir gegrillt haben, stellte mich Herr Preu\u00df den anderen vor. Alle waren Nett sowie die sch\u00fcler aus Namibien sowie die sch\u00fcler aus dem Schiller Gymnasium. Jedoch f\u00fchlte ich mich sehr fremd dort, obwohl Herr Preu\u00df, Seyma, Yaren, Ali und Emre versucht haben mich dort mit einzubinden. Heute war ich mit ihnen am Projekt Tag, wo ich mich diesmal mit einbinden konnte. Ich fand die experimente interressant und habe mich langsam gewagt mit dennen zu reden. Als der Tag endete bin ich halt mit mein Taschen zum Seminar gefahren und bin nun hier<\/p><cite>Bericht von Ali<\/cite><\/blockquote>\n\n\n\n<p><strong><em>C. Hiller-Kitzmann<\/em><\/strong><\/p>\n\n\n\n<p><strong><em>(Abteilungsleiterin Oberstufe)<\/em><\/strong><\/p>\n","protected":false},"excerpt":{"rendered":"<p>Unsere G\u00e4ste nahmen vormittags am Unterricht teil und f\u00fcr einen Teil unserer \u201ekleinen Afrikaner\u201c stand zun\u00e4chst eine Abi-Klausur auf dem Programm.<\/p>\n","protected":false},"author":5,"featured_media":0,"comment_status":"closed","ping_status":"open","sticky":false,"template":"","format":"standard","meta":{"footnotes":""},"categories":[31,37,50,47],"tags":[],"class_list":["post-3821","post","type-post","status-publish","format-standard","hentry","category-ausserschulisches-lernen","category-externe-kooperation","category-namibia","category-unesco"],"yoast_head":"<!-- This site is optimized with the Yoast SEO plugin v22.6 - https:\/\/yoast.com\/wordpress\/plugins\/seo\/ -->\n<title>Namibia Teil 2 \u2013 Die TKG in M\u00fcnster - Theodor K\u00f6nig Gesamtschule Duisburg<\/title>\n<meta name=\"robots\" content=\"index, follow, max-snippet:-1, max-image-preview:large, max-video-preview:-1\" \/>\n<link rel=\"canonical\" href=\"https:\/\/tkg-duisburg.de\/?p=3821\" \/>\n<meta property=\"og:locale\" content=\"de_DE\" \/>\n<meta property=\"og:type\" content=\"article\" \/>\n<meta property=\"og:title\" content=\"Namibia Teil 2 \u2013 Die TKG in M\u00fcnster - Theodor K\u00f6nig Gesamtschule Duisburg\" \/>\n<meta property=\"og:description\" content=\"Unsere G\u00e4ste nahmen vormittags am Unterricht teil und f\u00fcr einen Teil unserer \u201ekleinen Afrikaner\u201c stand zun\u00e4chst eine Abi-Klausur auf dem Programm.\" \/>\n<meta property=\"og:url\" content=\"https:\/\/tkg-duisburg.de\/?p=3821\" \/>\n<meta property=\"og:site_name\" content=\"Theodor K\u00f6nig Gesamtschule Duisburg\" \/>\n<meta property=\"article:published_time\" content=\"2019-05-15T19:54:24+00:00\" \/>\n<meta property=\"og:image\" content=\"http:\/\/tkg-duisburg.de\/wp-content\/uploads\/2019\/05\/IMG-20190510-WA0013-768x1024.jpg\" \/>\n<meta name=\"author\" content=\"Bj\u00f6rn Becker\" \/>\n<meta name=\"twitter:card\" content=\"summary_large_image\" \/>\n<meta name=\"twitter:label1\" content=\"Verfasst von\" \/>\n\t<meta name=\"twitter:data1\" content=\"Bj\u00f6rn Becker\" \/>\n\t<meta name=\"twitter:label2\" content=\"Gesch\u00e4tzte Lesezeit\" \/>\n\t<meta name=\"twitter:data2\" content=\"1\u00a0Minute\" \/>\n<script type=\"application\/ld+json\" class=\"yoast-schema-graph\">{\"@context\":\"https:\/\/schema.org\",\"@graph\":[{\"@type\":\"WebPage\",\"@id\":\"https:\/\/tkg-duisburg.de\/?p=3821\",\"url\":\"https:\/\/tkg-duisburg.de\/?p=3821\",\"name\":\"Namibia Teil 2 \u2013 Die TKG in M\u00fcnster - Theodor K\u00f6nig Gesamtschule Duisburg\",\"isPartOf\":{\"@id\":\"https:\/\/tkg-duisburg.de\/#website\"},\"primaryImageOfPage\":{\"@id\":\"https:\/\/tkg-duisburg.de\/?p=3821#primaryimage\"},\"image\":{\"@id\":\"https:\/\/tkg-duisburg.de\/?p=3821#primaryimage\"},\"thumbnailUrl\":\"http:\/\/tkg-duisburg.de\/wp-content\/uploads\/2019\/05\/IMG-20190510-WA0013-768x1024.jpg\",\"datePublished\":\"2019-05-15T19:54:24+00:00\",\"dateModified\":\"2019-05-15T19:54:24+00:00\",\"author\":{\"@id\":\"https:\/\/tkg-duisburg.de\/#\/schema\/person\/5a5b174492de297d4b57e9a3d89564ee\"},\"breadcrumb\":{\"@id\":\"https:\/\/tkg-duisburg.de\/?p=3821#breadcrumb\"},\"inLanguage\":\"de\",\"potentialAction\":[{\"@type\":\"ReadAction\",\"target\":[\"https:\/\/tkg-duisburg.de\/?p=3821\"]}]},{\"@type\":\"ImageObject\",\"inLanguage\":\"de\",\"@id\":\"https:\/\/tkg-duisburg.de\/?p=3821#primaryimage\",\"url\":\"http:\/\/tkg-duisburg.de\/wp-content\/uploads\/2019\/05\/IMG-20190510-WA0013-768x1024.jpg\",\"contentUrl\":\"http:\/\/tkg-duisburg.de\/wp-content\/uploads\/2019\/05\/IMG-20190510-WA0013-768x1024.jpg\"},{\"@type\":\"BreadcrumbList\",\"@id\":\"https:\/\/tkg-duisburg.de\/?p=3821#breadcrumb\",\"itemListElement\":[{\"@type\":\"ListItem\",\"position\":1,\"name\":\"Startseite\",\"item\":\"https:\/\/tkg-duisburg.de\/\"},{\"@type\":\"ListItem\",\"position\":2,\"name\":\"Namibia Teil 2 \u2013 Die TKG in M\u00fcnster\"}]},{\"@type\":\"WebSite\",\"@id\":\"https:\/\/tkg-duisburg.de\/#website\",\"url\":\"https:\/\/tkg-duisburg.de\/\",\"name\":\"Theodor K\u00f6nig Gesamtschule Duisburg\",\"description\":\"\",\"potentialAction\":[{\"@type\":\"SearchAction\",\"target\":{\"@type\":\"EntryPoint\",\"urlTemplate\":\"https:\/\/tkg-duisburg.de\/?s={search_term_string}\"},\"query-input\":\"required name=search_term_string\"}],\"inLanguage\":\"de\"},{\"@type\":\"Person\",\"@id\":\"https:\/\/tkg-duisburg.de\/#\/schema\/person\/5a5b174492de297d4b57e9a3d89564ee\",\"name\":\"Bj\u00f6rn Becker\",\"image\":{\"@type\":\"ImageObject\",\"inLanguage\":\"de\",\"@id\":\"https:\/\/tkg-duisburg.de\/#\/schema\/person\/image\/\",\"url\":\"https:\/\/secure.gravatar.com\/avatar\/c7690b9f448fdd19e7a021d2d0201faa0dc70513a48fc7103388e3231c3056a4?s=96&d=mm&r=g\",\"contentUrl\":\"https:\/\/secure.gravatar.com\/avatar\/c7690b9f448fdd19e7a021d2d0201faa0dc70513a48fc7103388e3231c3056a4?s=96&d=mm&r=g\",\"caption\":\"Bj\u00f6rn Becker\"},\"url\":\"https:\/\/tkg-duisburg.de\/?author=5\"}]}<\/script>\n<!-- \/ Yoast SEO plugin. -->","yoast_head_json":{"title":"Namibia Teil 2 \u2013 Die TKG in M\u00fcnster - Theodor K\u00f6nig Gesamtschule Duisburg","robots":{"index":"index","follow":"follow","max-snippet":"max-snippet:-1","max-image-preview":"max-image-preview:large","max-video-preview":"max-video-preview:-1"},"canonical":"https:\/\/tkg-duisburg.de\/?p=3821","og_locale":"de_DE","og_type":"article","og_title":"Namibia Teil 2 \u2013 Die TKG in M\u00fcnster - Theodor K\u00f6nig Gesamtschule Duisburg","og_description":"Unsere G\u00e4ste nahmen vormittags am Unterricht teil und f\u00fcr einen Teil unserer \u201ekleinen Afrikaner\u201c stand zun\u00e4chst eine Abi-Klausur auf dem Programm.","og_url":"https:\/\/tkg-duisburg.de\/?p=3821","og_site_name":"Theodor K\u00f6nig Gesamtschule Duisburg","article_published_time":"2019-05-15T19:54:24+00:00","og_image":[{"url":"http:\/\/tkg-duisburg.de\/wp-content\/uploads\/2019\/05\/IMG-20190510-WA0013-768x1024.jpg"}],"author":"Bj\u00f6rn Becker","twitter_card":"summary_large_image","twitter_misc":{"Verfasst von":"Bj\u00f6rn Becker","Gesch\u00e4tzte Lesezeit":"1\u00a0Minute"},"schema":{"@context":"https:\/\/schema.org","@graph":[{"@type":"WebPage","@id":"https:\/\/tkg-duisburg.de\/?p=3821","url":"https:\/\/tkg-duisburg.de\/?p=3821","name":"Namibia Teil 2 \u2013 Die TKG in M\u00fcnster - Theodor K\u00f6nig Gesamtschule Duisburg","isPartOf":{"@id":"https:\/\/tkg-duisburg.de\/#website"},"primaryImageOfPage":{"@id":"https:\/\/tkg-duisburg.de\/?p=3821#primaryimage"},"image":{"@id":"https:\/\/tkg-duisburg.de\/?p=3821#primaryimage"},"thumbnailUrl":"http:\/\/tkg-duisburg.de\/wp-content\/uploads\/2019\/05\/IMG-20190510-WA0013-768x1024.jpg","datePublished":"2019-05-15T19:54:24+00:00","dateModified":"2019-05-15T19:54:24+00:00","author":{"@id":"https:\/\/tkg-duisburg.de\/#\/schema\/person\/5a5b174492de297d4b57e9a3d89564ee"},"breadcrumb":{"@id":"https:\/\/tkg-duisburg.de\/?p=3821#breadcrumb"},"inLanguage":"de","potentialAction":[{"@type":"ReadAction","target":["https:\/\/tkg-duisburg.de\/?p=3821"]}]},{"@type":"ImageObject","inLanguage":"de","@id":"https:\/\/tkg-duisburg.de\/?p=3821#primaryimage","url":"http:\/\/tkg-duisburg.de\/wp-content\/uploads\/2019\/05\/IMG-20190510-WA0013-768x1024.jpg","contentUrl":"http:\/\/tkg-duisburg.de\/wp-content\/uploads\/2019\/05\/IMG-20190510-WA0013-768x1024.jpg"},{"@type":"BreadcrumbList","@id":"https:\/\/tkg-duisburg.de\/?p=3821#breadcrumb","itemListElement":[{"@type":"ListItem","position":1,"name":"Startseite","item":"https:\/\/tkg-duisburg.de\/"},{"@type":"ListItem","position":2,"name":"Namibia Teil 2 \u2013 Die TKG in M\u00fcnster"}]},{"@type":"WebSite","@id":"https:\/\/tkg-duisburg.de\/#website","url":"https:\/\/tkg-duisburg.de\/","name":"Theodor K\u00f6nig Gesamtschule Duisburg","description":"","potentialAction":[{"@type":"SearchAction","target":{"@type":"EntryPoint","urlTemplate":"https:\/\/tkg-duisburg.de\/?s={search_term_string}"},"query-input":"required name=search_term_string"}],"inLanguage":"de"},{"@type":"Person","@id":"https:\/\/tkg-duisburg.de\/#\/schema\/person\/5a5b174492de297d4b57e9a3d89564ee","name":"Bj\u00f6rn Becker","image":{"@type":"ImageObject","inLanguage":"de","@id":"https:\/\/tkg-duisburg.de\/#\/schema\/person\/image\/","url":"https:\/\/secure.gravatar.com\/avatar\/c7690b9f448fdd19e7a021d2d0201faa0dc70513a48fc7103388e3231c3056a4?s=96&d=mm&r=g","contentUrl":"https:\/\/secure.gravatar.com\/avatar\/c7690b9f448fdd19e7a021d2d0201faa0dc70513a48fc7103388e3231c3056a4?s=96&d=mm&r=g","caption":"Bj\u00f6rn Becker"},"url":"https:\/\/tkg-duisburg.de\/?author=5"}]}},"_links":{"self":[{"href":"https:\/\/tkg-duisburg.de\/index.php?rest_route=\/wp\/v2\/posts\/3821","targetHints":{"allow":["GET"]}}],"collection":[{"href":"https:\/\/tkg-duisburg.de\/index.php?rest_route=\/wp\/v2\/posts"}],"about":[{"href":"https:\/\/tkg-duisburg.de\/index.php?rest_route=\/wp\/v2\/types\/post"}],"author":[{"embeddable":true,"href":"https:\/\/tkg-duisburg.de\/index.php?rest_route=\/wp\/v2\/users\/5"}],"replies":[{"embeddable":true,"href":"https:\/\/tkg-duisburg.de\/index.php?rest_route=%2Fwp%2Fv2%2Fcomments&post=3821"}],"version-history":[{"count":1,"href":"https:\/\/tkg-duisburg.de\/index.php?rest_route=\/wp\/v2\/posts\/3821\/revisions"}],"predecessor-version":[{"id":3824,"href":"https:\/\/tkg-duisburg.de\/index.php?rest_route=\/wp\/v2\/posts\/3821\/revisions\/3824"}],"wp:attachment":[{"href":"https:\/\/tkg-duisburg.de\/index.php?rest_route=%2Fwp%2Fv2%2Fmedia&parent=3821"}],"wp:term":[{"taxonomy":"category","embeddable":true,"href":"https:\/\/tkg-duisburg.de\/index.php?rest_route=%2Fwp%2Fv2%2Fcategories&post=3821"},{"taxonomy":"post_tag","embeddable":true,"href":"https:\/\/tkg-duisburg.de\/index.php?rest_route=%2Fwp%2Fv2%2Ftags&post=3821"}],"curies":[{"name":"wp","href":"https:\/\/api.w.org\/{rel}","templated":true}]}}