{"id":3825,"date":"2019-05-16T22:43:55","date_gmt":"2019-05-16T20:43:55","guid":{"rendered":"http:\/\/tkg-duisburg.de\/?p=3825"},"modified":"2019-05-16T22:43:55","modified_gmt":"2019-05-16T20:43:55","slug":"namibia-2-teil-ora-et-labora-und-glueck-auf-bochum","status":"publish","type":"post","link":"https:\/\/tkg-duisburg.de\/?p=3825","title":{"rendered":"Namibia 2. Teil  &#8211; \u201eOra et labora\u201c und \u201eGl\u00fcck auf\u201c (Bochum)"},"content":{"rendered":"\n<p>Am Samstag ging es f\u00fcr unsere G\u00e4ste, \u201eunsere Afrikaner\u201c, Gastgeber usw. nach Bochum, um zwei Seiten des Ruhrgebiets kennen zu lernen.<\/p>\n\n\n\n<!--more-->\n\n\n\n<p>Im Kloster Stiepel gab uns M\u00f6nch Stanislaw einen spannenden Einblick in die Geschichte des Klosters, die Bedeutung der Kirche f\u00fcr die Wissenschaft, aber vor allem in das Leben in einem Kloster und seinen pers\u00f6nlichen Werdegang. Wir danken ihm f\u00fcr seine ehrlichen und offenen Worte und vor allem f\u00fcr den Einblick in sein Leben als M\u00f6nch. Und sein Englisch war auch ohne Vorbereitung richtig gut.<\/p>\n\n\n\n<p>Beim anschlie\u00dfenden Besuch des Bergbaumuseums konnten wir dann in die Welt der Steinkohle eintauchen und Nande probierte zum ersten Mal eine Currywurst. Wie hart, laut und gesundheitsbelastend die Arbeit unter Tage war, erlebten wir im Rahmen einer F\u00fchrung, bei der auch die \u201eBohrer\u201c auf reduzierter Stufe (nur 80 dz) angeschmissen wurden.<\/p>\n\n\n\n<p>Kapenda versuchte, wie auch zwei Sch\u00fcler, den Rallye-Bogen zu bearbeiten, aber sie haben es nicht geschafft.<\/p>\n\n\n\n<p>An dieser Stelle m\u00f6chten wir uns auch bei der TalentMetropleRuhr bedanken, die uns f\u00fcr diesen Ausflug einen Bus zur Verf\u00fcgung stellten.<\/p>\n\n\n\n<ul class=\"wp-block-gallery columns-3 is-cropped wp-block-gallery-1 is-layout-flex wp-block-gallery-is-layout-flex\"><li class=\"blocks-gallery-item\"><figure><img loading=\"lazy\" decoding=\"async\" width=\"1024\" height=\"768\" src=\"https:\/\/tkg-duisburg.de\/wp-content\/uploads\/2019\/05\/IMG_20190511_095607-1024x768.jpg\" alt=\"\" data-id=\"3826\" data-link=\"https:\/\/tkg-duisburg.de\/?attachment_id=3826\" class=\"wp-image-3826\" srcset=\"https:\/\/tkg-duisburg.de\/wp-content\/uploads\/2019\/05\/IMG_20190511_095607-1024x768.jpg 1024w, https:\/\/tkg-duisburg.de\/wp-content\/uploads\/2019\/05\/IMG_20190511_095607-300x225.jpg 300w\" sizes=\"auto, (max-width: 1024px) 100vw, 1024px\" \/><figcaption><br><\/figcaption><\/figure><\/li><li class=\"blocks-gallery-item\"><figure><img loading=\"lazy\" decoding=\"async\" width=\"1024\" height=\"768\" src=\"https:\/\/tkg-duisburg.de\/wp-content\/uploads\/2019\/05\/IMG_20190511_102417-1024x768.jpg\" alt=\"\" data-id=\"3827\" data-link=\"https:\/\/tkg-duisburg.de\/?attachment_id=3827\" class=\"wp-image-3827\" srcset=\"https:\/\/tkg-duisburg.de\/wp-content\/uploads\/2019\/05\/IMG_20190511_102417-1024x768.jpg 1024w, https:\/\/tkg-duisburg.de\/wp-content\/uploads\/2019\/05\/IMG_20190511_102417-300x225.jpg 300w\" sizes=\"auto, (max-width: 1024px) 100vw, 1024px\" \/><\/figure><\/li><li class=\"blocks-gallery-item\"><figure><img loading=\"lazy\" decoding=\"async\" width=\"1024\" height=\"768\" src=\"https:\/\/tkg-duisburg.de\/wp-content\/uploads\/2019\/05\/IMG_20190511_092016-1024x768.jpg\" alt=\"\" data-id=\"3828\" data-link=\"https:\/\/tkg-duisburg.de\/?attachment_id=3828\" class=\"wp-image-3828\" srcset=\"https:\/\/tkg-duisburg.de\/wp-content\/uploads\/2019\/05\/IMG_20190511_092016-1024x768.jpg 1024w, https:\/\/tkg-duisburg.de\/wp-content\/uploads\/2019\/05\/IMG_20190511_092016-300x225.jpg 300w\" sizes=\"auto, (max-width: 1024px) 100vw, 1024px\" \/><\/figure><\/li><li class=\"blocks-gallery-item\"><figure><img loading=\"lazy\" decoding=\"async\" width=\"768\" height=\"1024\" src=\"https:\/\/tkg-duisburg.de\/wp-content\/uploads\/2019\/05\/IMG_20190511_120743-768x1024.jpg\" alt=\"\" data-id=\"3829\" data-link=\"https:\/\/tkg-duisburg.de\/?attachment_id=3829\" class=\"wp-image-3829\" srcset=\"https:\/\/tkg-duisburg.de\/wp-content\/uploads\/2019\/05\/IMG_20190511_120743-768x1024.jpg 768w, https:\/\/tkg-duisburg.de\/wp-content\/uploads\/2019\/05\/IMG_20190511_120743-150x200.jpg 150w, https:\/\/tkg-duisburg.de\/wp-content\/uploads\/2019\/05\/IMG_20190511_120743-225x300.jpg 225w\" sizes=\"auto, (max-width: 768px) 100vw, 768px\" \/><\/figure><\/li><li class=\"blocks-gallery-item\"><figure><img loading=\"lazy\" decoding=\"async\" width=\"1024\" height=\"768\" src=\"https:\/\/tkg-duisburg.de\/wp-content\/uploads\/2019\/05\/IMG_20190511_133157-1024x768.jpg\" alt=\"\" data-id=\"3830\" data-link=\"https:\/\/tkg-duisburg.de\/?attachment_id=3830\" class=\"wp-image-3830\" srcset=\"https:\/\/tkg-duisburg.de\/wp-content\/uploads\/2019\/05\/IMG_20190511_133157-1024x768.jpg 1024w, https:\/\/tkg-duisburg.de\/wp-content\/uploads\/2019\/05\/IMG_20190511_133157-300x225.jpg 300w\" sizes=\"auto, (max-width: 1024px) 100vw, 1024px\" \/><\/figure><\/li><li class=\"blocks-gallery-item\"><figure><img loading=\"lazy\" decoding=\"async\" width=\"768\" height=\"1024\" src=\"https:\/\/tkg-duisburg.de\/wp-content\/uploads\/2019\/05\/IMG_20190511_111818-768x1024.jpg\" alt=\"\" data-id=\"3831\" data-link=\"https:\/\/tkg-duisburg.de\/?attachment_id=3831\" class=\"wp-image-3831\" srcset=\"https:\/\/tkg-duisburg.de\/wp-content\/uploads\/2019\/05\/IMG_20190511_111818-768x1024.jpg 768w, https:\/\/tkg-duisburg.de\/wp-content\/uploads\/2019\/05\/IMG_20190511_111818-150x200.jpg 150w, https:\/\/tkg-duisburg.de\/wp-content\/uploads\/2019\/05\/IMG_20190511_111818-225x300.jpg 225w\" sizes=\"auto, (max-width: 768px) 100vw, 768px\" \/><\/figure><\/li><li class=\"blocks-gallery-item\"><figure><img loading=\"lazy\" decoding=\"async\" width=\"1024\" height=\"768\" src=\"https:\/\/tkg-duisburg.de\/wp-content\/uploads\/2019\/05\/IMG_20190511_105959-1024x768.jpg\" alt=\"\" data-id=\"3832\" data-link=\"https:\/\/tkg-duisburg.de\/?attachment_id=3832\" class=\"wp-image-3832\" srcset=\"https:\/\/tkg-duisburg.de\/wp-content\/uploads\/2019\/05\/IMG_20190511_105959-1024x768.jpg 1024w, https:\/\/tkg-duisburg.de\/wp-content\/uploads\/2019\/05\/IMG_20190511_105959-300x225.jpg 300w\" sizes=\"auto, (max-width: 1024px) 100vw, 1024px\" \/><\/figure><\/li><\/ul>\n\n\n\n<p><em>C. Hiller-Kitzmann<\/em><\/p>\n\n\n\n<p><em>(Abteilungsleiterin Oberstufe)<\/em><br><\/p>\n","protected":false},"excerpt":{"rendered":"<p>Am Samstag ging es f\u00fcr unsere G\u00e4ste, \u201eunsere Afrikaner\u201c, Gastgeber usw. nach Bochum, um zwei Seiten des Ruhrgebiets kennen zu lernen.<\/p>\n","protected":false},"author":5,"featured_media":0,"comment_status":"closed","ping_status":"open","sticky":false,"template":"","format":"standard","meta":{"footnotes":""},"categories":[1],"tags":[],"class_list":["post-3825","post","type-post","status-publish","format-standard","hentry","category-allgemein"],"yoast_head":"<!-- This site is optimized with the Yoast SEO plugin v22.6 - https:\/\/yoast.com\/wordpress\/plugins\/seo\/ -->\n<title>Namibia 2. Teil - \u201eOra et labora\u201c und \u201eGl\u00fcck auf\u201c (Bochum) - Theodor K\u00f6nig Gesamtschule Duisburg<\/title>\n<meta name=\"robots\" content=\"index, follow, max-snippet:-1, max-image-preview:large, max-video-preview:-1\" \/>\n<link rel=\"canonical\" href=\"https:\/\/tkg-duisburg.de\/?p=3825\" \/>\n<meta property=\"og:locale\" content=\"de_DE\" \/>\n<meta property=\"og:type\" content=\"article\" \/>\n<meta property=\"og:title\" content=\"Namibia 2. Teil - \u201eOra et labora\u201c und \u201eGl\u00fcck auf\u201c (Bochum) - Theodor K\u00f6nig Gesamtschule Duisburg\" \/>\n<meta property=\"og:description\" content=\"Am Samstag ging es f\u00fcr unsere G\u00e4ste, \u201eunsere Afrikaner\u201c, Gastgeber usw. nach Bochum, um zwei Seiten des Ruhrgebiets kennen zu lernen.\" \/>\n<meta property=\"og:url\" content=\"https:\/\/tkg-duisburg.de\/?p=3825\" \/>\n<meta property=\"og:site_name\" content=\"Theodor K\u00f6nig Gesamtschule Duisburg\" \/>\n<meta property=\"article:published_time\" content=\"2019-05-16T20:43:55+00:00\" \/>\n<meta property=\"og:image\" content=\"http:\/\/tkg-duisburg.de\/wp-content\/uploads\/2019\/05\/IMG_20190511_095607-1024x768.jpg\" \/>\n<meta name=\"author\" content=\"Bj\u00f6rn Becker\" \/>\n<meta name=\"twitter:card\" content=\"summary_large_image\" \/>\n<meta name=\"twitter:label1\" content=\"Verfasst von\" \/>\n\t<meta name=\"twitter:data1\" content=\"Bj\u00f6rn Becker\" \/>\n\t<meta name=\"twitter:label2\" content=\"Gesch\u00e4tzte Lesezeit\" \/>\n\t<meta name=\"twitter:data2\" content=\"1\u00a0Minute\" \/>\n<script type=\"application\/ld+json\" class=\"yoast-schema-graph\">{\"@context\":\"https:\/\/schema.org\",\"@graph\":[{\"@type\":\"WebPage\",\"@id\":\"https:\/\/tkg-duisburg.de\/?p=3825\",\"url\":\"https:\/\/tkg-duisburg.de\/?p=3825\",\"name\":\"Namibia 2. Teil - \u201eOra et labora\u201c und \u201eGl\u00fcck auf\u201c (Bochum) - Theodor K\u00f6nig Gesamtschule Duisburg\",\"isPartOf\":{\"@id\":\"https:\/\/tkg-duisburg.de\/#website\"},\"primaryImageOfPage\":{\"@id\":\"https:\/\/tkg-duisburg.de\/?p=3825#primaryimage\"},\"image\":{\"@id\":\"https:\/\/tkg-duisburg.de\/?p=3825#primaryimage\"},\"thumbnailUrl\":\"http:\/\/tkg-duisburg.de\/wp-content\/uploads\/2019\/05\/IMG_20190511_095607-1024x768.jpg\",\"datePublished\":\"2019-05-16T20:43:55+00:00\",\"dateModified\":\"2019-05-16T20:43:55+00:00\",\"author\":{\"@id\":\"https:\/\/tkg-duisburg.de\/#\/schema\/person\/5a5b174492de297d4b57e9a3d89564ee\"},\"breadcrumb\":{\"@id\":\"https:\/\/tkg-duisburg.de\/?p=3825#breadcrumb\"},\"inLanguage\":\"de\",\"potentialAction\":[{\"@type\":\"ReadAction\",\"target\":[\"https:\/\/tkg-duisburg.de\/?p=3825\"]}]},{\"@type\":\"ImageObject\",\"inLanguage\":\"de\",\"@id\":\"https:\/\/tkg-duisburg.de\/?p=3825#primaryimage\",\"url\":\"http:\/\/tkg-duisburg.de\/wp-content\/uploads\/2019\/05\/IMG_20190511_095607-1024x768.jpg\",\"contentUrl\":\"http:\/\/tkg-duisburg.de\/wp-content\/uploads\/2019\/05\/IMG_20190511_095607-1024x768.jpg\"},{\"@type\":\"BreadcrumbList\",\"@id\":\"https:\/\/tkg-duisburg.de\/?p=3825#breadcrumb\",\"itemListElement\":[{\"@type\":\"ListItem\",\"position\":1,\"name\":\"Startseite\",\"item\":\"https:\/\/tkg-duisburg.de\/\"},{\"@type\":\"ListItem\",\"position\":2,\"name\":\"Namibia 2. Teil &#8211; \u201eOra et labora\u201c und \u201eGl\u00fcck auf\u201c (Bochum)\"}]},{\"@type\":\"WebSite\",\"@id\":\"https:\/\/tkg-duisburg.de\/#website\",\"url\":\"https:\/\/tkg-duisburg.de\/\",\"name\":\"Theodor K\u00f6nig Gesamtschule Duisburg\",\"description\":\"\",\"potentialAction\":[{\"@type\":\"SearchAction\",\"target\":{\"@type\":\"EntryPoint\",\"urlTemplate\":\"https:\/\/tkg-duisburg.de\/?s={search_term_string}\"},\"query-input\":\"required name=search_term_string\"}],\"inLanguage\":\"de\"},{\"@type\":\"Person\",\"@id\":\"https:\/\/tkg-duisburg.de\/#\/schema\/person\/5a5b174492de297d4b57e9a3d89564ee\",\"name\":\"Bj\u00f6rn Becker\",\"image\":{\"@type\":\"ImageObject\",\"inLanguage\":\"de\",\"@id\":\"https:\/\/tkg-duisburg.de\/#\/schema\/person\/image\/\",\"url\":\"https:\/\/secure.gravatar.com\/avatar\/c7690b9f448fdd19e7a021d2d0201faa0dc70513a48fc7103388e3231c3056a4?s=96&d=mm&r=g\",\"contentUrl\":\"https:\/\/secure.gravatar.com\/avatar\/c7690b9f448fdd19e7a021d2d0201faa0dc70513a48fc7103388e3231c3056a4?s=96&d=mm&r=g\",\"caption\":\"Bj\u00f6rn Becker\"},\"url\":\"https:\/\/tkg-duisburg.de\/?author=5\"}]}<\/script>\n<!-- \/ Yoast SEO plugin. -->","yoast_head_json":{"title":"Namibia 2. Teil - \u201eOra et labora\u201c und \u201eGl\u00fcck auf\u201c (Bochum) - Theodor K\u00f6nig Gesamtschule Duisburg","robots":{"index":"index","follow":"follow","max-snippet":"max-snippet:-1","max-image-preview":"max-image-preview:large","max-video-preview":"max-video-preview:-1"},"canonical":"https:\/\/tkg-duisburg.de\/?p=3825","og_locale":"de_DE","og_type":"article","og_title":"Namibia 2. Teil - \u201eOra et labora\u201c und \u201eGl\u00fcck auf\u201c (Bochum) - Theodor K\u00f6nig Gesamtschule Duisburg","og_description":"Am Samstag ging es f\u00fcr unsere G\u00e4ste, \u201eunsere Afrikaner\u201c, Gastgeber usw. nach Bochum, um zwei Seiten des Ruhrgebiets kennen zu lernen.","og_url":"https:\/\/tkg-duisburg.de\/?p=3825","og_site_name":"Theodor K\u00f6nig Gesamtschule Duisburg","article_published_time":"2019-05-16T20:43:55+00:00","og_image":[{"url":"http:\/\/tkg-duisburg.de\/wp-content\/uploads\/2019\/05\/IMG_20190511_095607-1024x768.jpg"}],"author":"Bj\u00f6rn Becker","twitter_card":"summary_large_image","twitter_misc":{"Verfasst von":"Bj\u00f6rn Becker","Gesch\u00e4tzte Lesezeit":"1\u00a0Minute"},"schema":{"@context":"https:\/\/schema.org","@graph":[{"@type":"WebPage","@id":"https:\/\/tkg-duisburg.de\/?p=3825","url":"https:\/\/tkg-duisburg.de\/?p=3825","name":"Namibia 2. Teil - \u201eOra et labora\u201c und \u201eGl\u00fcck auf\u201c (Bochum) - Theodor K\u00f6nig Gesamtschule Duisburg","isPartOf":{"@id":"https:\/\/tkg-duisburg.de\/#website"},"primaryImageOfPage":{"@id":"https:\/\/tkg-duisburg.de\/?p=3825#primaryimage"},"image":{"@id":"https:\/\/tkg-duisburg.de\/?p=3825#primaryimage"},"thumbnailUrl":"http:\/\/tkg-duisburg.de\/wp-content\/uploads\/2019\/05\/IMG_20190511_095607-1024x768.jpg","datePublished":"2019-05-16T20:43:55+00:00","dateModified":"2019-05-16T20:43:55+00:00","author":{"@id":"https:\/\/tkg-duisburg.de\/#\/schema\/person\/5a5b174492de297d4b57e9a3d89564ee"},"breadcrumb":{"@id":"https:\/\/tkg-duisburg.de\/?p=3825#breadcrumb"},"inLanguage":"de","potentialAction":[{"@type":"ReadAction","target":["https:\/\/tkg-duisburg.de\/?p=3825"]}]},{"@type":"ImageObject","inLanguage":"de","@id":"https:\/\/tkg-duisburg.de\/?p=3825#primaryimage","url":"http:\/\/tkg-duisburg.de\/wp-content\/uploads\/2019\/05\/IMG_20190511_095607-1024x768.jpg","contentUrl":"http:\/\/tkg-duisburg.de\/wp-content\/uploads\/2019\/05\/IMG_20190511_095607-1024x768.jpg"},{"@type":"BreadcrumbList","@id":"https:\/\/tkg-duisburg.de\/?p=3825#breadcrumb","itemListElement":[{"@type":"ListItem","position":1,"name":"Startseite","item":"https:\/\/tkg-duisburg.de\/"},{"@type":"ListItem","position":2,"name":"Namibia 2. Teil &#8211; \u201eOra et labora\u201c und \u201eGl\u00fcck auf\u201c (Bochum)"}]},{"@type":"WebSite","@id":"https:\/\/tkg-duisburg.de\/#website","url":"https:\/\/tkg-duisburg.de\/","name":"Theodor K\u00f6nig Gesamtschule Duisburg","description":"","potentialAction":[{"@type":"SearchAction","target":{"@type":"EntryPoint","urlTemplate":"https:\/\/tkg-duisburg.de\/?s={search_term_string}"},"query-input":"required name=search_term_string"}],"inLanguage":"de"},{"@type":"Person","@id":"https:\/\/tkg-duisburg.de\/#\/schema\/person\/5a5b174492de297d4b57e9a3d89564ee","name":"Bj\u00f6rn Becker","image":{"@type":"ImageObject","inLanguage":"de","@id":"https:\/\/tkg-duisburg.de\/#\/schema\/person\/image\/","url":"https:\/\/secure.gravatar.com\/avatar\/c7690b9f448fdd19e7a021d2d0201faa0dc70513a48fc7103388e3231c3056a4?s=96&d=mm&r=g","contentUrl":"https:\/\/secure.gravatar.com\/avatar\/c7690b9f448fdd19e7a021d2d0201faa0dc70513a48fc7103388e3231c3056a4?s=96&d=mm&r=g","caption":"Bj\u00f6rn Becker"},"url":"https:\/\/tkg-duisburg.de\/?author=5"}]}},"_links":{"self":[{"href":"https:\/\/tkg-duisburg.de\/index.php?rest_route=\/wp\/v2\/posts\/3825","targetHints":{"allow":["GET"]}}],"collection":[{"href":"https:\/\/tkg-duisburg.de\/index.php?rest_route=\/wp\/v2\/posts"}],"about":[{"href":"https:\/\/tkg-duisburg.de\/index.php?rest_route=\/wp\/v2\/types\/post"}],"author":[{"embeddable":true,"href":"https:\/\/tkg-duisburg.de\/index.php?rest_route=\/wp\/v2\/users\/5"}],"replies":[{"embeddable":true,"href":"https:\/\/tkg-duisburg.de\/index.php?rest_route=%2Fwp%2Fv2%2Fcomments&post=3825"}],"version-history":[{"count":1,"href":"https:\/\/tkg-duisburg.de\/index.php?rest_route=\/wp\/v2\/posts\/3825\/revisions"}],"predecessor-version":[{"id":3833,"href":"https:\/\/tkg-duisburg.de\/index.php?rest_route=\/wp\/v2\/posts\/3825\/revisions\/3833"}],"wp:attachment":[{"href":"https:\/\/tkg-duisburg.de\/index.php?rest_route=%2Fwp%2Fv2%2Fmedia&parent=3825"}],"wp:term":[{"taxonomy":"category","embeddable":true,"href":"https:\/\/tkg-duisburg.de\/index.php?rest_route=%2Fwp%2Fv2%2Fcategories&post=3825"},{"taxonomy":"post_tag","embeddable":true,"href":"https:\/\/tkg-duisburg.de\/index.php?rest_route=%2Fwp%2Fv2%2Ftags&post=3825"}],"curies":[{"name":"wp","href":"https:\/\/api.w.org\/{rel}","templated":true}]}}