{"id":3857,"date":"2019-05-22T20:41:51","date_gmt":"2019-05-22T18:41:51","guid":{"rendered":"http:\/\/tkg-duisburg.de\/?p=3857"},"modified":"2019-05-22T21:17:22","modified_gmt":"2019-05-22T19:17:22","slug":"namibia-2-teil-planungsgespraech-oder-wo-geht-die-reise-hin","status":"publish","type":"post","link":"https:\/\/tkg-duisburg.de\/?p=3857","title":{"rendered":"Namibia 2. Teil &#8211; Planungsgespr\u00e4ch oder wo geht die Reise hin?"},"content":{"rendered":"\n<p>Auch <strong>Adolf<em> <\/em>Kinda<em> <\/em><\/strong>von<strong><em> Global Experience Namibia<\/em><\/strong> war am Projekttag anwesend und so sollte in einem Gespr\u00e4ch ausgelotet werden, ob eine langfristige Kooperation m\u00f6glich und von allen Beteiligten gew\u00fcnscht ist.<\/p>\n\n\n\n<p>Adolf Kinda, wir (Herr Preu\u00df und Frau Hiller-Kitzmann) und die beiden Kolleginnen der Hage G. Geingob High School tauschten uns aus, entwickelten Ideen zu einem gemeinsamen Projekt und k\u00f6nnen jetzt sagen:<\/p>\n\n\n\n<p><strong>\u201eWir alle wollen die Kooperation.\u201c<\/strong><\/p>\n\n\n\n<p>F\u00fcr die n\u00e4chsten Schritte \u201eUmsetzung der Projektidee, Partnership Agreement usw.\u201c k\u00f6nnen wir jede Unterst\u00fctzung brauchen.<\/p>\n\n\n\n<figure class=\"wp-block-image is-resized\"><img loading=\"lazy\" decoding=\"async\" src=\"https:\/\/tkg-duisburg.de\/wp-content\/uploads\/2019\/05\/IMG_20190514_121510-768x1024.jpg\" alt=\"\" class=\"wp-image-3858\" width=\"576\" height=\"768\"\/><\/figure>\n\n\n\n<p><strong><em>C. Hiller-Kitzmann<\/em><\/strong><\/p>\n\n\n\n<p><strong><em>(Abteilungsleiterin Oberstufe)<\/em><\/strong><\/p>\n","protected":false},"excerpt":{"rendered":"<p>Auch Adolf Kinda von Global Experience Namibia war am Projekttag anwesend und so sollte in einem Gespr\u00e4ch ausgelotet werden, ob eine langfristige Kooperation m\u00f6glich und von allen Beteiligten gew\u00fcnscht ist. Adolf Kinda, wir (Herr Preu\u00df und Frau Hiller-Kitzmann) und die beiden Kolleginnen der Hage G. Geingob High School tauschten uns aus, entwickelten Ideen zu einem &hellip; <a href=\"https:\/\/tkg-duisburg.de\/?p=3857\" class=\"more-link\"><span class=\"screen-reader-text\">Namibia 2. Teil &#8211; Planungsgespr\u00e4ch oder wo geht die Reise hin?<\/span> weiterlesen <span class=\"meta-nav\">&rarr;<\/span><\/a><\/p>\n","protected":false},"author":5,"featured_media":0,"comment_status":"closed","ping_status":"open","sticky":false,"template":"","format":"standard","meta":{"footnotes":""},"categories":[31,37,50,47],"tags":[],"class_list":["post-3857","post","type-post","status-publish","format-standard","hentry","category-ausserschulisches-lernen","category-externe-kooperation","category-namibia","category-unesco"],"yoast_head":"<!-- This site is optimized with the Yoast SEO plugin v22.6 - https:\/\/yoast.com\/wordpress\/plugins\/seo\/ -->\n<title>Namibia 2. Teil - Planungsgespr\u00e4ch oder wo geht die Reise hin? - Theodor K\u00f6nig Gesamtschule Duisburg<\/title>\n<meta name=\"robots\" content=\"index, follow, max-snippet:-1, max-image-preview:large, max-video-preview:-1\" \/>\n<link rel=\"canonical\" href=\"https:\/\/tkg-duisburg.de\/?p=3857\" \/>\n<meta property=\"og:locale\" content=\"de_DE\" \/>\n<meta property=\"og:type\" content=\"article\" \/>\n<meta property=\"og:title\" content=\"Namibia 2. Teil - Planungsgespr\u00e4ch oder wo geht die Reise hin? - Theodor K\u00f6nig Gesamtschule Duisburg\" \/>\n<meta property=\"og:description\" content=\"Auch Adolf Kinda von Global Experience Namibia war am Projekttag anwesend und so sollte in einem Gespr\u00e4ch ausgelotet werden, ob eine langfristige Kooperation m\u00f6glich und von allen Beteiligten gew\u00fcnscht ist. Adolf Kinda, wir (Herr Preu\u00df und Frau Hiller-Kitzmann) und die beiden Kolleginnen der Hage G. Geingob High School tauschten uns aus, entwickelten Ideen zu einem &hellip; Namibia 2. Teil &#8211; Planungsgespr\u00e4ch oder wo geht die Reise hin? weiterlesen &rarr;\" \/>\n<meta property=\"og:url\" content=\"https:\/\/tkg-duisburg.de\/?p=3857\" \/>\n<meta property=\"og:site_name\" content=\"Theodor K\u00f6nig Gesamtschule Duisburg\" \/>\n<meta property=\"article:published_time\" content=\"2019-05-22T18:41:51+00:00\" \/>\n<meta property=\"article:modified_time\" content=\"2019-05-22T19:17:22+00:00\" \/>\n<meta property=\"og:image\" content=\"https:\/\/tkg-duisburg.de\/wp-content\/uploads\/2019\/05\/IMG_20190514_121510-768x1024.jpg\" \/>\n<meta name=\"author\" content=\"Bj\u00f6rn Becker\" \/>\n<meta name=\"twitter:card\" content=\"summary_large_image\" \/>\n<meta name=\"twitter:label1\" content=\"Verfasst von\" \/>\n\t<meta name=\"twitter:data1\" content=\"Bj\u00f6rn Becker\" \/>\n<script type=\"application\/ld+json\" class=\"yoast-schema-graph\">{\"@context\":\"https:\/\/schema.org\",\"@graph\":[{\"@type\":\"WebPage\",\"@id\":\"https:\/\/tkg-duisburg.de\/?p=3857\",\"url\":\"https:\/\/tkg-duisburg.de\/?p=3857\",\"name\":\"Namibia 2. Teil - Planungsgespr\u00e4ch oder wo geht die Reise hin? - Theodor K\u00f6nig Gesamtschule Duisburg\",\"isPartOf\":{\"@id\":\"https:\/\/tkg-duisburg.de\/#website\"},\"primaryImageOfPage\":{\"@id\":\"https:\/\/tkg-duisburg.de\/?p=3857#primaryimage\"},\"image\":{\"@id\":\"https:\/\/tkg-duisburg.de\/?p=3857#primaryimage\"},\"thumbnailUrl\":\"https:\/\/tkg-duisburg.de\/wp-content\/uploads\/2019\/05\/IMG_20190514_121510-768x1024.jpg\",\"datePublished\":\"2019-05-22T18:41:51+00:00\",\"dateModified\":\"2019-05-22T19:17:22+00:00\",\"author\":{\"@id\":\"https:\/\/tkg-duisburg.de\/#\/schema\/person\/5a5b174492de297d4b57e9a3d89564ee\"},\"breadcrumb\":{\"@id\":\"https:\/\/tkg-duisburg.de\/?p=3857#breadcrumb\"},\"inLanguage\":\"de\",\"potentialAction\":[{\"@type\":\"ReadAction\",\"target\":[\"https:\/\/tkg-duisburg.de\/?p=3857\"]}]},{\"@type\":\"ImageObject\",\"inLanguage\":\"de\",\"@id\":\"https:\/\/tkg-duisburg.de\/?p=3857#primaryimage\",\"url\":\"https:\/\/tkg-duisburg.de\/wp-content\/uploads\/2019\/05\/IMG_20190514_121510-e1558550496859.jpg\",\"contentUrl\":\"https:\/\/tkg-duisburg.de\/wp-content\/uploads\/2019\/05\/IMG_20190514_121510-e1558550496859.jpg\",\"width\":600,\"height\":800,\"caption\":\"smacap_BFace\"},{\"@type\":\"BreadcrumbList\",\"@id\":\"https:\/\/tkg-duisburg.de\/?p=3857#breadcrumb\",\"itemListElement\":[{\"@type\":\"ListItem\",\"position\":1,\"name\":\"Startseite\",\"item\":\"https:\/\/tkg-duisburg.de\/\"},{\"@type\":\"ListItem\",\"position\":2,\"name\":\"Namibia 2. Teil &#8211; Planungsgespr\u00e4ch oder wo geht die Reise hin?\"}]},{\"@type\":\"WebSite\",\"@id\":\"https:\/\/tkg-duisburg.de\/#website\",\"url\":\"https:\/\/tkg-duisburg.de\/\",\"name\":\"Theodor K\u00f6nig Gesamtschule Duisburg\",\"description\":\"\",\"potentialAction\":[{\"@type\":\"SearchAction\",\"target\":{\"@type\":\"EntryPoint\",\"urlTemplate\":\"https:\/\/tkg-duisburg.de\/?s={search_term_string}\"},\"query-input\":\"required name=search_term_string\"}],\"inLanguage\":\"de\"},{\"@type\":\"Person\",\"@id\":\"https:\/\/tkg-duisburg.de\/#\/schema\/person\/5a5b174492de297d4b57e9a3d89564ee\",\"name\":\"Bj\u00f6rn Becker\",\"image\":{\"@type\":\"ImageObject\",\"inLanguage\":\"de\",\"@id\":\"https:\/\/tkg-duisburg.de\/#\/schema\/person\/image\/\",\"url\":\"https:\/\/secure.gravatar.com\/avatar\/c7690b9f448fdd19e7a021d2d0201faa0dc70513a48fc7103388e3231c3056a4?s=96&d=mm&r=g\",\"contentUrl\":\"https:\/\/secure.gravatar.com\/avatar\/c7690b9f448fdd19e7a021d2d0201faa0dc70513a48fc7103388e3231c3056a4?s=96&d=mm&r=g\",\"caption\":\"Bj\u00f6rn Becker\"},\"url\":\"https:\/\/tkg-duisburg.de\/?author=5\"}]}<\/script>\n<!-- \/ Yoast SEO plugin. -->","yoast_head_json":{"title":"Namibia 2. Teil - Planungsgespr\u00e4ch oder wo geht die Reise hin? - Theodor K\u00f6nig Gesamtschule Duisburg","robots":{"index":"index","follow":"follow","max-snippet":"max-snippet:-1","max-image-preview":"max-image-preview:large","max-video-preview":"max-video-preview:-1"},"canonical":"https:\/\/tkg-duisburg.de\/?p=3857","og_locale":"de_DE","og_type":"article","og_title":"Namibia 2. Teil - Planungsgespr\u00e4ch oder wo geht die Reise hin? - Theodor K\u00f6nig Gesamtschule Duisburg","og_description":"Auch Adolf Kinda von Global Experience Namibia war am Projekttag anwesend und so sollte in einem Gespr\u00e4ch ausgelotet werden, ob eine langfristige Kooperation m\u00f6glich und von allen Beteiligten gew\u00fcnscht ist. Adolf Kinda, wir (Herr Preu\u00df und Frau Hiller-Kitzmann) und die beiden Kolleginnen der Hage G. Geingob High School tauschten uns aus, entwickelten Ideen zu einem &hellip; Namibia 2. Teil &#8211; Planungsgespr\u00e4ch oder wo geht die Reise hin? weiterlesen &rarr;","og_url":"https:\/\/tkg-duisburg.de\/?p=3857","og_site_name":"Theodor K\u00f6nig Gesamtschule Duisburg","article_published_time":"2019-05-22T18:41:51+00:00","article_modified_time":"2019-05-22T19:17:22+00:00","og_image":[{"url":"https:\/\/tkg-duisburg.de\/wp-content\/uploads\/2019\/05\/IMG_20190514_121510-768x1024.jpg"}],"author":"Bj\u00f6rn Becker","twitter_card":"summary_large_image","twitter_misc":{"Verfasst von":"Bj\u00f6rn Becker"},"schema":{"@context":"https:\/\/schema.org","@graph":[{"@type":"WebPage","@id":"https:\/\/tkg-duisburg.de\/?p=3857","url":"https:\/\/tkg-duisburg.de\/?p=3857","name":"Namibia 2. Teil - Planungsgespr\u00e4ch oder wo geht die Reise hin? - Theodor K\u00f6nig Gesamtschule Duisburg","isPartOf":{"@id":"https:\/\/tkg-duisburg.de\/#website"},"primaryImageOfPage":{"@id":"https:\/\/tkg-duisburg.de\/?p=3857#primaryimage"},"image":{"@id":"https:\/\/tkg-duisburg.de\/?p=3857#primaryimage"},"thumbnailUrl":"https:\/\/tkg-duisburg.de\/wp-content\/uploads\/2019\/05\/IMG_20190514_121510-768x1024.jpg","datePublished":"2019-05-22T18:41:51+00:00","dateModified":"2019-05-22T19:17:22+00:00","author":{"@id":"https:\/\/tkg-duisburg.de\/#\/schema\/person\/5a5b174492de297d4b57e9a3d89564ee"},"breadcrumb":{"@id":"https:\/\/tkg-duisburg.de\/?p=3857#breadcrumb"},"inLanguage":"de","potentialAction":[{"@type":"ReadAction","target":["https:\/\/tkg-duisburg.de\/?p=3857"]}]},{"@type":"ImageObject","inLanguage":"de","@id":"https:\/\/tkg-duisburg.de\/?p=3857#primaryimage","url":"https:\/\/tkg-duisburg.de\/wp-content\/uploads\/2019\/05\/IMG_20190514_121510-e1558550496859.jpg","contentUrl":"https:\/\/tkg-duisburg.de\/wp-content\/uploads\/2019\/05\/IMG_20190514_121510-e1558550496859.jpg","width":600,"height":800,"caption":"smacap_BFace"},{"@type":"BreadcrumbList","@id":"https:\/\/tkg-duisburg.de\/?p=3857#breadcrumb","itemListElement":[{"@type":"ListItem","position":1,"name":"Startseite","item":"https:\/\/tkg-duisburg.de\/"},{"@type":"ListItem","position":2,"name":"Namibia 2. Teil &#8211; Planungsgespr\u00e4ch oder wo geht die Reise hin?"}]},{"@type":"WebSite","@id":"https:\/\/tkg-duisburg.de\/#website","url":"https:\/\/tkg-duisburg.de\/","name":"Theodor K\u00f6nig Gesamtschule Duisburg","description":"","potentialAction":[{"@type":"SearchAction","target":{"@type":"EntryPoint","urlTemplate":"https:\/\/tkg-duisburg.de\/?s={search_term_string}"},"query-input":"required name=search_term_string"}],"inLanguage":"de"},{"@type":"Person","@id":"https:\/\/tkg-duisburg.de\/#\/schema\/person\/5a5b174492de297d4b57e9a3d89564ee","name":"Bj\u00f6rn Becker","image":{"@type":"ImageObject","inLanguage":"de","@id":"https:\/\/tkg-duisburg.de\/#\/schema\/person\/image\/","url":"https:\/\/secure.gravatar.com\/avatar\/c7690b9f448fdd19e7a021d2d0201faa0dc70513a48fc7103388e3231c3056a4?s=96&d=mm&r=g","contentUrl":"https:\/\/secure.gravatar.com\/avatar\/c7690b9f448fdd19e7a021d2d0201faa0dc70513a48fc7103388e3231c3056a4?s=96&d=mm&r=g","caption":"Bj\u00f6rn Becker"},"url":"https:\/\/tkg-duisburg.de\/?author=5"}]}},"_links":{"self":[{"href":"https:\/\/tkg-duisburg.de\/index.php?rest_route=\/wp\/v2\/posts\/3857","targetHints":{"allow":["GET"]}}],"collection":[{"href":"https:\/\/tkg-duisburg.de\/index.php?rest_route=\/wp\/v2\/posts"}],"about":[{"href":"https:\/\/tkg-duisburg.de\/index.php?rest_route=\/wp\/v2\/types\/post"}],"author":[{"embeddable":true,"href":"https:\/\/tkg-duisburg.de\/index.php?rest_route=\/wp\/v2\/users\/5"}],"replies":[{"embeddable":true,"href":"https:\/\/tkg-duisburg.de\/index.php?rest_route=%2Fwp%2Fv2%2Fcomments&post=3857"}],"version-history":[{"count":3,"href":"https:\/\/tkg-duisburg.de\/index.php?rest_route=\/wp\/v2\/posts\/3857\/revisions"}],"predecessor-version":[{"id":3879,"href":"https:\/\/tkg-duisburg.de\/index.php?rest_route=\/wp\/v2\/posts\/3857\/revisions\/3879"}],"wp:attachment":[{"href":"https:\/\/tkg-duisburg.de\/index.php?rest_route=%2Fwp%2Fv2%2Fmedia&parent=3857"}],"wp:term":[{"taxonomy":"category","embeddable":true,"href":"https:\/\/tkg-duisburg.de\/index.php?rest_route=%2Fwp%2Fv2%2Fcategories&post=3857"},{"taxonomy":"post_tag","embeddable":true,"href":"https:\/\/tkg-duisburg.de\/index.php?rest_route=%2Fwp%2Fv2%2Ftags&post=3857"}],"curies":[{"name":"wp","href":"https:\/\/api.w.org\/{rel}","templated":true}]}}