{"id":3885,"date":"2019-05-25T16:07:26","date_gmt":"2019-05-25T14:07:26","guid":{"rendered":"http:\/\/tkg-duisburg.de\/?p=3885"},"modified":"2019-05-25T16:07:26","modified_gmt":"2019-05-25T14:07:26","slug":"nachberichte-philosphisches-cafe","status":"publish","type":"post","link":"https:\/\/tkg-duisburg.de\/?p=3885","title":{"rendered":"Nachberichte Philosphisches Caf\u00e9"},"content":{"rendered":"\n<figure class=\"wp-block-image\"><img loading=\"lazy\" decoding=\"async\" width=\"892\" height=\"840\" src=\"https:\/\/tkg-duisburg.de\/wp-content\/uploads\/2019\/05\/philocafe.png\" alt=\"\" class=\"wp-image-3887\" srcset=\"https:\/\/tkg-duisburg.de\/wp-content\/uploads\/2019\/05\/philocafe.png 892w, https:\/\/tkg-duisburg.de\/wp-content\/uploads\/2019\/05\/philocafe-300x283.png 300w\" sizes=\"auto, (max-width: 892px) 100vw, 892px\" \/><\/figure>\n\n\n\n<p>Herr Kaufmann berichtet aus den letzten &#8222;Philosophischen Caf\u00e9s&#8220;&#8230;<\/p>\n\n\n\n<!--more WeiterlesEn-->\n\n\n\n<blockquote class=\"wp-block-quote is-layout-flow wp-block-quote-is-layout-flow\"><p><strong>Was bedeutet \u201eGender\u201c?<br><\/strong> Am 19. M\u00e4rz fand wieder einmal das Philocaf\u00e9 an der TKG statt. Das Thema lautete \u201eGender\u201c, und das Treffen des philosophischen Kreises begann mit einem Expertenreferat von Zelal. Zun\u00e4chst erz\u00e4hlte sie von John Money, ein Psychologe welcher in den 1950er Jahren die Geschlechtsidentit\u00e4t (\u201egender\u201c) zu erforschen begonnen hatte. Dabei geht es u.a. um das Fehlen einer eindeutigen Zuordnung zum biologischen Geschlecht. Die Referentin stellte dann Bez\u00fcge zur \u201equeer theory\u201c her und sprach davon, wie sie mit einer Befreiung von Rollenvorgaben zusammenh\u00e4ngt. So wird der englische Begriff \u201esex\u201c (also das biologische Geschlecht) vom Begriff \u201egender\u201c getrennt, welcher eher sozial konstruiert ist, und somit gem\u00e4\u00df der Bef\u00fcrworter eher eine Selbstbestimmung erlaube. Unter anderem sei die Abschaffung patriarchalischer Machtstrukturen ein Ziel. Dahinter steckt der Gedanke, dass Sprache die Wirklichkeit nicht blo\u00df abbildet, sondern in gewisser Weise auch performativ selbst schafft (z.B. wird eine \u201eEntschuldigung\u201c durch die Worte \u201eich entschuldige mich bei Dir\u201c oder ein \u201eVersprechen\u201c durch die Worte \u201eich verspreche Dir\u201c wirksam, unter gewissen Gl\u00fcckensbedingungen). Nach der Theorie ging die Vortragende zu verschiedenen Beispielen \u00fcber. Dabei ging es um das \u201eouting\u201c von \u201etransgender\u201c Personen, welche sich mit dem Geschlecht, welches seit ihrer Geburt bei ihnen im Pass stand, nicht mehr identifizieren.\u00a0<br> Im weiteren Gespr\u00e4ch, das der Gastgeber Herr Nies f\u00fcr alle Teilnehmer \u00f6ffnete, ging es um den Bezug des \u201egender\u201c-Begriffs zum Alltag und um die Frage, ob sich die Gesetzgebung f\u00fcr Transsexuelle \u00e4ndern solle, z. B. bez\u00fcglich neuer Toilettenr\u00e4ume im Falle der Einf\u00fchrung eines dritten Geschlechts (\u201enon-binary\u201c). Wiederkehrende Fragen betrafen den Leidensdruck, der sich bei Betroffenen einstellt, der teils zum Wunsch f\u00fchrt, sich operieren zu lassen. In solchen F\u00e4llen ist der Befund bzw. die Einwilligung eines Psychologen oder Psychiaters erforderlich damit eine gesetzliche Krankenkasse anteilig die Kosten \u00fcbernimmt. Zugleich diskutierten die Teilnehmer \u00fcber die Phase des \u201eouting\u201c sowie insbesondere die Frage, wie die Eltern von Betroffenen, ihr Freundeskreis sowie die Gesellschaft im Allgemeinen damit umgingen.\u00a0<br> Des Weiteren ging es beim dritten Geschlecht um die Problematik dass etwa ein Prozent der Neugeborenen Merkmale beiderlei Geschlechter tr\u00fcgen, aber selbst in diesen F\u00e4llen eine Einordnung ins bin\u00e4re Schema \u201eM\u00e4nnlich\/weiblich\u201c vollzogen w\u00fcrde. Es entstand der Vorschlag, in solchen F\u00e4llen die Geschlechtsangleichung von der Geburt zur Pubert\u00e4t zu verschieben. \u00dcberhaupt kam dann der Begriff der \u201eGeschlechtsm\u00fcndigkeit\u201c auf, womit die \u201eSelbstangabe\u201c gemeint ist, welcher Kategorie ein Mensch sich zugeh\u00f6rig f\u00fchle. Verschiedene Teilnehmer bemerkten dann, dass sich selbst bei Ver\u00e4nderung der Kategorie oder gar der Geschlechtsorgane sich die Chromosomen ja nicht \u00e4nderten, sowie dass irgendwann dann ja auch drei Geschlechter nicht gen\u00fcgen w\u00fcrden, und die nicht-bin\u00e4re Entartung sich bis ins unendliche w\u00fcrde erweitern k\u00f6nnen (via z. B. des Begriffs der \u201ePansexualit\u00e4t\u201c oder via einer \u00d6strogen-Testosteron-Skala). Es wurde die Frage aufgeworfen, warum im Pass \u00fcberhaupt das Geschlecht vorkomme und ob dies erforderlich sei. Allerdings schien es doch so zu sein, dass medizinische Hilfe besser leistbar ist und dass im Leistungssport das Geschlecht weiterhin relevant ist, nicht nur im Marketing und Profiling.<br> Philosophisch wurde es dann wieder interessant, als es um Sprachwandelprozesse ging, wie eben dem von \u201esex\u201c zu \u201egender\u201c, oder von \u201eMiss\/Mr\/Mrs\u201c hin zu \u201eMr\/Ms\u201c, oder im Schwedischen von han\/hon zu han\/hon\/hen. Die Meinungen der Teilnehmer gingen weit auseinander zwischen denen, die finden dass die ganze sprachliche Debatte eher verkomplizierend und nervig wirkt und denen, die solche sprachnormierenden Eingriffe (wie sie beispielsweise auch die <em>Academie fran\u00e7aise<\/em> regelm\u00e4\u00dfig vornimmt) eher begr\u00fc\u00dfen. Zum Schluss hatten wir alle gemeinsam das Lachen, als es um Begriffe wie \u201eMannsweib\u201c ging und wie m\u00fchselig es doch f\u00fcr einen Nichtmuttersprachler sein w\u00fcrde, herauszufinden, welcher Wortteil die Biologie und welcher das Verhalten abbildete. Ein Dank an die AG und die Kekseb\u00e4cker, welche das Treffen wieder einmal hervorragend vorbereitet\/begleitet haben.<\/p><cite>Bericht von Herrn Kaufmann zum Philosophischen Caf\u00e9 am 15.1.19<\/cite><\/blockquote>\n\n\n\n<blockquote class=\"wp-block-quote is-layout-flow wp-block-quote-is-layout-flow\"><p><strong>Was bedeutet \u201eGender\u201c?<br><\/strong> Am 19. M\u00e4rz fand wieder einmal das Philocaf\u00e9 an der TKG statt. Das Thema lautete \u201eGender\u201c, und das Treffen des philosophischen Kreises begann mit einem Expertenreferat von Zelal. Zun\u00e4chst erz\u00e4hlte sie von John Money, ein Psychologe welcher in den 1950er Jahren die Geschlechtsidentit\u00e4t (\u201egender\u201c) zu erforschen begonnen hatte. Dabei geht es u.a. um das Fehlen einer eindeutigen Zuordnung zum biologischen Geschlecht. Die Referentin stellte dann Bez\u00fcge zur \u201equeer theory\u201c her und sprach davon, wie sie mit einer Befreiung von Rollenvorgaben zusammenh\u00e4ngt. So wird der englische Begriff \u201esex\u201c (also das biologische Geschlecht) vom Begriff \u201egender\u201c getrennt, welcher eher sozial konstruiert ist, und somit gem\u00e4\u00df der Bef\u00fcrworter eher eine Selbstbestimmung erlaube. Unter anderem sei die Abschaffung patriarchalischer Machtstrukturen ein Ziel. Dahinter steckt der Gedanke, dass Sprache die Wirklichkeit nicht blo\u00df abbildet, sondern in gewisser Weise auch performativ selbst schafft (z.B. wird eine \u201eEntschuldigung\u201c durch die Worte \u201eich entschuldige mich bei Dir\u201c oder ein \u201eVersprechen\u201c durch die Worte \u201eich verspreche Dir\u201c wirksam, unter gewissen Gl\u00fcckensbedingungen). Nach der Theorie ging die Vortragende zu verschiedenen Beispielen \u00fcber. Dabei ging es um das \u201eouting\u201c von \u201etransgender\u201c Personen, welche sich mit dem Geschlecht, welches seit ihrer Geburt bei ihnen im Pass stand, nicht mehr identifizieren.\u00a0<br> Im weiteren Gespr\u00e4ch, das der Gastgeber Herr Nies f\u00fcr alle Teilnehmer \u00f6ffnete, ging es um den Bezug des \u201egender\u201c-Begriffs zum Alltag und um die Frage, ob sich die Gesetzgebung f\u00fcr Transsexuelle \u00e4ndern solle, z. B. bez\u00fcglich neuer Toilettenr\u00e4ume im Falle der Einf\u00fchrung eines dritten Geschlechts (\u201enon-binary\u201c). Wiederkehrende Fragen betrafen den Leidensdruck, der sich bei Betroffenen einstellt, der teils zum Wunsch f\u00fchrt, sich operieren zu lassen. In solchen F\u00e4llen ist der Befund bzw. die Einwilligung eines Psychologen oder Psychiaters erforderlich damit eine gesetzliche Krankenkasse anteilig die Kosten \u00fcbernimmt. Zugleich diskutierten die Teilnehmer \u00fcber die Phase des \u201eouting\u201c sowie insbesondere die Frage, wie die Eltern von Betroffenen, ihr Freundeskreis sowie die Gesellschaft im Allgemeinen damit umgingen.\u00a0<br> Des Weiteren ging es beim dritten Geschlecht um die Problematik dass etwa ein Prozent der Neugeborenen Merkmale beiderlei Geschlechter tr\u00fcgen, aber selbst in diesen F\u00e4llen eine Einordnung ins bin\u00e4re Schema \u201eM\u00e4nnlich\/weiblich\u201c vollzogen w\u00fcrde. Es entstand der Vorschlag, in solchen F\u00e4llen die Geschlechtsangleichung von der Geburt zur Pubert\u00e4t zu verschieben. \u00dcberhaupt kam dann der Begriff der \u201eGeschlechtsm\u00fcndigkeit\u201c auf, womit die \u201eSelbstangabe\u201c gemeint ist, welcher Kategorie ein Mensch sich zugeh\u00f6rig f\u00fchle. Verschiedene Teilnehmer bemerkten dann, dass sich selbst bei Ver\u00e4nderung der Kategorie oder gar der Geschlechtsorgane sich die Chromosomen ja nicht \u00e4nderten, sowie dass irgendwann dann ja auch drei Geschlechter nicht gen\u00fcgen w\u00fcrden, und die nicht-bin\u00e4re Entartung sich bis ins unendliche w\u00fcrde erweitern k\u00f6nnen (via z. B. des Begriffs der \u201ePansexualit\u00e4t\u201c oder via einer \u00d6strogen-Testosteron-Skala). Es wurde die Frage aufgeworfen, warum im Pass \u00fcberhaupt das Geschlecht vorkomme und ob dies erforderlich sei. Allerdings schien es doch so zu sein, dass medizinische Hilfe besser leistbar ist und dass im Leistungssport das Geschlecht weiterhin relevant ist, nicht nur im Marketing und Profiling.<br> Philosophisch wurde es dann wieder interessant, als es um Sprachwandelprozesse ging, wie eben dem von \u201esex\u201c zu \u201egender\u201c, oder von \u201eMiss\/Mr\/Mrs\u201c hin zu \u201eMr\/Ms\u201c, oder im Schwedischen von han\/hon zu han\/hon\/hen. Die Meinungen der Teilnehmer gingen weit auseinander zwischen denen, die finden dass die ganze sprachliche Debatte eher verkomplizierend und nervig wirkt und denen, die solche sprachnormierenden Eingriffe (wie sie beispielsweise auch die <em>Academie fran\u00e7aise<\/em> regelm\u00e4\u00dfig vornimmt) eher begr\u00fc\u00dfen. Zum Schluss hatten wir alle gemeinsam das Lachen, als es um Begriffe wie \u201eMannsweib\u201c ging und wie m\u00fchselig es doch f\u00fcr einen Nichtmuttersprachler sein w\u00fcrde, herauszufinden, welcher Wortteil die Biologie und welcher das Verhalten abbildete. Ein Dank an die AG und die Kekseb\u00e4cker, welche das Treffen wieder einmal hervorragend vorbereitet\/begleitet haben.<\/p><cite>Bericht von Herrn Kaufmann zum Philosophischen Caf\u00e9 am 19.3.19<\/cite><\/blockquote>\n","protected":false},"excerpt":{"rendered":"<p>Herr Kaufmann berichtet aus den letzten &#8222;Philosophischen Caf\u00e9s&#8220;&#8230;<\/p>\n","protected":false},"author":5,"featured_media":0,"comment_status":"closed","ping_status":"open","sticky":false,"template":"","format":"standard","meta":{"footnotes":""},"categories":[41,52,3],"tags":[],"class_list":["post-3885","post","type-post","status-publish","format-standard","hentry","category-philosophie","category-philosophisches-cafe","category-veranstaltungen"],"yoast_head":"<!-- This site is optimized with the Yoast SEO plugin v22.6 - https:\/\/yoast.com\/wordpress\/plugins\/seo\/ -->\n<title>Nachberichte Philosphisches Caf\u00e9 - Theodor K\u00f6nig Gesamtschule Duisburg<\/title>\n<meta name=\"robots\" content=\"index, follow, max-snippet:-1, max-image-preview:large, max-video-preview:-1\" \/>\n<link rel=\"canonical\" href=\"https:\/\/tkg-duisburg.de\/?p=3885\" \/>\n<meta property=\"og:locale\" content=\"de_DE\" \/>\n<meta property=\"og:type\" content=\"article\" \/>\n<meta property=\"og:title\" content=\"Nachberichte Philosphisches Caf\u00e9 - Theodor K\u00f6nig Gesamtschule Duisburg\" \/>\n<meta property=\"og:description\" content=\"Herr Kaufmann berichtet aus den letzten &#8222;Philosophischen Caf\u00e9s&#8220;&#8230;\" \/>\n<meta property=\"og:url\" content=\"https:\/\/tkg-duisburg.de\/?p=3885\" \/>\n<meta property=\"og:site_name\" content=\"Theodor K\u00f6nig Gesamtschule Duisburg\" \/>\n<meta property=\"article:published_time\" content=\"2019-05-25T14:07:26+00:00\" \/>\n<meta property=\"og:image\" content=\"https:\/\/tkg-duisburg.de\/wp-content\/uploads\/2019\/05\/philocafe.png\" \/>\n<meta name=\"author\" content=\"Bj\u00f6rn Becker\" \/>\n<meta name=\"twitter:card\" content=\"summary_large_image\" \/>\n<meta name=\"twitter:label1\" content=\"Verfasst von\" \/>\n\t<meta name=\"twitter:data1\" content=\"Bj\u00f6rn Becker\" \/>\n\t<meta name=\"twitter:label2\" content=\"Gesch\u00e4tzte Lesezeit\" \/>\n\t<meta name=\"twitter:data2\" content=\"7\u00a0Minuten\" \/>\n<script type=\"application\/ld+json\" class=\"yoast-schema-graph\">{\"@context\":\"https:\/\/schema.org\",\"@graph\":[{\"@type\":\"WebPage\",\"@id\":\"https:\/\/tkg-duisburg.de\/?p=3885\",\"url\":\"https:\/\/tkg-duisburg.de\/?p=3885\",\"name\":\"Nachberichte Philosphisches Caf\u00e9 - Theodor K\u00f6nig Gesamtschule Duisburg\",\"isPartOf\":{\"@id\":\"https:\/\/tkg-duisburg.de\/#website\"},\"primaryImageOfPage\":{\"@id\":\"https:\/\/tkg-duisburg.de\/?p=3885#primaryimage\"},\"image\":{\"@id\":\"https:\/\/tkg-duisburg.de\/?p=3885#primaryimage\"},\"thumbnailUrl\":\"https:\/\/tkg-duisburg.de\/wp-content\/uploads\/2019\/05\/philocafe.png\",\"datePublished\":\"2019-05-25T14:07:26+00:00\",\"dateModified\":\"2019-05-25T14:07:26+00:00\",\"author\":{\"@id\":\"https:\/\/tkg-duisburg.de\/#\/schema\/person\/5a5b174492de297d4b57e9a3d89564ee\"},\"breadcrumb\":{\"@id\":\"https:\/\/tkg-duisburg.de\/?p=3885#breadcrumb\"},\"inLanguage\":\"de\",\"potentialAction\":[{\"@type\":\"ReadAction\",\"target\":[\"https:\/\/tkg-duisburg.de\/?p=3885\"]}]},{\"@type\":\"ImageObject\",\"inLanguage\":\"de\",\"@id\":\"https:\/\/tkg-duisburg.de\/?p=3885#primaryimage\",\"url\":\"https:\/\/tkg-duisburg.de\/wp-content\/uploads\/2019\/05\/philocafe.png\",\"contentUrl\":\"https:\/\/tkg-duisburg.de\/wp-content\/uploads\/2019\/05\/philocafe.png\",\"width\":892,\"height\":840},{\"@type\":\"BreadcrumbList\",\"@id\":\"https:\/\/tkg-duisburg.de\/?p=3885#breadcrumb\",\"itemListElement\":[{\"@type\":\"ListItem\",\"position\":1,\"name\":\"Startseite\",\"item\":\"https:\/\/tkg-duisburg.de\/\"},{\"@type\":\"ListItem\",\"position\":2,\"name\":\"Nachberichte Philosphisches Caf\u00e9\"}]},{\"@type\":\"WebSite\",\"@id\":\"https:\/\/tkg-duisburg.de\/#website\",\"url\":\"https:\/\/tkg-duisburg.de\/\",\"name\":\"Theodor K\u00f6nig Gesamtschule Duisburg\",\"description\":\"\",\"potentialAction\":[{\"@type\":\"SearchAction\",\"target\":{\"@type\":\"EntryPoint\",\"urlTemplate\":\"https:\/\/tkg-duisburg.de\/?s={search_term_string}\"},\"query-input\":\"required name=search_term_string\"}],\"inLanguage\":\"de\"},{\"@type\":\"Person\",\"@id\":\"https:\/\/tkg-duisburg.de\/#\/schema\/person\/5a5b174492de297d4b57e9a3d89564ee\",\"name\":\"Bj\u00f6rn Becker\",\"image\":{\"@type\":\"ImageObject\",\"inLanguage\":\"de\",\"@id\":\"https:\/\/tkg-duisburg.de\/#\/schema\/person\/image\/\",\"url\":\"https:\/\/secure.gravatar.com\/avatar\/c7690b9f448fdd19e7a021d2d0201faa0dc70513a48fc7103388e3231c3056a4?s=96&d=mm&r=g\",\"contentUrl\":\"https:\/\/secure.gravatar.com\/avatar\/c7690b9f448fdd19e7a021d2d0201faa0dc70513a48fc7103388e3231c3056a4?s=96&d=mm&r=g\",\"caption\":\"Bj\u00f6rn Becker\"},\"url\":\"https:\/\/tkg-duisburg.de\/?author=5\"}]}<\/script>\n<!-- \/ Yoast SEO plugin. -->","yoast_head_json":{"title":"Nachberichte Philosphisches Caf\u00e9 - Theodor K\u00f6nig Gesamtschule Duisburg","robots":{"index":"index","follow":"follow","max-snippet":"max-snippet:-1","max-image-preview":"max-image-preview:large","max-video-preview":"max-video-preview:-1"},"canonical":"https:\/\/tkg-duisburg.de\/?p=3885","og_locale":"de_DE","og_type":"article","og_title":"Nachberichte Philosphisches Caf\u00e9 - Theodor K\u00f6nig Gesamtschule Duisburg","og_description":"Herr Kaufmann berichtet aus den letzten &#8222;Philosophischen Caf\u00e9s&#8220;&#8230;","og_url":"https:\/\/tkg-duisburg.de\/?p=3885","og_site_name":"Theodor K\u00f6nig Gesamtschule Duisburg","article_published_time":"2019-05-25T14:07:26+00:00","og_image":[{"url":"https:\/\/tkg-duisburg.de\/wp-content\/uploads\/2019\/05\/philocafe.png"}],"author":"Bj\u00f6rn Becker","twitter_card":"summary_large_image","twitter_misc":{"Verfasst von":"Bj\u00f6rn Becker","Gesch\u00e4tzte Lesezeit":"7\u00a0Minuten"},"schema":{"@context":"https:\/\/schema.org","@graph":[{"@type":"WebPage","@id":"https:\/\/tkg-duisburg.de\/?p=3885","url":"https:\/\/tkg-duisburg.de\/?p=3885","name":"Nachberichte Philosphisches Caf\u00e9 - Theodor K\u00f6nig Gesamtschule Duisburg","isPartOf":{"@id":"https:\/\/tkg-duisburg.de\/#website"},"primaryImageOfPage":{"@id":"https:\/\/tkg-duisburg.de\/?p=3885#primaryimage"},"image":{"@id":"https:\/\/tkg-duisburg.de\/?p=3885#primaryimage"},"thumbnailUrl":"https:\/\/tkg-duisburg.de\/wp-content\/uploads\/2019\/05\/philocafe.png","datePublished":"2019-05-25T14:07:26+00:00","dateModified":"2019-05-25T14:07:26+00:00","author":{"@id":"https:\/\/tkg-duisburg.de\/#\/schema\/person\/5a5b174492de297d4b57e9a3d89564ee"},"breadcrumb":{"@id":"https:\/\/tkg-duisburg.de\/?p=3885#breadcrumb"},"inLanguage":"de","potentialAction":[{"@type":"ReadAction","target":["https:\/\/tkg-duisburg.de\/?p=3885"]}]},{"@type":"ImageObject","inLanguage":"de","@id":"https:\/\/tkg-duisburg.de\/?p=3885#primaryimage","url":"https:\/\/tkg-duisburg.de\/wp-content\/uploads\/2019\/05\/philocafe.png","contentUrl":"https:\/\/tkg-duisburg.de\/wp-content\/uploads\/2019\/05\/philocafe.png","width":892,"height":840},{"@type":"BreadcrumbList","@id":"https:\/\/tkg-duisburg.de\/?p=3885#breadcrumb","itemListElement":[{"@type":"ListItem","position":1,"name":"Startseite","item":"https:\/\/tkg-duisburg.de\/"},{"@type":"ListItem","position":2,"name":"Nachberichte Philosphisches Caf\u00e9"}]},{"@type":"WebSite","@id":"https:\/\/tkg-duisburg.de\/#website","url":"https:\/\/tkg-duisburg.de\/","name":"Theodor K\u00f6nig Gesamtschule Duisburg","description":"","potentialAction":[{"@type":"SearchAction","target":{"@type":"EntryPoint","urlTemplate":"https:\/\/tkg-duisburg.de\/?s={search_term_string}"},"query-input":"required name=search_term_string"}],"inLanguage":"de"},{"@type":"Person","@id":"https:\/\/tkg-duisburg.de\/#\/schema\/person\/5a5b174492de297d4b57e9a3d89564ee","name":"Bj\u00f6rn Becker","image":{"@type":"ImageObject","inLanguage":"de","@id":"https:\/\/tkg-duisburg.de\/#\/schema\/person\/image\/","url":"https:\/\/secure.gravatar.com\/avatar\/c7690b9f448fdd19e7a021d2d0201faa0dc70513a48fc7103388e3231c3056a4?s=96&d=mm&r=g","contentUrl":"https:\/\/secure.gravatar.com\/avatar\/c7690b9f448fdd19e7a021d2d0201faa0dc70513a48fc7103388e3231c3056a4?s=96&d=mm&r=g","caption":"Bj\u00f6rn Becker"},"url":"https:\/\/tkg-duisburg.de\/?author=5"}]}},"_links":{"self":[{"href":"https:\/\/tkg-duisburg.de\/index.php?rest_route=\/wp\/v2\/posts\/3885","targetHints":{"allow":["GET"]}}],"collection":[{"href":"https:\/\/tkg-duisburg.de\/index.php?rest_route=\/wp\/v2\/posts"}],"about":[{"href":"https:\/\/tkg-duisburg.de\/index.php?rest_route=\/wp\/v2\/types\/post"}],"author":[{"embeddable":true,"href":"https:\/\/tkg-duisburg.de\/index.php?rest_route=\/wp\/v2\/users\/5"}],"replies":[{"embeddable":true,"href":"https:\/\/tkg-duisburg.de\/index.php?rest_route=%2Fwp%2Fv2%2Fcomments&post=3885"}],"version-history":[{"count":1,"href":"https:\/\/tkg-duisburg.de\/index.php?rest_route=\/wp\/v2\/posts\/3885\/revisions"}],"predecessor-version":[{"id":3888,"href":"https:\/\/tkg-duisburg.de\/index.php?rest_route=\/wp\/v2\/posts\/3885\/revisions\/3888"}],"wp:attachment":[{"href":"https:\/\/tkg-duisburg.de\/index.php?rest_route=%2Fwp%2Fv2%2Fmedia&parent=3885"}],"wp:term":[{"taxonomy":"category","embeddable":true,"href":"https:\/\/tkg-duisburg.de\/index.php?rest_route=%2Fwp%2Fv2%2Fcategories&post=3885"},{"taxonomy":"post_tag","embeddable":true,"href":"https:\/\/tkg-duisburg.de\/index.php?rest_route=%2Fwp%2Fv2%2Ftags&post=3885"}],"curies":[{"name":"wp","href":"https:\/\/api.w.org\/{rel}","templated":true}]}}