{"id":3971,"date":"2019-09-01T20:40:58","date_gmt":"2019-09-01T18:40:58","guid":{"rendered":"http:\/\/tkg-duisburg.de\/?p=3971"},"modified":"2019-09-01T20:40:58","modified_gmt":"2019-09-01T18:40:58","slug":"die-mauer-im-neuen-glanz%ef%bb%bf","status":"publish","type":"post","link":"https:\/\/tkg-duisburg.de\/?p=3971","title":{"rendered":"Die Mauer \u2013 im neuen Glanz\ufeff"},"content":{"rendered":"\n<p>Sch\u00fcler und Sch\u00fclerinnen der Oberstufe, Herr Milika und Herr Bender gestalteten, unterst\u00fctzt von unserem Hausmeister Herrn Irriger, in den Sommerferien die Mauer auf dem Weg zum Oberstufengeb\u00e4ude neu und trotzten dabei den mehr als hochsommerlichen Temperaturen.<\/p>\n\n\n\n<figure class=\"wp-block-image\"><img loading=\"lazy\" decoding=\"async\" width=\"1024\" height=\"768\" src=\"https:\/\/tkg-duisburg.de\/wp-content\/uploads\/2019\/09\/IMG-20190820-WA0003-1-1024x768.jpg\" alt=\"\" class=\"wp-image-3975\" srcset=\"https:\/\/tkg-duisburg.de\/wp-content\/uploads\/2019\/09\/IMG-20190820-WA0003-1-1024x768.jpg 1024w, https:\/\/tkg-duisburg.de\/wp-content\/uploads\/2019\/09\/IMG-20190820-WA0003-1-300x225.jpg 300w, https:\/\/tkg-duisburg.de\/wp-content\/uploads\/2019\/09\/IMG-20190820-WA0003-1.jpg 1600w\" sizes=\"auto, (max-width: 1024px) 100vw, 1024px\" \/><\/figure>\n\n\n\n<p>Das Ergebnis kann sich sehen lassen, denn es entstand ein farbenfroher und einladender Blickfang.<\/p>\n\n\n\n<p>Ein herzliches Dankesch\u00f6n an die \u201eMauergruppe\u201c.<\/p>\n\n\n\n<ul class=\"wp-block-gallery columns-2 is-cropped wp-block-gallery-1 is-layout-flex wp-block-gallery-is-layout-flex\"><li class=\"blocks-gallery-item\"><figure><img loading=\"lazy\" decoding=\"async\" width=\"1024\" height=\"768\" src=\"https:\/\/tkg-duisburg.de\/wp-content\/uploads\/2019\/09\/IMG-20190830-WA0007-1024x768.jpg\" alt=\"\" data-id=\"3973\" data-link=\"https:\/\/tkg-duisburg.de\/?attachment_id=3973\" class=\"wp-image-3973\" srcset=\"https:\/\/tkg-duisburg.de\/wp-content\/uploads\/2019\/09\/IMG-20190830-WA0007-1024x768.jpg 1024w, https:\/\/tkg-duisburg.de\/wp-content\/uploads\/2019\/09\/IMG-20190830-WA0007-300x225.jpg 300w, https:\/\/tkg-duisburg.de\/wp-content\/uploads\/2019\/09\/IMG-20190830-WA0007.jpg 1600w\" sizes=\"auto, (max-width: 1024px) 100vw, 1024px\" \/><\/figure><\/li><li class=\"blocks-gallery-item\"><figure><img loading=\"lazy\" decoding=\"async\" width=\"1024\" height=\"768\" src=\"https:\/\/tkg-duisburg.de\/wp-content\/uploads\/2019\/09\/IMG-20190820-WA0002-1024x768.jpg\" alt=\"\" data-id=\"3974\" data-link=\"https:\/\/tkg-duisburg.de\/?attachment_id=3974\" class=\"wp-image-3974\" srcset=\"https:\/\/tkg-duisburg.de\/wp-content\/uploads\/2019\/09\/IMG-20190820-WA0002-1024x768.jpg 1024w, https:\/\/tkg-duisburg.de\/wp-content\/uploads\/2019\/09\/IMG-20190820-WA0002-300x225.jpg 300w, https:\/\/tkg-duisburg.de\/wp-content\/uploads\/2019\/09\/IMG-20190820-WA0002.jpg 1600w\" sizes=\"auto, (max-width: 1024px) 100vw, 1024px\" \/><\/figure><\/li><\/ul>\n\n\n\n<p><em>C. Hiller-Kitzmann<\/em><\/p>\n\n\n\n<p><em>(Abteilungsleiterin Oberstufe)<\/em><\/p>\n","protected":false},"excerpt":{"rendered":"<p>Sch\u00fcler und Sch\u00fclerinnen der Oberstufe, Herr Milika und Herr Bender gestalteten, unterst\u00fctzt von unserem Hausmeister Herrn Irriger, in den Sommerferien die Mauer auf dem Weg zum Oberstufengeb\u00e4ude neu und trotzten dabei den mehr als hochsommerlichen Temperaturen. Das Ergebnis kann sich sehen lassen, denn es entstand ein farbenfroher und einladender Blickfang. Ein herzliches Dankesch\u00f6n an die &hellip; <a href=\"https:\/\/tkg-duisburg.de\/?p=3971\" class=\"more-link\"><span class=\"screen-reader-text\">Die Mauer \u2013 im neuen Glanz\ufeff<\/span> weiterlesen <span class=\"meta-nav\">&rarr;<\/span><\/a><\/p>\n","protected":false},"author":5,"featured_media":0,"comment_status":"closed","ping_status":"open","sticky":false,"template":"","format":"standard","meta":{"footnotes":""},"categories":[1,31,40],"tags":[],"class_list":["post-3971","post","type-post","status-publish","format-standard","hentry","category-allgemein","category-ausserschulisches-lernen","category-sekundarstufe-ii"],"yoast_head":"<!-- This site is optimized with the Yoast SEO plugin v22.6 - https:\/\/yoast.com\/wordpress\/plugins\/seo\/ -->\n<title>Die Mauer \u2013 im neuen Glanz\ufeff - Theodor K\u00f6nig Gesamtschule Duisburg<\/title>\n<meta name=\"robots\" content=\"index, follow, max-snippet:-1, max-image-preview:large, max-video-preview:-1\" \/>\n<link rel=\"canonical\" href=\"https:\/\/tkg-duisburg.de\/?p=3971\" \/>\n<meta property=\"og:locale\" content=\"de_DE\" \/>\n<meta property=\"og:type\" content=\"article\" \/>\n<meta property=\"og:title\" content=\"Die Mauer \u2013 im neuen Glanz\ufeff - Theodor K\u00f6nig Gesamtschule Duisburg\" \/>\n<meta property=\"og:description\" content=\"Sch\u00fcler und Sch\u00fclerinnen der Oberstufe, Herr Milika und Herr Bender gestalteten, unterst\u00fctzt von unserem Hausmeister Herrn Irriger, in den Sommerferien die Mauer auf dem Weg zum Oberstufengeb\u00e4ude neu und trotzten dabei den mehr als hochsommerlichen Temperaturen. Das Ergebnis kann sich sehen lassen, denn es entstand ein farbenfroher und einladender Blickfang. Ein herzliches Dankesch\u00f6n an die &hellip; Die Mauer \u2013 im neuen Glanz\ufeff weiterlesen &rarr;\" \/>\n<meta property=\"og:url\" content=\"https:\/\/tkg-duisburg.de\/?p=3971\" \/>\n<meta property=\"og:site_name\" content=\"Theodor K\u00f6nig Gesamtschule Duisburg\" \/>\n<meta property=\"article:published_time\" content=\"2019-09-01T18:40:58+00:00\" \/>\n<meta property=\"og:image\" content=\"https:\/\/tkg-duisburg.de\/wp-content\/uploads\/2019\/09\/IMG-20190820-WA0003-1-1024x768.jpg\" \/>\n<meta name=\"author\" content=\"Bj\u00f6rn Becker\" \/>\n<meta name=\"twitter:card\" content=\"summary_large_image\" \/>\n<meta name=\"twitter:label1\" content=\"Verfasst von\" \/>\n\t<meta name=\"twitter:data1\" content=\"Bj\u00f6rn Becker\" \/>\n<script type=\"application\/ld+json\" class=\"yoast-schema-graph\">{\"@context\":\"https:\/\/schema.org\",\"@graph\":[{\"@type\":\"WebPage\",\"@id\":\"https:\/\/tkg-duisburg.de\/?p=3971\",\"url\":\"https:\/\/tkg-duisburg.de\/?p=3971\",\"name\":\"Die Mauer \u2013 im neuen Glanz\ufeff - Theodor K\u00f6nig Gesamtschule Duisburg\",\"isPartOf\":{\"@id\":\"https:\/\/tkg-duisburg.de\/#website\"},\"primaryImageOfPage\":{\"@id\":\"https:\/\/tkg-duisburg.de\/?p=3971#primaryimage\"},\"image\":{\"@id\":\"https:\/\/tkg-duisburg.de\/?p=3971#primaryimage\"},\"thumbnailUrl\":\"https:\/\/tkg-duisburg.de\/wp-content\/uploads\/2019\/09\/IMG-20190820-WA0003-1-1024x768.jpg\",\"datePublished\":\"2019-09-01T18:40:58+00:00\",\"dateModified\":\"2019-09-01T18:40:58+00:00\",\"author\":{\"@id\":\"https:\/\/tkg-duisburg.de\/#\/schema\/person\/5a5b174492de297d4b57e9a3d89564ee\"},\"breadcrumb\":{\"@id\":\"https:\/\/tkg-duisburg.de\/?p=3971#breadcrumb\"},\"inLanguage\":\"de\",\"potentialAction\":[{\"@type\":\"ReadAction\",\"target\":[\"https:\/\/tkg-duisburg.de\/?p=3971\"]}]},{\"@type\":\"ImageObject\",\"inLanguage\":\"de\",\"@id\":\"https:\/\/tkg-duisburg.de\/?p=3971#primaryimage\",\"url\":\"https:\/\/tkg-duisburg.de\/wp-content\/uploads\/2019\/09\/IMG-20190820-WA0003-1.jpg\",\"contentUrl\":\"https:\/\/tkg-duisburg.de\/wp-content\/uploads\/2019\/09\/IMG-20190820-WA0003-1.jpg\",\"width\":1600,\"height\":1200},{\"@type\":\"BreadcrumbList\",\"@id\":\"https:\/\/tkg-duisburg.de\/?p=3971#breadcrumb\",\"itemListElement\":[{\"@type\":\"ListItem\",\"position\":1,\"name\":\"Startseite\",\"item\":\"https:\/\/tkg-duisburg.de\/\"},{\"@type\":\"ListItem\",\"position\":2,\"name\":\"Die Mauer \u2013 im neuen Glanz\ufeff\"}]},{\"@type\":\"WebSite\",\"@id\":\"https:\/\/tkg-duisburg.de\/#website\",\"url\":\"https:\/\/tkg-duisburg.de\/\",\"name\":\"Theodor K\u00f6nig Gesamtschule Duisburg\",\"description\":\"\",\"potentialAction\":[{\"@type\":\"SearchAction\",\"target\":{\"@type\":\"EntryPoint\",\"urlTemplate\":\"https:\/\/tkg-duisburg.de\/?s={search_term_string}\"},\"query-input\":\"required name=search_term_string\"}],\"inLanguage\":\"de\"},{\"@type\":\"Person\",\"@id\":\"https:\/\/tkg-duisburg.de\/#\/schema\/person\/5a5b174492de297d4b57e9a3d89564ee\",\"name\":\"Bj\u00f6rn Becker\",\"image\":{\"@type\":\"ImageObject\",\"inLanguage\":\"de\",\"@id\":\"https:\/\/tkg-duisburg.de\/#\/schema\/person\/image\/\",\"url\":\"https:\/\/secure.gravatar.com\/avatar\/c7690b9f448fdd19e7a021d2d0201faa0dc70513a48fc7103388e3231c3056a4?s=96&d=mm&r=g\",\"contentUrl\":\"https:\/\/secure.gravatar.com\/avatar\/c7690b9f448fdd19e7a021d2d0201faa0dc70513a48fc7103388e3231c3056a4?s=96&d=mm&r=g\",\"caption\":\"Bj\u00f6rn Becker\"},\"url\":\"https:\/\/tkg-duisburg.de\/?author=5\"}]}<\/script>\n<!-- \/ Yoast SEO plugin. -->","yoast_head_json":{"title":"Die Mauer \u2013 im neuen Glanz\ufeff - Theodor K\u00f6nig Gesamtschule Duisburg","robots":{"index":"index","follow":"follow","max-snippet":"max-snippet:-1","max-image-preview":"max-image-preview:large","max-video-preview":"max-video-preview:-1"},"canonical":"https:\/\/tkg-duisburg.de\/?p=3971","og_locale":"de_DE","og_type":"article","og_title":"Die Mauer \u2013 im neuen Glanz\ufeff - Theodor K\u00f6nig Gesamtschule Duisburg","og_description":"Sch\u00fcler und Sch\u00fclerinnen der Oberstufe, Herr Milika und Herr Bender gestalteten, unterst\u00fctzt von unserem Hausmeister Herrn Irriger, in den Sommerferien die Mauer auf dem Weg zum Oberstufengeb\u00e4ude neu und trotzten dabei den mehr als hochsommerlichen Temperaturen. Das Ergebnis kann sich sehen lassen, denn es entstand ein farbenfroher und einladender Blickfang. Ein herzliches Dankesch\u00f6n an die &hellip; Die Mauer \u2013 im neuen Glanz\ufeff weiterlesen &rarr;","og_url":"https:\/\/tkg-duisburg.de\/?p=3971","og_site_name":"Theodor K\u00f6nig Gesamtschule Duisburg","article_published_time":"2019-09-01T18:40:58+00:00","og_image":[{"url":"https:\/\/tkg-duisburg.de\/wp-content\/uploads\/2019\/09\/IMG-20190820-WA0003-1-1024x768.jpg"}],"author":"Bj\u00f6rn Becker","twitter_card":"summary_large_image","twitter_misc":{"Verfasst von":"Bj\u00f6rn Becker"},"schema":{"@context":"https:\/\/schema.org","@graph":[{"@type":"WebPage","@id":"https:\/\/tkg-duisburg.de\/?p=3971","url":"https:\/\/tkg-duisburg.de\/?p=3971","name":"Die Mauer \u2013 im neuen Glanz\ufeff - Theodor K\u00f6nig Gesamtschule Duisburg","isPartOf":{"@id":"https:\/\/tkg-duisburg.de\/#website"},"primaryImageOfPage":{"@id":"https:\/\/tkg-duisburg.de\/?p=3971#primaryimage"},"image":{"@id":"https:\/\/tkg-duisburg.de\/?p=3971#primaryimage"},"thumbnailUrl":"https:\/\/tkg-duisburg.de\/wp-content\/uploads\/2019\/09\/IMG-20190820-WA0003-1-1024x768.jpg","datePublished":"2019-09-01T18:40:58+00:00","dateModified":"2019-09-01T18:40:58+00:00","author":{"@id":"https:\/\/tkg-duisburg.de\/#\/schema\/person\/5a5b174492de297d4b57e9a3d89564ee"},"breadcrumb":{"@id":"https:\/\/tkg-duisburg.de\/?p=3971#breadcrumb"},"inLanguage":"de","potentialAction":[{"@type":"ReadAction","target":["https:\/\/tkg-duisburg.de\/?p=3971"]}]},{"@type":"ImageObject","inLanguage":"de","@id":"https:\/\/tkg-duisburg.de\/?p=3971#primaryimage","url":"https:\/\/tkg-duisburg.de\/wp-content\/uploads\/2019\/09\/IMG-20190820-WA0003-1.jpg","contentUrl":"https:\/\/tkg-duisburg.de\/wp-content\/uploads\/2019\/09\/IMG-20190820-WA0003-1.jpg","width":1600,"height":1200},{"@type":"BreadcrumbList","@id":"https:\/\/tkg-duisburg.de\/?p=3971#breadcrumb","itemListElement":[{"@type":"ListItem","position":1,"name":"Startseite","item":"https:\/\/tkg-duisburg.de\/"},{"@type":"ListItem","position":2,"name":"Die Mauer \u2013 im neuen Glanz\ufeff"}]},{"@type":"WebSite","@id":"https:\/\/tkg-duisburg.de\/#website","url":"https:\/\/tkg-duisburg.de\/","name":"Theodor K\u00f6nig Gesamtschule Duisburg","description":"","potentialAction":[{"@type":"SearchAction","target":{"@type":"EntryPoint","urlTemplate":"https:\/\/tkg-duisburg.de\/?s={search_term_string}"},"query-input":"required name=search_term_string"}],"inLanguage":"de"},{"@type":"Person","@id":"https:\/\/tkg-duisburg.de\/#\/schema\/person\/5a5b174492de297d4b57e9a3d89564ee","name":"Bj\u00f6rn Becker","image":{"@type":"ImageObject","inLanguage":"de","@id":"https:\/\/tkg-duisburg.de\/#\/schema\/person\/image\/","url":"https:\/\/secure.gravatar.com\/avatar\/c7690b9f448fdd19e7a021d2d0201faa0dc70513a48fc7103388e3231c3056a4?s=96&d=mm&r=g","contentUrl":"https:\/\/secure.gravatar.com\/avatar\/c7690b9f448fdd19e7a021d2d0201faa0dc70513a48fc7103388e3231c3056a4?s=96&d=mm&r=g","caption":"Bj\u00f6rn Becker"},"url":"https:\/\/tkg-duisburg.de\/?author=5"}]}},"_links":{"self":[{"href":"https:\/\/tkg-duisburg.de\/index.php?rest_route=\/wp\/v2\/posts\/3971","targetHints":{"allow":["GET"]}}],"collection":[{"href":"https:\/\/tkg-duisburg.de\/index.php?rest_route=\/wp\/v2\/posts"}],"about":[{"href":"https:\/\/tkg-duisburg.de\/index.php?rest_route=\/wp\/v2\/types\/post"}],"author":[{"embeddable":true,"href":"https:\/\/tkg-duisburg.de\/index.php?rest_route=\/wp\/v2\/users\/5"}],"replies":[{"embeddable":true,"href":"https:\/\/tkg-duisburg.de\/index.php?rest_route=%2Fwp%2Fv2%2Fcomments&post=3971"}],"version-history":[{"count":1,"href":"https:\/\/tkg-duisburg.de\/index.php?rest_route=\/wp\/v2\/posts\/3971\/revisions"}],"predecessor-version":[{"id":3976,"href":"https:\/\/tkg-duisburg.de\/index.php?rest_route=\/wp\/v2\/posts\/3971\/revisions\/3976"}],"wp:attachment":[{"href":"https:\/\/tkg-duisburg.de\/index.php?rest_route=%2Fwp%2Fv2%2Fmedia&parent=3971"}],"wp:term":[{"taxonomy":"category","embeddable":true,"href":"https:\/\/tkg-duisburg.de\/index.php?rest_route=%2Fwp%2Fv2%2Fcategories&post=3971"},{"taxonomy":"post_tag","embeddable":true,"href":"https:\/\/tkg-duisburg.de\/index.php?rest_route=%2Fwp%2Fv2%2Ftags&post=3971"}],"curies":[{"name":"wp","href":"https:\/\/api.w.org\/{rel}","templated":true}]}}