{"id":3998,"date":"2019-09-14T15:50:33","date_gmt":"2019-09-14T13:50:33","guid":{"rendered":"http:\/\/tkg-duisburg.de\/?p=3998"},"modified":"2019-09-16T10:34:35","modified_gmt":"2019-09-16T08:34:35","slug":"gruss-zum-schuljahresbeginn","status":"publish","type":"post","link":"https:\/\/tkg-duisburg.de\/?p=3998","title":{"rendered":"Gru\u00df zum Schuljahresbeginn"},"content":{"rendered":"\n<p>Liebe Schulgemeinde,<\/p>\n\n\n\n<p>inzwischen hat das neue Schuljahr Fahrt aufgenommen. M\u00f6ge es gut gelingen.<\/p>\n\n\n\n<p>Zwei neue Lehrerinnen, <strong>Frau Driftschr\u00f6er<\/strong> und <strong>Frau Scipione<\/strong>, werden unser bew\u00e4hrtes Lehrer\/-innen-Team tatkr\u00e4ftig unterst\u00fctzen. Das gilt selbstverst\u00e4ndlich auch f\u00fcr Kollegen\/-innen, die uns tempor\u00e4r zur Seite stehen.<\/p>\n\n\n\n<p>Auch unsere Mitarbeiter des au\u00dferschulischen Partners sind voller guter Ideen an den Start gegangen. Erfreulicherweise kann sich das Essensangebot in diesem Schuljahr gut sehen lassen. Viele helfende H\u00e4nde tragen dazu bei.<\/p>\n\n\n\n<p>Unsere Sch\u00fcler\/-innen der unteren Jahrg\u00e4nge freuen sich auf das bald anstehende Zirkusprojekt. Die Vorbereitungen sind in vollem Gange.<\/p>\n\n\n\n<p>Zum Wohle der Sch\u00fclerinnen und Sch\u00fcler der Abteilung 2 liegt nun der Lehrplan zur Berufsorientierung vor (nachzulesen <a href=\"https:\/\/tkg-duisburg.de\/?page_id=3980\">hier<\/a>). Die Fortschreibung f\u00fcr die Oberstufe folgt. Unsere Schulpartnerschaft mit Namibia wird nat\u00fcrlich fortgesetzt.<\/p>\n\n\n\n<p>Es gr\u00fc\u00dft Sie\/ euch herzlich,<\/p>\n\n\n\n<p><em>U. Hoppen<\/em><\/p>\n\n\n\n<p>(Schulleiterin)<\/p>\n","protected":false},"excerpt":{"rendered":"<p>Liebe Schulgemeinde, inzwischen hat das neue Schuljahr Fahrt aufgenommen. M\u00f6ge es gut gelingen. Zwei neue Lehrerinnen, Frau Driftschr\u00f6er und Frau Scipione, werden unser bew\u00e4hrtes Lehrer\/-innen-Team tatkr\u00e4ftig unterst\u00fctzen. Das gilt selbstverst\u00e4ndlich auch f\u00fcr Kollegen\/-innen, die uns tempor\u00e4r zur Seite stehen. Auch unsere Mitarbeiter des au\u00dferschulischen Partners sind voller guter Ideen an den Start gegangen. Erfreulicherweise kann &hellip; <a href=\"https:\/\/tkg-duisburg.de\/?p=3998\" class=\"more-link\"><span class=\"screen-reader-text\">Gru\u00df zum Schuljahresbeginn<\/span> weiterlesen <span class=\"meta-nav\">&rarr;<\/span><\/a><\/p>\n","protected":false},"author":5,"featured_media":0,"comment_status":"closed","ping_status":"open","sticky":false,"template":"","format":"standard","meta":{"footnotes":""},"categories":[1],"tags":[],"class_list":["post-3998","post","type-post","status-publish","format-standard","hentry","category-allgemein"],"yoast_head":"<!-- This site is optimized with the Yoast SEO plugin v22.6 - https:\/\/yoast.com\/wordpress\/plugins\/seo\/ -->\n<title>Gru\u00df zum Schuljahresbeginn - Theodor K\u00f6nig Gesamtschule Duisburg<\/title>\n<meta name=\"robots\" content=\"index, follow, max-snippet:-1, max-image-preview:large, max-video-preview:-1\" \/>\n<link rel=\"canonical\" href=\"https:\/\/tkg-duisburg.de\/?p=3998\" \/>\n<meta property=\"og:locale\" content=\"de_DE\" \/>\n<meta property=\"og:type\" content=\"article\" \/>\n<meta property=\"og:title\" content=\"Gru\u00df zum Schuljahresbeginn - Theodor K\u00f6nig Gesamtschule Duisburg\" \/>\n<meta property=\"og:description\" content=\"Liebe Schulgemeinde, inzwischen hat das neue Schuljahr Fahrt aufgenommen. M\u00f6ge es gut gelingen. Zwei neue Lehrerinnen, Frau Driftschr\u00f6er und Frau Scipione, werden unser bew\u00e4hrtes Lehrer\/-innen-Team tatkr\u00e4ftig unterst\u00fctzen. Das gilt selbstverst\u00e4ndlich auch f\u00fcr Kollegen\/-innen, die uns tempor\u00e4r zur Seite stehen. Auch unsere Mitarbeiter des au\u00dferschulischen Partners sind voller guter Ideen an den Start gegangen. Erfreulicherweise kann &hellip; Gru\u00df zum Schuljahresbeginn weiterlesen &rarr;\" \/>\n<meta property=\"og:url\" content=\"https:\/\/tkg-duisburg.de\/?p=3998\" \/>\n<meta property=\"og:site_name\" content=\"Theodor K\u00f6nig Gesamtschule Duisburg\" \/>\n<meta property=\"article:published_time\" content=\"2019-09-14T13:50:33+00:00\" \/>\n<meta property=\"article:modified_time\" content=\"2019-09-16T08:34:35+00:00\" \/>\n<meta name=\"author\" content=\"Bj\u00f6rn Becker\" \/>\n<meta name=\"twitter:card\" content=\"summary_large_image\" \/>\n<meta name=\"twitter:label1\" content=\"Verfasst von\" \/>\n\t<meta name=\"twitter:data1\" content=\"Bj\u00f6rn Becker\" \/>\n\t<meta name=\"twitter:label2\" content=\"Gesch\u00e4tzte Lesezeit\" \/>\n\t<meta name=\"twitter:data2\" content=\"1\u00a0Minute\" \/>\n<script type=\"application\/ld+json\" class=\"yoast-schema-graph\">{\"@context\":\"https:\/\/schema.org\",\"@graph\":[{\"@type\":\"WebPage\",\"@id\":\"https:\/\/tkg-duisburg.de\/?p=3998\",\"url\":\"https:\/\/tkg-duisburg.de\/?p=3998\",\"name\":\"Gru\u00df zum Schuljahresbeginn - Theodor K\u00f6nig Gesamtschule Duisburg\",\"isPartOf\":{\"@id\":\"https:\/\/tkg-duisburg.de\/#website\"},\"datePublished\":\"2019-09-14T13:50:33+00:00\",\"dateModified\":\"2019-09-16T08:34:35+00:00\",\"author\":{\"@id\":\"https:\/\/tkg-duisburg.de\/#\/schema\/person\/5a5b174492de297d4b57e9a3d89564ee\"},\"breadcrumb\":{\"@id\":\"https:\/\/tkg-duisburg.de\/?p=3998#breadcrumb\"},\"inLanguage\":\"de\",\"potentialAction\":[{\"@type\":\"ReadAction\",\"target\":[\"https:\/\/tkg-duisburg.de\/?p=3998\"]}]},{\"@type\":\"BreadcrumbList\",\"@id\":\"https:\/\/tkg-duisburg.de\/?p=3998#breadcrumb\",\"itemListElement\":[{\"@type\":\"ListItem\",\"position\":1,\"name\":\"Startseite\",\"item\":\"https:\/\/tkg-duisburg.de\/\"},{\"@type\":\"ListItem\",\"position\":2,\"name\":\"Gru\u00df zum Schuljahresbeginn\"}]},{\"@type\":\"WebSite\",\"@id\":\"https:\/\/tkg-duisburg.de\/#website\",\"url\":\"https:\/\/tkg-duisburg.de\/\",\"name\":\"Theodor K\u00f6nig Gesamtschule Duisburg\",\"description\":\"\",\"potentialAction\":[{\"@type\":\"SearchAction\",\"target\":{\"@type\":\"EntryPoint\",\"urlTemplate\":\"https:\/\/tkg-duisburg.de\/?s={search_term_string}\"},\"query-input\":\"required name=search_term_string\"}],\"inLanguage\":\"de\"},{\"@type\":\"Person\",\"@id\":\"https:\/\/tkg-duisburg.de\/#\/schema\/person\/5a5b174492de297d4b57e9a3d89564ee\",\"name\":\"Bj\u00f6rn Becker\",\"image\":{\"@type\":\"ImageObject\",\"inLanguage\":\"de\",\"@id\":\"https:\/\/tkg-duisburg.de\/#\/schema\/person\/image\/\",\"url\":\"https:\/\/secure.gravatar.com\/avatar\/c7690b9f448fdd19e7a021d2d0201faa0dc70513a48fc7103388e3231c3056a4?s=96&d=mm&r=g\",\"contentUrl\":\"https:\/\/secure.gravatar.com\/avatar\/c7690b9f448fdd19e7a021d2d0201faa0dc70513a48fc7103388e3231c3056a4?s=96&d=mm&r=g\",\"caption\":\"Bj\u00f6rn Becker\"},\"url\":\"https:\/\/tkg-duisburg.de\/?author=5\"}]}<\/script>\n<!-- \/ Yoast SEO plugin. -->","yoast_head_json":{"title":"Gru\u00df zum Schuljahresbeginn - Theodor K\u00f6nig Gesamtschule Duisburg","robots":{"index":"index","follow":"follow","max-snippet":"max-snippet:-1","max-image-preview":"max-image-preview:large","max-video-preview":"max-video-preview:-1"},"canonical":"https:\/\/tkg-duisburg.de\/?p=3998","og_locale":"de_DE","og_type":"article","og_title":"Gru\u00df zum Schuljahresbeginn - Theodor K\u00f6nig Gesamtschule Duisburg","og_description":"Liebe Schulgemeinde, inzwischen hat das neue Schuljahr Fahrt aufgenommen. M\u00f6ge es gut gelingen. Zwei neue Lehrerinnen, Frau Driftschr\u00f6er und Frau Scipione, werden unser bew\u00e4hrtes Lehrer\/-innen-Team tatkr\u00e4ftig unterst\u00fctzen. Das gilt selbstverst\u00e4ndlich auch f\u00fcr Kollegen\/-innen, die uns tempor\u00e4r zur Seite stehen. Auch unsere Mitarbeiter des au\u00dferschulischen Partners sind voller guter Ideen an den Start gegangen. Erfreulicherweise kann &hellip; Gru\u00df zum Schuljahresbeginn weiterlesen &rarr;","og_url":"https:\/\/tkg-duisburg.de\/?p=3998","og_site_name":"Theodor K\u00f6nig Gesamtschule Duisburg","article_published_time":"2019-09-14T13:50:33+00:00","article_modified_time":"2019-09-16T08:34:35+00:00","author":"Bj\u00f6rn Becker","twitter_card":"summary_large_image","twitter_misc":{"Verfasst von":"Bj\u00f6rn Becker","Gesch\u00e4tzte Lesezeit":"1\u00a0Minute"},"schema":{"@context":"https:\/\/schema.org","@graph":[{"@type":"WebPage","@id":"https:\/\/tkg-duisburg.de\/?p=3998","url":"https:\/\/tkg-duisburg.de\/?p=3998","name":"Gru\u00df zum Schuljahresbeginn - Theodor K\u00f6nig Gesamtschule Duisburg","isPartOf":{"@id":"https:\/\/tkg-duisburg.de\/#website"},"datePublished":"2019-09-14T13:50:33+00:00","dateModified":"2019-09-16T08:34:35+00:00","author":{"@id":"https:\/\/tkg-duisburg.de\/#\/schema\/person\/5a5b174492de297d4b57e9a3d89564ee"},"breadcrumb":{"@id":"https:\/\/tkg-duisburg.de\/?p=3998#breadcrumb"},"inLanguage":"de","potentialAction":[{"@type":"ReadAction","target":["https:\/\/tkg-duisburg.de\/?p=3998"]}]},{"@type":"BreadcrumbList","@id":"https:\/\/tkg-duisburg.de\/?p=3998#breadcrumb","itemListElement":[{"@type":"ListItem","position":1,"name":"Startseite","item":"https:\/\/tkg-duisburg.de\/"},{"@type":"ListItem","position":2,"name":"Gru\u00df zum Schuljahresbeginn"}]},{"@type":"WebSite","@id":"https:\/\/tkg-duisburg.de\/#website","url":"https:\/\/tkg-duisburg.de\/","name":"Theodor K\u00f6nig Gesamtschule Duisburg","description":"","potentialAction":[{"@type":"SearchAction","target":{"@type":"EntryPoint","urlTemplate":"https:\/\/tkg-duisburg.de\/?s={search_term_string}"},"query-input":"required name=search_term_string"}],"inLanguage":"de"},{"@type":"Person","@id":"https:\/\/tkg-duisburg.de\/#\/schema\/person\/5a5b174492de297d4b57e9a3d89564ee","name":"Bj\u00f6rn Becker","image":{"@type":"ImageObject","inLanguage":"de","@id":"https:\/\/tkg-duisburg.de\/#\/schema\/person\/image\/","url":"https:\/\/secure.gravatar.com\/avatar\/c7690b9f448fdd19e7a021d2d0201faa0dc70513a48fc7103388e3231c3056a4?s=96&d=mm&r=g","contentUrl":"https:\/\/secure.gravatar.com\/avatar\/c7690b9f448fdd19e7a021d2d0201faa0dc70513a48fc7103388e3231c3056a4?s=96&d=mm&r=g","caption":"Bj\u00f6rn Becker"},"url":"https:\/\/tkg-duisburg.de\/?author=5"}]}},"_links":{"self":[{"href":"https:\/\/tkg-duisburg.de\/index.php?rest_route=\/wp\/v2\/posts\/3998","targetHints":{"allow":["GET"]}}],"collection":[{"href":"https:\/\/tkg-duisburg.de\/index.php?rest_route=\/wp\/v2\/posts"}],"about":[{"href":"https:\/\/tkg-duisburg.de\/index.php?rest_route=\/wp\/v2\/types\/post"}],"author":[{"embeddable":true,"href":"https:\/\/tkg-duisburg.de\/index.php?rest_route=\/wp\/v2\/users\/5"}],"replies":[{"embeddable":true,"href":"https:\/\/tkg-duisburg.de\/index.php?rest_route=%2Fwp%2Fv2%2Fcomments&post=3998"}],"version-history":[{"count":3,"href":"https:\/\/tkg-duisburg.de\/index.php?rest_route=\/wp\/v2\/posts\/3998\/revisions"}],"predecessor-version":[{"id":4002,"href":"https:\/\/tkg-duisburg.de\/index.php?rest_route=\/wp\/v2\/posts\/3998\/revisions\/4002"}],"wp:attachment":[{"href":"https:\/\/tkg-duisburg.de\/index.php?rest_route=%2Fwp%2Fv2%2Fmedia&parent=3998"}],"wp:term":[{"taxonomy":"category","embeddable":true,"href":"https:\/\/tkg-duisburg.de\/index.php?rest_route=%2Fwp%2Fv2%2Fcategories&post=3998"},{"taxonomy":"post_tag","embeddable":true,"href":"https:\/\/tkg-duisburg.de\/index.php?rest_route=%2Fwp%2Fv2%2Ftags&post=3998"}],"curies":[{"name":"wp","href":"https:\/\/api.w.org\/{rel}","templated":true}]}}