{"id":4008,"date":"2019-09-19T17:27:37","date_gmt":"2019-09-19T15:27:37","guid":{"rendered":"http:\/\/tkg-duisburg.de\/?p=4008"},"modified":"2019-11-07T15:47:05","modified_gmt":"2019-11-07T13:47:05","slug":"ausstellungseroeffnung-der-q-1-im-oberhof","status":"publish","type":"post","link":"https:\/\/tkg-duisburg.de\/?p=4008","title":{"rendered":"Ausstellungser\u00f6ffnung der Q 1 im Oberhof"},"content":{"rendered":"\n<p>Am Dienstag, 17.09.2019, er\u00f6ffnete der Kunstkurs der Jahrgangsstufe Q 1 im Oberhof in Duisburg-Beeck seine Ausstellung zum Thema \u201e Portr\u00e4t und Selbstportr\u00e4t\u201c.<\/p>\n\n\n\n<figure class=\"wp-block-image\"><img loading=\"lazy\" decoding=\"async\" width=\"1024\" height=\"768\" src=\"https:\/\/tkg-duisburg.de\/wp-content\/uploads\/2019\/09\/IMG_20190917_133314-1024x768.jpg\" alt=\"\" class=\"wp-image-4009\" srcset=\"https:\/\/tkg-duisburg.de\/wp-content\/uploads\/2019\/09\/IMG_20190917_133314-1024x768.jpg 1024w, https:\/\/tkg-duisburg.de\/wp-content\/uploads\/2019\/09\/IMG_20190917_133314-300x225.jpg 300w\" sizes=\"auto, (max-width: 1024px) 100vw, 1024px\" \/><\/figure>\n\n\n\n<!--more-->\n\n\n\n<p>Zu sehen sind Plastiken aus Ton, Malereien und Hochdrucke, die im vergangenen Schuljahr entstanden sind. Die Arbeiten zeigen nicht nur die Sch\u00fcler und Sch\u00fclerinnen, sondern gew\u00e4hren auch einen Einblick in ihre jeweilige Pers\u00f6nlichkeit. Diese Einblicke fanden alle Besucher sehr beeindruckend.<\/p>\n\n\n\n<p>In Kurzvortr\u00e4gen erfuhren die G\u00e4ste Hintergr\u00fcnde zur jeweiligen Aufgabenstellung, den Herstellungstechniken und den damit verbundenen Schwierigkeiten.<\/p>\n\n\n\n<blockquote class=\"wp-block-quote is-layout-flow wp-block-quote-is-layout-flow\"><p>&#8222;Was bin ich?&#8220; ist das Thema der Ausstellung. Die Arbeiten sind ein Ausdruck der Selbstreflexion und dienen im weitesten Sinne der Pers\u00f6nlichkeitsbildung.<\/p><cite>Elke Schlierkamp, Didaktische Leitung und Kunstlehrerin der QII<\/cite><\/blockquote>\n\n\n\n<p>Frau Hoppen als Schulleiterin, Frau Hiller-Kitzmann als Abteilungsleiterin Oberstufe, Herr Nies und unsere SV-Vertretung waren von den Arbeiten absolut begeistert, weil \u201elebendig, einzigartig, beeindruckend \u2026\u201c<\/p>\n\n\n\n<p>Unsere K\u00fcnstlerinnen und K\u00fcnstler freuten sich \u00fcber das Lob, die anregenden Gespr\u00e4che und besonders \u00fcber die richtige Antwort auf die Frage: \u201cWer ist das?\u201c.<\/p>\n\n\n\n<p>Unsere K\u00fcnstler und K\u00fcnstlerinnen und die TKG danken dem Team des Oberhofs f\u00fcr die Ausstellungsm\u00f6glichkeit in besonderer Atmosph\u00e4re.<\/p>\n\n\n\n<ul class=\"wp-block-gallery columns-3 is-cropped wp-block-gallery-1 is-layout-flex wp-block-gallery-is-layout-flex\"><li class=\"blocks-gallery-item\"><figure><img loading=\"lazy\" decoding=\"async\" width=\"1024\" height=\"768\" src=\"https:\/\/tkg-duisburg.de\/wp-content\/uploads\/2019\/09\/IMG_20190917_131545-1024x768.jpg\" alt=\"\" data-id=\"4010\" data-link=\"https:\/\/tkg-duisburg.de\/?attachment_id=4010\" class=\"wp-image-4010\" srcset=\"https:\/\/tkg-duisburg.de\/wp-content\/uploads\/2019\/09\/IMG_20190917_131545-1024x768.jpg 1024w, https:\/\/tkg-duisburg.de\/wp-content\/uploads\/2019\/09\/IMG_20190917_131545-300x225.jpg 300w\" sizes=\"auto, (max-width: 1024px) 100vw, 1024px\" \/><\/figure><\/li><li class=\"blocks-gallery-item\"><figure><img loading=\"lazy\" decoding=\"async\" width=\"1024\" height=\"768\" src=\"https:\/\/tkg-duisburg.de\/wp-content\/uploads\/2019\/09\/IMG_20190917_130715-1024x768.jpg\" alt=\"\" data-id=\"4011\" data-link=\"https:\/\/tkg-duisburg.de\/?attachment_id=4011\" class=\"wp-image-4011\" srcset=\"https:\/\/tkg-duisburg.de\/wp-content\/uploads\/2019\/09\/IMG_20190917_130715-1024x768.jpg 1024w, https:\/\/tkg-duisburg.de\/wp-content\/uploads\/2019\/09\/IMG_20190917_130715-300x225.jpg 300w\" sizes=\"auto, (max-width: 1024px) 100vw, 1024px\" \/><\/figure><\/li><li class=\"blocks-gallery-item\"><figure><img loading=\"lazy\" decoding=\"async\" width=\"1024\" height=\"768\" src=\"https:\/\/tkg-duisburg.de\/wp-content\/uploads\/2019\/09\/IMG-20190917-WA0001-1024x768.jpg\" alt=\"\" data-id=\"4012\" data-link=\"https:\/\/tkg-duisburg.de\/?attachment_id=4012\" class=\"wp-image-4012\" srcset=\"https:\/\/tkg-duisburg.de\/wp-content\/uploads\/2019\/09\/IMG-20190917-WA0001-1024x768.jpg 1024w, https:\/\/tkg-duisburg.de\/wp-content\/uploads\/2019\/09\/IMG-20190917-WA0001-300x225.jpg 300w, https:\/\/tkg-duisburg.de\/wp-content\/uploads\/2019\/09\/IMG-20190917-WA0001.jpg 1600w\" sizes=\"auto, (max-width: 1024px) 100vw, 1024px\" \/><\/figure><\/li><li class=\"blocks-gallery-item\"><figure><img loading=\"lazy\" decoding=\"async\" width=\"768\" height=\"1024\" src=\"https:\/\/tkg-duisburg.de\/wp-content\/uploads\/2019\/09\/IMG_20190917_131628-768x1024.jpg\" alt=\"\" data-id=\"4013\" data-link=\"https:\/\/tkg-duisburg.de\/?attachment_id=4013\" class=\"wp-image-4013\" srcset=\"https:\/\/tkg-duisburg.de\/wp-content\/uploads\/2019\/09\/IMG_20190917_131628-768x1024.jpg 768w, https:\/\/tkg-duisburg.de\/wp-content\/uploads\/2019\/09\/IMG_20190917_131628-150x200.jpg 150w, https:\/\/tkg-duisburg.de\/wp-content\/uploads\/2019\/09\/IMG_20190917_131628-225x300.jpg 225w\" sizes=\"auto, (max-width: 768px) 100vw, 768px\" \/><\/figure><\/li><\/ul>\n\n\n\n<p>Neugierig geworden?<\/p>\n\n\n\n<p>Dann schauen Sie doch bis zum <strong>04.11.2019<\/strong> im Oberhof in Beeck vorbei.<\/p>\n\n\n\n<p><em>C. Hiller-Kitzmann; Abteilungsleiterin Oberstufe<\/em><br><\/p>\n","protected":false},"excerpt":{"rendered":"<p>Am Dienstag, 17.09.2019, er\u00f6ffnete der Kunstkurs der Jahrgangsstufe Q 1 im Oberhof in Duisburg-Beeck seine Ausstellung zum Thema \u201e Portr\u00e4t und Selbstportr\u00e4t\u201c.<\/p>\n","protected":false},"author":5,"featured_media":0,"comment_status":"closed","ping_status":"open","sticky":false,"template":"","format":"standard","meta":{"footnotes":""},"categories":[37,55,27,40],"tags":[],"class_list":["post-4008","post","type-post","status-publish","format-standard","hentry","category-externe-kooperation","category-kunst","category-qi","category-sekundarstufe-ii"],"yoast_head":"<!-- This site is optimized with the Yoast SEO plugin v22.6 - https:\/\/yoast.com\/wordpress\/plugins\/seo\/ -->\n<title>Ausstellungser\u00f6ffnung der Q 1 im Oberhof - Theodor K\u00f6nig Gesamtschule Duisburg<\/title>\n<meta name=\"robots\" content=\"index, follow, max-snippet:-1, max-image-preview:large, max-video-preview:-1\" \/>\n<link rel=\"canonical\" href=\"https:\/\/tkg-duisburg.de\/?p=4008\" \/>\n<meta property=\"og:locale\" content=\"de_DE\" \/>\n<meta property=\"og:type\" content=\"article\" \/>\n<meta property=\"og:title\" content=\"Ausstellungser\u00f6ffnung der Q 1 im Oberhof - Theodor K\u00f6nig Gesamtschule Duisburg\" \/>\n<meta property=\"og:description\" content=\"Am Dienstag, 17.09.2019, er\u00f6ffnete der Kunstkurs der Jahrgangsstufe Q 1 im Oberhof in Duisburg-Beeck seine Ausstellung zum Thema \u201e Portr\u00e4t und Selbstportr\u00e4t\u201c.\" \/>\n<meta property=\"og:url\" content=\"https:\/\/tkg-duisburg.de\/?p=4008\" \/>\n<meta property=\"og:site_name\" content=\"Theodor K\u00f6nig Gesamtschule Duisburg\" \/>\n<meta property=\"article:published_time\" content=\"2019-09-19T15:27:37+00:00\" \/>\n<meta property=\"article:modified_time\" content=\"2019-11-07T13:47:05+00:00\" \/>\n<meta property=\"og:image\" content=\"https:\/\/tkg-duisburg.de\/wp-content\/uploads\/2019\/09\/IMG_20190917_133314-1024x768.jpg\" \/>\n<meta name=\"author\" content=\"Bj\u00f6rn Becker\" \/>\n<meta name=\"twitter:card\" content=\"summary_large_image\" \/>\n<meta name=\"twitter:label1\" content=\"Verfasst von\" \/>\n\t<meta name=\"twitter:data1\" content=\"Bj\u00f6rn Becker\" \/>\n\t<meta name=\"twitter:label2\" content=\"Gesch\u00e4tzte Lesezeit\" \/>\n\t<meta name=\"twitter:data2\" content=\"1\u00a0Minute\" \/>\n<script type=\"application\/ld+json\" class=\"yoast-schema-graph\">{\"@context\":\"https:\/\/schema.org\",\"@graph\":[{\"@type\":\"WebPage\",\"@id\":\"https:\/\/tkg-duisburg.de\/?p=4008\",\"url\":\"https:\/\/tkg-duisburg.de\/?p=4008\",\"name\":\"Ausstellungser\u00f6ffnung der Q 1 im Oberhof - Theodor K\u00f6nig Gesamtschule Duisburg\",\"isPartOf\":{\"@id\":\"https:\/\/tkg-duisburg.de\/#website\"},\"primaryImageOfPage\":{\"@id\":\"https:\/\/tkg-duisburg.de\/?p=4008#primaryimage\"},\"image\":{\"@id\":\"https:\/\/tkg-duisburg.de\/?p=4008#primaryimage\"},\"thumbnailUrl\":\"https:\/\/tkg-duisburg.de\/wp-content\/uploads\/2019\/09\/IMG_20190917_133314-1024x768.jpg\",\"datePublished\":\"2019-09-19T15:27:37+00:00\",\"dateModified\":\"2019-11-07T13:47:05+00:00\",\"author\":{\"@id\":\"https:\/\/tkg-duisburg.de\/#\/schema\/person\/5a5b174492de297d4b57e9a3d89564ee\"},\"breadcrumb\":{\"@id\":\"https:\/\/tkg-duisburg.de\/?p=4008#breadcrumb\"},\"inLanguage\":\"de\",\"potentialAction\":[{\"@type\":\"ReadAction\",\"target\":[\"https:\/\/tkg-duisburg.de\/?p=4008\"]}]},{\"@type\":\"ImageObject\",\"inLanguage\":\"de\",\"@id\":\"https:\/\/tkg-duisburg.de\/?p=4008#primaryimage\",\"url\":\"https:\/\/tkg-duisburg.de\/wp-content\/uploads\/2019\/09\/IMG_20190917_133314.jpg\",\"contentUrl\":\"https:\/\/tkg-duisburg.de\/wp-content\/uploads\/2019\/09\/IMG_20190917_133314.jpg\",\"width\":3968,\"height\":2976},{\"@type\":\"BreadcrumbList\",\"@id\":\"https:\/\/tkg-duisburg.de\/?p=4008#breadcrumb\",\"itemListElement\":[{\"@type\":\"ListItem\",\"position\":1,\"name\":\"Startseite\",\"item\":\"https:\/\/tkg-duisburg.de\/\"},{\"@type\":\"ListItem\",\"position\":2,\"name\":\"Ausstellungser\u00f6ffnung der Q 1 im Oberhof\"}]},{\"@type\":\"WebSite\",\"@id\":\"https:\/\/tkg-duisburg.de\/#website\",\"url\":\"https:\/\/tkg-duisburg.de\/\",\"name\":\"Theodor K\u00f6nig Gesamtschule Duisburg\",\"description\":\"\",\"potentialAction\":[{\"@type\":\"SearchAction\",\"target\":{\"@type\":\"EntryPoint\",\"urlTemplate\":\"https:\/\/tkg-duisburg.de\/?s={search_term_string}\"},\"query-input\":\"required name=search_term_string\"}],\"inLanguage\":\"de\"},{\"@type\":\"Person\",\"@id\":\"https:\/\/tkg-duisburg.de\/#\/schema\/person\/5a5b174492de297d4b57e9a3d89564ee\",\"name\":\"Bj\u00f6rn Becker\",\"image\":{\"@type\":\"ImageObject\",\"inLanguage\":\"de\",\"@id\":\"https:\/\/tkg-duisburg.de\/#\/schema\/person\/image\/\",\"url\":\"https:\/\/secure.gravatar.com\/avatar\/c7690b9f448fdd19e7a021d2d0201faa0dc70513a48fc7103388e3231c3056a4?s=96&d=mm&r=g\",\"contentUrl\":\"https:\/\/secure.gravatar.com\/avatar\/c7690b9f448fdd19e7a021d2d0201faa0dc70513a48fc7103388e3231c3056a4?s=96&d=mm&r=g\",\"caption\":\"Bj\u00f6rn Becker\"},\"url\":\"https:\/\/tkg-duisburg.de\/?author=5\"}]}<\/script>\n<!-- \/ Yoast SEO plugin. -->","yoast_head_json":{"title":"Ausstellungser\u00f6ffnung der Q 1 im Oberhof - Theodor K\u00f6nig Gesamtschule Duisburg","robots":{"index":"index","follow":"follow","max-snippet":"max-snippet:-1","max-image-preview":"max-image-preview:large","max-video-preview":"max-video-preview:-1"},"canonical":"https:\/\/tkg-duisburg.de\/?p=4008","og_locale":"de_DE","og_type":"article","og_title":"Ausstellungser\u00f6ffnung der Q 1 im Oberhof - Theodor K\u00f6nig Gesamtschule Duisburg","og_description":"Am Dienstag, 17.09.2019, er\u00f6ffnete der Kunstkurs der Jahrgangsstufe Q 1 im Oberhof in Duisburg-Beeck seine Ausstellung zum Thema \u201e Portr\u00e4t und Selbstportr\u00e4t\u201c.","og_url":"https:\/\/tkg-duisburg.de\/?p=4008","og_site_name":"Theodor K\u00f6nig Gesamtschule Duisburg","article_published_time":"2019-09-19T15:27:37+00:00","article_modified_time":"2019-11-07T13:47:05+00:00","og_image":[{"url":"https:\/\/tkg-duisburg.de\/wp-content\/uploads\/2019\/09\/IMG_20190917_133314-1024x768.jpg"}],"author":"Bj\u00f6rn Becker","twitter_card":"summary_large_image","twitter_misc":{"Verfasst von":"Bj\u00f6rn Becker","Gesch\u00e4tzte Lesezeit":"1\u00a0Minute"},"schema":{"@context":"https:\/\/schema.org","@graph":[{"@type":"WebPage","@id":"https:\/\/tkg-duisburg.de\/?p=4008","url":"https:\/\/tkg-duisburg.de\/?p=4008","name":"Ausstellungser\u00f6ffnung der Q 1 im Oberhof - Theodor K\u00f6nig Gesamtschule Duisburg","isPartOf":{"@id":"https:\/\/tkg-duisburg.de\/#website"},"primaryImageOfPage":{"@id":"https:\/\/tkg-duisburg.de\/?p=4008#primaryimage"},"image":{"@id":"https:\/\/tkg-duisburg.de\/?p=4008#primaryimage"},"thumbnailUrl":"https:\/\/tkg-duisburg.de\/wp-content\/uploads\/2019\/09\/IMG_20190917_133314-1024x768.jpg","datePublished":"2019-09-19T15:27:37+00:00","dateModified":"2019-11-07T13:47:05+00:00","author":{"@id":"https:\/\/tkg-duisburg.de\/#\/schema\/person\/5a5b174492de297d4b57e9a3d89564ee"},"breadcrumb":{"@id":"https:\/\/tkg-duisburg.de\/?p=4008#breadcrumb"},"inLanguage":"de","potentialAction":[{"@type":"ReadAction","target":["https:\/\/tkg-duisburg.de\/?p=4008"]}]},{"@type":"ImageObject","inLanguage":"de","@id":"https:\/\/tkg-duisburg.de\/?p=4008#primaryimage","url":"https:\/\/tkg-duisburg.de\/wp-content\/uploads\/2019\/09\/IMG_20190917_133314.jpg","contentUrl":"https:\/\/tkg-duisburg.de\/wp-content\/uploads\/2019\/09\/IMG_20190917_133314.jpg","width":3968,"height":2976},{"@type":"BreadcrumbList","@id":"https:\/\/tkg-duisburg.de\/?p=4008#breadcrumb","itemListElement":[{"@type":"ListItem","position":1,"name":"Startseite","item":"https:\/\/tkg-duisburg.de\/"},{"@type":"ListItem","position":2,"name":"Ausstellungser\u00f6ffnung der Q 1 im Oberhof"}]},{"@type":"WebSite","@id":"https:\/\/tkg-duisburg.de\/#website","url":"https:\/\/tkg-duisburg.de\/","name":"Theodor K\u00f6nig Gesamtschule Duisburg","description":"","potentialAction":[{"@type":"SearchAction","target":{"@type":"EntryPoint","urlTemplate":"https:\/\/tkg-duisburg.de\/?s={search_term_string}"},"query-input":"required name=search_term_string"}],"inLanguage":"de"},{"@type":"Person","@id":"https:\/\/tkg-duisburg.de\/#\/schema\/person\/5a5b174492de297d4b57e9a3d89564ee","name":"Bj\u00f6rn Becker","image":{"@type":"ImageObject","inLanguage":"de","@id":"https:\/\/tkg-duisburg.de\/#\/schema\/person\/image\/","url":"https:\/\/secure.gravatar.com\/avatar\/c7690b9f448fdd19e7a021d2d0201faa0dc70513a48fc7103388e3231c3056a4?s=96&d=mm&r=g","contentUrl":"https:\/\/secure.gravatar.com\/avatar\/c7690b9f448fdd19e7a021d2d0201faa0dc70513a48fc7103388e3231c3056a4?s=96&d=mm&r=g","caption":"Bj\u00f6rn Becker"},"url":"https:\/\/tkg-duisburg.de\/?author=5"}]}},"_links":{"self":[{"href":"https:\/\/tkg-duisburg.de\/index.php?rest_route=\/wp\/v2\/posts\/4008","targetHints":{"allow":["GET"]}}],"collection":[{"href":"https:\/\/tkg-duisburg.de\/index.php?rest_route=\/wp\/v2\/posts"}],"about":[{"href":"https:\/\/tkg-duisburg.de\/index.php?rest_route=\/wp\/v2\/types\/post"}],"author":[{"embeddable":true,"href":"https:\/\/tkg-duisburg.de\/index.php?rest_route=\/wp\/v2\/users\/5"}],"replies":[{"embeddable":true,"href":"https:\/\/tkg-duisburg.de\/index.php?rest_route=%2Fwp%2Fv2%2Fcomments&post=4008"}],"version-history":[{"count":3,"href":"https:\/\/tkg-duisburg.de\/index.php?rest_route=\/wp\/v2\/posts\/4008\/revisions"}],"predecessor-version":[{"id":4101,"href":"https:\/\/tkg-duisburg.de\/index.php?rest_route=\/wp\/v2\/posts\/4008\/revisions\/4101"}],"wp:attachment":[{"href":"https:\/\/tkg-duisburg.de\/index.php?rest_route=%2Fwp%2Fv2%2Fmedia&parent=4008"}],"wp:term":[{"taxonomy":"category","embeddable":true,"href":"https:\/\/tkg-duisburg.de\/index.php?rest_route=%2Fwp%2Fv2%2Fcategories&post=4008"},{"taxonomy":"post_tag","embeddable":true,"href":"https:\/\/tkg-duisburg.de\/index.php?rest_route=%2Fwp%2Fv2%2Ftags&post=4008"}],"curies":[{"name":"wp","href":"https:\/\/api.w.org\/{rel}","templated":true}]}}