{"id":4139,"date":"2019-11-27T17:20:13","date_gmt":"2019-11-27T15:20:13","guid":{"rendered":"http:\/\/tkg-duisburg.de\/?p=4139"},"modified":"2019-11-27T17:20:13","modified_gmt":"2019-11-27T15:20:13","slug":"gruesse-aus-namibia-von-ahmet-ortatepe","status":"publish","type":"post","link":"https:\/\/tkg-duisburg.de\/?p=4139","title":{"rendered":"Gr\u00fc\u00dfe aus Namibia von Ahmet Ortatepe"},"content":{"rendered":"\n<figure class=\"wp-block-image\"><img loading=\"lazy\" decoding=\"async\" width=\"1024\" height=\"768\" src=\"https:\/\/tkg-duisburg.de\/wp-content\/uploads\/2019\/11\/IMG-20191121-WA0020-1024x768.jpg\" alt=\"\" class=\"wp-image-4140\" srcset=\"https:\/\/tkg-duisburg.de\/wp-content\/uploads\/2019\/11\/IMG-20191121-WA0020.jpg 1024w, https:\/\/tkg-duisburg.de\/wp-content\/uploads\/2019\/11\/IMG-20191121-WA0020-300x225.jpg 300w\" sizes=\"auto, (max-width: 1024px) 100vw, 1024px\" \/><\/figure>\n\n\n\n<p>Endlich hat unser Abiturient Ahmet Ortatepe w\u00e4hrend seines FSJ Zeit f\u00fcr einen Text und viele Bilder nach Deutschland gefunden.<\/p>\n\n\n\n<p>Wir freuen uns, dass es ihm gut geht uns sind gespannt, was er demn\u00e4chst zu berichten hat.<\/p>\n\n\n\n<p><em>Cordula Hiller-Kitzmann, Abteilungsleiterin Oberstufe<\/em><\/p>\n\n\n\n<!--more-->\n\n\n\n<blockquote class=\"wp-block-quote is-layout-flow wp-block-quote-is-layout-flow\"><p>S\u00f6ren uns ich sind nun etwa zwei Monate hier, haben schon mit den Kindern gearbeitet und etwas das Land bzw. die Stadt erkundet.<\/p><p>Die Arbeit mit den geh\u00f6rlosen Kindern macht uns sehr viel Spa\u00df, obwohl es sehr anstrengend ist, weil wir uns mit ihnen nicht unterhalten bzw. kommunizieren k\u00f6nnen. S\u00f6ren und ich haben es jedoch mittlerweile geschafft, wichtige Grundlagen der namibianischen Geb\u00e4rdensprache zu lernen und k\u00f6nnen die Kinder nun fragen, ob ihnen etwas weh tut, wenn sie hingefallen sind. Eine besonders schwere Herausforderung war der Besuch des Krankenhauses mit einem verletzten Jungen, bei dem sich ein Zehnagel beim Skaten etwas gel\u00f6st hatte. Zu Fu\u00df ging es zum Krankenhaus, wo wir nach kurzem Warten auch dran kamen und uns mitgeteilt wurde, dass der Zehnagel noch heute gezogen werden muss. Da leider auch keiner im Krankenhaus die namibianische Geb\u00e4rdensprache beherrschte, konnten wir dem Jungen leider nicht sagen, dass sein Zehnagel gezogen werden muss und mussten einfach abwarten. Um der \u00c4rztin zu helfen, haben wir den Jungen festgehalten, damit sie in Ruhe den Zehnagel ziehen konnte.<\/p><p> Kapenda hat uns zu einem Museum mitgenommen, welches den Krieg und die Freiheit Namibias behandelt. Das Museum alleine war leider nicht sehr informativ, weil es fast nur Bilder mit wenig Text gab. Jedoch hat uns Kapenda hat uns herumgef\u00fchrt und uns viel vom Befreiungskrieg erz\u00e4hlt. Wir fanden es interessant, fanden es aber schade, dass man ohne einen F\u00fchrer leider nicht so viel mitbekommt wie mit.<\/p><p>Wir erhielten auch eine Einladung zu einer Hochzeit in Utapi im Norden des Landes, welche wir angenommen haben. Wir haben uns ein Bus gemietet haben und sind los gefahren. Schon die Fahrt dorthin war lustig und alle waren gut drauf. Nachts angekommen, wurden wir sofort auch zum Haus des Br\u00e4utigams gerufen. Es war irgendwie eine \u201eVorfeier\u201c, die mit der Hochzeit nichts zutun hatte. Es gab Essen und reichlich was zu trinken. Am ersten Tag der Hochzeit fuhren wir zuerst in die Kirche f\u00fcr die kirchliche Hochzeit, danach sind wir zum Haus der Braut gefahren und da gab es f\u00fcr die G\u00e4ste des Br\u00e4utigams etwas zu Essen und zu Trinken. Am Abend sa\u00dfen wir an einem Lagerfeuer und haben uns unterhalten und gemeinsam etwas getrunken. Am zweiten Tag der Hochzeit waren wir im Haus des Br\u00e4utigams und haben beim Aufbau von Zelten geholfen, weil wir die G\u00e4ste des Br\u00e4utigams waren und wir verteilten an die G\u00e4ste der Braut Essen und Getr\u00e4nke. Sp\u00e4ter durften wir in einem anderen Zelt selber etwas Essen und Trinken.<\/p><p>Bis jetzt macht es mir hier sehr viel Spa\u00df und alle Leute, die ich bis jetzt getroffen habe, waren sehr nett zu uns. Auch unser Chef und die Kinder sind sehr nett zu uns. Wir zu denen nat\u00fcrlich auch.<\/p><p>Ich freue mich schon auf die kommenden Monate, da schon sehr viel schon geplant ist, auf das ich mich freue. <\/p><cite>Ahmet Ortatepe<\/cite><\/blockquote>\n\n\n\n<ul class=\"wp-block-gallery columns-3 is-cropped wp-block-gallery-1 is-layout-flex wp-block-gallery-is-layout-flex\"><li class=\"blocks-gallery-item\"><figure><img loading=\"lazy\" decoding=\"async\" width=\"768\" height=\"1024\" src=\"https:\/\/tkg-duisburg.de\/wp-content\/uploads\/2019\/11\/IMG-20191121-WA0022-768x1024.jpg\" alt=\"\" data-id=\"4141\" data-link=\"https:\/\/tkg-duisburg.de\/?attachment_id=4141\" class=\"wp-image-4141\" srcset=\"https:\/\/tkg-duisburg.de\/wp-content\/uploads\/2019\/11\/IMG-20191121-WA0022-768x1024.jpg 768w, https:\/\/tkg-duisburg.de\/wp-content\/uploads\/2019\/11\/IMG-20191121-WA0022-150x200.jpg 150w, https:\/\/tkg-duisburg.de\/wp-content\/uploads\/2019\/11\/IMG-20191121-WA0022-225x300.jpg 225w, https:\/\/tkg-duisburg.de\/wp-content\/uploads\/2019\/11\/IMG-20191121-WA0022.jpg 1200w\" sizes=\"auto, (max-width: 768px) 100vw, 768px\" \/><\/figure><\/li><li class=\"blocks-gallery-item\"><figure><img loading=\"lazy\" decoding=\"async\" width=\"768\" height=\"1024\" src=\"https:\/\/tkg-duisburg.de\/wp-content\/uploads\/2019\/11\/IMG-20191121-WA0025-768x1024.jpg\" alt=\"\" data-id=\"4142\" data-link=\"https:\/\/tkg-duisburg.de\/?attachment_id=4142\" class=\"wp-image-4142\" srcset=\"https:\/\/tkg-duisburg.de\/wp-content\/uploads\/2019\/11\/IMG-20191121-WA0025-768x1024.jpg 768w, https:\/\/tkg-duisburg.de\/wp-content\/uploads\/2019\/11\/IMG-20191121-WA0025-150x200.jpg 150w, https:\/\/tkg-duisburg.de\/wp-content\/uploads\/2019\/11\/IMG-20191121-WA0025-225x300.jpg 225w, https:\/\/tkg-duisburg.de\/wp-content\/uploads\/2019\/11\/IMG-20191121-WA0025.jpg 1200w\" sizes=\"auto, (max-width: 768px) 100vw, 768px\" \/><\/figure><\/li><li class=\"blocks-gallery-item\"><figure><img loading=\"lazy\" decoding=\"async\" width=\"768\" height=\"1024\" src=\"https:\/\/tkg-duisburg.de\/wp-content\/uploads\/2019\/11\/IMG-20191121-WA0030-768x1024.jpg\" alt=\"\" data-id=\"4143\" data-link=\"https:\/\/tkg-duisburg.de\/?attachment_id=4143\" class=\"wp-image-4143\" srcset=\"https:\/\/tkg-duisburg.de\/wp-content\/uploads\/2019\/11\/IMG-20191121-WA0030-768x1024.jpg 768w, https:\/\/tkg-duisburg.de\/wp-content\/uploads\/2019\/11\/IMG-20191121-WA0030-150x200.jpg 150w, https:\/\/tkg-duisburg.de\/wp-content\/uploads\/2019\/11\/IMG-20191121-WA0030-225x300.jpg 225w, https:\/\/tkg-duisburg.de\/wp-content\/uploads\/2019\/11\/IMG-20191121-WA0030.jpg 1200w\" sizes=\"auto, (max-width: 768px) 100vw, 768px\" \/><\/figure><\/li><li class=\"blocks-gallery-item\"><figure><img loading=\"lazy\" decoding=\"async\" width=\"1024\" height=\"768\" src=\"https:\/\/tkg-duisburg.de\/wp-content\/uploads\/2019\/11\/IMG-20191121-WA0006-1024x768.jpg\" alt=\"\" data-id=\"4144\" data-link=\"https:\/\/tkg-duisburg.de\/?attachment_id=4144\" class=\"wp-image-4144\" srcset=\"https:\/\/tkg-duisburg.de\/wp-content\/uploads\/2019\/11\/IMG-20191121-WA0006-1024x768.jpg 1024w, https:\/\/tkg-duisburg.de\/wp-content\/uploads\/2019\/11\/IMG-20191121-WA0006-300x225.jpg 300w, https:\/\/tkg-duisburg.de\/wp-content\/uploads\/2019\/11\/IMG-20191121-WA0006.jpg 1600w\" sizes=\"auto, (max-width: 1024px) 100vw, 1024px\" \/><\/figure><\/li><li class=\"blocks-gallery-item\"><figure><img loading=\"lazy\" decoding=\"async\" width=\"1024\" height=\"768\" src=\"https:\/\/tkg-duisburg.de\/wp-content\/uploads\/2019\/11\/IMG-20191121-WA0010-1024x768.jpg\" alt=\"\" data-id=\"4145\" data-link=\"https:\/\/tkg-duisburg.de\/?attachment_id=4145\" class=\"wp-image-4145\" srcset=\"https:\/\/tkg-duisburg.de\/wp-content\/uploads\/2019\/11\/IMG-20191121-WA0010.jpg 1024w, https:\/\/tkg-duisburg.de\/wp-content\/uploads\/2019\/11\/IMG-20191121-WA0010-300x225.jpg 300w\" sizes=\"auto, (max-width: 1024px) 100vw, 1024px\" \/><\/figure><\/li><li class=\"blocks-gallery-item\"><figure><img loading=\"lazy\" decoding=\"async\" width=\"768\" height=\"1024\" src=\"https:\/\/tkg-duisburg.de\/wp-content\/uploads\/2019\/11\/IMG-20191121-WA0021-768x1024.jpg\" alt=\"\" data-id=\"4146\" data-link=\"https:\/\/tkg-duisburg.de\/?attachment_id=4146\" class=\"wp-image-4146\" srcset=\"https:\/\/tkg-duisburg.de\/wp-content\/uploads\/2019\/11\/IMG-20191121-WA0021-768x1024.jpg 768w, https:\/\/tkg-duisburg.de\/wp-content\/uploads\/2019\/11\/IMG-20191121-WA0021-150x200.jpg 150w, https:\/\/tkg-duisburg.de\/wp-content\/uploads\/2019\/11\/IMG-20191121-WA0021-225x300.jpg 225w, https:\/\/tkg-duisburg.de\/wp-content\/uploads\/2019\/11\/IMG-20191121-WA0021.jpg 1200w\" sizes=\"auto, (max-width: 768px) 100vw, 768px\" \/><\/figure><\/li><li class=\"blocks-gallery-item\"><figure><img loading=\"lazy\" decoding=\"async\" width=\"1024\" height=\"768\" src=\"https:\/\/tkg-duisburg.de\/wp-content\/uploads\/2019\/11\/IMG-20191121-WA0033-1024x768.jpg\" alt=\"\" data-id=\"4147\" data-link=\"https:\/\/tkg-duisburg.de\/?attachment_id=4147\" class=\"wp-image-4147\" srcset=\"https:\/\/tkg-duisburg.de\/wp-content\/uploads\/2019\/11\/IMG-20191121-WA0033-1024x768.jpg 1024w, https:\/\/tkg-duisburg.de\/wp-content\/uploads\/2019\/11\/IMG-20191121-WA0033-300x225.jpg 300w, https:\/\/tkg-duisburg.de\/wp-content\/uploads\/2019\/11\/IMG-20191121-WA0033.jpg 1600w\" sizes=\"auto, (max-width: 1024px) 100vw, 1024px\" \/><\/figure><\/li><\/ul>\n","protected":false},"excerpt":{"rendered":"<p>Endlich hat unser Abiturient Ahmet Ortatepe w\u00e4hrend seines FSJ Zeit f\u00fcr einen Text und viele Bilder nach Deutschland gefunden. Wir freuen uns, dass es ihm gut geht uns sind gespannt, was er demn\u00e4chst zu berichten hat. Cordula Hiller-Kitzmann, Abteilungsleiterin Oberstufe<\/p>\n","protected":false},"author":5,"featured_media":0,"comment_status":"closed","ping_status":"open","sticky":false,"template":"","format":"standard","meta":{"footnotes":""},"categories":[31,48,37],"tags":[],"class_list":["post-4139","post","type-post","status-publish","format-standard","hentry","category-ausserschulisches-lernen","category-berufsvorbereitung","category-externe-kooperation"],"yoast_head":"<!-- This site is optimized with the Yoast SEO plugin v22.6 - https:\/\/yoast.com\/wordpress\/plugins\/seo\/ -->\n<title>Gr\u00fc\u00dfe aus Namibia von Ahmet Ortatepe - Theodor K\u00f6nig Gesamtschule Duisburg<\/title>\n<meta name=\"robots\" content=\"index, follow, max-snippet:-1, max-image-preview:large, max-video-preview:-1\" \/>\n<link rel=\"canonical\" href=\"https:\/\/tkg-duisburg.de\/?p=4139\" \/>\n<meta property=\"og:locale\" content=\"de_DE\" \/>\n<meta property=\"og:type\" content=\"article\" \/>\n<meta property=\"og:title\" content=\"Gr\u00fc\u00dfe aus Namibia von Ahmet Ortatepe - Theodor K\u00f6nig Gesamtschule Duisburg\" \/>\n<meta property=\"og:description\" content=\"Endlich hat unser Abiturient Ahmet Ortatepe w\u00e4hrend seines FSJ Zeit f\u00fcr einen Text und viele Bilder nach Deutschland gefunden. Wir freuen uns, dass es ihm gut geht uns sind gespannt, was er demn\u00e4chst zu berichten hat. Cordula Hiller-Kitzmann, Abteilungsleiterin Oberstufe\" \/>\n<meta property=\"og:url\" content=\"https:\/\/tkg-duisburg.de\/?p=4139\" \/>\n<meta property=\"og:site_name\" content=\"Theodor K\u00f6nig Gesamtschule Duisburg\" \/>\n<meta property=\"article:published_time\" content=\"2019-11-27T15:20:13+00:00\" \/>\n<meta property=\"og:image\" content=\"https:\/\/tkg-duisburg.de\/wp-content\/uploads\/2019\/11\/IMG-20191121-WA0020-1024x768.jpg\" \/>\n<meta name=\"author\" content=\"Bj\u00f6rn Becker\" \/>\n<meta name=\"twitter:card\" content=\"summary_large_image\" \/>\n<meta name=\"twitter:label1\" content=\"Verfasst von\" \/>\n\t<meta name=\"twitter:data1\" content=\"Bj\u00f6rn Becker\" \/>\n\t<meta name=\"twitter:label2\" content=\"Gesch\u00e4tzte Lesezeit\" \/>\n\t<meta name=\"twitter:data2\" content=\"3\u00a0Minuten\" \/>\n<script type=\"application\/ld+json\" class=\"yoast-schema-graph\">{\"@context\":\"https:\/\/schema.org\",\"@graph\":[{\"@type\":\"WebPage\",\"@id\":\"https:\/\/tkg-duisburg.de\/?p=4139\",\"url\":\"https:\/\/tkg-duisburg.de\/?p=4139\",\"name\":\"Gr\u00fc\u00dfe aus Namibia von Ahmet Ortatepe - Theodor K\u00f6nig Gesamtschule Duisburg\",\"isPartOf\":{\"@id\":\"https:\/\/tkg-duisburg.de\/#website\"},\"primaryImageOfPage\":{\"@id\":\"https:\/\/tkg-duisburg.de\/?p=4139#primaryimage\"},\"image\":{\"@id\":\"https:\/\/tkg-duisburg.de\/?p=4139#primaryimage\"},\"thumbnailUrl\":\"https:\/\/tkg-duisburg.de\/wp-content\/uploads\/2019\/11\/IMG-20191121-WA0020-1024x768.jpg\",\"datePublished\":\"2019-11-27T15:20:13+00:00\",\"dateModified\":\"2019-11-27T15:20:13+00:00\",\"author\":{\"@id\":\"https:\/\/tkg-duisburg.de\/#\/schema\/person\/5a5b174492de297d4b57e9a3d89564ee\"},\"breadcrumb\":{\"@id\":\"https:\/\/tkg-duisburg.de\/?p=4139#breadcrumb\"},\"inLanguage\":\"de\",\"potentialAction\":[{\"@type\":\"ReadAction\",\"target\":[\"https:\/\/tkg-duisburg.de\/?p=4139\"]}]},{\"@type\":\"ImageObject\",\"inLanguage\":\"de\",\"@id\":\"https:\/\/tkg-duisburg.de\/?p=4139#primaryimage\",\"url\":\"https:\/\/tkg-duisburg.de\/wp-content\/uploads\/2019\/11\/IMG-20191121-WA0020.jpg\",\"contentUrl\":\"https:\/\/tkg-duisburg.de\/wp-content\/uploads\/2019\/11\/IMG-20191121-WA0020.jpg\",\"width\":1024,\"height\":768},{\"@type\":\"BreadcrumbList\",\"@id\":\"https:\/\/tkg-duisburg.de\/?p=4139#breadcrumb\",\"itemListElement\":[{\"@type\":\"ListItem\",\"position\":1,\"name\":\"Startseite\",\"item\":\"https:\/\/tkg-duisburg.de\/\"},{\"@type\":\"ListItem\",\"position\":2,\"name\":\"Gr\u00fc\u00dfe aus Namibia von Ahmet Ortatepe\"}]},{\"@type\":\"WebSite\",\"@id\":\"https:\/\/tkg-duisburg.de\/#website\",\"url\":\"https:\/\/tkg-duisburg.de\/\",\"name\":\"Theodor K\u00f6nig Gesamtschule Duisburg\",\"description\":\"\",\"potentialAction\":[{\"@type\":\"SearchAction\",\"target\":{\"@type\":\"EntryPoint\",\"urlTemplate\":\"https:\/\/tkg-duisburg.de\/?s={search_term_string}\"},\"query-input\":\"required name=search_term_string\"}],\"inLanguage\":\"de\"},{\"@type\":\"Person\",\"@id\":\"https:\/\/tkg-duisburg.de\/#\/schema\/person\/5a5b174492de297d4b57e9a3d89564ee\",\"name\":\"Bj\u00f6rn Becker\",\"image\":{\"@type\":\"ImageObject\",\"inLanguage\":\"de\",\"@id\":\"https:\/\/tkg-duisburg.de\/#\/schema\/person\/image\/\",\"url\":\"https:\/\/secure.gravatar.com\/avatar\/c7690b9f448fdd19e7a021d2d0201faa0dc70513a48fc7103388e3231c3056a4?s=96&d=mm&r=g\",\"contentUrl\":\"https:\/\/secure.gravatar.com\/avatar\/c7690b9f448fdd19e7a021d2d0201faa0dc70513a48fc7103388e3231c3056a4?s=96&d=mm&r=g\",\"caption\":\"Bj\u00f6rn Becker\"},\"url\":\"https:\/\/tkg-duisburg.de\/?author=5\"}]}<\/script>\n<!-- \/ Yoast SEO plugin. -->","yoast_head_json":{"title":"Gr\u00fc\u00dfe aus Namibia von Ahmet Ortatepe - Theodor K\u00f6nig Gesamtschule Duisburg","robots":{"index":"index","follow":"follow","max-snippet":"max-snippet:-1","max-image-preview":"max-image-preview:large","max-video-preview":"max-video-preview:-1"},"canonical":"https:\/\/tkg-duisburg.de\/?p=4139","og_locale":"de_DE","og_type":"article","og_title":"Gr\u00fc\u00dfe aus Namibia von Ahmet Ortatepe - Theodor K\u00f6nig Gesamtschule Duisburg","og_description":"Endlich hat unser Abiturient Ahmet Ortatepe w\u00e4hrend seines FSJ Zeit f\u00fcr einen Text und viele Bilder nach Deutschland gefunden. Wir freuen uns, dass es ihm gut geht uns sind gespannt, was er demn\u00e4chst zu berichten hat. Cordula Hiller-Kitzmann, Abteilungsleiterin Oberstufe","og_url":"https:\/\/tkg-duisburg.de\/?p=4139","og_site_name":"Theodor K\u00f6nig Gesamtschule Duisburg","article_published_time":"2019-11-27T15:20:13+00:00","og_image":[{"url":"https:\/\/tkg-duisburg.de\/wp-content\/uploads\/2019\/11\/IMG-20191121-WA0020-1024x768.jpg"}],"author":"Bj\u00f6rn Becker","twitter_card":"summary_large_image","twitter_misc":{"Verfasst von":"Bj\u00f6rn Becker","Gesch\u00e4tzte Lesezeit":"3\u00a0Minuten"},"schema":{"@context":"https:\/\/schema.org","@graph":[{"@type":"WebPage","@id":"https:\/\/tkg-duisburg.de\/?p=4139","url":"https:\/\/tkg-duisburg.de\/?p=4139","name":"Gr\u00fc\u00dfe aus Namibia von Ahmet Ortatepe - Theodor K\u00f6nig Gesamtschule Duisburg","isPartOf":{"@id":"https:\/\/tkg-duisburg.de\/#website"},"primaryImageOfPage":{"@id":"https:\/\/tkg-duisburg.de\/?p=4139#primaryimage"},"image":{"@id":"https:\/\/tkg-duisburg.de\/?p=4139#primaryimage"},"thumbnailUrl":"https:\/\/tkg-duisburg.de\/wp-content\/uploads\/2019\/11\/IMG-20191121-WA0020-1024x768.jpg","datePublished":"2019-11-27T15:20:13+00:00","dateModified":"2019-11-27T15:20:13+00:00","author":{"@id":"https:\/\/tkg-duisburg.de\/#\/schema\/person\/5a5b174492de297d4b57e9a3d89564ee"},"breadcrumb":{"@id":"https:\/\/tkg-duisburg.de\/?p=4139#breadcrumb"},"inLanguage":"de","potentialAction":[{"@type":"ReadAction","target":["https:\/\/tkg-duisburg.de\/?p=4139"]}]},{"@type":"ImageObject","inLanguage":"de","@id":"https:\/\/tkg-duisburg.de\/?p=4139#primaryimage","url":"https:\/\/tkg-duisburg.de\/wp-content\/uploads\/2019\/11\/IMG-20191121-WA0020.jpg","contentUrl":"https:\/\/tkg-duisburg.de\/wp-content\/uploads\/2019\/11\/IMG-20191121-WA0020.jpg","width":1024,"height":768},{"@type":"BreadcrumbList","@id":"https:\/\/tkg-duisburg.de\/?p=4139#breadcrumb","itemListElement":[{"@type":"ListItem","position":1,"name":"Startseite","item":"https:\/\/tkg-duisburg.de\/"},{"@type":"ListItem","position":2,"name":"Gr\u00fc\u00dfe aus Namibia von Ahmet Ortatepe"}]},{"@type":"WebSite","@id":"https:\/\/tkg-duisburg.de\/#website","url":"https:\/\/tkg-duisburg.de\/","name":"Theodor K\u00f6nig Gesamtschule Duisburg","description":"","potentialAction":[{"@type":"SearchAction","target":{"@type":"EntryPoint","urlTemplate":"https:\/\/tkg-duisburg.de\/?s={search_term_string}"},"query-input":"required name=search_term_string"}],"inLanguage":"de"},{"@type":"Person","@id":"https:\/\/tkg-duisburg.de\/#\/schema\/person\/5a5b174492de297d4b57e9a3d89564ee","name":"Bj\u00f6rn Becker","image":{"@type":"ImageObject","inLanguage":"de","@id":"https:\/\/tkg-duisburg.de\/#\/schema\/person\/image\/","url":"https:\/\/secure.gravatar.com\/avatar\/c7690b9f448fdd19e7a021d2d0201faa0dc70513a48fc7103388e3231c3056a4?s=96&d=mm&r=g","contentUrl":"https:\/\/secure.gravatar.com\/avatar\/c7690b9f448fdd19e7a021d2d0201faa0dc70513a48fc7103388e3231c3056a4?s=96&d=mm&r=g","caption":"Bj\u00f6rn Becker"},"url":"https:\/\/tkg-duisburg.de\/?author=5"}]}},"_links":{"self":[{"href":"https:\/\/tkg-duisburg.de\/index.php?rest_route=\/wp\/v2\/posts\/4139","targetHints":{"allow":["GET"]}}],"collection":[{"href":"https:\/\/tkg-duisburg.de\/index.php?rest_route=\/wp\/v2\/posts"}],"about":[{"href":"https:\/\/tkg-duisburg.de\/index.php?rest_route=\/wp\/v2\/types\/post"}],"author":[{"embeddable":true,"href":"https:\/\/tkg-duisburg.de\/index.php?rest_route=\/wp\/v2\/users\/5"}],"replies":[{"embeddable":true,"href":"https:\/\/tkg-duisburg.de\/index.php?rest_route=%2Fwp%2Fv2%2Fcomments&post=4139"}],"version-history":[{"count":1,"href":"https:\/\/tkg-duisburg.de\/index.php?rest_route=\/wp\/v2\/posts\/4139\/revisions"}],"predecessor-version":[{"id":4148,"href":"https:\/\/tkg-duisburg.de\/index.php?rest_route=\/wp\/v2\/posts\/4139\/revisions\/4148"}],"wp:attachment":[{"href":"https:\/\/tkg-duisburg.de\/index.php?rest_route=%2Fwp%2Fv2%2Fmedia&parent=4139"}],"wp:term":[{"taxonomy":"category","embeddable":true,"href":"https:\/\/tkg-duisburg.de\/index.php?rest_route=%2Fwp%2Fv2%2Fcategories&post=4139"},{"taxonomy":"post_tag","embeddable":true,"href":"https:\/\/tkg-duisburg.de\/index.php?rest_route=%2Fwp%2Fv2%2Ftags&post=4139"}],"curies":[{"name":"wp","href":"https:\/\/api.w.org\/{rel}","templated":true}]}}