{"id":4201,"date":"2019-12-19T09:04:00","date_gmt":"2019-12-19T07:04:00","guid":{"rendered":"http:\/\/tkg-duisburg.de\/?p=4201"},"modified":"2019-12-20T04:26:05","modified_gmt":"2019-12-20T02:26:05","slug":"weihnachtsgruesse","status":"publish","type":"post","link":"https:\/\/tkg-duisburg.de\/?p=4201","title":{"rendered":"Weihnachtsgr\u00fc\u00dfe"},"content":{"rendered":"\n<figure class=\"wp-block-image\"><img loading=\"lazy\" decoding=\"async\" width=\"1024\" height=\"768\" src=\"https:\/\/tkg-duisburg.de\/wp-content\/uploads\/2019\/12\/073dcbad-5a4f-471a-94ca-87d20754e80a-1024x768.jpg\" alt=\"\" class=\"wp-image-4202\" srcset=\"https:\/\/tkg-duisburg.de\/wp-content\/uploads\/2019\/12\/073dcbad-5a4f-471a-94ca-87d20754e80a-1024x768.jpg 1024w, https:\/\/tkg-duisburg.de\/wp-content\/uploads\/2019\/12\/073dcbad-5a4f-471a-94ca-87d20754e80a-300x225.jpg 300w, https:\/\/tkg-duisburg.de\/wp-content\/uploads\/2019\/12\/073dcbad-5a4f-471a-94ca-87d20754e80a.jpg 1600w\" sizes=\"auto, (max-width: 1024px) 100vw, 1024px\" \/><\/figure>\n\n\n\n<p>Liebe Schulgemeinde, das Kollegium der TKG w\u00fcnscht allen ein besinnliches und gesegnetes Weihnachtsfest sowie einen guten Start ins neue Jahr 2020. Auf dass wir auch im neuen Jahr eine tolle Zeit miteinander haben und alle Herausforderungen meistern werden.<\/p>\n","protected":false},"excerpt":{"rendered":"<p>Liebe Schulgemeinde, das Kollegium der TKG w\u00fcnscht allen ein besinnliches und gesegnetes Weihnachtsfest sowie einen guten Start ins neue Jahr 2020. Auf dass wir auch im neuen Jahr eine tolle Zeit miteinander haben und alle Herausforderungen meistern werden.<\/p>\n","protected":false},"author":5,"featured_media":0,"comment_status":"closed","ping_status":"open","sticky":false,"template":"","format":"standard","meta":{"footnotes":""},"categories":[1],"tags":[],"class_list":["post-4201","post","type-post","status-publish","format-standard","hentry","category-allgemein"],"yoast_head":"<!-- This site is optimized with the Yoast SEO plugin v22.6 - https:\/\/yoast.com\/wordpress\/plugins\/seo\/ -->\n<title>Weihnachtsgr\u00fc\u00dfe - Theodor K\u00f6nig Gesamtschule Duisburg<\/title>\n<meta name=\"robots\" content=\"index, follow, max-snippet:-1, max-image-preview:large, max-video-preview:-1\" \/>\n<link rel=\"canonical\" href=\"https:\/\/tkg-duisburg.de\/?p=4201\" \/>\n<meta property=\"og:locale\" content=\"de_DE\" \/>\n<meta property=\"og:type\" content=\"article\" \/>\n<meta property=\"og:title\" content=\"Weihnachtsgr\u00fc\u00dfe - Theodor K\u00f6nig Gesamtschule Duisburg\" \/>\n<meta property=\"og:description\" content=\"Liebe Schulgemeinde, das Kollegium der TKG w\u00fcnscht allen ein besinnliches und gesegnetes Weihnachtsfest sowie einen guten Start ins neue Jahr 2020. Auf dass wir auch im neuen Jahr eine tolle Zeit miteinander haben und alle Herausforderungen meistern werden.\" \/>\n<meta property=\"og:url\" content=\"https:\/\/tkg-duisburg.de\/?p=4201\" \/>\n<meta property=\"og:site_name\" content=\"Theodor K\u00f6nig Gesamtschule Duisburg\" \/>\n<meta property=\"article:published_time\" content=\"2019-12-19T07:04:00+00:00\" \/>\n<meta property=\"article:modified_time\" content=\"2019-12-20T02:26:05+00:00\" \/>\n<meta property=\"og:image\" content=\"https:\/\/tkg-duisburg.de\/wp-content\/uploads\/2019\/12\/073dcbad-5a4f-471a-94ca-87d20754e80a-1024x768.jpg\" \/>\n<meta name=\"author\" content=\"Bj\u00f6rn Becker\" \/>\n<meta name=\"twitter:card\" content=\"summary_large_image\" \/>\n<meta name=\"twitter:label1\" content=\"Verfasst von\" \/>\n\t<meta name=\"twitter:data1\" content=\"Bj\u00f6rn Becker\" \/>\n<script type=\"application\/ld+json\" class=\"yoast-schema-graph\">{\"@context\":\"https:\/\/schema.org\",\"@graph\":[{\"@type\":\"WebPage\",\"@id\":\"https:\/\/tkg-duisburg.de\/?p=4201\",\"url\":\"https:\/\/tkg-duisburg.de\/?p=4201\",\"name\":\"Weihnachtsgr\u00fc\u00dfe - Theodor K\u00f6nig Gesamtschule Duisburg\",\"isPartOf\":{\"@id\":\"https:\/\/tkg-duisburg.de\/#website\"},\"primaryImageOfPage\":{\"@id\":\"https:\/\/tkg-duisburg.de\/?p=4201#primaryimage\"},\"image\":{\"@id\":\"https:\/\/tkg-duisburg.de\/?p=4201#primaryimage\"},\"thumbnailUrl\":\"https:\/\/tkg-duisburg.de\/wp-content\/uploads\/2019\/12\/073dcbad-5a4f-471a-94ca-87d20754e80a-1024x768.jpg\",\"datePublished\":\"2019-12-19T07:04:00+00:00\",\"dateModified\":\"2019-12-20T02:26:05+00:00\",\"author\":{\"@id\":\"https:\/\/tkg-duisburg.de\/#\/schema\/person\/5a5b174492de297d4b57e9a3d89564ee\"},\"breadcrumb\":{\"@id\":\"https:\/\/tkg-duisburg.de\/?p=4201#breadcrumb\"},\"inLanguage\":\"de\",\"potentialAction\":[{\"@type\":\"ReadAction\",\"target\":[\"https:\/\/tkg-duisburg.de\/?p=4201\"]}]},{\"@type\":\"ImageObject\",\"inLanguage\":\"de\",\"@id\":\"https:\/\/tkg-duisburg.de\/?p=4201#primaryimage\",\"url\":\"https:\/\/tkg-duisburg.de\/wp-content\/uploads\/2019\/12\/073dcbad-5a4f-471a-94ca-87d20754e80a.jpg\",\"contentUrl\":\"https:\/\/tkg-duisburg.de\/wp-content\/uploads\/2019\/12\/073dcbad-5a4f-471a-94ca-87d20754e80a.jpg\",\"width\":1600,\"height\":1200},{\"@type\":\"BreadcrumbList\",\"@id\":\"https:\/\/tkg-duisburg.de\/?p=4201#breadcrumb\",\"itemListElement\":[{\"@type\":\"ListItem\",\"position\":1,\"name\":\"Startseite\",\"item\":\"https:\/\/tkg-duisburg.de\/\"},{\"@type\":\"ListItem\",\"position\":2,\"name\":\"Weihnachtsgr\u00fc\u00dfe\"}]},{\"@type\":\"WebSite\",\"@id\":\"https:\/\/tkg-duisburg.de\/#website\",\"url\":\"https:\/\/tkg-duisburg.de\/\",\"name\":\"Theodor K\u00f6nig Gesamtschule Duisburg\",\"description\":\"\",\"potentialAction\":[{\"@type\":\"SearchAction\",\"target\":{\"@type\":\"EntryPoint\",\"urlTemplate\":\"https:\/\/tkg-duisburg.de\/?s={search_term_string}\"},\"query-input\":\"required name=search_term_string\"}],\"inLanguage\":\"de\"},{\"@type\":\"Person\",\"@id\":\"https:\/\/tkg-duisburg.de\/#\/schema\/person\/5a5b174492de297d4b57e9a3d89564ee\",\"name\":\"Bj\u00f6rn Becker\",\"image\":{\"@type\":\"ImageObject\",\"inLanguage\":\"de\",\"@id\":\"https:\/\/tkg-duisburg.de\/#\/schema\/person\/image\/\",\"url\":\"https:\/\/secure.gravatar.com\/avatar\/c7690b9f448fdd19e7a021d2d0201faa0dc70513a48fc7103388e3231c3056a4?s=96&d=mm&r=g\",\"contentUrl\":\"https:\/\/secure.gravatar.com\/avatar\/c7690b9f448fdd19e7a021d2d0201faa0dc70513a48fc7103388e3231c3056a4?s=96&d=mm&r=g\",\"caption\":\"Bj\u00f6rn Becker\"},\"url\":\"https:\/\/tkg-duisburg.de\/?author=5\"}]}<\/script>\n<!-- \/ Yoast SEO plugin. -->","yoast_head_json":{"title":"Weihnachtsgr\u00fc\u00dfe - Theodor K\u00f6nig Gesamtschule Duisburg","robots":{"index":"index","follow":"follow","max-snippet":"max-snippet:-1","max-image-preview":"max-image-preview:large","max-video-preview":"max-video-preview:-1"},"canonical":"https:\/\/tkg-duisburg.de\/?p=4201","og_locale":"de_DE","og_type":"article","og_title":"Weihnachtsgr\u00fc\u00dfe - Theodor K\u00f6nig Gesamtschule Duisburg","og_description":"Liebe Schulgemeinde, das Kollegium der TKG w\u00fcnscht allen ein besinnliches und gesegnetes Weihnachtsfest sowie einen guten Start ins neue Jahr 2020. Auf dass wir auch im neuen Jahr eine tolle Zeit miteinander haben und alle Herausforderungen meistern werden.","og_url":"https:\/\/tkg-duisburg.de\/?p=4201","og_site_name":"Theodor K\u00f6nig Gesamtschule Duisburg","article_published_time":"2019-12-19T07:04:00+00:00","article_modified_time":"2019-12-20T02:26:05+00:00","og_image":[{"url":"https:\/\/tkg-duisburg.de\/wp-content\/uploads\/2019\/12\/073dcbad-5a4f-471a-94ca-87d20754e80a-1024x768.jpg"}],"author":"Bj\u00f6rn Becker","twitter_card":"summary_large_image","twitter_misc":{"Verfasst von":"Bj\u00f6rn Becker"},"schema":{"@context":"https:\/\/schema.org","@graph":[{"@type":"WebPage","@id":"https:\/\/tkg-duisburg.de\/?p=4201","url":"https:\/\/tkg-duisburg.de\/?p=4201","name":"Weihnachtsgr\u00fc\u00dfe - Theodor K\u00f6nig Gesamtschule Duisburg","isPartOf":{"@id":"https:\/\/tkg-duisburg.de\/#website"},"primaryImageOfPage":{"@id":"https:\/\/tkg-duisburg.de\/?p=4201#primaryimage"},"image":{"@id":"https:\/\/tkg-duisburg.de\/?p=4201#primaryimage"},"thumbnailUrl":"https:\/\/tkg-duisburg.de\/wp-content\/uploads\/2019\/12\/073dcbad-5a4f-471a-94ca-87d20754e80a-1024x768.jpg","datePublished":"2019-12-19T07:04:00+00:00","dateModified":"2019-12-20T02:26:05+00:00","author":{"@id":"https:\/\/tkg-duisburg.de\/#\/schema\/person\/5a5b174492de297d4b57e9a3d89564ee"},"breadcrumb":{"@id":"https:\/\/tkg-duisburg.de\/?p=4201#breadcrumb"},"inLanguage":"de","potentialAction":[{"@type":"ReadAction","target":["https:\/\/tkg-duisburg.de\/?p=4201"]}]},{"@type":"ImageObject","inLanguage":"de","@id":"https:\/\/tkg-duisburg.de\/?p=4201#primaryimage","url":"https:\/\/tkg-duisburg.de\/wp-content\/uploads\/2019\/12\/073dcbad-5a4f-471a-94ca-87d20754e80a.jpg","contentUrl":"https:\/\/tkg-duisburg.de\/wp-content\/uploads\/2019\/12\/073dcbad-5a4f-471a-94ca-87d20754e80a.jpg","width":1600,"height":1200},{"@type":"BreadcrumbList","@id":"https:\/\/tkg-duisburg.de\/?p=4201#breadcrumb","itemListElement":[{"@type":"ListItem","position":1,"name":"Startseite","item":"https:\/\/tkg-duisburg.de\/"},{"@type":"ListItem","position":2,"name":"Weihnachtsgr\u00fc\u00dfe"}]},{"@type":"WebSite","@id":"https:\/\/tkg-duisburg.de\/#website","url":"https:\/\/tkg-duisburg.de\/","name":"Theodor K\u00f6nig Gesamtschule Duisburg","description":"","potentialAction":[{"@type":"SearchAction","target":{"@type":"EntryPoint","urlTemplate":"https:\/\/tkg-duisburg.de\/?s={search_term_string}"},"query-input":"required name=search_term_string"}],"inLanguage":"de"},{"@type":"Person","@id":"https:\/\/tkg-duisburg.de\/#\/schema\/person\/5a5b174492de297d4b57e9a3d89564ee","name":"Bj\u00f6rn Becker","image":{"@type":"ImageObject","inLanguage":"de","@id":"https:\/\/tkg-duisburg.de\/#\/schema\/person\/image\/","url":"https:\/\/secure.gravatar.com\/avatar\/c7690b9f448fdd19e7a021d2d0201faa0dc70513a48fc7103388e3231c3056a4?s=96&d=mm&r=g","contentUrl":"https:\/\/secure.gravatar.com\/avatar\/c7690b9f448fdd19e7a021d2d0201faa0dc70513a48fc7103388e3231c3056a4?s=96&d=mm&r=g","caption":"Bj\u00f6rn Becker"},"url":"https:\/\/tkg-duisburg.de\/?author=5"}]}},"_links":{"self":[{"href":"https:\/\/tkg-duisburg.de\/index.php?rest_route=\/wp\/v2\/posts\/4201","targetHints":{"allow":["GET"]}}],"collection":[{"href":"https:\/\/tkg-duisburg.de\/index.php?rest_route=\/wp\/v2\/posts"}],"about":[{"href":"https:\/\/tkg-duisburg.de\/index.php?rest_route=\/wp\/v2\/types\/post"}],"author":[{"embeddable":true,"href":"https:\/\/tkg-duisburg.de\/index.php?rest_route=\/wp\/v2\/users\/5"}],"replies":[{"embeddable":true,"href":"https:\/\/tkg-duisburg.de\/index.php?rest_route=%2Fwp%2Fv2%2Fcomments&post=4201"}],"version-history":[{"count":2,"href":"https:\/\/tkg-duisburg.de\/index.php?rest_route=\/wp\/v2\/posts\/4201\/revisions"}],"predecessor-version":[{"id":4204,"href":"https:\/\/tkg-duisburg.de\/index.php?rest_route=\/wp\/v2\/posts\/4201\/revisions\/4204"}],"wp:attachment":[{"href":"https:\/\/tkg-duisburg.de\/index.php?rest_route=%2Fwp%2Fv2%2Fmedia&parent=4201"}],"wp:term":[{"taxonomy":"category","embeddable":true,"href":"https:\/\/tkg-duisburg.de\/index.php?rest_route=%2Fwp%2Fv2%2Fcategories&post=4201"},{"taxonomy":"post_tag","embeddable":true,"href":"https:\/\/tkg-duisburg.de\/index.php?rest_route=%2Fwp%2Fv2%2Ftags&post=4201"}],"curies":[{"name":"wp","href":"https:\/\/api.w.org\/{rel}","templated":true}]}}