{"id":4288,"date":"2020-01-20T18:07:59","date_gmt":"2020-01-20T16:07:59","guid":{"rendered":"http:\/\/tkg-duisburg.de\/?p=4288"},"modified":"2020-01-20T18:07:59","modified_gmt":"2020-01-20T16:07:59","slug":"tag-der-offenen-tuer-2","status":"publish","type":"post","link":"https:\/\/tkg-duisburg.de\/?p=4288","title":{"rendered":"Tag der offenen T\u00fcr"},"content":{"rendered":"\n<p>Einige Impressionen vom diesj\u00e4hrigen Tag der offenen T\u00fcr an der TKG<\/p>\n\n\n\n<ul class=\"wp-block-gallery columns-3 is-cropped wp-block-gallery-1 is-layout-flex wp-block-gallery-is-layout-flex\"><li class=\"blocks-gallery-item\"><figure><img loading=\"lazy\" decoding=\"async\" width=\"768\" height=\"1024\" src=\"https:\/\/tkg-duisburg.de\/wp-content\/uploads\/2020\/01\/DSCN0140-1-e1579536333226-768x1024.jpg\" alt=\"\" data-id=\"4297\" data-link=\"https:\/\/tkg-duisburg.de\/?attachment_id=4297\" class=\"wp-image-4297\" srcset=\"https:\/\/tkg-duisburg.de\/wp-content\/uploads\/2020\/01\/DSCN0140-1-e1579536333226-768x1024.jpg 768w, https:\/\/tkg-duisburg.de\/wp-content\/uploads\/2020\/01\/DSCN0140-1-e1579536333226-150x200.jpg 150w, https:\/\/tkg-duisburg.de\/wp-content\/uploads\/2020\/01\/DSCN0140-1-e1579536333226-225x300.jpg 225w\" sizes=\"auto, (max-width: 768px) 100vw, 768px\" \/><figcaption>Willkommen zum Tag der offenen T\u00fcr<\/figcaption><\/figure><\/li><li class=\"blocks-gallery-item\"><figure><img loading=\"lazy\" decoding=\"async\" width=\"1024\" height=\"768\" src=\"https:\/\/tkg-duisburg.de\/wp-content\/uploads\/2020\/01\/DSCN0136-1024x768.jpg\" alt=\"\" data-id=\"4289\" data-link=\"https:\/\/tkg-duisburg.de\/?attachment_id=4289\" class=\"wp-image-4289\" srcset=\"https:\/\/tkg-duisburg.de\/wp-content\/uploads\/2020\/01\/DSCN0136-1024x768.jpg 1024w, https:\/\/tkg-duisburg.de\/wp-content\/uploads\/2020\/01\/DSCN0136-300x225.jpg 300w\" sizes=\"auto, (max-width: 1024px) 100vw, 1024px\" \/><figcaption>Verk\u00f6stigung<\/figcaption><\/figure><\/li><li class=\"blocks-gallery-item\"><figure><img loading=\"lazy\" decoding=\"async\" width=\"1024\" height=\"768\" src=\"https:\/\/tkg-duisburg.de\/wp-content\/uploads\/2020\/01\/DSCN0149-1024x768.jpg\" alt=\"\" data-id=\"4291\" data-link=\"https:\/\/tkg-duisburg.de\/?attachment_id=4291\" class=\"wp-image-4291\" srcset=\"https:\/\/tkg-duisburg.de\/wp-content\/uploads\/2020\/01\/DSCN0149-1024x768.jpg 1024w, https:\/\/tkg-duisburg.de\/wp-content\/uploads\/2020\/01\/DSCN0149-300x225.jpg 300w\" sizes=\"auto, (max-width: 1024px) 100vw, 1024px\" \/><figcaption>Henna Tattoos<\/figcaption><\/figure><\/li><li class=\"blocks-gallery-item\"><figure><img loading=\"lazy\" decoding=\"async\" width=\"1024\" height=\"768\" src=\"https:\/\/tkg-duisburg.de\/wp-content\/uploads\/2020\/01\/DSCN0158-1024x768.jpg\" alt=\"\" data-id=\"4293\" data-link=\"https:\/\/tkg-duisburg.de\/?attachment_id=4293\" class=\"wp-image-4293\" srcset=\"https:\/\/tkg-duisburg.de\/wp-content\/uploads\/2020\/01\/DSCN0158-1024x768.jpg 1024w, https:\/\/tkg-duisburg.de\/wp-content\/uploads\/2020\/01\/DSCN0158-300x225.jpg 300w\" sizes=\"auto, (max-width: 1024px) 100vw, 1024px\" \/><figcaption>Ehemaligentreffen<\/figcaption><\/figure><\/li><li class=\"blocks-gallery-item\"><figure><img decoding=\"async\" src=\"https:\/\/tkg-duisburg.de\/wp-content\/uploads\/2020\/01\/DSCN0145-1024x768.jpg\" alt=\"\" data-id=\"4294\" data-link=\"https:\/\/tkg-duisburg.de\/?attachment_id=4294\" class=\"wp-image-4294\"\/><figcaption>Spendenaktion<\/figcaption><\/figure><\/li><li class=\"blocks-gallery-item\"><figure><img decoding=\"async\" src=\"https:\/\/tkg-duisburg.de\/wp-content\/uploads\/2020\/01\/DSCN0142-1024x768.jpg\" alt=\"\" data-id=\"4295\" data-link=\"https:\/\/tkg-duisburg.de\/?attachment_id=4295\" class=\"wp-image-4295\"\/><figcaption>Berufsorientierung beim Einstellungstest<\/figcaption><\/figure><\/li><li class=\"blocks-gallery-item\"><figure><img decoding=\"async\" src=\"https:\/\/tkg-duisburg.de\/wp-content\/uploads\/2020\/01\/DSCN0139-1024x768.jpg\" alt=\"\" data-id=\"4296\" data-link=\"https:\/\/tkg-duisburg.de\/?attachment_id=4296\" class=\"wp-image-4296\"\/><figcaption>Im SV Raum<\/figcaption><\/figure><\/li><li class=\"blocks-gallery-item\"><figure><img loading=\"lazy\" decoding=\"async\" width=\"1024\" height=\"768\" src=\"https:\/\/tkg-duisburg.de\/wp-content\/uploads\/2020\/01\/DSCN0141-1024x768.jpg\" alt=\"\" data-id=\"4298\" data-link=\"https:\/\/tkg-duisburg.de\/?attachment_id=4298\" class=\"wp-image-4298\" srcset=\"https:\/\/tkg-duisburg.de\/wp-content\/uploads\/2020\/01\/DSCN0141-1024x768.jpg 1024w, https:\/\/tkg-duisburg.de\/wp-content\/uploads\/2020\/01\/DSCN0141-300x225.jpg 300w\" sizes=\"auto, (max-width: 1024px) 100vw, 1024px\" \/><figcaption>Spiel und Spa\u00df<\/figcaption><\/figure><\/li><li class=\"blocks-gallery-item\"><figure><img loading=\"lazy\" decoding=\"async\" width=\"1024\" height=\"768\" src=\"https:\/\/tkg-duisburg.de\/wp-content\/uploads\/2020\/01\/DSCN0138-1024x768.jpg\" alt=\"\" data-id=\"4299\" data-link=\"https:\/\/tkg-duisburg.de\/?attachment_id=4299\" class=\"wp-image-4299\" srcset=\"https:\/\/tkg-duisburg.de\/wp-content\/uploads\/2020\/01\/DSCN0138-1024x768.jpg 1024w, https:\/\/tkg-duisburg.de\/wp-content\/uploads\/2020\/01\/DSCN0138-300x225.jpg 300w\" sizes=\"auto, (max-width: 1024px) 100vw, 1024px\" \/><figcaption>Aktion Weltreise<\/figcaption><\/figure><\/li><li class=\"blocks-gallery-item\"><figure><img loading=\"lazy\" decoding=\"async\" width=\"1024\" height=\"768\" src=\"https:\/\/tkg-duisburg.de\/wp-content\/uploads\/2020\/01\/DSCN0153-1024x768.jpg\" alt=\"\" data-id=\"4292\" data-link=\"https:\/\/tkg-duisburg.de\/?attachment_id=4292\" class=\"wp-image-4292\" srcset=\"https:\/\/tkg-duisburg.de\/wp-content\/uploads\/2020\/01\/DSCN0153-1024x768.jpg 1024w, https:\/\/tkg-duisburg.de\/wp-content\/uploads\/2020\/01\/DSCN0153-300x225.jpg 300w\" sizes=\"auto, (max-width: 1024px) 100vw, 1024px\" \/><figcaption>Unsere Ehemaligen<\/figcaption><\/figure><\/li><\/ul>\n","protected":false},"excerpt":{"rendered":"<p>Einige Impressionen vom diesj\u00e4hrigen Tag der offenen T\u00fcr an der TKG<\/p>\n","protected":false},"author":5,"featured_media":0,"comment_status":"closed","ping_status":"open","sticky":false,"template":"","format":"standard","meta":{"footnotes":""},"categories":[61],"tags":[],"class_list":["post-4288","post","type-post","status-publish","format-standard","hentry","category-tag-der-offenen-tuer"],"yoast_head":"<!-- This site is optimized with the Yoast SEO plugin v22.6 - https:\/\/yoast.com\/wordpress\/plugins\/seo\/ -->\n<title>Tag der offenen T\u00fcr - Theodor K\u00f6nig Gesamtschule Duisburg<\/title>\n<meta name=\"robots\" content=\"index, follow, max-snippet:-1, max-image-preview:large, max-video-preview:-1\" \/>\n<link rel=\"canonical\" href=\"https:\/\/tkg-duisburg.de\/?p=4288\" \/>\n<meta property=\"og:locale\" content=\"de_DE\" \/>\n<meta property=\"og:type\" content=\"article\" \/>\n<meta property=\"og:title\" content=\"Tag der offenen T\u00fcr - Theodor K\u00f6nig Gesamtschule Duisburg\" \/>\n<meta property=\"og:description\" content=\"Einige Impressionen vom diesj\u00e4hrigen Tag der offenen T\u00fcr an der TKG\" \/>\n<meta property=\"og:url\" content=\"https:\/\/tkg-duisburg.de\/?p=4288\" \/>\n<meta property=\"og:site_name\" content=\"Theodor K\u00f6nig Gesamtschule Duisburg\" \/>\n<meta property=\"article:published_time\" content=\"2020-01-20T16:07:59+00:00\" \/>\n<meta property=\"og:image\" content=\"http:\/\/tkg-duisburg.de\/wp-content\/uploads\/2020\/01\/DSCN0140-1-e1579536333226-768x1024.jpg\" \/>\n<meta name=\"author\" content=\"Bj\u00f6rn Becker\" \/>\n<meta name=\"twitter:card\" content=\"summary_large_image\" \/>\n<meta name=\"twitter:label1\" content=\"Verfasst von\" \/>\n\t<meta name=\"twitter:data1\" content=\"Bj\u00f6rn Becker\" \/>\n<script type=\"application\/ld+json\" class=\"yoast-schema-graph\">{\"@context\":\"https:\/\/schema.org\",\"@graph\":[{\"@type\":\"WebPage\",\"@id\":\"https:\/\/tkg-duisburg.de\/?p=4288\",\"url\":\"https:\/\/tkg-duisburg.de\/?p=4288\",\"name\":\"Tag der offenen T\u00fcr - Theodor K\u00f6nig Gesamtschule Duisburg\",\"isPartOf\":{\"@id\":\"https:\/\/tkg-duisburg.de\/#website\"},\"primaryImageOfPage\":{\"@id\":\"https:\/\/tkg-duisburg.de\/?p=4288#primaryimage\"},\"image\":{\"@id\":\"https:\/\/tkg-duisburg.de\/?p=4288#primaryimage\"},\"thumbnailUrl\":\"http:\/\/tkg-duisburg.de\/wp-content\/uploads\/2020\/01\/DSCN0140-1-e1579536333226-768x1024.jpg\",\"datePublished\":\"2020-01-20T16:07:59+00:00\",\"dateModified\":\"2020-01-20T16:07:59+00:00\",\"author\":{\"@id\":\"https:\/\/tkg-duisburg.de\/#\/schema\/person\/5a5b174492de297d4b57e9a3d89564ee\"},\"breadcrumb\":{\"@id\":\"https:\/\/tkg-duisburg.de\/?p=4288#breadcrumb\"},\"inLanguage\":\"de\",\"potentialAction\":[{\"@type\":\"ReadAction\",\"target\":[\"https:\/\/tkg-duisburg.de\/?p=4288\"]}]},{\"@type\":\"ImageObject\",\"inLanguage\":\"de\",\"@id\":\"https:\/\/tkg-duisburg.de\/?p=4288#primaryimage\",\"url\":\"http:\/\/tkg-duisburg.de\/wp-content\/uploads\/2020\/01\/DSCN0140-1-e1579536333226-768x1024.jpg\",\"contentUrl\":\"http:\/\/tkg-duisburg.de\/wp-content\/uploads\/2020\/01\/DSCN0140-1-e1579536333226-768x1024.jpg\"},{\"@type\":\"BreadcrumbList\",\"@id\":\"https:\/\/tkg-duisburg.de\/?p=4288#breadcrumb\",\"itemListElement\":[{\"@type\":\"ListItem\",\"position\":1,\"name\":\"Startseite\",\"item\":\"https:\/\/tkg-duisburg.de\/\"},{\"@type\":\"ListItem\",\"position\":2,\"name\":\"Tag der offenen T\u00fcr\"}]},{\"@type\":\"WebSite\",\"@id\":\"https:\/\/tkg-duisburg.de\/#website\",\"url\":\"https:\/\/tkg-duisburg.de\/\",\"name\":\"Theodor K\u00f6nig Gesamtschule Duisburg\",\"description\":\"\",\"potentialAction\":[{\"@type\":\"SearchAction\",\"target\":{\"@type\":\"EntryPoint\",\"urlTemplate\":\"https:\/\/tkg-duisburg.de\/?s={search_term_string}\"},\"query-input\":\"required name=search_term_string\"}],\"inLanguage\":\"de\"},{\"@type\":\"Person\",\"@id\":\"https:\/\/tkg-duisburg.de\/#\/schema\/person\/5a5b174492de297d4b57e9a3d89564ee\",\"name\":\"Bj\u00f6rn Becker\",\"image\":{\"@type\":\"ImageObject\",\"inLanguage\":\"de\",\"@id\":\"https:\/\/tkg-duisburg.de\/#\/schema\/person\/image\/\",\"url\":\"https:\/\/secure.gravatar.com\/avatar\/c7690b9f448fdd19e7a021d2d0201faa0dc70513a48fc7103388e3231c3056a4?s=96&d=mm&r=g\",\"contentUrl\":\"https:\/\/secure.gravatar.com\/avatar\/c7690b9f448fdd19e7a021d2d0201faa0dc70513a48fc7103388e3231c3056a4?s=96&d=mm&r=g\",\"caption\":\"Bj\u00f6rn Becker\"},\"url\":\"https:\/\/tkg-duisburg.de\/?author=5\"}]}<\/script>\n<!-- \/ Yoast SEO plugin. -->","yoast_head_json":{"title":"Tag der offenen T\u00fcr - Theodor K\u00f6nig Gesamtschule Duisburg","robots":{"index":"index","follow":"follow","max-snippet":"max-snippet:-1","max-image-preview":"max-image-preview:large","max-video-preview":"max-video-preview:-1"},"canonical":"https:\/\/tkg-duisburg.de\/?p=4288","og_locale":"de_DE","og_type":"article","og_title":"Tag der offenen T\u00fcr - Theodor K\u00f6nig Gesamtschule Duisburg","og_description":"Einige Impressionen vom diesj\u00e4hrigen Tag der offenen T\u00fcr an der TKG","og_url":"https:\/\/tkg-duisburg.de\/?p=4288","og_site_name":"Theodor K\u00f6nig Gesamtschule Duisburg","article_published_time":"2020-01-20T16:07:59+00:00","og_image":[{"url":"http:\/\/tkg-duisburg.de\/wp-content\/uploads\/2020\/01\/DSCN0140-1-e1579536333226-768x1024.jpg"}],"author":"Bj\u00f6rn Becker","twitter_card":"summary_large_image","twitter_misc":{"Verfasst von":"Bj\u00f6rn Becker"},"schema":{"@context":"https:\/\/schema.org","@graph":[{"@type":"WebPage","@id":"https:\/\/tkg-duisburg.de\/?p=4288","url":"https:\/\/tkg-duisburg.de\/?p=4288","name":"Tag der offenen T\u00fcr - Theodor K\u00f6nig Gesamtschule Duisburg","isPartOf":{"@id":"https:\/\/tkg-duisburg.de\/#website"},"primaryImageOfPage":{"@id":"https:\/\/tkg-duisburg.de\/?p=4288#primaryimage"},"image":{"@id":"https:\/\/tkg-duisburg.de\/?p=4288#primaryimage"},"thumbnailUrl":"http:\/\/tkg-duisburg.de\/wp-content\/uploads\/2020\/01\/DSCN0140-1-e1579536333226-768x1024.jpg","datePublished":"2020-01-20T16:07:59+00:00","dateModified":"2020-01-20T16:07:59+00:00","author":{"@id":"https:\/\/tkg-duisburg.de\/#\/schema\/person\/5a5b174492de297d4b57e9a3d89564ee"},"breadcrumb":{"@id":"https:\/\/tkg-duisburg.de\/?p=4288#breadcrumb"},"inLanguage":"de","potentialAction":[{"@type":"ReadAction","target":["https:\/\/tkg-duisburg.de\/?p=4288"]}]},{"@type":"ImageObject","inLanguage":"de","@id":"https:\/\/tkg-duisburg.de\/?p=4288#primaryimage","url":"http:\/\/tkg-duisburg.de\/wp-content\/uploads\/2020\/01\/DSCN0140-1-e1579536333226-768x1024.jpg","contentUrl":"http:\/\/tkg-duisburg.de\/wp-content\/uploads\/2020\/01\/DSCN0140-1-e1579536333226-768x1024.jpg"},{"@type":"BreadcrumbList","@id":"https:\/\/tkg-duisburg.de\/?p=4288#breadcrumb","itemListElement":[{"@type":"ListItem","position":1,"name":"Startseite","item":"https:\/\/tkg-duisburg.de\/"},{"@type":"ListItem","position":2,"name":"Tag der offenen T\u00fcr"}]},{"@type":"WebSite","@id":"https:\/\/tkg-duisburg.de\/#website","url":"https:\/\/tkg-duisburg.de\/","name":"Theodor K\u00f6nig Gesamtschule Duisburg","description":"","potentialAction":[{"@type":"SearchAction","target":{"@type":"EntryPoint","urlTemplate":"https:\/\/tkg-duisburg.de\/?s={search_term_string}"},"query-input":"required name=search_term_string"}],"inLanguage":"de"},{"@type":"Person","@id":"https:\/\/tkg-duisburg.de\/#\/schema\/person\/5a5b174492de297d4b57e9a3d89564ee","name":"Bj\u00f6rn Becker","image":{"@type":"ImageObject","inLanguage":"de","@id":"https:\/\/tkg-duisburg.de\/#\/schema\/person\/image\/","url":"https:\/\/secure.gravatar.com\/avatar\/c7690b9f448fdd19e7a021d2d0201faa0dc70513a48fc7103388e3231c3056a4?s=96&d=mm&r=g","contentUrl":"https:\/\/secure.gravatar.com\/avatar\/c7690b9f448fdd19e7a021d2d0201faa0dc70513a48fc7103388e3231c3056a4?s=96&d=mm&r=g","caption":"Bj\u00f6rn Becker"},"url":"https:\/\/tkg-duisburg.de\/?author=5"}]}},"_links":{"self":[{"href":"https:\/\/tkg-duisburg.de\/index.php?rest_route=\/wp\/v2\/posts\/4288","targetHints":{"allow":["GET"]}}],"collection":[{"href":"https:\/\/tkg-duisburg.de\/index.php?rest_route=\/wp\/v2\/posts"}],"about":[{"href":"https:\/\/tkg-duisburg.de\/index.php?rest_route=\/wp\/v2\/types\/post"}],"author":[{"embeddable":true,"href":"https:\/\/tkg-duisburg.de\/index.php?rest_route=\/wp\/v2\/users\/5"}],"replies":[{"embeddable":true,"href":"https:\/\/tkg-duisburg.de\/index.php?rest_route=%2Fwp%2Fv2%2Fcomments&post=4288"}],"version-history":[{"count":1,"href":"https:\/\/tkg-duisburg.de\/index.php?rest_route=\/wp\/v2\/posts\/4288\/revisions"}],"predecessor-version":[{"id":4300,"href":"https:\/\/tkg-duisburg.de\/index.php?rest_route=\/wp\/v2\/posts\/4288\/revisions\/4300"}],"wp:attachment":[{"href":"https:\/\/tkg-duisburg.de\/index.php?rest_route=%2Fwp%2Fv2%2Fmedia&parent=4288"}],"wp:term":[{"taxonomy":"category","embeddable":true,"href":"https:\/\/tkg-duisburg.de\/index.php?rest_route=%2Fwp%2Fv2%2Fcategories&post=4288"},{"taxonomy":"post_tag","embeddable":true,"href":"https:\/\/tkg-duisburg.de\/index.php?rest_route=%2Fwp%2Fv2%2Ftags&post=4288"}],"curies":[{"name":"wp","href":"https:\/\/api.w.org\/{rel}","templated":true}]}}