{"id":4327,"date":"2020-01-28T20:38:57","date_gmt":"2020-01-28T18:38:57","guid":{"rendered":"http:\/\/tkg-duisburg.de\/?p=4327"},"modified":"2024-11-25T18:51:05","modified_gmt":"2024-11-25T16:51:05","slug":"ankunft-namibia-nachtrag-zum-26-und-27-01-2020","status":"publish","type":"post","link":"https:\/\/tkg-duisburg.de\/?p=4327","title":{"rendered":"Ankunft Namibia \u2013 Nachtrag zum 26. und 27.01.2020"},"content":{"rendered":"\n<figure class=\"wp-block-image is-resized\"><img decoding=\"async\" src=\"https:\/\/tkg-duisburg.de\/wp-content\/uploads\/2020\/01\/76C46752-DAF7-4A18-86F4-990BDA2C636A-1024x498.jpeg\" alt=\"\" class=\"wp-image-4328\" style=\"aspect-ratio:1;width:634px;height:auto\"\/><\/figure>\n\n\n\n<p>Alis Bericht&nbsp;zur Anreise&nbsp;ist da und Mahlet hat Fotos geschickt, denn nat\u00fcrlich sollen&nbsp;vorrangig&nbsp;unsere Sch\u00fclerinnen und Sch\u00fcler&nbsp;zu&nbsp;Wort kommen und von ihren&nbsp;Erlebnissen und Erfahrungen&nbsp;berichten.<\/p>\n\n\n\n<p>Das ist leider manchmal nur mit geringer zeitlicher Verz\u00f6gerung m\u00f6glich, denn jeden Tag gibt es&nbsp;viel zu erleben und zu tun.<\/p>\n\n\n\n<p><strong>Berichte der Sch\u00fcler und Sch\u00fclerinnen werden im Original ver\u00f6ffentlicht<\/strong><strong>&nbsp;und nicht korrigiert.<\/strong><\/p>\n\n\n\n<p><strong>Leser und Leserinnen&nbsp;<\/strong><strong>unserer Homepage&nbsp;<\/strong><strong>m\u00f6gen daher Rechtschreib-, Zeichensetzungs-, Grammatikfehler etc. verzeihen.<\/strong><\/p>\n\n\n\n<blockquote class=\"wp-block-quote is-layout-flow wp-block-quote-is-layout-flow\">\n<p>Einen wundersch\u00f6nen guten Morgen aus Windhoek,<br><br>gestern gegen 12 Uhr sind wir mit dem ICE von Duisburg Hbf.\u00a0nach Frankfurt (Flughafen) gefahren. Die Fahrt hat ca. 90 Min gedauert, gef\u00fchlt waren es aber 30 Min. Am Flughafen angekommen, nat\u00fcrlich \u00fcberp\u00fcnktlich, haben wir ca. zwei Stunden gewartet und haben dann unsere Koffer abgegeben.<br><br>Im Flugzeug konnten wir leider keine Filme schauen, haben aber dennoch die 10 Stunden irgendwie rumgekriegt. Einige haben gelesen und die anderen geschlafen. Das Essen im Flugzeug war sehr lecker. Es gab H\u00e4hnchen, Beef und Lasagne. Zum Fr\u00fchst\u00fcck gab es ein belegtes Br\u00f6tchen mit K\u00e4se.\u00a0<br><br>Am Flughafen haben wir auf unseren Bus gewartet, der von\u00a0Katutura\u00a0kam. In dieser Zeit haben wir Geld gewechselt und uns SIM-Karten gekauft. Zum\u00a0Hosteldauerte es\u00a0ca\u00a045 Min. und nachdem wir unsere Zimmer gesehen hatten, ging es sofort los. Zuerst haben wir einen\u00a0Kapana-Markt besucht.\u00a0Kapana\u00a0ist gegrilltes Rindfleisch mit dem besonderen\u00a0Kapana-Gew\u00fcrz. Vom Markt aus ging es zur Schule. Wir haben unsere Austauschsch\u00fcler kennengelernt und sind dann auch schon zum\u00a0Hostel\u00a0gefahren um richtig anzukommen. Im Gegensatz zum letzten Jahr haben wir eine sehr sch\u00f6ne Unterkunft. Mit uns im\u00a0Hostel\u00a0leben freiwillige Helfer aus Deutschland. Alle sind sehr nett und sehr gespr\u00e4chsfreudig.\u00a0<br><br>Tugce,\u00a0Aleyna\u00a0und Mahlet haben zum Abendessen gekocht und morgen sind wir an der Reihe. Zum Essen gab es Nudeln mit einer Tomatenso\u00dfe und H\u00e4hnchen. Vielen Dank, es hat wirklich lecker geschmeckt&#8230; Nach dem Essen haben wir uns zur Gespr\u00e4chsrunde versammelt und den Tag reflektiert. Abschlie\u00dfend haben wir \u00fcber die Themen Identit\u00e4t, Rassismus und\u00a0Katuturadiskutiert\/gesprochen.\u00a0<br><br><br>Uns gef\u00e4llt es hier sehr,\u00a0bis morgen.\u00a0<br><br>Liebe Gr\u00fc\u00dfe aus Windhoek<\/p>\n<cite>Ali Adig\u00fczel Q1<\/cite><\/blockquote>\n\n\n\n<p>Aber eins kann man schon jetzt sagen, bei den Bildern wird man neidisch.<\/p>\n\n\n\n<figure class=\"wp-block-gallery has-nested-images columns-default is-cropped wp-block-gallery-1 is-layout-flex wp-block-gallery-is-layout-flex\">\n<figure class=\"wp-block-image\"><img decoding=\"async\" data-id=\"4329\" src=\"https:\/\/tkg-duisburg.de\/wp-content\/uploads\/2020\/01\/B67C7EB2-884F-4D09-9C72-5274B73D97F6-1024x576.jpeg\" alt=\"\" class=\"wp-image-4329\"\/><\/figure>\n\n\n\n<figure class=\"wp-block-image\"><img decoding=\"async\" data-id=\"4330\" src=\"https:\/\/tkg-duisburg.de\/wp-content\/uploads\/2020\/01\/E16941DB-98C3-4648-89A3-B9004FCEA608-1024x576.jpeg\" alt=\"\" class=\"wp-image-4330\"\/><\/figure>\n\n\n\n<figure class=\"wp-block-image\"><img decoding=\"async\" data-id=\"4331\" src=\"https:\/\/tkg-duisburg.de\/wp-content\/uploads\/2020\/01\/1F4ED6BD-9DE2-4F21-A8B7-303F5467CB75-768x1024.jpeg\" alt=\"\" class=\"wp-image-4331\"\/><\/figure>\n\n\n\n<figure class=\"wp-block-image\"><img decoding=\"async\" data-id=\"4332\" src=\"https:\/\/tkg-duisburg.de\/wp-content\/uploads\/2020\/01\/C73B7FEA-B358-4E2E-8323-6C9E491E6C3D-1024x768.jpeg\" alt=\"\" class=\"wp-image-4332\"\/><\/figure>\n<\/figure>\n\n\n\n\n\n<p>C. Hiller-Kitzmann<\/p>\n","protected":false},"excerpt":{"rendered":"<p>Alis Bericht&nbsp;zur Anreise&nbsp;ist da und Mahlet hat Fotos geschickt, denn nat\u00fcrlich sollen&nbsp;vorrangig&nbsp;unsere Sch\u00fclerinnen und Sch\u00fcler&nbsp;zu&nbsp;Wort kommen und von ihren&nbsp;Erlebnissen und Erfahrungen&nbsp;berichten. Das ist leider manchmal nur mit geringer zeitlicher Verz\u00f6gerung m\u00f6glich, denn jeden Tag gibt es&nbsp;viel zu erleben und zu tun. Berichte der Sch\u00fcler und Sch\u00fclerinnen werden im Original ver\u00f6ffentlicht&nbsp;und nicht korrigiert. Leser und Leserinnen&nbsp;unserer &hellip; <a href=\"https:\/\/tkg-duisburg.de\/?p=4327\" class=\"more-link\"><span class=\"screen-reader-text\">Ankunft Namibia \u2013 Nachtrag zum 26. und 27.01.2020<\/span> weiterlesen <span class=\"meta-nav\">&rarr;<\/span><\/a><\/p>\n","protected":false},"author":1,"featured_media":0,"comment_status":"closed","ping_status":"open","sticky":false,"template":"","format":"standard","meta":{"footnotes":""},"categories":[1],"tags":[],"class_list":["post-4327","post","type-post","status-publish","format-standard","hentry","category-allgemein"],"yoast_head":"<!-- This site is optimized with the Yoast SEO plugin v22.6 - https:\/\/yoast.com\/wordpress\/plugins\/seo\/ -->\n<title>Ankunft Namibia \u2013 Nachtrag zum 26. und 27.01.2020 - Theodor K\u00f6nig Gesamtschule Duisburg<\/title>\n<meta name=\"robots\" content=\"index, follow, max-snippet:-1, max-image-preview:large, max-video-preview:-1\" \/>\n<link rel=\"canonical\" href=\"https:\/\/tkg-duisburg.de\/?p=4327\" \/>\n<meta property=\"og:locale\" content=\"de_DE\" \/>\n<meta property=\"og:type\" content=\"article\" \/>\n<meta property=\"og:title\" content=\"Ankunft Namibia \u2013 Nachtrag zum 26. und 27.01.2020 - Theodor K\u00f6nig Gesamtschule Duisburg\" \/>\n<meta property=\"og:description\" content=\"Alis Bericht&nbsp;zur Anreise&nbsp;ist da und Mahlet hat Fotos geschickt, denn nat\u00fcrlich sollen&nbsp;vorrangig&nbsp;unsere Sch\u00fclerinnen und Sch\u00fcler&nbsp;zu&nbsp;Wort kommen und von ihren&nbsp;Erlebnissen und Erfahrungen&nbsp;berichten. Das ist leider manchmal nur mit geringer zeitlicher Verz\u00f6gerung m\u00f6glich, denn jeden Tag gibt es&nbsp;viel zu erleben und zu tun. Berichte der Sch\u00fcler und Sch\u00fclerinnen werden im Original ver\u00f6ffentlicht&nbsp;und nicht korrigiert. Leser und Leserinnen&nbsp;unserer &hellip; Ankunft Namibia \u2013 Nachtrag zum 26. und 27.01.2020 weiterlesen &rarr;\" \/>\n<meta property=\"og:url\" content=\"https:\/\/tkg-duisburg.de\/?p=4327\" \/>\n<meta property=\"og:site_name\" content=\"Theodor K\u00f6nig Gesamtschule Duisburg\" \/>\n<meta property=\"article:published_time\" content=\"2020-01-28T18:38:57+00:00\" \/>\n<meta property=\"article:modified_time\" content=\"2024-11-25T16:51:05+00:00\" \/>\n<meta property=\"og:image\" content=\"http:\/\/tkg-duisburg.de\/wp-content\/uploads\/2020\/01\/76C46752-DAF7-4A18-86F4-990BDA2C636A-1024x498.jpeg\" \/>\n<meta name=\"author\" content=\"Theodor K\u00f6nig Gesamtschule\" \/>\n<meta name=\"twitter:card\" content=\"summary_large_image\" \/>\n<meta name=\"twitter:label1\" content=\"Verfasst von\" \/>\n\t<meta name=\"twitter:data1\" content=\"Theodor K\u00f6nig Gesamtschule\" \/>\n\t<meta name=\"twitter:label2\" content=\"Gesch\u00e4tzte Lesezeit\" \/>\n\t<meta name=\"twitter:data2\" content=\"2\u00a0Minuten\" \/>\n<script type=\"application\/ld+json\" class=\"yoast-schema-graph\">{\"@context\":\"https:\/\/schema.org\",\"@graph\":[{\"@type\":\"WebPage\",\"@id\":\"https:\/\/tkg-duisburg.de\/?p=4327\",\"url\":\"https:\/\/tkg-duisburg.de\/?p=4327\",\"name\":\"Ankunft Namibia \u2013 Nachtrag zum 26. und 27.01.2020 - Theodor K\u00f6nig Gesamtschule Duisburg\",\"isPartOf\":{\"@id\":\"https:\/\/tkg-duisburg.de\/#website\"},\"primaryImageOfPage\":{\"@id\":\"https:\/\/tkg-duisburg.de\/?p=4327#primaryimage\"},\"image\":{\"@id\":\"https:\/\/tkg-duisburg.de\/?p=4327#primaryimage\"},\"thumbnailUrl\":\"http:\/\/tkg-duisburg.de\/wp-content\/uploads\/2020\/01\/76C46752-DAF7-4A18-86F4-990BDA2C636A-1024x498.jpeg\",\"datePublished\":\"2020-01-28T18:38:57+00:00\",\"dateModified\":\"2024-11-25T16:51:05+00:00\",\"author\":{\"@id\":\"https:\/\/tkg-duisburg.de\/#\/schema\/person\/959db6a2cedeb35dd75151dbd9d4361c\"},\"breadcrumb\":{\"@id\":\"https:\/\/tkg-duisburg.de\/?p=4327#breadcrumb\"},\"inLanguage\":\"de\",\"potentialAction\":[{\"@type\":\"ReadAction\",\"target\":[\"https:\/\/tkg-duisburg.de\/?p=4327\"]}]},{\"@type\":\"ImageObject\",\"inLanguage\":\"de\",\"@id\":\"https:\/\/tkg-duisburg.de\/?p=4327#primaryimage\",\"url\":\"http:\/\/tkg-duisburg.de\/wp-content\/uploads\/2020\/01\/76C46752-DAF7-4A18-86F4-990BDA2C636A-1024x498.jpeg\",\"contentUrl\":\"http:\/\/tkg-duisburg.de\/wp-content\/uploads\/2020\/01\/76C46752-DAF7-4A18-86F4-990BDA2C636A-1024x498.jpeg\"},{\"@type\":\"BreadcrumbList\",\"@id\":\"https:\/\/tkg-duisburg.de\/?p=4327#breadcrumb\",\"itemListElement\":[{\"@type\":\"ListItem\",\"position\":1,\"name\":\"Startseite\",\"item\":\"https:\/\/tkg-duisburg.de\/\"},{\"@type\":\"ListItem\",\"position\":2,\"name\":\"Ankunft Namibia \u2013 Nachtrag zum 26. und 27.01.2020\"}]},{\"@type\":\"WebSite\",\"@id\":\"https:\/\/tkg-duisburg.de\/#website\",\"url\":\"https:\/\/tkg-duisburg.de\/\",\"name\":\"Theodor K\u00f6nig Gesamtschule Duisburg\",\"description\":\"\",\"potentialAction\":[{\"@type\":\"SearchAction\",\"target\":{\"@type\":\"EntryPoint\",\"urlTemplate\":\"https:\/\/tkg-duisburg.de\/?s={search_term_string}\"},\"query-input\":\"required name=search_term_string\"}],\"inLanguage\":\"de\"},{\"@type\":\"Person\",\"@id\":\"https:\/\/tkg-duisburg.de\/#\/schema\/person\/959db6a2cedeb35dd75151dbd9d4361c\",\"name\":\"Theodor K\u00f6nig Gesamtschule\",\"image\":{\"@type\":\"ImageObject\",\"inLanguage\":\"de\",\"@id\":\"https:\/\/tkg-duisburg.de\/#\/schema\/person\/image\/\",\"url\":\"https:\/\/secure.gravatar.com\/avatar\/78b8874227e9cd261d53d8462e0bd16b4cd3f37456ad1287bc3bfd162d6f0b9f?s=96&d=mm&r=g\",\"contentUrl\":\"https:\/\/secure.gravatar.com\/avatar\/78b8874227e9cd261d53d8462e0bd16b4cd3f37456ad1287bc3bfd162d6f0b9f?s=96&d=mm&r=g\",\"caption\":\"Theodor K\u00f6nig Gesamtschule\"},\"url\":\"https:\/\/tkg-duisburg.de\/?author=1\"}]}<\/script>\n<!-- \/ Yoast SEO plugin. -->","yoast_head_json":{"title":"Ankunft Namibia \u2013 Nachtrag zum 26. und 27.01.2020 - Theodor K\u00f6nig Gesamtschule Duisburg","robots":{"index":"index","follow":"follow","max-snippet":"max-snippet:-1","max-image-preview":"max-image-preview:large","max-video-preview":"max-video-preview:-1"},"canonical":"https:\/\/tkg-duisburg.de\/?p=4327","og_locale":"de_DE","og_type":"article","og_title":"Ankunft Namibia \u2013 Nachtrag zum 26. und 27.01.2020 - Theodor K\u00f6nig Gesamtschule Duisburg","og_description":"Alis Bericht&nbsp;zur Anreise&nbsp;ist da und Mahlet hat Fotos geschickt, denn nat\u00fcrlich sollen&nbsp;vorrangig&nbsp;unsere Sch\u00fclerinnen und Sch\u00fcler&nbsp;zu&nbsp;Wort kommen und von ihren&nbsp;Erlebnissen und Erfahrungen&nbsp;berichten. Das ist leider manchmal nur mit geringer zeitlicher Verz\u00f6gerung m\u00f6glich, denn jeden Tag gibt es&nbsp;viel zu erleben und zu tun. Berichte der Sch\u00fcler und Sch\u00fclerinnen werden im Original ver\u00f6ffentlicht&nbsp;und nicht korrigiert. Leser und Leserinnen&nbsp;unserer &hellip; Ankunft Namibia \u2013 Nachtrag zum 26. und 27.01.2020 weiterlesen &rarr;","og_url":"https:\/\/tkg-duisburg.de\/?p=4327","og_site_name":"Theodor K\u00f6nig Gesamtschule Duisburg","article_published_time":"2020-01-28T18:38:57+00:00","article_modified_time":"2024-11-25T16:51:05+00:00","og_image":[{"url":"http:\/\/tkg-duisburg.de\/wp-content\/uploads\/2020\/01\/76C46752-DAF7-4A18-86F4-990BDA2C636A-1024x498.jpeg"}],"author":"Theodor K\u00f6nig Gesamtschule","twitter_card":"summary_large_image","twitter_misc":{"Verfasst von":"Theodor K\u00f6nig Gesamtschule","Gesch\u00e4tzte Lesezeit":"2\u00a0Minuten"},"schema":{"@context":"https:\/\/schema.org","@graph":[{"@type":"WebPage","@id":"https:\/\/tkg-duisburg.de\/?p=4327","url":"https:\/\/tkg-duisburg.de\/?p=4327","name":"Ankunft Namibia \u2013 Nachtrag zum 26. und 27.01.2020 - Theodor K\u00f6nig Gesamtschule Duisburg","isPartOf":{"@id":"https:\/\/tkg-duisburg.de\/#website"},"primaryImageOfPage":{"@id":"https:\/\/tkg-duisburg.de\/?p=4327#primaryimage"},"image":{"@id":"https:\/\/tkg-duisburg.de\/?p=4327#primaryimage"},"thumbnailUrl":"http:\/\/tkg-duisburg.de\/wp-content\/uploads\/2020\/01\/76C46752-DAF7-4A18-86F4-990BDA2C636A-1024x498.jpeg","datePublished":"2020-01-28T18:38:57+00:00","dateModified":"2024-11-25T16:51:05+00:00","author":{"@id":"https:\/\/tkg-duisburg.de\/#\/schema\/person\/959db6a2cedeb35dd75151dbd9d4361c"},"breadcrumb":{"@id":"https:\/\/tkg-duisburg.de\/?p=4327#breadcrumb"},"inLanguage":"de","potentialAction":[{"@type":"ReadAction","target":["https:\/\/tkg-duisburg.de\/?p=4327"]}]},{"@type":"ImageObject","inLanguage":"de","@id":"https:\/\/tkg-duisburg.de\/?p=4327#primaryimage","url":"http:\/\/tkg-duisburg.de\/wp-content\/uploads\/2020\/01\/76C46752-DAF7-4A18-86F4-990BDA2C636A-1024x498.jpeg","contentUrl":"http:\/\/tkg-duisburg.de\/wp-content\/uploads\/2020\/01\/76C46752-DAF7-4A18-86F4-990BDA2C636A-1024x498.jpeg"},{"@type":"BreadcrumbList","@id":"https:\/\/tkg-duisburg.de\/?p=4327#breadcrumb","itemListElement":[{"@type":"ListItem","position":1,"name":"Startseite","item":"https:\/\/tkg-duisburg.de\/"},{"@type":"ListItem","position":2,"name":"Ankunft Namibia \u2013 Nachtrag zum 26. und 27.01.2020"}]},{"@type":"WebSite","@id":"https:\/\/tkg-duisburg.de\/#website","url":"https:\/\/tkg-duisburg.de\/","name":"Theodor K\u00f6nig Gesamtschule Duisburg","description":"","potentialAction":[{"@type":"SearchAction","target":{"@type":"EntryPoint","urlTemplate":"https:\/\/tkg-duisburg.de\/?s={search_term_string}"},"query-input":"required name=search_term_string"}],"inLanguage":"de"},{"@type":"Person","@id":"https:\/\/tkg-duisburg.de\/#\/schema\/person\/959db6a2cedeb35dd75151dbd9d4361c","name":"Theodor K\u00f6nig Gesamtschule","image":{"@type":"ImageObject","inLanguage":"de","@id":"https:\/\/tkg-duisburg.de\/#\/schema\/person\/image\/","url":"https:\/\/secure.gravatar.com\/avatar\/78b8874227e9cd261d53d8462e0bd16b4cd3f37456ad1287bc3bfd162d6f0b9f?s=96&d=mm&r=g","contentUrl":"https:\/\/secure.gravatar.com\/avatar\/78b8874227e9cd261d53d8462e0bd16b4cd3f37456ad1287bc3bfd162d6f0b9f?s=96&d=mm&r=g","caption":"Theodor K\u00f6nig Gesamtschule"},"url":"https:\/\/tkg-duisburg.de\/?author=1"}]}},"_links":{"self":[{"href":"https:\/\/tkg-duisburg.de\/index.php?rest_route=\/wp\/v2\/posts\/4327","targetHints":{"allow":["GET"]}}],"collection":[{"href":"https:\/\/tkg-duisburg.de\/index.php?rest_route=\/wp\/v2\/posts"}],"about":[{"href":"https:\/\/tkg-duisburg.de\/index.php?rest_route=\/wp\/v2\/types\/post"}],"author":[{"embeddable":true,"href":"https:\/\/tkg-duisburg.de\/index.php?rest_route=\/wp\/v2\/users\/1"}],"replies":[{"embeddable":true,"href":"https:\/\/tkg-duisburg.de\/index.php?rest_route=%2Fwp%2Fv2%2Fcomments&post=4327"}],"version-history":[{"count":4,"href":"https:\/\/tkg-duisburg.de\/index.php?rest_route=\/wp\/v2\/posts\/4327\/revisions"}],"predecessor-version":[{"id":8586,"href":"https:\/\/tkg-duisburg.de\/index.php?rest_route=\/wp\/v2\/posts\/4327\/revisions\/8586"}],"wp:attachment":[{"href":"https:\/\/tkg-duisburg.de\/index.php?rest_route=%2Fwp%2Fv2%2Fmedia&parent=4327"}],"wp:term":[{"taxonomy":"category","embeddable":true,"href":"https:\/\/tkg-duisburg.de\/index.php?rest_route=%2Fwp%2Fv2%2Fcategories&post=4327"},{"taxonomy":"post_tag","embeddable":true,"href":"https:\/\/tkg-duisburg.de\/index.php?rest_route=%2Fwp%2Fv2%2Ftags&post=4327"}],"curies":[{"name":"wp","href":"https:\/\/api.w.org\/{rel}","templated":true}]}}