{"id":4381,"date":"2020-02-03T14:08:56","date_gmt":"2020-02-03T12:08:56","guid":{"rendered":"http:\/\/tkg-duisburg.de\/?p=4381"},"modified":"2020-02-03T14:33:15","modified_gmt":"2020-02-03T12:33:15","slug":"informationen-fuer-neue-schuelerinnen-der-sii","status":"publish","type":"post","link":"https:\/\/tkg-duisburg.de\/?p=4381","title":{"rendered":"Informationen f\u00fcr neue Sch\u00fclerInnen der SII"},"content":{"rendered":"\n<p>Das Schulministerium NRW stellt Brosch\u00fcren bereit, in denen k\u00fcnftige Sch\u00fclerInnen der Oberstufe relevante Informationen zur schulischen Laufbahn in der Sekundarstufe II finden. <\/p>\n\n\n\n<p>Die Brosch\u00fcre f\u00fcr Sch\u00fclerInnen, die im Jahr 2020 in die Oberstufe eintreten, wurde aktualisiert und ist hier zu finden.<\/p>\n\n\n\n<p><a href=\"https:\/\/broschueren.nordrheinwestfalendirekt.de\/broschuerenservice\/staatskanzlei\/die-gymnasiale-oberstufe-an-gymnasien-und-gesamtschulen-in-nordrhein-westfalen-informationen-fuer-schuelerinnen-und-schueler-die-im-jahr-2020-in-die-gymnasiale-oberstufe-eintreten\/1651&quot;>https:\/\/broschueren.nordrheinwestfalendirekt.de\/broschuerenservice\/staatskanzlei\/die-gymnasiale-oberstufe-an-gymnasien-und-gesamtschulen-in-nordrhein-westfalen-informationen-fuer-schuelerinnen-und-schueler-die-im-jahr-2020-in-die-gymnasiale-oberstufe-eintreten\/1651&#8243;>Informationen f\u00fcr SuS der kommenden EF<\/a><\/p>\n","protected":false},"excerpt":{"rendered":"<p>Das Schulministerium NRW stellt Brosch\u00fcren bereit, in denen k\u00fcnftige Sch\u00fclerInnen der Oberstufe relevante Informationen zur schulischen Laufbahn in der Sekundarstufe II finden. Die Brosch\u00fcre f\u00fcr Sch\u00fclerInnen, die im Jahr 2020 in die Oberstufe eintreten, wurde aktualisiert und ist hier zu finden.<\/p>\n","protected":false},"author":5,"featured_media":0,"comment_status":"closed","ping_status":"open","sticky":false,"template":"","format":"standard","meta":{"footnotes":""},"categories":[20,40],"tags":[],"class_list":["post-4381","post","type-post","status-publish","format-standard","hentry","category-ef","category-sekundarstufe-ii"],"yoast_head":"<!-- This site is optimized with the Yoast SEO plugin v22.6 - https:\/\/yoast.com\/wordpress\/plugins\/seo\/ -->\n<title>Informationen f\u00fcr neue Sch\u00fclerInnen der SII - Theodor K\u00f6nig Gesamtschule Duisburg<\/title>\n<meta name=\"robots\" content=\"index, follow, max-snippet:-1, max-image-preview:large, max-video-preview:-1\" \/>\n<link rel=\"canonical\" href=\"https:\/\/tkg-duisburg.de\/?p=4381\" \/>\n<meta property=\"og:locale\" content=\"de_DE\" \/>\n<meta property=\"og:type\" content=\"article\" \/>\n<meta property=\"og:title\" content=\"Informationen f\u00fcr neue Sch\u00fclerInnen der SII - Theodor K\u00f6nig Gesamtschule Duisburg\" \/>\n<meta property=\"og:description\" content=\"Das Schulministerium NRW stellt Brosch\u00fcren bereit, in denen k\u00fcnftige Sch\u00fclerInnen der Oberstufe relevante Informationen zur schulischen Laufbahn in der Sekundarstufe II finden. Die Brosch\u00fcre f\u00fcr Sch\u00fclerInnen, die im Jahr 2020 in die Oberstufe eintreten, wurde aktualisiert und ist hier zu finden.\" \/>\n<meta property=\"og:url\" content=\"https:\/\/tkg-duisburg.de\/?p=4381\" \/>\n<meta property=\"og:site_name\" content=\"Theodor K\u00f6nig Gesamtschule Duisburg\" \/>\n<meta property=\"article:published_time\" content=\"2020-02-03T12:08:56+00:00\" \/>\n<meta property=\"article:modified_time\" content=\"2020-02-03T12:33:15+00:00\" \/>\n<meta name=\"author\" content=\"Bj\u00f6rn Becker\" \/>\n<meta name=\"twitter:card\" content=\"summary_large_image\" \/>\n<meta name=\"twitter:label1\" content=\"Verfasst von\" \/>\n\t<meta name=\"twitter:data1\" content=\"Bj\u00f6rn Becker\" \/>\n<script type=\"application\/ld+json\" class=\"yoast-schema-graph\">{\"@context\":\"https:\/\/schema.org\",\"@graph\":[{\"@type\":\"WebPage\",\"@id\":\"https:\/\/tkg-duisburg.de\/?p=4381\",\"url\":\"https:\/\/tkg-duisburg.de\/?p=4381\",\"name\":\"Informationen f\u00fcr neue Sch\u00fclerInnen der SII - Theodor K\u00f6nig Gesamtschule Duisburg\",\"isPartOf\":{\"@id\":\"https:\/\/tkg-duisburg.de\/#website\"},\"datePublished\":\"2020-02-03T12:08:56+00:00\",\"dateModified\":\"2020-02-03T12:33:15+00:00\",\"author\":{\"@id\":\"https:\/\/tkg-duisburg.de\/#\/schema\/person\/5a5b174492de297d4b57e9a3d89564ee\"},\"breadcrumb\":{\"@id\":\"https:\/\/tkg-duisburg.de\/?p=4381#breadcrumb\"},\"inLanguage\":\"de\",\"potentialAction\":[{\"@type\":\"ReadAction\",\"target\":[\"https:\/\/tkg-duisburg.de\/?p=4381\"]}]},{\"@type\":\"BreadcrumbList\",\"@id\":\"https:\/\/tkg-duisburg.de\/?p=4381#breadcrumb\",\"itemListElement\":[{\"@type\":\"ListItem\",\"position\":1,\"name\":\"Startseite\",\"item\":\"https:\/\/tkg-duisburg.de\/\"},{\"@type\":\"ListItem\",\"position\":2,\"name\":\"Informationen f\u00fcr neue Sch\u00fclerInnen der SII\"}]},{\"@type\":\"WebSite\",\"@id\":\"https:\/\/tkg-duisburg.de\/#website\",\"url\":\"https:\/\/tkg-duisburg.de\/\",\"name\":\"Theodor K\u00f6nig Gesamtschule Duisburg\",\"description\":\"\",\"potentialAction\":[{\"@type\":\"SearchAction\",\"target\":{\"@type\":\"EntryPoint\",\"urlTemplate\":\"https:\/\/tkg-duisburg.de\/?s={search_term_string}\"},\"query-input\":\"required name=search_term_string\"}],\"inLanguage\":\"de\"},{\"@type\":\"Person\",\"@id\":\"https:\/\/tkg-duisburg.de\/#\/schema\/person\/5a5b174492de297d4b57e9a3d89564ee\",\"name\":\"Bj\u00f6rn Becker\",\"image\":{\"@type\":\"ImageObject\",\"inLanguage\":\"de\",\"@id\":\"https:\/\/tkg-duisburg.de\/#\/schema\/person\/image\/\",\"url\":\"https:\/\/secure.gravatar.com\/avatar\/c7690b9f448fdd19e7a021d2d0201faa0dc70513a48fc7103388e3231c3056a4?s=96&d=mm&r=g\",\"contentUrl\":\"https:\/\/secure.gravatar.com\/avatar\/c7690b9f448fdd19e7a021d2d0201faa0dc70513a48fc7103388e3231c3056a4?s=96&d=mm&r=g\",\"caption\":\"Bj\u00f6rn Becker\"},\"url\":\"https:\/\/tkg-duisburg.de\/?author=5\"}]}<\/script>\n<!-- \/ Yoast SEO plugin. -->","yoast_head_json":{"title":"Informationen f\u00fcr neue Sch\u00fclerInnen der SII - Theodor K\u00f6nig Gesamtschule Duisburg","robots":{"index":"index","follow":"follow","max-snippet":"max-snippet:-1","max-image-preview":"max-image-preview:large","max-video-preview":"max-video-preview:-1"},"canonical":"https:\/\/tkg-duisburg.de\/?p=4381","og_locale":"de_DE","og_type":"article","og_title":"Informationen f\u00fcr neue Sch\u00fclerInnen der SII - Theodor K\u00f6nig Gesamtschule Duisburg","og_description":"Das Schulministerium NRW stellt Brosch\u00fcren bereit, in denen k\u00fcnftige Sch\u00fclerInnen der Oberstufe relevante Informationen zur schulischen Laufbahn in der Sekundarstufe II finden. Die Brosch\u00fcre f\u00fcr Sch\u00fclerInnen, die im Jahr 2020 in die Oberstufe eintreten, wurde aktualisiert und ist hier zu finden.","og_url":"https:\/\/tkg-duisburg.de\/?p=4381","og_site_name":"Theodor K\u00f6nig Gesamtschule Duisburg","article_published_time":"2020-02-03T12:08:56+00:00","article_modified_time":"2020-02-03T12:33:15+00:00","author":"Bj\u00f6rn Becker","twitter_card":"summary_large_image","twitter_misc":{"Verfasst von":"Bj\u00f6rn Becker"},"schema":{"@context":"https:\/\/schema.org","@graph":[{"@type":"WebPage","@id":"https:\/\/tkg-duisburg.de\/?p=4381","url":"https:\/\/tkg-duisburg.de\/?p=4381","name":"Informationen f\u00fcr neue Sch\u00fclerInnen der SII - Theodor K\u00f6nig Gesamtschule Duisburg","isPartOf":{"@id":"https:\/\/tkg-duisburg.de\/#website"},"datePublished":"2020-02-03T12:08:56+00:00","dateModified":"2020-02-03T12:33:15+00:00","author":{"@id":"https:\/\/tkg-duisburg.de\/#\/schema\/person\/5a5b174492de297d4b57e9a3d89564ee"},"breadcrumb":{"@id":"https:\/\/tkg-duisburg.de\/?p=4381#breadcrumb"},"inLanguage":"de","potentialAction":[{"@type":"ReadAction","target":["https:\/\/tkg-duisburg.de\/?p=4381"]}]},{"@type":"BreadcrumbList","@id":"https:\/\/tkg-duisburg.de\/?p=4381#breadcrumb","itemListElement":[{"@type":"ListItem","position":1,"name":"Startseite","item":"https:\/\/tkg-duisburg.de\/"},{"@type":"ListItem","position":2,"name":"Informationen f\u00fcr neue Sch\u00fclerInnen der SII"}]},{"@type":"WebSite","@id":"https:\/\/tkg-duisburg.de\/#website","url":"https:\/\/tkg-duisburg.de\/","name":"Theodor K\u00f6nig Gesamtschule Duisburg","description":"","potentialAction":[{"@type":"SearchAction","target":{"@type":"EntryPoint","urlTemplate":"https:\/\/tkg-duisburg.de\/?s={search_term_string}"},"query-input":"required name=search_term_string"}],"inLanguage":"de"},{"@type":"Person","@id":"https:\/\/tkg-duisburg.de\/#\/schema\/person\/5a5b174492de297d4b57e9a3d89564ee","name":"Bj\u00f6rn Becker","image":{"@type":"ImageObject","inLanguage":"de","@id":"https:\/\/tkg-duisburg.de\/#\/schema\/person\/image\/","url":"https:\/\/secure.gravatar.com\/avatar\/c7690b9f448fdd19e7a021d2d0201faa0dc70513a48fc7103388e3231c3056a4?s=96&d=mm&r=g","contentUrl":"https:\/\/secure.gravatar.com\/avatar\/c7690b9f448fdd19e7a021d2d0201faa0dc70513a48fc7103388e3231c3056a4?s=96&d=mm&r=g","caption":"Bj\u00f6rn Becker"},"url":"https:\/\/tkg-duisburg.de\/?author=5"}]}},"_links":{"self":[{"href":"https:\/\/tkg-duisburg.de\/index.php?rest_route=\/wp\/v2\/posts\/4381","targetHints":{"allow":["GET"]}}],"collection":[{"href":"https:\/\/tkg-duisburg.de\/index.php?rest_route=\/wp\/v2\/posts"}],"about":[{"href":"https:\/\/tkg-duisburg.de\/index.php?rest_route=\/wp\/v2\/types\/post"}],"author":[{"embeddable":true,"href":"https:\/\/tkg-duisburg.de\/index.php?rest_route=\/wp\/v2\/users\/5"}],"replies":[{"embeddable":true,"href":"https:\/\/tkg-duisburg.de\/index.php?rest_route=%2Fwp%2Fv2%2Fcomments&post=4381"}],"version-history":[{"count":3,"href":"https:\/\/tkg-duisburg.de\/index.php?rest_route=\/wp\/v2\/posts\/4381\/revisions"}],"predecessor-version":[{"id":4387,"href":"https:\/\/tkg-duisburg.de\/index.php?rest_route=\/wp\/v2\/posts\/4381\/revisions\/4387"}],"wp:attachment":[{"href":"https:\/\/tkg-duisburg.de\/index.php?rest_route=%2Fwp%2Fv2%2Fmedia&parent=4381"}],"wp:term":[{"taxonomy":"category","embeddable":true,"href":"https:\/\/tkg-duisburg.de\/index.php?rest_route=%2Fwp%2Fv2%2Fcategories&post=4381"},{"taxonomy":"post_tag","embeddable":true,"href":"https:\/\/tkg-duisburg.de\/index.php?rest_route=%2Fwp%2Fv2%2Ftags&post=4381"}],"curies":[{"name":"wp","href":"https:\/\/api.w.org\/{rel}","templated":true}]}}