{"id":4532,"date":"2020-02-16T19:44:36","date_gmt":"2020-02-16T17:44:36","guid":{"rendered":"http:\/\/tkg-duisburg.de\/?p=4532"},"modified":"2020-02-16T20:44:36","modified_gmt":"2020-02-16T18:44:36","slug":"freitag-14-02-2020-hi-aleyna","status":"publish","type":"post","link":"https:\/\/tkg-duisburg.de\/?p=4532","title":{"rendered":"Freitag, 14.02.2020 \u2013 Hi (Aleyna)"},"content":{"rendered":"\n<p>Heute war ein ganz besonderer Tag, denn Tugce erlebte einen traumhaften Sonnenaufgang \u00fcber Katatura und jeder Sch\u00fcler und jede Sch\u00fclerin einen besonderen letzten Abend in ihren Gastfamilien.<\/p>\n\n\n\n<figure class=\"wp-block-image\"><img decoding=\"async\" src=\"https:\/\/tkg-duisburg.de\/wp-content\/uploads\/2020\/02\/IMG-20200214-WA0000-768x1024.jpg\" alt=\"\" class=\"wp-image-4533\"\/><\/figure>\n\n\n\n<figure class=\"wp-block-video\"><video controls src=\"https:\/\/tkg-duisburg.de\/wp-content\/uploads\/2020\/02\/VID_20200214_112955.mp4\"><\/video><\/figure>\n\n\n\n<p>Aber auch wir, als Gruppe erlebten heute Momente, die unter die Haut gingen. So z.B. die Auff\u00fchrung zum \u201eSchool Exchange Programm 2020\u201c, bei der u.a. alle beteiligten Schulen ihre Projektergebnisse pr\u00e4sentierten. Wir waren m\u00e4chtig stolz auf unsere Akteure auf der B\u00fchne.<\/p>\n\n\n\n<ul class=\"wp-block-gallery columns-2 is-cropped wp-block-gallery-1 is-layout-flex wp-block-gallery-is-layout-flex\"><li class=\"blocks-gallery-item\"><figure><img decoding=\"async\" src=\"https:\/\/tkg-duisburg.de\/wp-content\/uploads\/2020\/02\/IMG_20200214_113807-768x1024.jpg\" alt=\"\" data-id=\"4534\" data-link=\"https:\/\/tkg-duisburg.de\/?attachment_id=4534\" class=\"wp-image-4534\"\/><\/figure><\/li><li class=\"blocks-gallery-item\"><figure><img decoding=\"async\" src=\"https:\/\/tkg-duisburg.de\/wp-content\/uploads\/2020\/02\/IMG_20200214_114022-1024x768.jpg\" alt=\"\" data-id=\"4535\" data-link=\"https:\/\/tkg-duisburg.de\/?attachment_id=4535\" class=\"wp-image-4535\"\/><\/figure><\/li><\/ul>\n\n\n\n<p>Das von Semplisse organisierte Namibian-German-Partnership Farewell am fr\u00fchen Abend in der Hage G. Geingob Highschool war f\u00fcr alle ein sehr emotionaler Moment, denn die anwesenden Gastm\u00fctter \u00e4u\u00dferten ihre \u00c4ngste \/ Bef\u00fcrchtungen, die sie im Vorfeld hatten und nicht nur einmal wurde gesagt \u201enow I\u2019ve a white son\/daughter\u201c. Auch die Beitr\u00e4ge unserer Sch\u00fcler*innen und die der Partnersch\u00fcler*innen zeigten, welche emotionalen Bindungen aufgebaut wurden und so floss am Ende des Abends schon mal ein Tr\u00e4nchen.<\/p>\n\n\n\n<ul class=\"wp-block-gallery columns-2 is-cropped wp-block-gallery-2 is-layout-flex wp-block-gallery-is-layout-flex\"><li class=\"blocks-gallery-item\"><figure><img decoding=\"async\" src=\"https:\/\/tkg-duisburg.de\/wp-content\/uploads\/2020\/02\/IMG-20200214-WA0030-1024x768.jpg\" alt=\"\" data-id=\"4536\" data-link=\"https:\/\/tkg-duisburg.de\/?attachment_id=4536\" class=\"wp-image-4536\"\/><\/figure><\/li><li class=\"blocks-gallery-item\"><figure><img decoding=\"async\" src=\"https:\/\/tkg-duisburg.de\/wp-content\/uploads\/2020\/02\/IMG_20200214_094030-768x1024.jpg\" alt=\"\" data-id=\"4537\" data-link=\"https:\/\/tkg-duisburg.de\/?attachment_id=4537\" class=\"wp-image-4537\"\/><\/figure><\/li><\/ul>\n\n\n\n<p>Wie wichtig beiden Seiten die weitere Zusammenarbeit ist, zeigte auch die Teilnahme des Principals, der eigentliche seine Tochter \u201ehas to drop off\u201c.&nbsp;<\/p>\n\n\n\n<p><em>C. Hiller-Kitzmann<\/em><\/p>\n","protected":false},"excerpt":{"rendered":"<p>Heute war ein ganz besonderer Tag, denn Tugce erlebte einen traumhaften Sonnenaufgang \u00fcber Katatura und jeder Sch\u00fcler und jede Sch\u00fclerin einen besonderen letzten Abend in ihren Gastfamilien. Aber auch wir, als Gruppe erlebten heute Momente, die unter die Haut gingen. So z.B. die Auff\u00fchrung zum \u201eSchool Exchange Programm 2020\u201c, bei der u.a. alle beteiligten Schulen &hellip; <a href=\"https:\/\/tkg-duisburg.de\/?p=4532\" class=\"more-link\"><span class=\"screen-reader-text\">Freitag, 14.02.2020 \u2013 Hi (Aleyna)<\/span> weiterlesen <span class=\"meta-nav\">&rarr;<\/span><\/a><\/p>\n","protected":false},"author":5,"featured_media":0,"comment_status":"closed","ping_status":"open","sticky":false,"template":"","format":"standard","meta":{"footnotes":""},"categories":[31,9,37,47],"tags":[],"class_list":["post-4532","post","type-post","status-publish","format-standard","hentry","category-ausserschulisches-lernen","category-exkursionen","category-externe-kooperation","category-unesco"],"yoast_head":"<!-- This site is optimized with the Yoast SEO plugin v22.6 - https:\/\/yoast.com\/wordpress\/plugins\/seo\/ -->\n<title>Freitag, 14.02.2020 \u2013 Hi (Aleyna) - Theodor K\u00f6nig Gesamtschule Duisburg<\/title>\n<meta name=\"robots\" content=\"index, follow, max-snippet:-1, max-image-preview:large, max-video-preview:-1\" \/>\n<link rel=\"canonical\" href=\"https:\/\/tkg-duisburg.de\/?p=4532\" \/>\n<meta property=\"og:locale\" content=\"de_DE\" \/>\n<meta property=\"og:type\" content=\"article\" \/>\n<meta property=\"og:title\" content=\"Freitag, 14.02.2020 \u2013 Hi (Aleyna) - Theodor K\u00f6nig Gesamtschule Duisburg\" \/>\n<meta property=\"og:description\" content=\"Heute war ein ganz besonderer Tag, denn Tugce erlebte einen traumhaften Sonnenaufgang \u00fcber Katatura und jeder Sch\u00fcler und jede Sch\u00fclerin einen besonderen letzten Abend in ihren Gastfamilien. Aber auch wir, als Gruppe erlebten heute Momente, die unter die Haut gingen. So z.B. die Auff\u00fchrung zum \u201eSchool Exchange Programm 2020\u201c, bei der u.a. alle beteiligten Schulen &hellip; Freitag, 14.02.2020 \u2013 Hi (Aleyna) weiterlesen &rarr;\" \/>\n<meta property=\"og:url\" content=\"https:\/\/tkg-duisburg.de\/?p=4532\" \/>\n<meta property=\"og:site_name\" content=\"Theodor K\u00f6nig Gesamtschule Duisburg\" \/>\n<meta property=\"article:published_time\" content=\"2020-02-16T17:44:36+00:00\" \/>\n<meta property=\"article:modified_time\" content=\"2020-02-16T18:44:36+00:00\" \/>\n<meta property=\"og:image\" content=\"https:\/\/tkg-duisburg.de\/wp-content\/uploads\/2020\/02\/IMG-20200214-WA0000-768x1024.jpg\" \/>\n<meta name=\"author\" content=\"Bj\u00f6rn Becker\" \/>\n<meta name=\"twitter:card\" content=\"summary_large_image\" \/>\n<meta name=\"twitter:label1\" content=\"Verfasst von\" \/>\n\t<meta name=\"twitter:data1\" content=\"Bj\u00f6rn Becker\" \/>\n\t<meta name=\"twitter:label2\" content=\"Gesch\u00e4tzte Lesezeit\" \/>\n\t<meta name=\"twitter:data2\" content=\"1\u00a0Minute\" \/>\n<script type=\"application\/ld+json\" class=\"yoast-schema-graph\">{\"@context\":\"https:\/\/schema.org\",\"@graph\":[{\"@type\":\"WebPage\",\"@id\":\"https:\/\/tkg-duisburg.de\/?p=4532\",\"url\":\"https:\/\/tkg-duisburg.de\/?p=4532\",\"name\":\"Freitag, 14.02.2020 \u2013 Hi (Aleyna) - Theodor K\u00f6nig Gesamtschule Duisburg\",\"isPartOf\":{\"@id\":\"https:\/\/tkg-duisburg.de\/#website\"},\"primaryImageOfPage\":{\"@id\":\"https:\/\/tkg-duisburg.de\/?p=4532#primaryimage\"},\"image\":{\"@id\":\"https:\/\/tkg-duisburg.de\/?p=4532#primaryimage\"},\"thumbnailUrl\":\"https:\/\/tkg-duisburg.de\/wp-content\/uploads\/2020\/02\/IMG-20200214-WA0000-768x1024.jpg\",\"datePublished\":\"2020-02-16T17:44:36+00:00\",\"dateModified\":\"2020-02-16T18:44:36+00:00\",\"author\":{\"@id\":\"https:\/\/tkg-duisburg.de\/#\/schema\/person\/5a5b174492de297d4b57e9a3d89564ee\"},\"breadcrumb\":{\"@id\":\"https:\/\/tkg-duisburg.de\/?p=4532#breadcrumb\"},\"inLanguage\":\"de\",\"potentialAction\":[{\"@type\":\"ReadAction\",\"target\":[\"https:\/\/tkg-duisburg.de\/?p=4532\"]}]},{\"@type\":\"ImageObject\",\"inLanguage\":\"de\",\"@id\":\"https:\/\/tkg-duisburg.de\/?p=4532#primaryimage\",\"url\":\"\",\"contentUrl\":\"\"},{\"@type\":\"BreadcrumbList\",\"@id\":\"https:\/\/tkg-duisburg.de\/?p=4532#breadcrumb\",\"itemListElement\":[{\"@type\":\"ListItem\",\"position\":1,\"name\":\"Startseite\",\"item\":\"https:\/\/tkg-duisburg.de\/\"},{\"@type\":\"ListItem\",\"position\":2,\"name\":\"Freitag, 14.02.2020 \u2013 Hi (Aleyna)\"}]},{\"@type\":\"WebSite\",\"@id\":\"https:\/\/tkg-duisburg.de\/#website\",\"url\":\"https:\/\/tkg-duisburg.de\/\",\"name\":\"Theodor K\u00f6nig Gesamtschule Duisburg\",\"description\":\"\",\"potentialAction\":[{\"@type\":\"SearchAction\",\"target\":{\"@type\":\"EntryPoint\",\"urlTemplate\":\"https:\/\/tkg-duisburg.de\/?s={search_term_string}\"},\"query-input\":\"required name=search_term_string\"}],\"inLanguage\":\"de\"},{\"@type\":\"Person\",\"@id\":\"https:\/\/tkg-duisburg.de\/#\/schema\/person\/5a5b174492de297d4b57e9a3d89564ee\",\"name\":\"Bj\u00f6rn Becker\",\"image\":{\"@type\":\"ImageObject\",\"inLanguage\":\"de\",\"@id\":\"https:\/\/tkg-duisburg.de\/#\/schema\/person\/image\/\",\"url\":\"https:\/\/secure.gravatar.com\/avatar\/c7690b9f448fdd19e7a021d2d0201faa0dc70513a48fc7103388e3231c3056a4?s=96&d=mm&r=g\",\"contentUrl\":\"https:\/\/secure.gravatar.com\/avatar\/c7690b9f448fdd19e7a021d2d0201faa0dc70513a48fc7103388e3231c3056a4?s=96&d=mm&r=g\",\"caption\":\"Bj\u00f6rn Becker\"},\"url\":\"https:\/\/tkg-duisburg.de\/?author=5\"}]}<\/script>\n<!-- \/ Yoast SEO plugin. -->","yoast_head_json":{"title":"Freitag, 14.02.2020 \u2013 Hi (Aleyna) - Theodor K\u00f6nig Gesamtschule Duisburg","robots":{"index":"index","follow":"follow","max-snippet":"max-snippet:-1","max-image-preview":"max-image-preview:large","max-video-preview":"max-video-preview:-1"},"canonical":"https:\/\/tkg-duisburg.de\/?p=4532","og_locale":"de_DE","og_type":"article","og_title":"Freitag, 14.02.2020 \u2013 Hi (Aleyna) - Theodor K\u00f6nig Gesamtschule Duisburg","og_description":"Heute war ein ganz besonderer Tag, denn Tugce erlebte einen traumhaften Sonnenaufgang \u00fcber Katatura und jeder Sch\u00fcler und jede Sch\u00fclerin einen besonderen letzten Abend in ihren Gastfamilien. Aber auch wir, als Gruppe erlebten heute Momente, die unter die Haut gingen. So z.B. die Auff\u00fchrung zum \u201eSchool Exchange Programm 2020\u201c, bei der u.a. alle beteiligten Schulen &hellip; Freitag, 14.02.2020 \u2013 Hi (Aleyna) weiterlesen &rarr;","og_url":"https:\/\/tkg-duisburg.de\/?p=4532","og_site_name":"Theodor K\u00f6nig Gesamtschule Duisburg","article_published_time":"2020-02-16T17:44:36+00:00","article_modified_time":"2020-02-16T18:44:36+00:00","og_image":[{"url":"https:\/\/tkg-duisburg.de\/wp-content\/uploads\/2020\/02\/IMG-20200214-WA0000-768x1024.jpg"}],"author":"Bj\u00f6rn Becker","twitter_card":"summary_large_image","twitter_misc":{"Verfasst von":"Bj\u00f6rn Becker","Gesch\u00e4tzte Lesezeit":"1\u00a0Minute"},"schema":{"@context":"https:\/\/schema.org","@graph":[{"@type":"WebPage","@id":"https:\/\/tkg-duisburg.de\/?p=4532","url":"https:\/\/tkg-duisburg.de\/?p=4532","name":"Freitag, 14.02.2020 \u2013 Hi (Aleyna) - Theodor K\u00f6nig Gesamtschule Duisburg","isPartOf":{"@id":"https:\/\/tkg-duisburg.de\/#website"},"primaryImageOfPage":{"@id":"https:\/\/tkg-duisburg.de\/?p=4532#primaryimage"},"image":{"@id":"https:\/\/tkg-duisburg.de\/?p=4532#primaryimage"},"thumbnailUrl":"https:\/\/tkg-duisburg.de\/wp-content\/uploads\/2020\/02\/IMG-20200214-WA0000-768x1024.jpg","datePublished":"2020-02-16T17:44:36+00:00","dateModified":"2020-02-16T18:44:36+00:00","author":{"@id":"https:\/\/tkg-duisburg.de\/#\/schema\/person\/5a5b174492de297d4b57e9a3d89564ee"},"breadcrumb":{"@id":"https:\/\/tkg-duisburg.de\/?p=4532#breadcrumb"},"inLanguage":"de","potentialAction":[{"@type":"ReadAction","target":["https:\/\/tkg-duisburg.de\/?p=4532"]}]},{"@type":"ImageObject","inLanguage":"de","@id":"https:\/\/tkg-duisburg.de\/?p=4532#primaryimage","url":"","contentUrl":""},{"@type":"BreadcrumbList","@id":"https:\/\/tkg-duisburg.de\/?p=4532#breadcrumb","itemListElement":[{"@type":"ListItem","position":1,"name":"Startseite","item":"https:\/\/tkg-duisburg.de\/"},{"@type":"ListItem","position":2,"name":"Freitag, 14.02.2020 \u2013 Hi (Aleyna)"}]},{"@type":"WebSite","@id":"https:\/\/tkg-duisburg.de\/#website","url":"https:\/\/tkg-duisburg.de\/","name":"Theodor K\u00f6nig Gesamtschule Duisburg","description":"","potentialAction":[{"@type":"SearchAction","target":{"@type":"EntryPoint","urlTemplate":"https:\/\/tkg-duisburg.de\/?s={search_term_string}"},"query-input":"required name=search_term_string"}],"inLanguage":"de"},{"@type":"Person","@id":"https:\/\/tkg-duisburg.de\/#\/schema\/person\/5a5b174492de297d4b57e9a3d89564ee","name":"Bj\u00f6rn Becker","image":{"@type":"ImageObject","inLanguage":"de","@id":"https:\/\/tkg-duisburg.de\/#\/schema\/person\/image\/","url":"https:\/\/secure.gravatar.com\/avatar\/c7690b9f448fdd19e7a021d2d0201faa0dc70513a48fc7103388e3231c3056a4?s=96&d=mm&r=g","contentUrl":"https:\/\/secure.gravatar.com\/avatar\/c7690b9f448fdd19e7a021d2d0201faa0dc70513a48fc7103388e3231c3056a4?s=96&d=mm&r=g","caption":"Bj\u00f6rn Becker"},"url":"https:\/\/tkg-duisburg.de\/?author=5"}]}},"_links":{"self":[{"href":"https:\/\/tkg-duisburg.de\/index.php?rest_route=\/wp\/v2\/posts\/4532","targetHints":{"allow":["GET"]}}],"collection":[{"href":"https:\/\/tkg-duisburg.de\/index.php?rest_route=\/wp\/v2\/posts"}],"about":[{"href":"https:\/\/tkg-duisburg.de\/index.php?rest_route=\/wp\/v2\/types\/post"}],"author":[{"embeddable":true,"href":"https:\/\/tkg-duisburg.de\/index.php?rest_route=\/wp\/v2\/users\/5"}],"replies":[{"embeddable":true,"href":"https:\/\/tkg-duisburg.de\/index.php?rest_route=%2Fwp%2Fv2%2Fcomments&post=4532"}],"version-history":[{"count":3,"href":"https:\/\/tkg-duisburg.de\/index.php?rest_route=\/wp\/v2\/posts\/4532\/revisions"}],"predecessor-version":[{"id":4541,"href":"https:\/\/tkg-duisburg.de\/index.php?rest_route=\/wp\/v2\/posts\/4532\/revisions\/4541"}],"wp:attachment":[{"href":"https:\/\/tkg-duisburg.de\/index.php?rest_route=%2Fwp%2Fv2%2Fmedia&parent=4532"}],"wp:term":[{"taxonomy":"category","embeddable":true,"href":"https:\/\/tkg-duisburg.de\/index.php?rest_route=%2Fwp%2Fv2%2Fcategories&post=4532"},{"taxonomy":"post_tag","embeddable":true,"href":"https:\/\/tkg-duisburg.de\/index.php?rest_route=%2Fwp%2Fv2%2Ftags&post=4532"}],"curies":[{"name":"wp","href":"https:\/\/api.w.org\/{rel}","templated":true}]}}