{"id":5012,"date":"2020-04-12T18:04:58","date_gmt":"2020-04-12T16:04:58","guid":{"rendered":"http:\/\/tkg-duisburg.de\/?p=5012"},"modified":"2020-04-12T18:04:58","modified_gmt":"2020-04-12T16:04:58","slug":"trotz-unterrichtsfreier-zeit-wir-sind-fuer-euch-da-ihr-seid-fuer-uns-da","status":"publish","type":"post","link":"https:\/\/tkg-duisburg.de\/?p=5012","title":{"rendered":"Trotz unterrichtsfreier Zeit: \u201eWir sind f\u00fcr euch da &#8211; ihr seid f\u00fcr uns da!\u201c"},"content":{"rendered":"\n<p>Hallo miteinander! <\/p>\n\n\n\n<p>Heute haben wir unsere erste Videokonferenz von ca. 90 Min. abgehalten, um weiterhin aktiv zu bleiben und f\u00fcr euch da zu sein!<br>\nAuf unserer Agenda standen ein geheimes Projekt (spoiler alert!!), Kommunikation und Transparenz w\u00e4hrend Corona, sowie Planung bzw. Umsetzung laufender und zuk\u00fcnftiger Projekte. Habt ihr noch Anregungen und Ideen f\u00fcr uns?  <br>\nGem\u00e4\u00df dem Motto \u201eWir sind f\u00fcr euch da &#8211; ihr seid f\u00fcr uns da!\u201c m\u00f6chten wir euch dazu ermutigen, mitzumachen und euch bei uns zu melden. Schreibt uns eine Nachricht an schuelervertretung.tkg@web.de und bringt eure eigenen Vorschl\u00e4ge ein. <\/p>\n\n\n\n<p>Bleibt gesund und genie\u00dft das sonnige Wetter, <\/p>\n\n\n\n<p><em>Eure SV<\/em><\/p>\n\n\n\n<p>wirbleibenzuhause #gemeinsamgegencorona #beeckusup<\/p>\n\n\n\n<figure class=\"wp-block-image\"><img loading=\"lazy\" decoding=\"async\" width=\"750\" height=\"750\" src=\"https:\/\/tkg-duisburg.de\/wp-content\/uploads\/2020\/04\/83c53884-e218-4eb9-ab0b-7b48cb89de26.jpg\" alt=\"\" class=\"wp-image-5013\" srcset=\"https:\/\/tkg-duisburg.de\/wp-content\/uploads\/2020\/04\/83c53884-e218-4eb9-ab0b-7b48cb89de26.jpg 750w, https:\/\/tkg-duisburg.de\/wp-content\/uploads\/2020\/04\/83c53884-e218-4eb9-ab0b-7b48cb89de26-300x300.jpg 300w\" sizes=\"auto, (max-width: 750px) 100vw, 750px\" \/><\/figure>\n","protected":false},"excerpt":{"rendered":"<p>Hallo miteinander! Heute haben wir unsere erste Videokonferenz von ca. 90 Min. abgehalten, um weiterhin aktiv zu bleiben und f\u00fcr euch da zu sein! Auf unserer Agenda standen ein geheimes Projekt (spoiler alert!!), Kommunikation und Transparenz w\u00e4hrend Corona, sowie Planung bzw. Umsetzung laufender und zuk\u00fcnftiger Projekte. Habt ihr noch Anregungen und Ideen f\u00fcr uns? Gem\u00e4\u00df &hellip; <a href=\"https:\/\/tkg-duisburg.de\/?p=5012\" class=\"more-link\"><span class=\"screen-reader-text\">Trotz unterrichtsfreier Zeit: \u201eWir sind f\u00fcr euch da &#8211; ihr seid f\u00fcr uns da!\u201c<\/span> weiterlesen <span class=\"meta-nav\">&rarr;<\/span><\/a><\/p>\n","protected":false},"author":5,"featured_media":0,"comment_status":"closed","ping_status":"open","sticky":false,"template":"","format":"standard","meta":{"footnotes":""},"categories":[56],"tags":[],"class_list":["post-5012","post","type-post","status-publish","format-standard","hentry","category-sv"],"yoast_head":"<!-- This site is optimized with the Yoast SEO plugin v22.6 - https:\/\/yoast.com\/wordpress\/plugins\/seo\/ -->\n<title>Trotz unterrichtsfreier Zeit: \u201eWir sind f\u00fcr euch da - ihr seid f\u00fcr uns da!\u201c - Theodor K\u00f6nig Gesamtschule Duisburg<\/title>\n<meta name=\"robots\" content=\"index, follow, max-snippet:-1, max-image-preview:large, max-video-preview:-1\" \/>\n<link rel=\"canonical\" href=\"https:\/\/tkg-duisburg.de\/?p=5012\" \/>\n<meta property=\"og:locale\" content=\"de_DE\" \/>\n<meta property=\"og:type\" content=\"article\" \/>\n<meta property=\"og:title\" content=\"Trotz unterrichtsfreier Zeit: \u201eWir sind f\u00fcr euch da - ihr seid f\u00fcr uns da!\u201c - Theodor K\u00f6nig Gesamtschule Duisburg\" \/>\n<meta property=\"og:description\" content=\"Hallo miteinander! Heute haben wir unsere erste Videokonferenz von ca. 90 Min. abgehalten, um weiterhin aktiv zu bleiben und f\u00fcr euch da zu sein! Auf unserer Agenda standen ein geheimes Projekt (spoiler alert!!), Kommunikation und Transparenz w\u00e4hrend Corona, sowie Planung bzw. Umsetzung laufender und zuk\u00fcnftiger Projekte. Habt ihr noch Anregungen und Ideen f\u00fcr uns? Gem\u00e4\u00df &hellip; Trotz unterrichtsfreier Zeit: \u201eWir sind f\u00fcr euch da &#8211; ihr seid f\u00fcr uns da!\u201c weiterlesen &rarr;\" \/>\n<meta property=\"og:url\" content=\"https:\/\/tkg-duisburg.de\/?p=5012\" \/>\n<meta property=\"og:site_name\" content=\"Theodor K\u00f6nig Gesamtschule Duisburg\" \/>\n<meta property=\"article:published_time\" content=\"2020-04-12T16:04:58+00:00\" \/>\n<meta property=\"og:image\" content=\"https:\/\/tkg-duisburg.de\/wp-content\/uploads\/2020\/04\/83c53884-e218-4eb9-ab0b-7b48cb89de26.jpg\" \/>\n<meta name=\"author\" content=\"Bj\u00f6rn Becker\" \/>\n<meta name=\"twitter:card\" content=\"summary_large_image\" \/>\n<meta name=\"twitter:label1\" content=\"Verfasst von\" \/>\n\t<meta name=\"twitter:data1\" content=\"Bj\u00f6rn Becker\" \/>\n\t<meta name=\"twitter:label2\" content=\"Gesch\u00e4tzte Lesezeit\" \/>\n\t<meta name=\"twitter:data2\" content=\"1\u00a0Minute\" \/>\n<script type=\"application\/ld+json\" class=\"yoast-schema-graph\">{\"@context\":\"https:\/\/schema.org\",\"@graph\":[{\"@type\":\"WebPage\",\"@id\":\"https:\/\/tkg-duisburg.de\/?p=5012\",\"url\":\"https:\/\/tkg-duisburg.de\/?p=5012\",\"name\":\"Trotz unterrichtsfreier Zeit: \u201eWir sind f\u00fcr euch da - ihr seid f\u00fcr uns da!\u201c - Theodor K\u00f6nig Gesamtschule Duisburg\",\"isPartOf\":{\"@id\":\"https:\/\/tkg-duisburg.de\/#website\"},\"primaryImageOfPage\":{\"@id\":\"https:\/\/tkg-duisburg.de\/?p=5012#primaryimage\"},\"image\":{\"@id\":\"https:\/\/tkg-duisburg.de\/?p=5012#primaryimage\"},\"thumbnailUrl\":\"https:\/\/tkg-duisburg.de\/wp-content\/uploads\/2020\/04\/83c53884-e218-4eb9-ab0b-7b48cb89de26.jpg\",\"datePublished\":\"2020-04-12T16:04:58+00:00\",\"dateModified\":\"2020-04-12T16:04:58+00:00\",\"author\":{\"@id\":\"https:\/\/tkg-duisburg.de\/#\/schema\/person\/5a5b174492de297d4b57e9a3d89564ee\"},\"breadcrumb\":{\"@id\":\"https:\/\/tkg-duisburg.de\/?p=5012#breadcrumb\"},\"inLanguage\":\"de\",\"potentialAction\":[{\"@type\":\"ReadAction\",\"target\":[\"https:\/\/tkg-duisburg.de\/?p=5012\"]}]},{\"@type\":\"ImageObject\",\"inLanguage\":\"de\",\"@id\":\"https:\/\/tkg-duisburg.de\/?p=5012#primaryimage\",\"url\":\"https:\/\/tkg-duisburg.de\/wp-content\/uploads\/2020\/04\/83c53884-e218-4eb9-ab0b-7b48cb89de26.jpg\",\"contentUrl\":\"https:\/\/tkg-duisburg.de\/wp-content\/uploads\/2020\/04\/83c53884-e218-4eb9-ab0b-7b48cb89de26.jpg\",\"width\":750,\"height\":750},{\"@type\":\"BreadcrumbList\",\"@id\":\"https:\/\/tkg-duisburg.de\/?p=5012#breadcrumb\",\"itemListElement\":[{\"@type\":\"ListItem\",\"position\":1,\"name\":\"Startseite\",\"item\":\"https:\/\/tkg-duisburg.de\/\"},{\"@type\":\"ListItem\",\"position\":2,\"name\":\"Trotz unterrichtsfreier Zeit: \u201eWir sind f\u00fcr euch da &#8211; ihr seid f\u00fcr uns da!\u201c\"}]},{\"@type\":\"WebSite\",\"@id\":\"https:\/\/tkg-duisburg.de\/#website\",\"url\":\"https:\/\/tkg-duisburg.de\/\",\"name\":\"Theodor K\u00f6nig Gesamtschule Duisburg\",\"description\":\"\",\"potentialAction\":[{\"@type\":\"SearchAction\",\"target\":{\"@type\":\"EntryPoint\",\"urlTemplate\":\"https:\/\/tkg-duisburg.de\/?s={search_term_string}\"},\"query-input\":\"required name=search_term_string\"}],\"inLanguage\":\"de\"},{\"@type\":\"Person\",\"@id\":\"https:\/\/tkg-duisburg.de\/#\/schema\/person\/5a5b174492de297d4b57e9a3d89564ee\",\"name\":\"Bj\u00f6rn Becker\",\"image\":{\"@type\":\"ImageObject\",\"inLanguage\":\"de\",\"@id\":\"https:\/\/tkg-duisburg.de\/#\/schema\/person\/image\/\",\"url\":\"https:\/\/secure.gravatar.com\/avatar\/c7690b9f448fdd19e7a021d2d0201faa0dc70513a48fc7103388e3231c3056a4?s=96&d=mm&r=g\",\"contentUrl\":\"https:\/\/secure.gravatar.com\/avatar\/c7690b9f448fdd19e7a021d2d0201faa0dc70513a48fc7103388e3231c3056a4?s=96&d=mm&r=g\",\"caption\":\"Bj\u00f6rn Becker\"},\"url\":\"https:\/\/tkg-duisburg.de\/?author=5\"}]}<\/script>\n<!-- \/ Yoast SEO plugin. -->","yoast_head_json":{"title":"Trotz unterrichtsfreier Zeit: \u201eWir sind f\u00fcr euch da - ihr seid f\u00fcr uns da!\u201c - Theodor K\u00f6nig Gesamtschule Duisburg","robots":{"index":"index","follow":"follow","max-snippet":"max-snippet:-1","max-image-preview":"max-image-preview:large","max-video-preview":"max-video-preview:-1"},"canonical":"https:\/\/tkg-duisburg.de\/?p=5012","og_locale":"de_DE","og_type":"article","og_title":"Trotz unterrichtsfreier Zeit: \u201eWir sind f\u00fcr euch da - ihr seid f\u00fcr uns da!\u201c - Theodor K\u00f6nig Gesamtschule Duisburg","og_description":"Hallo miteinander! Heute haben wir unsere erste Videokonferenz von ca. 90 Min. abgehalten, um weiterhin aktiv zu bleiben und f\u00fcr euch da zu sein! Auf unserer Agenda standen ein geheimes Projekt (spoiler alert!!), Kommunikation und Transparenz w\u00e4hrend Corona, sowie Planung bzw. Umsetzung laufender und zuk\u00fcnftiger Projekte. Habt ihr noch Anregungen und Ideen f\u00fcr uns? Gem\u00e4\u00df &hellip; Trotz unterrichtsfreier Zeit: \u201eWir sind f\u00fcr euch da &#8211; ihr seid f\u00fcr uns da!\u201c weiterlesen &rarr;","og_url":"https:\/\/tkg-duisburg.de\/?p=5012","og_site_name":"Theodor K\u00f6nig Gesamtschule Duisburg","article_published_time":"2020-04-12T16:04:58+00:00","og_image":[{"url":"https:\/\/tkg-duisburg.de\/wp-content\/uploads\/2020\/04\/83c53884-e218-4eb9-ab0b-7b48cb89de26.jpg"}],"author":"Bj\u00f6rn Becker","twitter_card":"summary_large_image","twitter_misc":{"Verfasst von":"Bj\u00f6rn Becker","Gesch\u00e4tzte Lesezeit":"1\u00a0Minute"},"schema":{"@context":"https:\/\/schema.org","@graph":[{"@type":"WebPage","@id":"https:\/\/tkg-duisburg.de\/?p=5012","url":"https:\/\/tkg-duisburg.de\/?p=5012","name":"Trotz unterrichtsfreier Zeit: \u201eWir sind f\u00fcr euch da - ihr seid f\u00fcr uns da!\u201c - Theodor K\u00f6nig Gesamtschule Duisburg","isPartOf":{"@id":"https:\/\/tkg-duisburg.de\/#website"},"primaryImageOfPage":{"@id":"https:\/\/tkg-duisburg.de\/?p=5012#primaryimage"},"image":{"@id":"https:\/\/tkg-duisburg.de\/?p=5012#primaryimage"},"thumbnailUrl":"https:\/\/tkg-duisburg.de\/wp-content\/uploads\/2020\/04\/83c53884-e218-4eb9-ab0b-7b48cb89de26.jpg","datePublished":"2020-04-12T16:04:58+00:00","dateModified":"2020-04-12T16:04:58+00:00","author":{"@id":"https:\/\/tkg-duisburg.de\/#\/schema\/person\/5a5b174492de297d4b57e9a3d89564ee"},"breadcrumb":{"@id":"https:\/\/tkg-duisburg.de\/?p=5012#breadcrumb"},"inLanguage":"de","potentialAction":[{"@type":"ReadAction","target":["https:\/\/tkg-duisburg.de\/?p=5012"]}]},{"@type":"ImageObject","inLanguage":"de","@id":"https:\/\/tkg-duisburg.de\/?p=5012#primaryimage","url":"https:\/\/tkg-duisburg.de\/wp-content\/uploads\/2020\/04\/83c53884-e218-4eb9-ab0b-7b48cb89de26.jpg","contentUrl":"https:\/\/tkg-duisburg.de\/wp-content\/uploads\/2020\/04\/83c53884-e218-4eb9-ab0b-7b48cb89de26.jpg","width":750,"height":750},{"@type":"BreadcrumbList","@id":"https:\/\/tkg-duisburg.de\/?p=5012#breadcrumb","itemListElement":[{"@type":"ListItem","position":1,"name":"Startseite","item":"https:\/\/tkg-duisburg.de\/"},{"@type":"ListItem","position":2,"name":"Trotz unterrichtsfreier Zeit: \u201eWir sind f\u00fcr euch da &#8211; ihr seid f\u00fcr uns da!\u201c"}]},{"@type":"WebSite","@id":"https:\/\/tkg-duisburg.de\/#website","url":"https:\/\/tkg-duisburg.de\/","name":"Theodor K\u00f6nig Gesamtschule Duisburg","description":"","potentialAction":[{"@type":"SearchAction","target":{"@type":"EntryPoint","urlTemplate":"https:\/\/tkg-duisburg.de\/?s={search_term_string}"},"query-input":"required name=search_term_string"}],"inLanguage":"de"},{"@type":"Person","@id":"https:\/\/tkg-duisburg.de\/#\/schema\/person\/5a5b174492de297d4b57e9a3d89564ee","name":"Bj\u00f6rn Becker","image":{"@type":"ImageObject","inLanguage":"de","@id":"https:\/\/tkg-duisburg.de\/#\/schema\/person\/image\/","url":"https:\/\/secure.gravatar.com\/avatar\/c7690b9f448fdd19e7a021d2d0201faa0dc70513a48fc7103388e3231c3056a4?s=96&d=mm&r=g","contentUrl":"https:\/\/secure.gravatar.com\/avatar\/c7690b9f448fdd19e7a021d2d0201faa0dc70513a48fc7103388e3231c3056a4?s=96&d=mm&r=g","caption":"Bj\u00f6rn Becker"},"url":"https:\/\/tkg-duisburg.de\/?author=5"}]}},"_links":{"self":[{"href":"https:\/\/tkg-duisburg.de\/index.php?rest_route=\/wp\/v2\/posts\/5012","targetHints":{"allow":["GET"]}}],"collection":[{"href":"https:\/\/tkg-duisburg.de\/index.php?rest_route=\/wp\/v2\/posts"}],"about":[{"href":"https:\/\/tkg-duisburg.de\/index.php?rest_route=\/wp\/v2\/types\/post"}],"author":[{"embeddable":true,"href":"https:\/\/tkg-duisburg.de\/index.php?rest_route=\/wp\/v2\/users\/5"}],"replies":[{"embeddable":true,"href":"https:\/\/tkg-duisburg.de\/index.php?rest_route=%2Fwp%2Fv2%2Fcomments&post=5012"}],"version-history":[{"count":1,"href":"https:\/\/tkg-duisburg.de\/index.php?rest_route=\/wp\/v2\/posts\/5012\/revisions"}],"predecessor-version":[{"id":5014,"href":"https:\/\/tkg-duisburg.de\/index.php?rest_route=\/wp\/v2\/posts\/5012\/revisions\/5014"}],"wp:attachment":[{"href":"https:\/\/tkg-duisburg.de\/index.php?rest_route=%2Fwp%2Fv2%2Fmedia&parent=5012"}],"wp:term":[{"taxonomy":"category","embeddable":true,"href":"https:\/\/tkg-duisburg.de\/index.php?rest_route=%2Fwp%2Fv2%2Fcategories&post=5012"},{"taxonomy":"post_tag","embeddable":true,"href":"https:\/\/tkg-duisburg.de\/index.php?rest_route=%2Fwp%2Fv2%2Ftags&post=5012"}],"curies":[{"name":"wp","href":"https:\/\/api.w.org\/{rel}","templated":true}]}}