{"id":5381,"date":"2020-04-30T11:53:54","date_gmt":"2020-04-30T09:53:54","guid":{"rendered":"http:\/\/tkg-duisburg.de\/?p=5381"},"modified":"2020-04-30T11:53:54","modified_gmt":"2020-04-30T09:53:54","slug":"2-tag-der-verschoenerung-des-schulhofs-an-dem-standort-gartstraeucher-str","status":"publish","type":"post","link":"https:\/\/tkg-duisburg.de\/?p=5381","title":{"rendered":"2. Tag der Versch\u00f6nerung des Schulhofs an dem Standort Gartstr\u00e4ucher Str."},"content":{"rendered":"\n<p>Auch heute haben wir trotz der schlechten Wetterbedingungen motiviert und produktiv gearbeitet. Nachdem wir uns, einige Stunden sp\u00e4ter als geplant, getroffen haben schien auch schon die Sonne. Frau Gocht, Frau Hardtke-Schr\u00f6der, Herr Bade und die SV (Frau Wolz, Ceyda Selbes und Ali Adig\u00fczel) waren da und&nbsp; haben gemeinsam viel geschaft &#8211; schaut es euch an:<\/p>\n\n\n\n<p>Falls ihr noch Ideen habt, was wir noch malen k\u00f6nnten, meldet euch bei uns!<\/p>\n\n\n\n<ul class=\"wp-block-gallery columns-3 is-cropped wp-block-gallery-1 is-layout-flex wp-block-gallery-is-layout-flex\"><li class=\"blocks-gallery-item\"><figure><img loading=\"lazy\" decoding=\"async\" width=\"1024\" height=\"768\" src=\"https:\/\/tkg-duisburg.de\/wp-content\/uploads\/2020\/04\/Kreis-1024x768.jpeg\" alt=\"\" data-id=\"5382\" data-link=\"https:\/\/tkg-duisburg.de\/?attachment_id=5382\" class=\"wp-image-5382\" srcset=\"https:\/\/tkg-duisburg.de\/wp-content\/uploads\/2020\/04\/Kreis-1024x768.jpeg 1024w, https:\/\/tkg-duisburg.de\/wp-content\/uploads\/2020\/04\/Kreis-300x225.jpeg 300w, https:\/\/tkg-duisburg.de\/wp-content\/uploads\/2020\/04\/Kreis.jpeg 1600w\" sizes=\"auto, (max-width: 1024px) 100vw, 1024px\" \/><\/figure><\/li><li class=\"blocks-gallery-item\"><figure><img loading=\"lazy\" decoding=\"async\" width=\"768\" height=\"1024\" src=\"https:\/\/tkg-duisburg.de\/wp-content\/uploads\/2020\/04\/H\u00fcpfk\u00e4stchen-768x1024.jpeg\" alt=\"\" data-id=\"5383\" data-link=\"https:\/\/tkg-duisburg.de\/?attachment_id=5383\" class=\"wp-image-5383\" srcset=\"https:\/\/tkg-duisburg.de\/wp-content\/uploads\/2020\/04\/H\u00fcpfk\u00e4stchen-768x1024.jpeg 768w, https:\/\/tkg-duisburg.de\/wp-content\/uploads\/2020\/04\/H\u00fcpfk\u00e4stchen-150x200.jpeg 150w, https:\/\/tkg-duisburg.de\/wp-content\/uploads\/2020\/04\/H\u00fcpfk\u00e4stchen-225x300.jpeg 225w, https:\/\/tkg-duisburg.de\/wp-content\/uploads\/2020\/04\/H\u00fcpfk\u00e4stchen.jpeg 1200w\" sizes=\"auto, (max-width: 768px) 100vw, 768px\" \/><\/figure><\/li><li class=\"blocks-gallery-item\"><figure><img loading=\"lazy\" decoding=\"async\" width=\"1024\" height=\"768\" src=\"https:\/\/tkg-duisburg.de\/wp-content\/uploads\/2020\/04\/Dart-1024x768.jpeg\" alt=\"\" data-id=\"5384\" data-link=\"https:\/\/tkg-duisburg.de\/?attachment_id=5384\" class=\"wp-image-5384\" srcset=\"https:\/\/tkg-duisburg.de\/wp-content\/uploads\/2020\/04\/Dart-1024x768.jpeg 1024w, https:\/\/tkg-duisburg.de\/wp-content\/uploads\/2020\/04\/Dart-300x225.jpeg 300w, https:\/\/tkg-duisburg.de\/wp-content\/uploads\/2020\/04\/Dart.jpeg 1600w\" sizes=\"auto, (max-width: 1024px) 100vw, 1024px\" \/><\/figure><\/li><li class=\"blocks-gallery-item\"><figure><img loading=\"lazy\" decoding=\"async\" width=\"768\" height=\"1024\" src=\"https:\/\/tkg-duisburg.de\/wp-content\/uploads\/2020\/04\/ABC-Schlange-Bild-768x1024.jpeg\" alt=\"\" data-id=\"5385\" data-link=\"https:\/\/tkg-duisburg.de\/?attachment_id=5385\" class=\"wp-image-5385\" srcset=\"https:\/\/tkg-duisburg.de\/wp-content\/uploads\/2020\/04\/ABC-Schlange-Bild-768x1024.jpeg 768w, https:\/\/tkg-duisburg.de\/wp-content\/uploads\/2020\/04\/ABC-Schlange-Bild-150x200.jpeg 150w, https:\/\/tkg-duisburg.de\/wp-content\/uploads\/2020\/04\/ABC-Schlange-Bild-225x300.jpeg 225w, https:\/\/tkg-duisburg.de\/wp-content\/uploads\/2020\/04\/ABC-Schlange-Bild.jpeg 1200w\" sizes=\"auto, (max-width: 768px) 100vw, 768px\" \/><\/figure><\/li><\/ul>\n\n\n\n<figure class=\"wp-block-video aligncenter\"><video controls src=\"https:\/\/tkg-duisburg.de\/wp-content\/uploads\/2020\/04\/ABC-Schlange-Video.mp4\"><\/video><\/figure>\n","protected":false},"excerpt":{"rendered":"<p>Auch heute haben wir trotz der schlechten Wetterbedingungen motiviert und produktiv gearbeitet. Nachdem wir uns, einige Stunden sp\u00e4ter als geplant, getroffen haben schien auch schon die Sonne. Frau Gocht, Frau Hardtke-Schr\u00f6der, Herr Bade und die SV (Frau Wolz, Ceyda Selbes und Ali Adig\u00fczel) waren da und&nbsp; haben gemeinsam viel geschaft &#8211; schaut es euch an: &hellip; <a href=\"https:\/\/tkg-duisburg.de\/?p=5381\" class=\"more-link\"><span class=\"screen-reader-text\">2. Tag der Versch\u00f6nerung des Schulhofs an dem Standort Gartstr\u00e4ucher Str.<\/span> weiterlesen <span class=\"meta-nav\">&rarr;<\/span><\/a><\/p>\n","protected":false},"author":5,"featured_media":0,"comment_status":"closed","ping_status":"open","sticky":false,"template":"","format":"standard","meta":{"footnotes":""},"categories":[16,65,6,36,64,56],"tags":[],"class_list":["post-5381","post","type-post","status-publish","format-standard","hentry","category-freizeit","category-gartstraeucher-str","category-kunst-und-kultur","category-sport","category-standorte","category-sv"],"yoast_head":"<!-- This site is optimized with the Yoast SEO plugin v22.6 - https:\/\/yoast.com\/wordpress\/plugins\/seo\/ -->\n<title>2. Tag der Versch\u00f6nerung des Schulhofs an dem Standort Gartstr\u00e4ucher Str. - Theodor K\u00f6nig Gesamtschule Duisburg<\/title>\n<meta name=\"robots\" content=\"index, follow, max-snippet:-1, max-image-preview:large, max-video-preview:-1\" \/>\n<link rel=\"canonical\" href=\"https:\/\/tkg-duisburg.de\/?p=5381\" \/>\n<meta property=\"og:locale\" content=\"de_DE\" \/>\n<meta property=\"og:type\" content=\"article\" \/>\n<meta property=\"og:title\" content=\"2. Tag der Versch\u00f6nerung des Schulhofs an dem Standort Gartstr\u00e4ucher Str. - Theodor K\u00f6nig Gesamtschule Duisburg\" \/>\n<meta property=\"og:description\" content=\"Auch heute haben wir trotz der schlechten Wetterbedingungen motiviert und produktiv gearbeitet. Nachdem wir uns, einige Stunden sp\u00e4ter als geplant, getroffen haben schien auch schon die Sonne. Frau Gocht, Frau Hardtke-Schr\u00f6der, Herr Bade und die SV (Frau Wolz, Ceyda Selbes und Ali Adig\u00fczel) waren da und&nbsp; haben gemeinsam viel geschaft &#8211; schaut es euch an: &hellip; 2. Tag der Versch\u00f6nerung des Schulhofs an dem Standort Gartstr\u00e4ucher Str. weiterlesen &rarr;\" \/>\n<meta property=\"og:url\" content=\"https:\/\/tkg-duisburg.de\/?p=5381\" \/>\n<meta property=\"og:site_name\" content=\"Theodor K\u00f6nig Gesamtschule Duisburg\" \/>\n<meta property=\"article:published_time\" content=\"2020-04-30T09:53:54+00:00\" \/>\n<meta property=\"og:image\" content=\"https:\/\/tkg-duisburg.de\/wp-content\/uploads\/2020\/04\/Kreis-1024x768.jpeg\" \/>\n<meta name=\"author\" content=\"Bj\u00f6rn Becker\" \/>\n<meta name=\"twitter:card\" content=\"summary_large_image\" \/>\n<meta name=\"twitter:label1\" content=\"Verfasst von\" \/>\n\t<meta name=\"twitter:data1\" content=\"Bj\u00f6rn Becker\" \/>\n<script type=\"application\/ld+json\" class=\"yoast-schema-graph\">{\"@context\":\"https:\/\/schema.org\",\"@graph\":[{\"@type\":\"WebPage\",\"@id\":\"https:\/\/tkg-duisburg.de\/?p=5381\",\"url\":\"https:\/\/tkg-duisburg.de\/?p=5381\",\"name\":\"2. Tag der Versch\u00f6nerung des Schulhofs an dem Standort Gartstr\u00e4ucher Str. - Theodor K\u00f6nig Gesamtschule Duisburg\",\"isPartOf\":{\"@id\":\"https:\/\/tkg-duisburg.de\/#website\"},\"primaryImageOfPage\":{\"@id\":\"https:\/\/tkg-duisburg.de\/?p=5381#primaryimage\"},\"image\":{\"@id\":\"https:\/\/tkg-duisburg.de\/?p=5381#primaryimage\"},\"thumbnailUrl\":\"https:\/\/tkg-duisburg.de\/wp-content\/uploads\/2020\/04\/Kreis-1024x768.jpeg\",\"datePublished\":\"2020-04-30T09:53:54+00:00\",\"dateModified\":\"2020-04-30T09:53:54+00:00\",\"author\":{\"@id\":\"https:\/\/tkg-duisburg.de\/#\/schema\/person\/5a5b174492de297d4b57e9a3d89564ee\"},\"breadcrumb\":{\"@id\":\"https:\/\/tkg-duisburg.de\/?p=5381#breadcrumb\"},\"inLanguage\":\"de\",\"potentialAction\":[{\"@type\":\"ReadAction\",\"target\":[\"https:\/\/tkg-duisburg.de\/?p=5381\"]}]},{\"@type\":\"ImageObject\",\"inLanguage\":\"de\",\"@id\":\"https:\/\/tkg-duisburg.de\/?p=5381#primaryimage\",\"url\":\"https:\/\/tkg-duisburg.de\/wp-content\/uploads\/2020\/04\/Kreis.jpeg\",\"contentUrl\":\"https:\/\/tkg-duisburg.de\/wp-content\/uploads\/2020\/04\/Kreis.jpeg\",\"width\":1600,\"height\":1200},{\"@type\":\"BreadcrumbList\",\"@id\":\"https:\/\/tkg-duisburg.de\/?p=5381#breadcrumb\",\"itemListElement\":[{\"@type\":\"ListItem\",\"position\":1,\"name\":\"Startseite\",\"item\":\"https:\/\/tkg-duisburg.de\/\"},{\"@type\":\"ListItem\",\"position\":2,\"name\":\"2. Tag der Versch\u00f6nerung des Schulhofs an dem Standort Gartstr\u00e4ucher Str.\"}]},{\"@type\":\"WebSite\",\"@id\":\"https:\/\/tkg-duisburg.de\/#website\",\"url\":\"https:\/\/tkg-duisburg.de\/\",\"name\":\"Theodor K\u00f6nig Gesamtschule Duisburg\",\"description\":\"\",\"potentialAction\":[{\"@type\":\"SearchAction\",\"target\":{\"@type\":\"EntryPoint\",\"urlTemplate\":\"https:\/\/tkg-duisburg.de\/?s={search_term_string}\"},\"query-input\":\"required name=search_term_string\"}],\"inLanguage\":\"de\"},{\"@type\":\"Person\",\"@id\":\"https:\/\/tkg-duisburg.de\/#\/schema\/person\/5a5b174492de297d4b57e9a3d89564ee\",\"name\":\"Bj\u00f6rn Becker\",\"image\":{\"@type\":\"ImageObject\",\"inLanguage\":\"de\",\"@id\":\"https:\/\/tkg-duisburg.de\/#\/schema\/person\/image\/\",\"url\":\"https:\/\/secure.gravatar.com\/avatar\/c7690b9f448fdd19e7a021d2d0201faa0dc70513a48fc7103388e3231c3056a4?s=96&d=mm&r=g\",\"contentUrl\":\"https:\/\/secure.gravatar.com\/avatar\/c7690b9f448fdd19e7a021d2d0201faa0dc70513a48fc7103388e3231c3056a4?s=96&d=mm&r=g\",\"caption\":\"Bj\u00f6rn Becker\"},\"url\":\"https:\/\/tkg-duisburg.de\/?author=5\"}]}<\/script>\n<!-- \/ Yoast SEO plugin. -->","yoast_head_json":{"title":"2. Tag der Versch\u00f6nerung des Schulhofs an dem Standort Gartstr\u00e4ucher Str. - Theodor K\u00f6nig Gesamtschule Duisburg","robots":{"index":"index","follow":"follow","max-snippet":"max-snippet:-1","max-image-preview":"max-image-preview:large","max-video-preview":"max-video-preview:-1"},"canonical":"https:\/\/tkg-duisburg.de\/?p=5381","og_locale":"de_DE","og_type":"article","og_title":"2. Tag der Versch\u00f6nerung des Schulhofs an dem Standort Gartstr\u00e4ucher Str. - Theodor K\u00f6nig Gesamtschule Duisburg","og_description":"Auch heute haben wir trotz der schlechten Wetterbedingungen motiviert und produktiv gearbeitet. Nachdem wir uns, einige Stunden sp\u00e4ter als geplant, getroffen haben schien auch schon die Sonne. Frau Gocht, Frau Hardtke-Schr\u00f6der, Herr Bade und die SV (Frau Wolz, Ceyda Selbes und Ali Adig\u00fczel) waren da und&nbsp; haben gemeinsam viel geschaft &#8211; schaut es euch an: &hellip; 2. Tag der Versch\u00f6nerung des Schulhofs an dem Standort Gartstr\u00e4ucher Str. weiterlesen &rarr;","og_url":"https:\/\/tkg-duisburg.de\/?p=5381","og_site_name":"Theodor K\u00f6nig Gesamtschule Duisburg","article_published_time":"2020-04-30T09:53:54+00:00","og_image":[{"url":"https:\/\/tkg-duisburg.de\/wp-content\/uploads\/2020\/04\/Kreis-1024x768.jpeg"}],"author":"Bj\u00f6rn Becker","twitter_card":"summary_large_image","twitter_misc":{"Verfasst von":"Bj\u00f6rn Becker"},"schema":{"@context":"https:\/\/schema.org","@graph":[{"@type":"WebPage","@id":"https:\/\/tkg-duisburg.de\/?p=5381","url":"https:\/\/tkg-duisburg.de\/?p=5381","name":"2. Tag der Versch\u00f6nerung des Schulhofs an dem Standort Gartstr\u00e4ucher Str. - Theodor K\u00f6nig Gesamtschule Duisburg","isPartOf":{"@id":"https:\/\/tkg-duisburg.de\/#website"},"primaryImageOfPage":{"@id":"https:\/\/tkg-duisburg.de\/?p=5381#primaryimage"},"image":{"@id":"https:\/\/tkg-duisburg.de\/?p=5381#primaryimage"},"thumbnailUrl":"https:\/\/tkg-duisburg.de\/wp-content\/uploads\/2020\/04\/Kreis-1024x768.jpeg","datePublished":"2020-04-30T09:53:54+00:00","dateModified":"2020-04-30T09:53:54+00:00","author":{"@id":"https:\/\/tkg-duisburg.de\/#\/schema\/person\/5a5b174492de297d4b57e9a3d89564ee"},"breadcrumb":{"@id":"https:\/\/tkg-duisburg.de\/?p=5381#breadcrumb"},"inLanguage":"de","potentialAction":[{"@type":"ReadAction","target":["https:\/\/tkg-duisburg.de\/?p=5381"]}]},{"@type":"ImageObject","inLanguage":"de","@id":"https:\/\/tkg-duisburg.de\/?p=5381#primaryimage","url":"https:\/\/tkg-duisburg.de\/wp-content\/uploads\/2020\/04\/Kreis.jpeg","contentUrl":"https:\/\/tkg-duisburg.de\/wp-content\/uploads\/2020\/04\/Kreis.jpeg","width":1600,"height":1200},{"@type":"BreadcrumbList","@id":"https:\/\/tkg-duisburg.de\/?p=5381#breadcrumb","itemListElement":[{"@type":"ListItem","position":1,"name":"Startseite","item":"https:\/\/tkg-duisburg.de\/"},{"@type":"ListItem","position":2,"name":"2. Tag der Versch\u00f6nerung des Schulhofs an dem Standort Gartstr\u00e4ucher Str."}]},{"@type":"WebSite","@id":"https:\/\/tkg-duisburg.de\/#website","url":"https:\/\/tkg-duisburg.de\/","name":"Theodor K\u00f6nig Gesamtschule Duisburg","description":"","potentialAction":[{"@type":"SearchAction","target":{"@type":"EntryPoint","urlTemplate":"https:\/\/tkg-duisburg.de\/?s={search_term_string}"},"query-input":"required name=search_term_string"}],"inLanguage":"de"},{"@type":"Person","@id":"https:\/\/tkg-duisburg.de\/#\/schema\/person\/5a5b174492de297d4b57e9a3d89564ee","name":"Bj\u00f6rn Becker","image":{"@type":"ImageObject","inLanguage":"de","@id":"https:\/\/tkg-duisburg.de\/#\/schema\/person\/image\/","url":"https:\/\/secure.gravatar.com\/avatar\/c7690b9f448fdd19e7a021d2d0201faa0dc70513a48fc7103388e3231c3056a4?s=96&d=mm&r=g","contentUrl":"https:\/\/secure.gravatar.com\/avatar\/c7690b9f448fdd19e7a021d2d0201faa0dc70513a48fc7103388e3231c3056a4?s=96&d=mm&r=g","caption":"Bj\u00f6rn Becker"},"url":"https:\/\/tkg-duisburg.de\/?author=5"}]}},"_links":{"self":[{"href":"https:\/\/tkg-duisburg.de\/index.php?rest_route=\/wp\/v2\/posts\/5381","targetHints":{"allow":["GET"]}}],"collection":[{"href":"https:\/\/tkg-duisburg.de\/index.php?rest_route=\/wp\/v2\/posts"}],"about":[{"href":"https:\/\/tkg-duisburg.de\/index.php?rest_route=\/wp\/v2\/types\/post"}],"author":[{"embeddable":true,"href":"https:\/\/tkg-duisburg.de\/index.php?rest_route=\/wp\/v2\/users\/5"}],"replies":[{"embeddable":true,"href":"https:\/\/tkg-duisburg.de\/index.php?rest_route=%2Fwp%2Fv2%2Fcomments&post=5381"}],"version-history":[{"count":1,"href":"https:\/\/tkg-duisburg.de\/index.php?rest_route=\/wp\/v2\/posts\/5381\/revisions"}],"predecessor-version":[{"id":5387,"href":"https:\/\/tkg-duisburg.de\/index.php?rest_route=\/wp\/v2\/posts\/5381\/revisions\/5387"}],"wp:attachment":[{"href":"https:\/\/tkg-duisburg.de\/index.php?rest_route=%2Fwp%2Fv2%2Fmedia&parent=5381"}],"wp:term":[{"taxonomy":"category","embeddable":true,"href":"https:\/\/tkg-duisburg.de\/index.php?rest_route=%2Fwp%2Fv2%2Fcategories&post=5381"},{"taxonomy":"post_tag","embeddable":true,"href":"https:\/\/tkg-duisburg.de\/index.php?rest_route=%2Fwp%2Fv2%2Ftags&post=5381"}],"curies":[{"name":"wp","href":"https:\/\/api.w.org\/{rel}","templated":true}]}}