{"id":5862,"date":"2020-08-11T11:59:25","date_gmt":"2020-08-11T09:59:25","guid":{"rendered":"http:\/\/tkg-duisburg.de\/?p=5862"},"modified":"2021-07-02T17:55:57","modified_gmt":"2021-07-02T15:55:57","slug":"mund-nasen-bedeckung-in-der-schule","status":"publish","type":"post","link":"https:\/\/tkg-duisburg.de\/?p=5862","title":{"rendered":"Mund-Nasen-Bedeckung in der Schule"},"content":{"rendered":"\n<p>Liebe Schulgemeinde,<\/p>\n\n\n\n<p>wie Sie sicher mitbekommen haben, besteht auf Veranlassung der Landesregierung bis auf Weiteres Maskenpflicht auf dem Schulgel\u00e4nde.<\/p>\n\n\n\n<p>Dies gilt auch f\u00fcr Sch\u00fclerinnen und Sch\u00fcler.  Die Masken sind auch in den Klassenr\u00e4umen und w\u00e4hrend der Pausen zu tragen.<\/p>\n\n\n\n<p>Bitte geben Sie Ihrem Kind eine entsprechende Mund-Nasen-Bedeckung mit.<\/p>\n\n\n\n<p>Mit freundlichen Gr\u00fc\u00dfen,<\/p>\n\n\n\n<p><em>die Schulleitung<\/em><\/p>\n","protected":false},"excerpt":{"rendered":"<p>Liebe Schulgemeinde, wie Sie sicher mitbekommen haben, besteht auf Veranlassung der Landesregierung bis auf Weiteres Maskenpflicht auf dem Schulgel\u00e4nde. Dies gilt auch f\u00fcr Sch\u00fclerinnen und Sch\u00fcler. Die Masken sind auch in den Klassenr\u00e4umen und w\u00e4hrend der Pausen zu tragen. Bitte geben Sie Ihrem Kind eine entsprechende Mund-Nasen-Bedeckung mit. Mit freundlichen Gr\u00fc\u00dfen, die Schulleitung<\/p>\n","protected":false},"author":5,"featured_media":0,"comment_status":"closed","ping_status":"open","sticky":false,"template":"","format":"standard","meta":{"footnotes":""},"categories":[1,62,63],"tags":[],"class_list":["post-5862","post","type-post","status-publish","format-standard","hentry","category-allgemein","category-eltern","category-schulleitung"],"yoast_head":"<!-- This site is optimized with the Yoast SEO plugin v22.6 - https:\/\/yoast.com\/wordpress\/plugins\/seo\/ -->\n<title>Mund-Nasen-Bedeckung in der Schule - Theodor K\u00f6nig Gesamtschule Duisburg<\/title>\n<meta name=\"robots\" content=\"index, follow, max-snippet:-1, max-image-preview:large, max-video-preview:-1\" \/>\n<link rel=\"canonical\" href=\"https:\/\/tkg-duisburg.de\/?p=5862\" \/>\n<meta property=\"og:locale\" content=\"de_DE\" \/>\n<meta property=\"og:type\" content=\"article\" \/>\n<meta property=\"og:title\" content=\"Mund-Nasen-Bedeckung in der Schule - Theodor K\u00f6nig Gesamtschule Duisburg\" \/>\n<meta property=\"og:description\" content=\"Liebe Schulgemeinde, wie Sie sicher mitbekommen haben, besteht auf Veranlassung der Landesregierung bis auf Weiteres Maskenpflicht auf dem Schulgel\u00e4nde. Dies gilt auch f\u00fcr Sch\u00fclerinnen und Sch\u00fcler. Die Masken sind auch in den Klassenr\u00e4umen und w\u00e4hrend der Pausen zu tragen. Bitte geben Sie Ihrem Kind eine entsprechende Mund-Nasen-Bedeckung mit. Mit freundlichen Gr\u00fc\u00dfen, die Schulleitung\" \/>\n<meta property=\"og:url\" content=\"https:\/\/tkg-duisburg.de\/?p=5862\" \/>\n<meta property=\"og:site_name\" content=\"Theodor K\u00f6nig Gesamtschule Duisburg\" \/>\n<meta property=\"article:published_time\" content=\"2020-08-11T09:59:25+00:00\" \/>\n<meta property=\"article:modified_time\" content=\"2021-07-02T15:55:57+00:00\" \/>\n<meta name=\"author\" content=\"Bj\u00f6rn Becker\" \/>\n<meta name=\"twitter:card\" content=\"summary_large_image\" \/>\n<meta name=\"twitter:label1\" content=\"Verfasst von\" \/>\n\t<meta name=\"twitter:data1\" content=\"Bj\u00f6rn Becker\" \/>\n<script type=\"application\/ld+json\" class=\"yoast-schema-graph\">{\"@context\":\"https:\/\/schema.org\",\"@graph\":[{\"@type\":\"WebPage\",\"@id\":\"https:\/\/tkg-duisburg.de\/?p=5862\",\"url\":\"https:\/\/tkg-duisburg.de\/?p=5862\",\"name\":\"Mund-Nasen-Bedeckung in der Schule - Theodor K\u00f6nig Gesamtschule Duisburg\",\"isPartOf\":{\"@id\":\"https:\/\/tkg-duisburg.de\/#website\"},\"datePublished\":\"2020-08-11T09:59:25+00:00\",\"dateModified\":\"2021-07-02T15:55:57+00:00\",\"author\":{\"@id\":\"https:\/\/tkg-duisburg.de\/#\/schema\/person\/5a5b174492de297d4b57e9a3d89564ee\"},\"breadcrumb\":{\"@id\":\"https:\/\/tkg-duisburg.de\/?p=5862#breadcrumb\"},\"inLanguage\":\"de\",\"potentialAction\":[{\"@type\":\"ReadAction\",\"target\":[\"https:\/\/tkg-duisburg.de\/?p=5862\"]}]},{\"@type\":\"BreadcrumbList\",\"@id\":\"https:\/\/tkg-duisburg.de\/?p=5862#breadcrumb\",\"itemListElement\":[{\"@type\":\"ListItem\",\"position\":1,\"name\":\"Startseite\",\"item\":\"https:\/\/tkg-duisburg.de\/\"},{\"@type\":\"ListItem\",\"position\":2,\"name\":\"Mund-Nasen-Bedeckung in der Schule\"}]},{\"@type\":\"WebSite\",\"@id\":\"https:\/\/tkg-duisburg.de\/#website\",\"url\":\"https:\/\/tkg-duisburg.de\/\",\"name\":\"Theodor K\u00f6nig Gesamtschule Duisburg\",\"description\":\"\",\"potentialAction\":[{\"@type\":\"SearchAction\",\"target\":{\"@type\":\"EntryPoint\",\"urlTemplate\":\"https:\/\/tkg-duisburg.de\/?s={search_term_string}\"},\"query-input\":\"required name=search_term_string\"}],\"inLanguage\":\"de\"},{\"@type\":\"Person\",\"@id\":\"https:\/\/tkg-duisburg.de\/#\/schema\/person\/5a5b174492de297d4b57e9a3d89564ee\",\"name\":\"Bj\u00f6rn Becker\",\"image\":{\"@type\":\"ImageObject\",\"inLanguage\":\"de\",\"@id\":\"https:\/\/tkg-duisburg.de\/#\/schema\/person\/image\/\",\"url\":\"https:\/\/secure.gravatar.com\/avatar\/c7690b9f448fdd19e7a021d2d0201faa0dc70513a48fc7103388e3231c3056a4?s=96&d=mm&r=g\",\"contentUrl\":\"https:\/\/secure.gravatar.com\/avatar\/c7690b9f448fdd19e7a021d2d0201faa0dc70513a48fc7103388e3231c3056a4?s=96&d=mm&r=g\",\"caption\":\"Bj\u00f6rn Becker\"},\"url\":\"https:\/\/tkg-duisburg.de\/?author=5\"}]}<\/script>\n<!-- \/ Yoast SEO plugin. -->","yoast_head_json":{"title":"Mund-Nasen-Bedeckung in der Schule - Theodor K\u00f6nig Gesamtschule Duisburg","robots":{"index":"index","follow":"follow","max-snippet":"max-snippet:-1","max-image-preview":"max-image-preview:large","max-video-preview":"max-video-preview:-1"},"canonical":"https:\/\/tkg-duisburg.de\/?p=5862","og_locale":"de_DE","og_type":"article","og_title":"Mund-Nasen-Bedeckung in der Schule - Theodor K\u00f6nig Gesamtschule Duisburg","og_description":"Liebe Schulgemeinde, wie Sie sicher mitbekommen haben, besteht auf Veranlassung der Landesregierung bis auf Weiteres Maskenpflicht auf dem Schulgel\u00e4nde. Dies gilt auch f\u00fcr Sch\u00fclerinnen und Sch\u00fcler. Die Masken sind auch in den Klassenr\u00e4umen und w\u00e4hrend der Pausen zu tragen. Bitte geben Sie Ihrem Kind eine entsprechende Mund-Nasen-Bedeckung mit. Mit freundlichen Gr\u00fc\u00dfen, die Schulleitung","og_url":"https:\/\/tkg-duisburg.de\/?p=5862","og_site_name":"Theodor K\u00f6nig Gesamtschule Duisburg","article_published_time":"2020-08-11T09:59:25+00:00","article_modified_time":"2021-07-02T15:55:57+00:00","author":"Bj\u00f6rn Becker","twitter_card":"summary_large_image","twitter_misc":{"Verfasst von":"Bj\u00f6rn Becker"},"schema":{"@context":"https:\/\/schema.org","@graph":[{"@type":"WebPage","@id":"https:\/\/tkg-duisburg.de\/?p=5862","url":"https:\/\/tkg-duisburg.de\/?p=5862","name":"Mund-Nasen-Bedeckung in der Schule - Theodor K\u00f6nig Gesamtschule Duisburg","isPartOf":{"@id":"https:\/\/tkg-duisburg.de\/#website"},"datePublished":"2020-08-11T09:59:25+00:00","dateModified":"2021-07-02T15:55:57+00:00","author":{"@id":"https:\/\/tkg-duisburg.de\/#\/schema\/person\/5a5b174492de297d4b57e9a3d89564ee"},"breadcrumb":{"@id":"https:\/\/tkg-duisburg.de\/?p=5862#breadcrumb"},"inLanguage":"de","potentialAction":[{"@type":"ReadAction","target":["https:\/\/tkg-duisburg.de\/?p=5862"]}]},{"@type":"BreadcrumbList","@id":"https:\/\/tkg-duisburg.de\/?p=5862#breadcrumb","itemListElement":[{"@type":"ListItem","position":1,"name":"Startseite","item":"https:\/\/tkg-duisburg.de\/"},{"@type":"ListItem","position":2,"name":"Mund-Nasen-Bedeckung in der Schule"}]},{"@type":"WebSite","@id":"https:\/\/tkg-duisburg.de\/#website","url":"https:\/\/tkg-duisburg.de\/","name":"Theodor K\u00f6nig Gesamtschule Duisburg","description":"","potentialAction":[{"@type":"SearchAction","target":{"@type":"EntryPoint","urlTemplate":"https:\/\/tkg-duisburg.de\/?s={search_term_string}"},"query-input":"required name=search_term_string"}],"inLanguage":"de"},{"@type":"Person","@id":"https:\/\/tkg-duisburg.de\/#\/schema\/person\/5a5b174492de297d4b57e9a3d89564ee","name":"Bj\u00f6rn Becker","image":{"@type":"ImageObject","inLanguage":"de","@id":"https:\/\/tkg-duisburg.de\/#\/schema\/person\/image\/","url":"https:\/\/secure.gravatar.com\/avatar\/c7690b9f448fdd19e7a021d2d0201faa0dc70513a48fc7103388e3231c3056a4?s=96&d=mm&r=g","contentUrl":"https:\/\/secure.gravatar.com\/avatar\/c7690b9f448fdd19e7a021d2d0201faa0dc70513a48fc7103388e3231c3056a4?s=96&d=mm&r=g","caption":"Bj\u00f6rn Becker"},"url":"https:\/\/tkg-duisburg.de\/?author=5"}]}},"_links":{"self":[{"href":"https:\/\/tkg-duisburg.de\/index.php?rest_route=\/wp\/v2\/posts\/5862","targetHints":{"allow":["GET"]}}],"collection":[{"href":"https:\/\/tkg-duisburg.de\/index.php?rest_route=\/wp\/v2\/posts"}],"about":[{"href":"https:\/\/tkg-duisburg.de\/index.php?rest_route=\/wp\/v2\/types\/post"}],"author":[{"embeddable":true,"href":"https:\/\/tkg-duisburg.de\/index.php?rest_route=\/wp\/v2\/users\/5"}],"replies":[{"embeddable":true,"href":"https:\/\/tkg-duisburg.de\/index.php?rest_route=%2Fwp%2Fv2%2Fcomments&post=5862"}],"version-history":[{"count":2,"href":"https:\/\/tkg-duisburg.de\/index.php?rest_route=\/wp\/v2\/posts\/5862\/revisions"}],"predecessor-version":[{"id":5865,"href":"https:\/\/tkg-duisburg.de\/index.php?rest_route=\/wp\/v2\/posts\/5862\/revisions\/5865"}],"wp:attachment":[{"href":"https:\/\/tkg-duisburg.de\/index.php?rest_route=%2Fwp%2Fv2%2Fmedia&parent=5862"}],"wp:term":[{"taxonomy":"category","embeddable":true,"href":"https:\/\/tkg-duisburg.de\/index.php?rest_route=%2Fwp%2Fv2%2Fcategories&post=5862"},{"taxonomy":"post_tag","embeddable":true,"href":"https:\/\/tkg-duisburg.de\/index.php?rest_route=%2Fwp%2Fv2%2Ftags&post=5862"}],"curies":[{"name":"wp","href":"https:\/\/api.w.org\/{rel}","templated":true}]}}