{"id":5992,"date":"2020-10-08T09:14:07","date_gmt":"2020-10-08T07:14:07","guid":{"rendered":"http:\/\/tkg-duisburg.de\/?p=5992"},"modified":"2020-10-08T09:14:07","modified_gmt":"2020-10-08T07:14:07","slug":"ein-neues-ruhrtalent-an-der-tkg","status":"publish","type":"post","link":"https:\/\/tkg-duisburg.de\/?p=5992","title":{"rendered":"Ein neues Ruhrtalent an der TKG"},"content":{"rendered":"\n<p>Wir freuen uns, dass <strong>Mahlet Suhr<\/strong> (Jahrgangsstufe EF) das Aufnahmeverfahren f\u00fcr das Sch\u00fclerstipendienprogramm erfolgreich durchlaufen hat, sich nun <strong>Ruhrtalent<\/strong> nennen darf und in den kommenden Jahren bis zum Abitur individuelle Unterst\u00fctzung und F\u00f6rderung in vielf\u00e4ltiger Form erf\u00e4hrt.<\/p>\n\n\n\n<figure class=\"wp-block-image size-large is-resized\"><img loading=\"lazy\" decoding=\"async\" src=\"https:\/\/tkg-duisburg.de\/wp-content\/uploads\/2020\/10\/Mahlet-Suhr-768x1024.jpg\" alt=\"\" class=\"wp-image-5993\" width=\"451\" height=\"601\" srcset=\"https:\/\/tkg-duisburg.de\/wp-content\/uploads\/2020\/10\/Mahlet-Suhr-768x1024.jpg 768w, https:\/\/tkg-duisburg.de\/wp-content\/uploads\/2020\/10\/Mahlet-Suhr-225x300.jpg 225w, https:\/\/tkg-duisburg.de\/wp-content\/uploads\/2020\/10\/Mahlet-Suhr-150x200.jpg 150w, https:\/\/tkg-duisburg.de\/wp-content\/uploads\/2020\/10\/Mahlet-Suhr-1152x1536.jpg 1152w, https:\/\/tkg-duisburg.de\/wp-content\/uploads\/2020\/10\/Mahlet-Suhr-1536x2048.jpg 1536w, https:\/\/tkg-duisburg.de\/wp-content\/uploads\/2020\/10\/Mahlet-Suhr-scaled.jpg 1920w\" sizes=\"auto, (max-width: 451px) 100vw, 451px\" \/><\/figure>\n\n\n\n<p class=\"has-text-align-center\"><strong><em>Herzlichen Gl\u00fcckwunsch Mahlet<\/em><\/strong><\/p>\n\n\n\n<p class=\"has-text-align-center\"><em><strong>und wir freuen uns auf deine Berichte\u00a0 als Ruhrtalent.<\/strong><\/em><\/p>\n\n\n\n<p><em>C. Hiller-Kitzmann<\/em><\/p>\n\n\n\n<p>(Abteilungsleiterin Oberstufe)<\/p>\n","protected":false},"excerpt":{"rendered":"<p>Wir freuen uns, dass Mahlet Suhr (Jahrgangsstufe EF) das Aufnahmeverfahren f\u00fcr das Sch\u00fclerstipendienprogramm erfolgreich durchlaufen hat, sich nun Ruhrtalent nennen darf und in den kommenden Jahren bis zum Abitur individuelle Unterst\u00fctzung und F\u00f6rderung in vielf\u00e4ltiger Form erf\u00e4hrt. Herzlichen Gl\u00fcckwunsch Mahlet und wir freuen uns auf deine Berichte\u00a0 als Ruhrtalent. C. Hiller-Kitzmann (Abteilungsleiterin Oberstufe)<\/p>\n","protected":false},"author":5,"featured_media":0,"comment_status":"closed","ping_status":"open","sticky":false,"template":"","format":"standard","meta":{"footnotes":""},"categories":[48,37,57],"tags":[],"class_list":["post-5992","post","type-post","status-publish","format-standard","hentry","category-berufsvorbereitung","category-externe-kooperation","category-talentfoerderung"],"yoast_head":"<!-- This site is optimized with the Yoast SEO plugin v22.6 - https:\/\/yoast.com\/wordpress\/plugins\/seo\/ -->\n<title>Ein neues Ruhrtalent an der TKG - Theodor K\u00f6nig Gesamtschule Duisburg<\/title>\n<meta name=\"robots\" content=\"index, follow, max-snippet:-1, max-image-preview:large, max-video-preview:-1\" \/>\n<link rel=\"canonical\" href=\"https:\/\/tkg-duisburg.de\/?p=5992\" \/>\n<meta property=\"og:locale\" content=\"de_DE\" \/>\n<meta property=\"og:type\" content=\"article\" \/>\n<meta property=\"og:title\" content=\"Ein neues Ruhrtalent an der TKG - Theodor K\u00f6nig Gesamtschule Duisburg\" \/>\n<meta property=\"og:description\" content=\"Wir freuen uns, dass Mahlet Suhr (Jahrgangsstufe EF) das Aufnahmeverfahren f\u00fcr das Sch\u00fclerstipendienprogramm erfolgreich durchlaufen hat, sich nun Ruhrtalent nennen darf und in den kommenden Jahren bis zum Abitur individuelle Unterst\u00fctzung und F\u00f6rderung in vielf\u00e4ltiger Form erf\u00e4hrt. Herzlichen Gl\u00fcckwunsch Mahlet und wir freuen uns auf deine Berichte\u00a0 als Ruhrtalent. C. Hiller-Kitzmann (Abteilungsleiterin Oberstufe)\" \/>\n<meta property=\"og:url\" content=\"https:\/\/tkg-duisburg.de\/?p=5992\" \/>\n<meta property=\"og:site_name\" content=\"Theodor K\u00f6nig Gesamtschule Duisburg\" \/>\n<meta property=\"article:published_time\" content=\"2020-10-08T07:14:07+00:00\" \/>\n<meta property=\"og:image\" content=\"https:\/\/tkg-duisburg.de\/wp-content\/uploads\/2020\/10\/Mahlet-Suhr-768x1024.jpg\" \/>\n<meta name=\"author\" content=\"Bj\u00f6rn Becker\" \/>\n<meta name=\"twitter:card\" content=\"summary_large_image\" \/>\n<meta name=\"twitter:label1\" content=\"Verfasst von\" \/>\n\t<meta name=\"twitter:data1\" content=\"Bj\u00f6rn Becker\" \/>\n<script type=\"application\/ld+json\" class=\"yoast-schema-graph\">{\"@context\":\"https:\/\/schema.org\",\"@graph\":[{\"@type\":\"WebPage\",\"@id\":\"https:\/\/tkg-duisburg.de\/?p=5992\",\"url\":\"https:\/\/tkg-duisburg.de\/?p=5992\",\"name\":\"Ein neues Ruhrtalent an der TKG - Theodor K\u00f6nig Gesamtschule Duisburg\",\"isPartOf\":{\"@id\":\"https:\/\/tkg-duisburg.de\/#website\"},\"primaryImageOfPage\":{\"@id\":\"https:\/\/tkg-duisburg.de\/?p=5992#primaryimage\"},\"image\":{\"@id\":\"https:\/\/tkg-duisburg.de\/?p=5992#primaryimage\"},\"thumbnailUrl\":\"https:\/\/tkg-duisburg.de\/wp-content\/uploads\/2020\/10\/Mahlet-Suhr-768x1024.jpg\",\"datePublished\":\"2020-10-08T07:14:07+00:00\",\"dateModified\":\"2020-10-08T07:14:07+00:00\",\"author\":{\"@id\":\"https:\/\/tkg-duisburg.de\/#\/schema\/person\/5a5b174492de297d4b57e9a3d89564ee\"},\"breadcrumb\":{\"@id\":\"https:\/\/tkg-duisburg.de\/?p=5992#breadcrumb\"},\"inLanguage\":\"de\",\"potentialAction\":[{\"@type\":\"ReadAction\",\"target\":[\"https:\/\/tkg-duisburg.de\/?p=5992\"]}]},{\"@type\":\"ImageObject\",\"inLanguage\":\"de\",\"@id\":\"https:\/\/tkg-duisburg.de\/?p=5992#primaryimage\",\"url\":\"https:\/\/tkg-duisburg.de\/wp-content\/uploads\/2020\/10\/Mahlet-Suhr-scaled.jpg\",\"contentUrl\":\"https:\/\/tkg-duisburg.de\/wp-content\/uploads\/2020\/10\/Mahlet-Suhr-scaled.jpg\",\"width\":1920,\"height\":2560},{\"@type\":\"BreadcrumbList\",\"@id\":\"https:\/\/tkg-duisburg.de\/?p=5992#breadcrumb\",\"itemListElement\":[{\"@type\":\"ListItem\",\"position\":1,\"name\":\"Startseite\",\"item\":\"https:\/\/tkg-duisburg.de\/\"},{\"@type\":\"ListItem\",\"position\":2,\"name\":\"Ein neues Ruhrtalent an der TKG\"}]},{\"@type\":\"WebSite\",\"@id\":\"https:\/\/tkg-duisburg.de\/#website\",\"url\":\"https:\/\/tkg-duisburg.de\/\",\"name\":\"Theodor K\u00f6nig Gesamtschule Duisburg\",\"description\":\"\",\"potentialAction\":[{\"@type\":\"SearchAction\",\"target\":{\"@type\":\"EntryPoint\",\"urlTemplate\":\"https:\/\/tkg-duisburg.de\/?s={search_term_string}\"},\"query-input\":\"required name=search_term_string\"}],\"inLanguage\":\"de\"},{\"@type\":\"Person\",\"@id\":\"https:\/\/tkg-duisburg.de\/#\/schema\/person\/5a5b174492de297d4b57e9a3d89564ee\",\"name\":\"Bj\u00f6rn Becker\",\"image\":{\"@type\":\"ImageObject\",\"inLanguage\":\"de\",\"@id\":\"https:\/\/tkg-duisburg.de\/#\/schema\/person\/image\/\",\"url\":\"https:\/\/secure.gravatar.com\/avatar\/c7690b9f448fdd19e7a021d2d0201faa0dc70513a48fc7103388e3231c3056a4?s=96&d=mm&r=g\",\"contentUrl\":\"https:\/\/secure.gravatar.com\/avatar\/c7690b9f448fdd19e7a021d2d0201faa0dc70513a48fc7103388e3231c3056a4?s=96&d=mm&r=g\",\"caption\":\"Bj\u00f6rn Becker\"},\"url\":\"https:\/\/tkg-duisburg.de\/?author=5\"}]}<\/script>\n<!-- \/ Yoast SEO plugin. -->","yoast_head_json":{"title":"Ein neues Ruhrtalent an der TKG - Theodor K\u00f6nig Gesamtschule Duisburg","robots":{"index":"index","follow":"follow","max-snippet":"max-snippet:-1","max-image-preview":"max-image-preview:large","max-video-preview":"max-video-preview:-1"},"canonical":"https:\/\/tkg-duisburg.de\/?p=5992","og_locale":"de_DE","og_type":"article","og_title":"Ein neues Ruhrtalent an der TKG - Theodor K\u00f6nig Gesamtschule Duisburg","og_description":"Wir freuen uns, dass Mahlet Suhr (Jahrgangsstufe EF) das Aufnahmeverfahren f\u00fcr das Sch\u00fclerstipendienprogramm erfolgreich durchlaufen hat, sich nun Ruhrtalent nennen darf und in den kommenden Jahren bis zum Abitur individuelle Unterst\u00fctzung und F\u00f6rderung in vielf\u00e4ltiger Form erf\u00e4hrt. Herzlichen Gl\u00fcckwunsch Mahlet und wir freuen uns auf deine Berichte\u00a0 als Ruhrtalent. C. Hiller-Kitzmann (Abteilungsleiterin Oberstufe)","og_url":"https:\/\/tkg-duisburg.de\/?p=5992","og_site_name":"Theodor K\u00f6nig Gesamtschule Duisburg","article_published_time":"2020-10-08T07:14:07+00:00","og_image":[{"url":"https:\/\/tkg-duisburg.de\/wp-content\/uploads\/2020\/10\/Mahlet-Suhr-768x1024.jpg"}],"author":"Bj\u00f6rn Becker","twitter_card":"summary_large_image","twitter_misc":{"Verfasst von":"Bj\u00f6rn Becker"},"schema":{"@context":"https:\/\/schema.org","@graph":[{"@type":"WebPage","@id":"https:\/\/tkg-duisburg.de\/?p=5992","url":"https:\/\/tkg-duisburg.de\/?p=5992","name":"Ein neues Ruhrtalent an der TKG - Theodor K\u00f6nig Gesamtschule Duisburg","isPartOf":{"@id":"https:\/\/tkg-duisburg.de\/#website"},"primaryImageOfPage":{"@id":"https:\/\/tkg-duisburg.de\/?p=5992#primaryimage"},"image":{"@id":"https:\/\/tkg-duisburg.de\/?p=5992#primaryimage"},"thumbnailUrl":"https:\/\/tkg-duisburg.de\/wp-content\/uploads\/2020\/10\/Mahlet-Suhr-768x1024.jpg","datePublished":"2020-10-08T07:14:07+00:00","dateModified":"2020-10-08T07:14:07+00:00","author":{"@id":"https:\/\/tkg-duisburg.de\/#\/schema\/person\/5a5b174492de297d4b57e9a3d89564ee"},"breadcrumb":{"@id":"https:\/\/tkg-duisburg.de\/?p=5992#breadcrumb"},"inLanguage":"de","potentialAction":[{"@type":"ReadAction","target":["https:\/\/tkg-duisburg.de\/?p=5992"]}]},{"@type":"ImageObject","inLanguage":"de","@id":"https:\/\/tkg-duisburg.de\/?p=5992#primaryimage","url":"https:\/\/tkg-duisburg.de\/wp-content\/uploads\/2020\/10\/Mahlet-Suhr-scaled.jpg","contentUrl":"https:\/\/tkg-duisburg.de\/wp-content\/uploads\/2020\/10\/Mahlet-Suhr-scaled.jpg","width":1920,"height":2560},{"@type":"BreadcrumbList","@id":"https:\/\/tkg-duisburg.de\/?p=5992#breadcrumb","itemListElement":[{"@type":"ListItem","position":1,"name":"Startseite","item":"https:\/\/tkg-duisburg.de\/"},{"@type":"ListItem","position":2,"name":"Ein neues Ruhrtalent an der TKG"}]},{"@type":"WebSite","@id":"https:\/\/tkg-duisburg.de\/#website","url":"https:\/\/tkg-duisburg.de\/","name":"Theodor K\u00f6nig Gesamtschule Duisburg","description":"","potentialAction":[{"@type":"SearchAction","target":{"@type":"EntryPoint","urlTemplate":"https:\/\/tkg-duisburg.de\/?s={search_term_string}"},"query-input":"required name=search_term_string"}],"inLanguage":"de"},{"@type":"Person","@id":"https:\/\/tkg-duisburg.de\/#\/schema\/person\/5a5b174492de297d4b57e9a3d89564ee","name":"Bj\u00f6rn Becker","image":{"@type":"ImageObject","inLanguage":"de","@id":"https:\/\/tkg-duisburg.de\/#\/schema\/person\/image\/","url":"https:\/\/secure.gravatar.com\/avatar\/c7690b9f448fdd19e7a021d2d0201faa0dc70513a48fc7103388e3231c3056a4?s=96&d=mm&r=g","contentUrl":"https:\/\/secure.gravatar.com\/avatar\/c7690b9f448fdd19e7a021d2d0201faa0dc70513a48fc7103388e3231c3056a4?s=96&d=mm&r=g","caption":"Bj\u00f6rn Becker"},"url":"https:\/\/tkg-duisburg.de\/?author=5"}]}},"_links":{"self":[{"href":"https:\/\/tkg-duisburg.de\/index.php?rest_route=\/wp\/v2\/posts\/5992","targetHints":{"allow":["GET"]}}],"collection":[{"href":"https:\/\/tkg-duisburg.de\/index.php?rest_route=\/wp\/v2\/posts"}],"about":[{"href":"https:\/\/tkg-duisburg.de\/index.php?rest_route=\/wp\/v2\/types\/post"}],"author":[{"embeddable":true,"href":"https:\/\/tkg-duisburg.de\/index.php?rest_route=\/wp\/v2\/users\/5"}],"replies":[{"embeddable":true,"href":"https:\/\/tkg-duisburg.de\/index.php?rest_route=%2Fwp%2Fv2%2Fcomments&post=5992"}],"version-history":[{"count":1,"href":"https:\/\/tkg-duisburg.de\/index.php?rest_route=\/wp\/v2\/posts\/5992\/revisions"}],"predecessor-version":[{"id":5994,"href":"https:\/\/tkg-duisburg.de\/index.php?rest_route=\/wp\/v2\/posts\/5992\/revisions\/5994"}],"wp:attachment":[{"href":"https:\/\/tkg-duisburg.de\/index.php?rest_route=%2Fwp%2Fv2%2Fmedia&parent=5992"}],"wp:term":[{"taxonomy":"category","embeddable":true,"href":"https:\/\/tkg-duisburg.de\/index.php?rest_route=%2Fwp%2Fv2%2Fcategories&post=5992"},{"taxonomy":"post_tag","embeddable":true,"href":"https:\/\/tkg-duisburg.de\/index.php?rest_route=%2Fwp%2Fv2%2Ftags&post=5992"}],"curies":[{"name":"wp","href":"https:\/\/api.w.org\/{rel}","templated":true}]}}