{"id":6019,"date":"2020-11-14T17:53:28","date_gmt":"2020-11-14T15:53:28","guid":{"rendered":"http:\/\/tkg-duisburg.de\/?p=6019"},"modified":"2020-11-14T18:11:01","modified_gmt":"2020-11-14T16:11:01","slug":"ruhrtalente-treffen-die-schulministerin-gespraechsrunde-mit-nrw-schulministerin-yvonne-gebauer-ali-adiguezel-q-2","status":"publish","type":"post","link":"https:\/\/tkg-duisburg.de\/?p=6019","title":{"rendered":"\u201eRuhrTalente treffen die Schulministerin\u201c: Gespr\u00e4chsrunde mit NRW-Schulministerin Yvonne Gebauer (Ali Adig\u00fczel, Q 2)"},"content":{"rendered":"\n<div class=\"wp-block-image\"><figure class=\"aligncenter size-full is-resized\"><img loading=\"lazy\" decoding=\"async\" src=\"https:\/\/tkg-duisburg.de\/wp-content\/uploads\/2020\/11\/D5C1C91D-97F1-4177-9291-63B082BFCB1A.jpeg\" alt=\"\" class=\"wp-image-6020\" width=\"304\" height=\"179\" srcset=\"https:\/\/tkg-duisburg.de\/wp-content\/uploads\/2020\/11\/D5C1C91D-97F1-4177-9291-63B082BFCB1A.jpeg 1332w, https:\/\/tkg-duisburg.de\/wp-content\/uploads\/2020\/11\/D5C1C91D-97F1-4177-9291-63B082BFCB1A-300x177.jpeg 300w, https:\/\/tkg-duisburg.de\/wp-content\/uploads\/2020\/11\/D5C1C91D-97F1-4177-9291-63B082BFCB1A-1024x604.jpeg 1024w\" sizes=\"auto, (max-width: 304px) 100vw, 304px\" \/><\/figure><\/div>\n\n\n\n<p>Am Mittwochabend, 19.08.2020 hatten rund 35 RuhrTalente die einmalige Gelegenheit, sich fast zwei Stunden lang intensiv mit der Schulministerin der Landes NRW, Yvonne Gebauer, auszutauschen. Von unserer Schule mit dabei war Ali Adig\u00fczel aus der Jahrgangsstufe Q2.<br>Es wurden Themen diskutiert wie Chancengerechtigkeit, Mitbestimmungsm\u00f6glichkeiten in der Schule, die Digitalisierung von Schulen und die Herausforderungen, mit denen Schulen und Sch\u00fcler<em>innen in \u201eCorona-Zeiten\u201c umgehen m\u00fcssen. Die Ministerin gab wertvolle Tipps, wie man als Sch\u00fcler<\/em>in die eigenen Interessen vertreten und sich politisch engagieren kann.<br>Ministerin Gebauer ist seit 2017 Schirmherrin des Sch\u00fclerstipendienprogramm RuhrTalente. Urspr\u00fcnglich sollte das Treffen im Medienhafen in D\u00fcsseldorf stattfinden. Aufgrund der<br>aktuellen Situation traf man sich stattdessen online.<br><br><em>(Ver\u00f6ffentlichung genehmigt von C. Hiller-Kitzmann, Abteilungsleiterin Oberstufe)<\/em><\/p>\n","protected":false},"excerpt":{"rendered":"<p>Am Mittwochabend, 19.08.2020 hatten rund 35 RuhrTalente die einmalige Gelegenheit, sich fast zwei Stunden lang intensiv mit der Schulministerin der Landes NRW, Yvonne Gebauer, auszutauschen. Von unserer Schule mit dabei war Ali Adig\u00fczel aus der Jahrgangsstufe Q2.Es wurden Themen diskutiert wie Chancengerechtigkeit, Mitbestimmungsm\u00f6glichkeiten in der Schule, die Digitalisierung von Schulen und die Herausforderungen, mit denen &hellip; <a href=\"https:\/\/tkg-duisburg.de\/?p=6019\" class=\"more-link\"><span class=\"screen-reader-text\">\u201eRuhrTalente treffen die Schulministerin\u201c: Gespr\u00e4chsrunde mit NRW-Schulministerin Yvonne Gebauer (Ali Adig\u00fczel, Q 2)<\/span> weiterlesen <span class=\"meta-nav\">&rarr;<\/span><\/a><\/p>\n","protected":false},"author":5,"featured_media":0,"comment_status":"closed","ping_status":"open","sticky":false,"template":"","format":"standard","meta":{"footnotes":""},"categories":[31,48,37,57],"tags":[],"class_list":["post-6019","post","type-post","status-publish","format-standard","hentry","category-ausserschulisches-lernen","category-berufsvorbereitung","category-externe-kooperation","category-talentfoerderung"],"yoast_head":"<!-- This site is optimized with the Yoast SEO plugin v22.6 - https:\/\/yoast.com\/wordpress\/plugins\/seo\/ -->\n<title>\u201eRuhrTalente treffen die Schulministerin\u201c: Gespr\u00e4chsrunde mit NRW-Schulministerin Yvonne Gebauer (Ali Adig\u00fczel, Q 2) - Theodor K\u00f6nig Gesamtschule Duisburg<\/title>\n<meta name=\"robots\" content=\"index, follow, max-snippet:-1, max-image-preview:large, max-video-preview:-1\" \/>\n<link rel=\"canonical\" href=\"https:\/\/tkg-duisburg.de\/?p=6019\" \/>\n<meta property=\"og:locale\" content=\"de_DE\" \/>\n<meta property=\"og:type\" content=\"article\" \/>\n<meta property=\"og:title\" content=\"\u201eRuhrTalente treffen die Schulministerin\u201c: Gespr\u00e4chsrunde mit NRW-Schulministerin Yvonne Gebauer (Ali Adig\u00fczel, Q 2) - Theodor K\u00f6nig Gesamtschule Duisburg\" \/>\n<meta property=\"og:description\" content=\"Am Mittwochabend, 19.08.2020 hatten rund 35 RuhrTalente die einmalige Gelegenheit, sich fast zwei Stunden lang intensiv mit der Schulministerin der Landes NRW, Yvonne Gebauer, auszutauschen. Von unserer Schule mit dabei war Ali Adig\u00fczel aus der Jahrgangsstufe Q2.Es wurden Themen diskutiert wie Chancengerechtigkeit, Mitbestimmungsm\u00f6glichkeiten in der Schule, die Digitalisierung von Schulen und die Herausforderungen, mit denen &hellip; \u201eRuhrTalente treffen die Schulministerin\u201c: Gespr\u00e4chsrunde mit NRW-Schulministerin Yvonne Gebauer (Ali Adig\u00fczel, Q 2) weiterlesen &rarr;\" \/>\n<meta property=\"og:url\" content=\"https:\/\/tkg-duisburg.de\/?p=6019\" \/>\n<meta property=\"og:site_name\" content=\"Theodor K\u00f6nig Gesamtschule Duisburg\" \/>\n<meta property=\"article:published_time\" content=\"2020-11-14T15:53:28+00:00\" \/>\n<meta property=\"article:modified_time\" content=\"2020-11-14T16:11:01+00:00\" \/>\n<meta property=\"og:image\" content=\"https:\/\/tkg-duisburg.de\/wp-content\/uploads\/2020\/11\/D5C1C91D-97F1-4177-9291-63B082BFCB1A.jpeg\" \/>\n<meta name=\"author\" content=\"Bj\u00f6rn Becker\" \/>\n<meta name=\"twitter:card\" content=\"summary_large_image\" \/>\n<meta name=\"twitter:label1\" content=\"Verfasst von\" \/>\n\t<meta name=\"twitter:data1\" content=\"Bj\u00f6rn Becker\" \/>\n\t<meta name=\"twitter:label2\" content=\"Gesch\u00e4tzte Lesezeit\" \/>\n\t<meta name=\"twitter:data2\" content=\"1\u00a0Minute\" \/>\n<script type=\"application\/ld+json\" class=\"yoast-schema-graph\">{\"@context\":\"https:\/\/schema.org\",\"@graph\":[{\"@type\":\"WebPage\",\"@id\":\"https:\/\/tkg-duisburg.de\/?p=6019\",\"url\":\"https:\/\/tkg-duisburg.de\/?p=6019\",\"name\":\"\u201eRuhrTalente treffen die Schulministerin\u201c: Gespr\u00e4chsrunde mit NRW-Schulministerin Yvonne Gebauer (Ali Adig\u00fczel, Q 2) - Theodor K\u00f6nig Gesamtschule Duisburg\",\"isPartOf\":{\"@id\":\"https:\/\/tkg-duisburg.de\/#website\"},\"primaryImageOfPage\":{\"@id\":\"https:\/\/tkg-duisburg.de\/?p=6019#primaryimage\"},\"image\":{\"@id\":\"https:\/\/tkg-duisburg.de\/?p=6019#primaryimage\"},\"thumbnailUrl\":\"https:\/\/tkg-duisburg.de\/wp-content\/uploads\/2020\/11\/D5C1C91D-97F1-4177-9291-63B082BFCB1A.jpeg\",\"datePublished\":\"2020-11-14T15:53:28+00:00\",\"dateModified\":\"2020-11-14T16:11:01+00:00\",\"author\":{\"@id\":\"https:\/\/tkg-duisburg.de\/#\/schema\/person\/5a5b174492de297d4b57e9a3d89564ee\"},\"breadcrumb\":{\"@id\":\"https:\/\/tkg-duisburg.de\/?p=6019#breadcrumb\"},\"inLanguage\":\"de\",\"potentialAction\":[{\"@type\":\"ReadAction\",\"target\":[\"https:\/\/tkg-duisburg.de\/?p=6019\"]}]},{\"@type\":\"ImageObject\",\"inLanguage\":\"de\",\"@id\":\"https:\/\/tkg-duisburg.de\/?p=6019#primaryimage\",\"url\":\"https:\/\/tkg-duisburg.de\/wp-content\/uploads\/2020\/11\/D5C1C91D-97F1-4177-9291-63B082BFCB1A.jpeg\",\"contentUrl\":\"https:\/\/tkg-duisburg.de\/wp-content\/uploads\/2020\/11\/D5C1C91D-97F1-4177-9291-63B082BFCB1A.jpeg\",\"width\":1332,\"height\":786},{\"@type\":\"BreadcrumbList\",\"@id\":\"https:\/\/tkg-duisburg.de\/?p=6019#breadcrumb\",\"itemListElement\":[{\"@type\":\"ListItem\",\"position\":1,\"name\":\"Startseite\",\"item\":\"https:\/\/tkg-duisburg.de\/\"},{\"@type\":\"ListItem\",\"position\":2,\"name\":\"\u201eRuhrTalente treffen die Schulministerin\u201c: Gespr\u00e4chsrunde mit NRW-Schulministerin Yvonne Gebauer (Ali Adig\u00fczel, Q 2)\"}]},{\"@type\":\"WebSite\",\"@id\":\"https:\/\/tkg-duisburg.de\/#website\",\"url\":\"https:\/\/tkg-duisburg.de\/\",\"name\":\"Theodor K\u00f6nig Gesamtschule Duisburg\",\"description\":\"\",\"potentialAction\":[{\"@type\":\"SearchAction\",\"target\":{\"@type\":\"EntryPoint\",\"urlTemplate\":\"https:\/\/tkg-duisburg.de\/?s={search_term_string}\"},\"query-input\":\"required name=search_term_string\"}],\"inLanguage\":\"de\"},{\"@type\":\"Person\",\"@id\":\"https:\/\/tkg-duisburg.de\/#\/schema\/person\/5a5b174492de297d4b57e9a3d89564ee\",\"name\":\"Bj\u00f6rn Becker\",\"image\":{\"@type\":\"ImageObject\",\"inLanguage\":\"de\",\"@id\":\"https:\/\/tkg-duisburg.de\/#\/schema\/person\/image\/\",\"url\":\"https:\/\/secure.gravatar.com\/avatar\/c7690b9f448fdd19e7a021d2d0201faa0dc70513a48fc7103388e3231c3056a4?s=96&d=mm&r=g\",\"contentUrl\":\"https:\/\/secure.gravatar.com\/avatar\/c7690b9f448fdd19e7a021d2d0201faa0dc70513a48fc7103388e3231c3056a4?s=96&d=mm&r=g\",\"caption\":\"Bj\u00f6rn Becker\"},\"url\":\"https:\/\/tkg-duisburg.de\/?author=5\"}]}<\/script>\n<!-- \/ Yoast SEO plugin. -->","yoast_head_json":{"title":"\u201eRuhrTalente treffen die Schulministerin\u201c: Gespr\u00e4chsrunde mit NRW-Schulministerin Yvonne Gebauer (Ali Adig\u00fczel, Q 2) - Theodor K\u00f6nig Gesamtschule Duisburg","robots":{"index":"index","follow":"follow","max-snippet":"max-snippet:-1","max-image-preview":"max-image-preview:large","max-video-preview":"max-video-preview:-1"},"canonical":"https:\/\/tkg-duisburg.de\/?p=6019","og_locale":"de_DE","og_type":"article","og_title":"\u201eRuhrTalente treffen die Schulministerin\u201c: Gespr\u00e4chsrunde mit NRW-Schulministerin Yvonne Gebauer (Ali Adig\u00fczel, Q 2) - Theodor K\u00f6nig Gesamtschule Duisburg","og_description":"Am Mittwochabend, 19.08.2020 hatten rund 35 RuhrTalente die einmalige Gelegenheit, sich fast zwei Stunden lang intensiv mit der Schulministerin der Landes NRW, Yvonne Gebauer, auszutauschen. Von unserer Schule mit dabei war Ali Adig\u00fczel aus der Jahrgangsstufe Q2.Es wurden Themen diskutiert wie Chancengerechtigkeit, Mitbestimmungsm\u00f6glichkeiten in der Schule, die Digitalisierung von Schulen und die Herausforderungen, mit denen &hellip; \u201eRuhrTalente treffen die Schulministerin\u201c: Gespr\u00e4chsrunde mit NRW-Schulministerin Yvonne Gebauer (Ali Adig\u00fczel, Q 2) weiterlesen &rarr;","og_url":"https:\/\/tkg-duisburg.de\/?p=6019","og_site_name":"Theodor K\u00f6nig Gesamtschule Duisburg","article_published_time":"2020-11-14T15:53:28+00:00","article_modified_time":"2020-11-14T16:11:01+00:00","og_image":[{"url":"https:\/\/tkg-duisburg.de\/wp-content\/uploads\/2020\/11\/D5C1C91D-97F1-4177-9291-63B082BFCB1A.jpeg"}],"author":"Bj\u00f6rn Becker","twitter_card":"summary_large_image","twitter_misc":{"Verfasst von":"Bj\u00f6rn Becker","Gesch\u00e4tzte Lesezeit":"1\u00a0Minute"},"schema":{"@context":"https:\/\/schema.org","@graph":[{"@type":"WebPage","@id":"https:\/\/tkg-duisburg.de\/?p=6019","url":"https:\/\/tkg-duisburg.de\/?p=6019","name":"\u201eRuhrTalente treffen die Schulministerin\u201c: Gespr\u00e4chsrunde mit NRW-Schulministerin Yvonne Gebauer (Ali Adig\u00fczel, Q 2) - Theodor K\u00f6nig Gesamtschule Duisburg","isPartOf":{"@id":"https:\/\/tkg-duisburg.de\/#website"},"primaryImageOfPage":{"@id":"https:\/\/tkg-duisburg.de\/?p=6019#primaryimage"},"image":{"@id":"https:\/\/tkg-duisburg.de\/?p=6019#primaryimage"},"thumbnailUrl":"https:\/\/tkg-duisburg.de\/wp-content\/uploads\/2020\/11\/D5C1C91D-97F1-4177-9291-63B082BFCB1A.jpeg","datePublished":"2020-11-14T15:53:28+00:00","dateModified":"2020-11-14T16:11:01+00:00","author":{"@id":"https:\/\/tkg-duisburg.de\/#\/schema\/person\/5a5b174492de297d4b57e9a3d89564ee"},"breadcrumb":{"@id":"https:\/\/tkg-duisburg.de\/?p=6019#breadcrumb"},"inLanguage":"de","potentialAction":[{"@type":"ReadAction","target":["https:\/\/tkg-duisburg.de\/?p=6019"]}]},{"@type":"ImageObject","inLanguage":"de","@id":"https:\/\/tkg-duisburg.de\/?p=6019#primaryimage","url":"https:\/\/tkg-duisburg.de\/wp-content\/uploads\/2020\/11\/D5C1C91D-97F1-4177-9291-63B082BFCB1A.jpeg","contentUrl":"https:\/\/tkg-duisburg.de\/wp-content\/uploads\/2020\/11\/D5C1C91D-97F1-4177-9291-63B082BFCB1A.jpeg","width":1332,"height":786},{"@type":"BreadcrumbList","@id":"https:\/\/tkg-duisburg.de\/?p=6019#breadcrumb","itemListElement":[{"@type":"ListItem","position":1,"name":"Startseite","item":"https:\/\/tkg-duisburg.de\/"},{"@type":"ListItem","position":2,"name":"\u201eRuhrTalente treffen die Schulministerin\u201c: Gespr\u00e4chsrunde mit NRW-Schulministerin Yvonne Gebauer (Ali Adig\u00fczel, Q 2)"}]},{"@type":"WebSite","@id":"https:\/\/tkg-duisburg.de\/#website","url":"https:\/\/tkg-duisburg.de\/","name":"Theodor K\u00f6nig Gesamtschule Duisburg","description":"","potentialAction":[{"@type":"SearchAction","target":{"@type":"EntryPoint","urlTemplate":"https:\/\/tkg-duisburg.de\/?s={search_term_string}"},"query-input":"required name=search_term_string"}],"inLanguage":"de"},{"@type":"Person","@id":"https:\/\/tkg-duisburg.de\/#\/schema\/person\/5a5b174492de297d4b57e9a3d89564ee","name":"Bj\u00f6rn Becker","image":{"@type":"ImageObject","inLanguage":"de","@id":"https:\/\/tkg-duisburg.de\/#\/schema\/person\/image\/","url":"https:\/\/secure.gravatar.com\/avatar\/c7690b9f448fdd19e7a021d2d0201faa0dc70513a48fc7103388e3231c3056a4?s=96&d=mm&r=g","contentUrl":"https:\/\/secure.gravatar.com\/avatar\/c7690b9f448fdd19e7a021d2d0201faa0dc70513a48fc7103388e3231c3056a4?s=96&d=mm&r=g","caption":"Bj\u00f6rn Becker"},"url":"https:\/\/tkg-duisburg.de\/?author=5"}]}},"_links":{"self":[{"href":"https:\/\/tkg-duisburg.de\/index.php?rest_route=\/wp\/v2\/posts\/6019","targetHints":{"allow":["GET"]}}],"collection":[{"href":"https:\/\/tkg-duisburg.de\/index.php?rest_route=\/wp\/v2\/posts"}],"about":[{"href":"https:\/\/tkg-duisburg.de\/index.php?rest_route=\/wp\/v2\/types\/post"}],"author":[{"embeddable":true,"href":"https:\/\/tkg-duisburg.de\/index.php?rest_route=\/wp\/v2\/users\/5"}],"replies":[{"embeddable":true,"href":"https:\/\/tkg-duisburg.de\/index.php?rest_route=%2Fwp%2Fv2%2Fcomments&post=6019"}],"version-history":[{"count":4,"href":"https:\/\/tkg-duisburg.de\/index.php?rest_route=\/wp\/v2\/posts\/6019\/revisions"}],"predecessor-version":[{"id":6024,"href":"https:\/\/tkg-duisburg.de\/index.php?rest_route=\/wp\/v2\/posts\/6019\/revisions\/6024"}],"wp:attachment":[{"href":"https:\/\/tkg-duisburg.de\/index.php?rest_route=%2Fwp%2Fv2%2Fmedia&parent=6019"}],"wp:term":[{"taxonomy":"category","embeddable":true,"href":"https:\/\/tkg-duisburg.de\/index.php?rest_route=%2Fwp%2Fv2%2Fcategories&post=6019"},{"taxonomy":"post_tag","embeddable":true,"href":"https:\/\/tkg-duisburg.de\/index.php?rest_route=%2Fwp%2Fv2%2Ftags&post=6019"}],"curies":[{"name":"wp","href":"https:\/\/api.w.org\/{rel}","templated":true}]}}