{"id":6294,"date":"2021-04-16T14:31:09","date_gmt":"2021-04-16T12:31:09","guid":{"rendered":"http:\/\/tkg-duisburg.de\/?p=6294"},"modified":"2021-04-16T14:31:32","modified_gmt":"2021-04-16T12:31:32","slug":"cabisino-21-brief-der-q2-an-die-schulgemeinschaft","status":"publish","type":"post","link":"https:\/\/tkg-duisburg.de\/?p=6294","title":{"rendered":"cABIsino 21 &#8211; Brief der Q2 an die Schulgemeinschaft"},"content":{"rendered":"\n<p>Liebe Schulgemeinschaft,<\/p>\n\n\n\n<p>Wir, der Abiturjahrgang 2021, sind gerade dabei, uns auf unsere Abiturpr\u00fcfungen vorzubereiten. Das wird eine Herausforderung, aber wir werden unser Bestes geben, genau wie ihr in Zukunft euer Bestes geben m\u00fcsst!<\/p>\n\n\n\n<div class=\"wp-block-image\"><figure class=\"aligncenter size-large is-resized\"><img loading=\"lazy\" decoding=\"async\" src=\"https:\/\/tkg-duisburg.de\/wp-content\/uploads\/2021\/04\/Logo-Abi-2021-mit-Schwarzem-Hintergrund-page-001-1024x576.jpg\" alt=\"\" class=\"wp-image-6296\" width=\"582\" height=\"327\" srcset=\"https:\/\/tkg-duisburg.de\/wp-content\/uploads\/2021\/04\/Logo-Abi-2021-mit-Schwarzem-Hintergrund-page-001-1024x576.jpg 1024w, https:\/\/tkg-duisburg.de\/wp-content\/uploads\/2021\/04\/Logo-Abi-2021-mit-Schwarzem-Hintergrund-page-001-300x169.jpg 300w, https:\/\/tkg-duisburg.de\/wp-content\/uploads\/2021\/04\/Logo-Abi-2021-mit-Schwarzem-Hintergrund-page-001-1536x864.jpg 1536w, https:\/\/tkg-duisburg.de\/wp-content\/uploads\/2021\/04\/Logo-Abi-2021-mit-Schwarzem-Hintergrund-page-001-2048x1152.jpg 2048w\" sizes=\"auto, (max-width: 582px) 100vw, 582px\" \/><\/figure><\/div>\n\n\n\n<!--more-->\n\n\n\n<p>Eigentlich sollten wir feiern k\u00f6nnen, miteinander tanzen k\u00f6nnen und gute Laune verbreiten d\u00fcrfen, aber leider macht uns Corona einen Strich durch die Rechnung. Durch die Pandemie sind wir sehr stark eingeschr\u00e4nkt und k\u00f6nnen nicht an allen Standorten unsere gute Stimmung verbreiten. Dennoch wollen wir, dass alle etwas von unserem Abitur mitbekommen und haben deshalb diesen Brief geschrieben.&nbsp;<\/p>\n\n\n\n<p>Kennt man eigentlich unser Motto? Es lautet: cABIsino 2021 &#8211; 13 pokern f\u00fcr den Jackpot! Warum wir dieses Motto gew\u00e4hlt haben? Weil wir alle mindestens 13 Jahre Schule hatten. Wir kamen jeden Tag, die Schule hat uns quasi \u201es\u00fcchtig\u201c gemacht, vor allem weil wir unsere Freunde t\u00e4glich gesehen und gemeinsam gelernt haben und mit Gl\u00fcck, genau wie beim Gl\u00fccksspiel, sind wir (fast) alle durchgekommen. Somit ist das Abitur unser pers\u00f6nlicher Jackpot.&nbsp;<\/p>\n\n\n\n<p>Auch wenn die Bedingungen dieses Jahr anders oder schwieriger sind, wollten wir euch ein kleines Andenken bzw. eine \u00dcberraschung hinterlassen, damit alle an uns denken, so wie wir gerade an alle denken.<\/p>\n\n\n\n<p>Wir w\u00fcnschen den n\u00e4chsten Jahrg\u00e4ngen bessere Bedingungen f\u00fcr ihren Abschluss, egal ob mit oder ohne Abitur, und hoffen, dass es bei ihnen ohne Einschr\u00e4nkungen ablaufen wird.<\/p>\n\n\n\n<p>Zum Schluss w\u00fcnschen wir allen f\u00fcr ihre Zukunft das Allerbeste. In der Hoffnung, dass alle gesund bleiben und auf sich sowie andere aufpassen,<\/p>\n\n\n\n<p>Der Abiturjahrgang 2021<\/p>\n","protected":false},"excerpt":{"rendered":"<p>Liebe Schulgemeinschaft, Wir, der Abiturjahrgang 2021, sind gerade dabei, uns auf unsere Abiturpr\u00fcfungen vorzubereiten. Das wird eine Herausforderung, aber wir werden unser Bestes geben, genau wie ihr in Zukunft euer Bestes geben m\u00fcsst!<\/p>\n","protected":false},"author":5,"featured_media":0,"comment_status":"closed","ping_status":"open","sticky":false,"template":"","format":"standard","meta":{"footnotes":""},"categories":[15,30],"tags":[],"class_list":["post-6294","post","type-post","status-publish","format-standard","hentry","category-abitur","category-qii"],"yoast_head":"<!-- This site is optimized with the Yoast SEO plugin v22.6 - https:\/\/yoast.com\/wordpress\/plugins\/seo\/ -->\n<title>cABIsino 21 - Brief der Q2 an die Schulgemeinschaft - Theodor K\u00f6nig Gesamtschule Duisburg<\/title>\n<meta name=\"robots\" content=\"index, follow, max-snippet:-1, max-image-preview:large, max-video-preview:-1\" \/>\n<link rel=\"canonical\" href=\"https:\/\/tkg-duisburg.de\/?p=6294\" \/>\n<meta property=\"og:locale\" content=\"de_DE\" \/>\n<meta property=\"og:type\" content=\"article\" \/>\n<meta property=\"og:title\" content=\"cABIsino 21 - Brief der Q2 an die Schulgemeinschaft - Theodor K\u00f6nig Gesamtschule Duisburg\" \/>\n<meta property=\"og:description\" content=\"Liebe Schulgemeinschaft, Wir, der Abiturjahrgang 2021, sind gerade dabei, uns auf unsere Abiturpr\u00fcfungen vorzubereiten. Das wird eine Herausforderung, aber wir werden unser Bestes geben, genau wie ihr in Zukunft euer Bestes geben m\u00fcsst!\" \/>\n<meta property=\"og:url\" content=\"https:\/\/tkg-duisburg.de\/?p=6294\" \/>\n<meta property=\"og:site_name\" content=\"Theodor K\u00f6nig Gesamtschule Duisburg\" \/>\n<meta property=\"article:published_time\" content=\"2021-04-16T12:31:09+00:00\" \/>\n<meta property=\"article:modified_time\" content=\"2021-04-16T12:31:32+00:00\" \/>\n<meta property=\"og:image\" content=\"https:\/\/tkg-duisburg.de\/wp-content\/uploads\/2021\/04\/Logo-Abi-2021-mit-Schwarzem-Hintergrund-page-001-1024x576.jpg\" \/>\n<meta name=\"author\" content=\"Bj\u00f6rn Becker\" \/>\n<meta name=\"twitter:card\" content=\"summary_large_image\" \/>\n<meta name=\"twitter:label1\" content=\"Verfasst von\" \/>\n\t<meta name=\"twitter:data1\" content=\"Bj\u00f6rn Becker\" \/>\n\t<meta name=\"twitter:label2\" content=\"Gesch\u00e4tzte Lesezeit\" \/>\n\t<meta name=\"twitter:data2\" content=\"1\u00a0Minute\" \/>\n<script type=\"application\/ld+json\" class=\"yoast-schema-graph\">{\"@context\":\"https:\/\/schema.org\",\"@graph\":[{\"@type\":\"WebPage\",\"@id\":\"https:\/\/tkg-duisburg.de\/?p=6294\",\"url\":\"https:\/\/tkg-duisburg.de\/?p=6294\",\"name\":\"cABIsino 21 - Brief der Q2 an die Schulgemeinschaft - Theodor K\u00f6nig Gesamtschule Duisburg\",\"isPartOf\":{\"@id\":\"https:\/\/tkg-duisburg.de\/#website\"},\"primaryImageOfPage\":{\"@id\":\"https:\/\/tkg-duisburg.de\/?p=6294#primaryimage\"},\"image\":{\"@id\":\"https:\/\/tkg-duisburg.de\/?p=6294#primaryimage\"},\"thumbnailUrl\":\"https:\/\/tkg-duisburg.de\/wp-content\/uploads\/2021\/04\/Logo-Abi-2021-mit-Schwarzem-Hintergrund-page-001-1024x576.jpg\",\"datePublished\":\"2021-04-16T12:31:09+00:00\",\"dateModified\":\"2021-04-16T12:31:32+00:00\",\"author\":{\"@id\":\"https:\/\/tkg-duisburg.de\/#\/schema\/person\/5a5b174492de297d4b57e9a3d89564ee\"},\"breadcrumb\":{\"@id\":\"https:\/\/tkg-duisburg.de\/?p=6294#breadcrumb\"},\"inLanguage\":\"de\",\"potentialAction\":[{\"@type\":\"ReadAction\",\"target\":[\"https:\/\/tkg-duisburg.de\/?p=6294\"]}]},{\"@type\":\"ImageObject\",\"inLanguage\":\"de\",\"@id\":\"https:\/\/tkg-duisburg.de\/?p=6294#primaryimage\",\"url\":\"https:\/\/tkg-duisburg.de\/wp-content\/uploads\/2021\/04\/Logo-Abi-2021-mit-Schwarzem-Hintergrund-page-001-scaled.jpg\",\"contentUrl\":\"https:\/\/tkg-duisburg.de\/wp-content\/uploads\/2021\/04\/Logo-Abi-2021-mit-Schwarzem-Hintergrund-page-001-scaled.jpg\",\"width\":2560,\"height\":1440},{\"@type\":\"BreadcrumbList\",\"@id\":\"https:\/\/tkg-duisburg.de\/?p=6294#breadcrumb\",\"itemListElement\":[{\"@type\":\"ListItem\",\"position\":1,\"name\":\"Startseite\",\"item\":\"https:\/\/tkg-duisburg.de\/\"},{\"@type\":\"ListItem\",\"position\":2,\"name\":\"cABIsino 21 &#8211; Brief der Q2 an die Schulgemeinschaft\"}]},{\"@type\":\"WebSite\",\"@id\":\"https:\/\/tkg-duisburg.de\/#website\",\"url\":\"https:\/\/tkg-duisburg.de\/\",\"name\":\"Theodor K\u00f6nig Gesamtschule Duisburg\",\"description\":\"\",\"potentialAction\":[{\"@type\":\"SearchAction\",\"target\":{\"@type\":\"EntryPoint\",\"urlTemplate\":\"https:\/\/tkg-duisburg.de\/?s={search_term_string}\"},\"query-input\":\"required name=search_term_string\"}],\"inLanguage\":\"de\"},{\"@type\":\"Person\",\"@id\":\"https:\/\/tkg-duisburg.de\/#\/schema\/person\/5a5b174492de297d4b57e9a3d89564ee\",\"name\":\"Bj\u00f6rn Becker\",\"image\":{\"@type\":\"ImageObject\",\"inLanguage\":\"de\",\"@id\":\"https:\/\/tkg-duisburg.de\/#\/schema\/person\/image\/\",\"url\":\"https:\/\/secure.gravatar.com\/avatar\/c7690b9f448fdd19e7a021d2d0201faa0dc70513a48fc7103388e3231c3056a4?s=96&d=mm&r=g\",\"contentUrl\":\"https:\/\/secure.gravatar.com\/avatar\/c7690b9f448fdd19e7a021d2d0201faa0dc70513a48fc7103388e3231c3056a4?s=96&d=mm&r=g\",\"caption\":\"Bj\u00f6rn Becker\"},\"url\":\"https:\/\/tkg-duisburg.de\/?author=5\"}]}<\/script>\n<!-- \/ Yoast SEO plugin. -->","yoast_head_json":{"title":"cABIsino 21 - Brief der Q2 an die Schulgemeinschaft - Theodor K\u00f6nig Gesamtschule Duisburg","robots":{"index":"index","follow":"follow","max-snippet":"max-snippet:-1","max-image-preview":"max-image-preview:large","max-video-preview":"max-video-preview:-1"},"canonical":"https:\/\/tkg-duisburg.de\/?p=6294","og_locale":"de_DE","og_type":"article","og_title":"cABIsino 21 - Brief der Q2 an die Schulgemeinschaft - Theodor K\u00f6nig Gesamtschule Duisburg","og_description":"Liebe Schulgemeinschaft, Wir, der Abiturjahrgang 2021, sind gerade dabei, uns auf unsere Abiturpr\u00fcfungen vorzubereiten. Das wird eine Herausforderung, aber wir werden unser Bestes geben, genau wie ihr in Zukunft euer Bestes geben m\u00fcsst!","og_url":"https:\/\/tkg-duisburg.de\/?p=6294","og_site_name":"Theodor K\u00f6nig Gesamtschule Duisburg","article_published_time":"2021-04-16T12:31:09+00:00","article_modified_time":"2021-04-16T12:31:32+00:00","og_image":[{"url":"https:\/\/tkg-duisburg.de\/wp-content\/uploads\/2021\/04\/Logo-Abi-2021-mit-Schwarzem-Hintergrund-page-001-1024x576.jpg"}],"author":"Bj\u00f6rn Becker","twitter_card":"summary_large_image","twitter_misc":{"Verfasst von":"Bj\u00f6rn Becker","Gesch\u00e4tzte Lesezeit":"1\u00a0Minute"},"schema":{"@context":"https:\/\/schema.org","@graph":[{"@type":"WebPage","@id":"https:\/\/tkg-duisburg.de\/?p=6294","url":"https:\/\/tkg-duisburg.de\/?p=6294","name":"cABIsino 21 - Brief der Q2 an die Schulgemeinschaft - Theodor K\u00f6nig Gesamtschule Duisburg","isPartOf":{"@id":"https:\/\/tkg-duisburg.de\/#website"},"primaryImageOfPage":{"@id":"https:\/\/tkg-duisburg.de\/?p=6294#primaryimage"},"image":{"@id":"https:\/\/tkg-duisburg.de\/?p=6294#primaryimage"},"thumbnailUrl":"https:\/\/tkg-duisburg.de\/wp-content\/uploads\/2021\/04\/Logo-Abi-2021-mit-Schwarzem-Hintergrund-page-001-1024x576.jpg","datePublished":"2021-04-16T12:31:09+00:00","dateModified":"2021-04-16T12:31:32+00:00","author":{"@id":"https:\/\/tkg-duisburg.de\/#\/schema\/person\/5a5b174492de297d4b57e9a3d89564ee"},"breadcrumb":{"@id":"https:\/\/tkg-duisburg.de\/?p=6294#breadcrumb"},"inLanguage":"de","potentialAction":[{"@type":"ReadAction","target":["https:\/\/tkg-duisburg.de\/?p=6294"]}]},{"@type":"ImageObject","inLanguage":"de","@id":"https:\/\/tkg-duisburg.de\/?p=6294#primaryimage","url":"https:\/\/tkg-duisburg.de\/wp-content\/uploads\/2021\/04\/Logo-Abi-2021-mit-Schwarzem-Hintergrund-page-001-scaled.jpg","contentUrl":"https:\/\/tkg-duisburg.de\/wp-content\/uploads\/2021\/04\/Logo-Abi-2021-mit-Schwarzem-Hintergrund-page-001-scaled.jpg","width":2560,"height":1440},{"@type":"BreadcrumbList","@id":"https:\/\/tkg-duisburg.de\/?p=6294#breadcrumb","itemListElement":[{"@type":"ListItem","position":1,"name":"Startseite","item":"https:\/\/tkg-duisburg.de\/"},{"@type":"ListItem","position":2,"name":"cABIsino 21 &#8211; Brief der Q2 an die Schulgemeinschaft"}]},{"@type":"WebSite","@id":"https:\/\/tkg-duisburg.de\/#website","url":"https:\/\/tkg-duisburg.de\/","name":"Theodor K\u00f6nig Gesamtschule Duisburg","description":"","potentialAction":[{"@type":"SearchAction","target":{"@type":"EntryPoint","urlTemplate":"https:\/\/tkg-duisburg.de\/?s={search_term_string}"},"query-input":"required name=search_term_string"}],"inLanguage":"de"},{"@type":"Person","@id":"https:\/\/tkg-duisburg.de\/#\/schema\/person\/5a5b174492de297d4b57e9a3d89564ee","name":"Bj\u00f6rn Becker","image":{"@type":"ImageObject","inLanguage":"de","@id":"https:\/\/tkg-duisburg.de\/#\/schema\/person\/image\/","url":"https:\/\/secure.gravatar.com\/avatar\/c7690b9f448fdd19e7a021d2d0201faa0dc70513a48fc7103388e3231c3056a4?s=96&d=mm&r=g","contentUrl":"https:\/\/secure.gravatar.com\/avatar\/c7690b9f448fdd19e7a021d2d0201faa0dc70513a48fc7103388e3231c3056a4?s=96&d=mm&r=g","caption":"Bj\u00f6rn Becker"},"url":"https:\/\/tkg-duisburg.de\/?author=5"}]}},"_links":{"self":[{"href":"https:\/\/tkg-duisburg.de\/index.php?rest_route=\/wp\/v2\/posts\/6294","targetHints":{"allow":["GET"]}}],"collection":[{"href":"https:\/\/tkg-duisburg.de\/index.php?rest_route=\/wp\/v2\/posts"}],"about":[{"href":"https:\/\/tkg-duisburg.de\/index.php?rest_route=\/wp\/v2\/types\/post"}],"author":[{"embeddable":true,"href":"https:\/\/tkg-duisburg.de\/index.php?rest_route=\/wp\/v2\/users\/5"}],"replies":[{"embeddable":true,"href":"https:\/\/tkg-duisburg.de\/index.php?rest_route=%2Fwp%2Fv2%2Fcomments&post=6294"}],"version-history":[{"count":2,"href":"https:\/\/tkg-duisburg.de\/index.php?rest_route=\/wp\/v2\/posts\/6294\/revisions"}],"predecessor-version":[{"id":6298,"href":"https:\/\/tkg-duisburg.de\/index.php?rest_route=\/wp\/v2\/posts\/6294\/revisions\/6298"}],"wp:attachment":[{"href":"https:\/\/tkg-duisburg.de\/index.php?rest_route=%2Fwp%2Fv2%2Fmedia&parent=6294"}],"wp:term":[{"taxonomy":"category","embeddable":true,"href":"https:\/\/tkg-duisburg.de\/index.php?rest_route=%2Fwp%2Fv2%2Fcategories&post=6294"},{"taxonomy":"post_tag","embeddable":true,"href":"https:\/\/tkg-duisburg.de\/index.php?rest_route=%2Fwp%2Fv2%2Ftags&post=6294"}],"curies":[{"name":"wp","href":"https:\/\/api.w.org\/{rel}","templated":true}]}}