{"id":6442,"date":"2021-09-06T21:20:37","date_gmt":"2021-09-06T19:20:37","guid":{"rendered":"http:\/\/tkg-duisburg.de\/?p=6442"},"modified":"2021-09-06T21:20:37","modified_gmt":"2021-09-06T19:20:37","slug":"ruhrtalent-steckbrief","status":"publish","type":"post","link":"https:\/\/tkg-duisburg.de\/?p=6442","title":{"rendered":"Ruhrtalent &#8211; Steckbrief"},"content":{"rendered":"\n<p><strong>Name: <\/strong>Mahlet Asnakc Suhr\u00a0<\/p>\n\n\n\n<p><strong>RuhrTalent seit <\/strong>Anfang August 2020\u00a0<\/p>\n\n\n\n<div class=\"wp-block-image\"><figure class=\"alignright size-full\"><img decoding=\"async\" src=\"https:\/\/tkg-duisburg.de\/wp-content\/uploads\/2021\/09\/image-1.png\" alt=\"\" class=\"wp-image-6443\" width=\"NaN\" height=\"NaN\" srcset=\"https:\/\/tkg-duisburg.de\/wp-content\/uploads\/2021\/09\/image-1.png 279w, https:\/\/tkg-duisburg.de\/wp-content\/uploads\/2021\/09\/image-1-224x300.png 224w, https:\/\/tkg-duisburg.de\/wp-content\/uploads\/2021\/09\/image-1-150x200.png 150w\" sizes=\"(max-width: 279px) 100vw, 279px\" \/><\/figure><\/div>\n\n\n\n<p><strong>bisher besuchte Veranstaltungen:&nbsp;<\/strong><\/p>\n\n\n\n<p>Bundesumweltministerin Svenja Schulze, \u201eMeet the Professional-Polizei mit Yvonne Shirazi-Adl, Motivationsseminar mit Holger Sch\u00f6nenberg, Zeig Dich &#8211; Workshop&nbsp;<\/p>\n\n\n\n<p><strong>Was ich f\u00fcr mich bisher aus den Veranstaltungen mitgenommen habe und \/ oder wobei mir die Teilnahme bisher geholfen hat\u2026&nbsp;<\/strong><\/p>\n\n\n\n<p>Motivierte Sch\u00fcler*innen kennenlernen, ist etwas, was man beim Stipendium auf jeden Fall Fall erlebt. Au\u00dferdem wurde ich durch verschiedene Hilfeleistungen, die ich davor nicht hatte z.B. Schokoticket oder Labtop, unterst\u00fctzt.&nbsp;<\/p>\n\n\n\n<p><strong>Diese Workshops haben mir vor allem gezeigt, <\/strong>dass man auf verschiedenen Wegen Erfolg haben oder seine Ziele erreichen kann. Man sollte niemals aufgeben und gro\u00dfe Ziele haben, weil man mit harter Arbeit alles erreichen kann, was man will.&nbsp;<\/p>\n\n\n\n<p><strong>Du willst RuhrTalent werden, dann solltest du folgendes mitbringen:&nbsp;<\/strong><\/p>\n\n\n\n<p>Offenheit, um neue Dinge auszuprobieren und neue Leute kennenzulernen. Du solltest dich auf verschiedene \u201eProjekte\u201c und das \u201edazu lernen\u201c in deinem Lieblingsgebiet freuen oder das Entdecken neuer Interessen.&nbsp;<\/p>\n\n\n\n<p><strong>RuhrTalent zu sein ist cool, weil&nbsp;<\/strong><\/p>\n\n\n\n<p>Es ist einfach nice. Ist c:&nbsp;<\/p>\n\n\n\n<p><strong>Was ich noch zum Stipendienprogramm RuhrTalente sagen m\u00f6chte:&nbsp;<\/strong><\/p>\n\n\n\n<p>Es ist wirklich eine Chance, also lasst sie euch nicht entgehen. Vor allem f\u00fcr motovierte Sch\u00fcler*innen, denn das Team der RuhrTalente ist so freundlich und hilfsbereit. Also versucht Teil des Teams zu werden und bewerbt euch.&nbsp;<\/p>\n\n\n\n<p class=\"has-text-align-center\">Du m\u00f6chtest RuhrTalent werden?&nbsp;<\/p>\n\n\n\n<p class=\"has-text-align-center\">Sprich unsere Abteilungsleiterin Oberstufe Frau Hiller-Kitzmann&nbsp;<\/p>\n\n\n\n<p class=\"has-text-align-center\">(B\u00fcro B 106) an oder schreibe ihr eine Mail&nbsp;<\/p>\n\n\n\n<p class=\"has-text-align-center\">(cordula.hiller-kitzmann@tkg-duisburg.nrw.schule).\u00a0<\/p>\n\n\n\n<div class=\"wp-block-image\"><figure class=\"alignright size-full is-resized\"><img loading=\"lazy\" decoding=\"async\" src=\"https:\/\/tkg-duisburg.de\/wp-content\/uploads\/2021\/09\/image-3.png\" alt=\"\" class=\"wp-image-6445\" width=\"331\" height=\"269\"\/><\/figure><\/div>\n\n\n\n<figure class=\"wp-block-image size-large is-resized\"><img loading=\"lazy\" decoding=\"async\" src=\"https:\/\/tkg-duisburg.de\/wp-content\/uploads\/2021\/09\/image-2.png\" alt=\"\" class=\"wp-image-6444\" width=\"300\" height=\"95\"\/><\/figure>\n","protected":false},"excerpt":{"rendered":"<p>Name: Mahlet Asnakc Suhr\u00a0 RuhrTalent seit Anfang August 2020\u00a0 bisher besuchte Veranstaltungen:&nbsp; Bundesumweltministerin Svenja Schulze, \u201eMeet the Professional-Polizei mit Yvonne Shirazi-Adl, Motivationsseminar mit Holger Sch\u00f6nenberg, Zeig Dich &#8211; Workshop&nbsp; Was ich f\u00fcr mich bisher aus den Veranstaltungen mitgenommen habe und \/ oder wobei mir die Teilnahme bisher geholfen hat\u2026&nbsp; Motivierte Sch\u00fcler*innen kennenlernen, ist etwas, was &hellip; <a href=\"https:\/\/tkg-duisburg.de\/?p=6442\" class=\"more-link\"><span class=\"screen-reader-text\">Ruhrtalent &#8211; Steckbrief<\/span> weiterlesen <span class=\"meta-nav\">&rarr;<\/span><\/a><\/p>\n","protected":false},"author":5,"featured_media":0,"comment_status":"closed","ping_status":"open","sticky":false,"template":"","format":"standard","meta":{"footnotes":""},"categories":[31,48,37,57],"tags":[],"class_list":["post-6442","post","type-post","status-publish","format-standard","hentry","category-ausserschulisches-lernen","category-berufsvorbereitung","category-externe-kooperation","category-talentfoerderung"],"yoast_head":"<!-- This site is optimized with the Yoast SEO plugin v22.6 - https:\/\/yoast.com\/wordpress\/plugins\/seo\/ -->\n<title>Ruhrtalent - Steckbrief - Theodor K\u00f6nig Gesamtschule Duisburg<\/title>\n<meta name=\"robots\" content=\"index, follow, max-snippet:-1, max-image-preview:large, max-video-preview:-1\" \/>\n<link rel=\"canonical\" href=\"https:\/\/tkg-duisburg.de\/?p=6442\" \/>\n<meta property=\"og:locale\" content=\"de_DE\" \/>\n<meta property=\"og:type\" content=\"article\" \/>\n<meta property=\"og:title\" content=\"Ruhrtalent - Steckbrief - Theodor K\u00f6nig Gesamtschule Duisburg\" \/>\n<meta property=\"og:description\" content=\"Name: Mahlet Asnakc Suhr\u00a0 RuhrTalent seit Anfang August 2020\u00a0 bisher besuchte Veranstaltungen:&nbsp; Bundesumweltministerin Svenja Schulze, \u201eMeet the Professional-Polizei mit Yvonne Shirazi-Adl, Motivationsseminar mit Holger Sch\u00f6nenberg, Zeig Dich &#8211; Workshop&nbsp; Was ich f\u00fcr mich bisher aus den Veranstaltungen mitgenommen habe und \/ oder wobei mir die Teilnahme bisher geholfen hat\u2026&nbsp; Motivierte Sch\u00fcler*innen kennenlernen, ist etwas, was &hellip; Ruhrtalent &#8211; Steckbrief weiterlesen &rarr;\" \/>\n<meta property=\"og:url\" content=\"https:\/\/tkg-duisburg.de\/?p=6442\" \/>\n<meta property=\"og:site_name\" content=\"Theodor K\u00f6nig Gesamtschule Duisburg\" \/>\n<meta property=\"article:published_time\" content=\"2021-09-06T19:20:37+00:00\" \/>\n<meta property=\"og:image\" content=\"https:\/\/tkg-duisburg.de\/wp-content\/uploads\/2021\/09\/image-1.png\" \/>\n<meta name=\"author\" content=\"Bj\u00f6rn Becker\" \/>\n<meta name=\"twitter:card\" content=\"summary_large_image\" \/>\n<meta name=\"twitter:label1\" content=\"Verfasst von\" \/>\n\t<meta name=\"twitter:data1\" content=\"Bj\u00f6rn Becker\" \/>\n\t<meta name=\"twitter:label2\" content=\"Gesch\u00e4tzte Lesezeit\" \/>\n\t<meta name=\"twitter:data2\" content=\"1\u00a0Minute\" \/>\n<script type=\"application\/ld+json\" class=\"yoast-schema-graph\">{\"@context\":\"https:\/\/schema.org\",\"@graph\":[{\"@type\":\"WebPage\",\"@id\":\"https:\/\/tkg-duisburg.de\/?p=6442\",\"url\":\"https:\/\/tkg-duisburg.de\/?p=6442\",\"name\":\"Ruhrtalent - Steckbrief - Theodor K\u00f6nig Gesamtschule Duisburg\",\"isPartOf\":{\"@id\":\"https:\/\/tkg-duisburg.de\/#website\"},\"primaryImageOfPage\":{\"@id\":\"https:\/\/tkg-duisburg.de\/?p=6442#primaryimage\"},\"image\":{\"@id\":\"https:\/\/tkg-duisburg.de\/?p=6442#primaryimage\"},\"thumbnailUrl\":\"https:\/\/tkg-duisburg.de\/wp-content\/uploads\/2021\/09\/image-1.png\",\"datePublished\":\"2021-09-06T19:20:37+00:00\",\"dateModified\":\"2021-09-06T19:20:37+00:00\",\"author\":{\"@id\":\"https:\/\/tkg-duisburg.de\/#\/schema\/person\/5a5b174492de297d4b57e9a3d89564ee\"},\"breadcrumb\":{\"@id\":\"https:\/\/tkg-duisburg.de\/?p=6442#breadcrumb\"},\"inLanguage\":\"de\",\"potentialAction\":[{\"@type\":\"ReadAction\",\"target\":[\"https:\/\/tkg-duisburg.de\/?p=6442\"]}]},{\"@type\":\"ImageObject\",\"inLanguage\":\"de\",\"@id\":\"https:\/\/tkg-duisburg.de\/?p=6442#primaryimage\",\"url\":\"https:\/\/tkg-duisburg.de\/wp-content\/uploads\/2021\/09\/image-1.png\",\"contentUrl\":\"https:\/\/tkg-duisburg.de\/wp-content\/uploads\/2021\/09\/image-1.png\",\"width\":279,\"height\":373},{\"@type\":\"BreadcrumbList\",\"@id\":\"https:\/\/tkg-duisburg.de\/?p=6442#breadcrumb\",\"itemListElement\":[{\"@type\":\"ListItem\",\"position\":1,\"name\":\"Startseite\",\"item\":\"https:\/\/tkg-duisburg.de\/\"},{\"@type\":\"ListItem\",\"position\":2,\"name\":\"Ruhrtalent &#8211; Steckbrief\"}]},{\"@type\":\"WebSite\",\"@id\":\"https:\/\/tkg-duisburg.de\/#website\",\"url\":\"https:\/\/tkg-duisburg.de\/\",\"name\":\"Theodor K\u00f6nig Gesamtschule Duisburg\",\"description\":\"\",\"potentialAction\":[{\"@type\":\"SearchAction\",\"target\":{\"@type\":\"EntryPoint\",\"urlTemplate\":\"https:\/\/tkg-duisburg.de\/?s={search_term_string}\"},\"query-input\":\"required name=search_term_string\"}],\"inLanguage\":\"de\"},{\"@type\":\"Person\",\"@id\":\"https:\/\/tkg-duisburg.de\/#\/schema\/person\/5a5b174492de297d4b57e9a3d89564ee\",\"name\":\"Bj\u00f6rn Becker\",\"image\":{\"@type\":\"ImageObject\",\"inLanguage\":\"de\",\"@id\":\"https:\/\/tkg-duisburg.de\/#\/schema\/person\/image\/\",\"url\":\"https:\/\/secure.gravatar.com\/avatar\/c7690b9f448fdd19e7a021d2d0201faa0dc70513a48fc7103388e3231c3056a4?s=96&d=mm&r=g\",\"contentUrl\":\"https:\/\/secure.gravatar.com\/avatar\/c7690b9f448fdd19e7a021d2d0201faa0dc70513a48fc7103388e3231c3056a4?s=96&d=mm&r=g\",\"caption\":\"Bj\u00f6rn Becker\"},\"url\":\"https:\/\/tkg-duisburg.de\/?author=5\"}]}<\/script>\n<!-- \/ Yoast SEO plugin. -->","yoast_head_json":{"title":"Ruhrtalent - Steckbrief - Theodor K\u00f6nig Gesamtschule Duisburg","robots":{"index":"index","follow":"follow","max-snippet":"max-snippet:-1","max-image-preview":"max-image-preview:large","max-video-preview":"max-video-preview:-1"},"canonical":"https:\/\/tkg-duisburg.de\/?p=6442","og_locale":"de_DE","og_type":"article","og_title":"Ruhrtalent - Steckbrief - Theodor K\u00f6nig Gesamtschule Duisburg","og_description":"Name: Mahlet Asnakc Suhr\u00a0 RuhrTalent seit Anfang August 2020\u00a0 bisher besuchte Veranstaltungen:&nbsp; Bundesumweltministerin Svenja Schulze, \u201eMeet the Professional-Polizei mit Yvonne Shirazi-Adl, Motivationsseminar mit Holger Sch\u00f6nenberg, Zeig Dich &#8211; Workshop&nbsp; Was ich f\u00fcr mich bisher aus den Veranstaltungen mitgenommen habe und \/ oder wobei mir die Teilnahme bisher geholfen hat\u2026&nbsp; Motivierte Sch\u00fcler*innen kennenlernen, ist etwas, was &hellip; Ruhrtalent &#8211; Steckbrief weiterlesen &rarr;","og_url":"https:\/\/tkg-duisburg.de\/?p=6442","og_site_name":"Theodor K\u00f6nig Gesamtschule Duisburg","article_published_time":"2021-09-06T19:20:37+00:00","og_image":[{"url":"https:\/\/tkg-duisburg.de\/wp-content\/uploads\/2021\/09\/image-1.png"}],"author":"Bj\u00f6rn Becker","twitter_card":"summary_large_image","twitter_misc":{"Verfasst von":"Bj\u00f6rn Becker","Gesch\u00e4tzte Lesezeit":"1\u00a0Minute"},"schema":{"@context":"https:\/\/schema.org","@graph":[{"@type":"WebPage","@id":"https:\/\/tkg-duisburg.de\/?p=6442","url":"https:\/\/tkg-duisburg.de\/?p=6442","name":"Ruhrtalent - Steckbrief - Theodor K\u00f6nig Gesamtschule Duisburg","isPartOf":{"@id":"https:\/\/tkg-duisburg.de\/#website"},"primaryImageOfPage":{"@id":"https:\/\/tkg-duisburg.de\/?p=6442#primaryimage"},"image":{"@id":"https:\/\/tkg-duisburg.de\/?p=6442#primaryimage"},"thumbnailUrl":"https:\/\/tkg-duisburg.de\/wp-content\/uploads\/2021\/09\/image-1.png","datePublished":"2021-09-06T19:20:37+00:00","dateModified":"2021-09-06T19:20:37+00:00","author":{"@id":"https:\/\/tkg-duisburg.de\/#\/schema\/person\/5a5b174492de297d4b57e9a3d89564ee"},"breadcrumb":{"@id":"https:\/\/tkg-duisburg.de\/?p=6442#breadcrumb"},"inLanguage":"de","potentialAction":[{"@type":"ReadAction","target":["https:\/\/tkg-duisburg.de\/?p=6442"]}]},{"@type":"ImageObject","inLanguage":"de","@id":"https:\/\/tkg-duisburg.de\/?p=6442#primaryimage","url":"https:\/\/tkg-duisburg.de\/wp-content\/uploads\/2021\/09\/image-1.png","contentUrl":"https:\/\/tkg-duisburg.de\/wp-content\/uploads\/2021\/09\/image-1.png","width":279,"height":373},{"@type":"BreadcrumbList","@id":"https:\/\/tkg-duisburg.de\/?p=6442#breadcrumb","itemListElement":[{"@type":"ListItem","position":1,"name":"Startseite","item":"https:\/\/tkg-duisburg.de\/"},{"@type":"ListItem","position":2,"name":"Ruhrtalent &#8211; Steckbrief"}]},{"@type":"WebSite","@id":"https:\/\/tkg-duisburg.de\/#website","url":"https:\/\/tkg-duisburg.de\/","name":"Theodor K\u00f6nig Gesamtschule Duisburg","description":"","potentialAction":[{"@type":"SearchAction","target":{"@type":"EntryPoint","urlTemplate":"https:\/\/tkg-duisburg.de\/?s={search_term_string}"},"query-input":"required name=search_term_string"}],"inLanguage":"de"},{"@type":"Person","@id":"https:\/\/tkg-duisburg.de\/#\/schema\/person\/5a5b174492de297d4b57e9a3d89564ee","name":"Bj\u00f6rn Becker","image":{"@type":"ImageObject","inLanguage":"de","@id":"https:\/\/tkg-duisburg.de\/#\/schema\/person\/image\/","url":"https:\/\/secure.gravatar.com\/avatar\/c7690b9f448fdd19e7a021d2d0201faa0dc70513a48fc7103388e3231c3056a4?s=96&d=mm&r=g","contentUrl":"https:\/\/secure.gravatar.com\/avatar\/c7690b9f448fdd19e7a021d2d0201faa0dc70513a48fc7103388e3231c3056a4?s=96&d=mm&r=g","caption":"Bj\u00f6rn Becker"},"url":"https:\/\/tkg-duisburg.de\/?author=5"}]}},"_links":{"self":[{"href":"https:\/\/tkg-duisburg.de\/index.php?rest_route=\/wp\/v2\/posts\/6442","targetHints":{"allow":["GET"]}}],"collection":[{"href":"https:\/\/tkg-duisburg.de\/index.php?rest_route=\/wp\/v2\/posts"}],"about":[{"href":"https:\/\/tkg-duisburg.de\/index.php?rest_route=\/wp\/v2\/types\/post"}],"author":[{"embeddable":true,"href":"https:\/\/tkg-duisburg.de\/index.php?rest_route=\/wp\/v2\/users\/5"}],"replies":[{"embeddable":true,"href":"https:\/\/tkg-duisburg.de\/index.php?rest_route=%2Fwp%2Fv2%2Fcomments&post=6442"}],"version-history":[{"count":1,"href":"https:\/\/tkg-duisburg.de\/index.php?rest_route=\/wp\/v2\/posts\/6442\/revisions"}],"predecessor-version":[{"id":6446,"href":"https:\/\/tkg-duisburg.de\/index.php?rest_route=\/wp\/v2\/posts\/6442\/revisions\/6446"}],"wp:attachment":[{"href":"https:\/\/tkg-duisburg.de\/index.php?rest_route=%2Fwp%2Fv2%2Fmedia&parent=6442"}],"wp:term":[{"taxonomy":"category","embeddable":true,"href":"https:\/\/tkg-duisburg.de\/index.php?rest_route=%2Fwp%2Fv2%2Fcategories&post=6442"},{"taxonomy":"post_tag","embeddable":true,"href":"https:\/\/tkg-duisburg.de\/index.php?rest_route=%2Fwp%2Fv2%2Ftags&post=6442"}],"curies":[{"name":"wp","href":"https:\/\/api.w.org\/{rel}","templated":true}]}}