{"id":6546,"date":"2021-10-06T21:19:35","date_gmt":"2021-10-06T19:19:35","guid":{"rendered":"http:\/\/tkg-duisburg.de\/?p=6546"},"modified":"2021-10-06T21:19:52","modified_gmt":"2021-10-06T19:19:52","slug":"herbstliche-feriengruesse","status":"publish","type":"post","link":"https:\/\/tkg-duisburg.de\/?p=6546","title":{"rendered":"Herbstliche Feriengr\u00fc\u00dfe"},"content":{"rendered":"\n<div class=\"wp-block-image\"><figure class=\"aligncenter size-full is-resized\"><img loading=\"lazy\" decoding=\"async\" src=\"https:\/\/tkg-duisburg.de\/wp-content\/uploads\/2021\/10\/benches-g26a33996f_1920.jpg\" alt=\"\" class=\"wp-image-6547\" width=\"562\" height=\"372\" srcset=\"https:\/\/tkg-duisburg.de\/wp-content\/uploads\/2021\/10\/benches-g26a33996f_1920.jpg 1920w, https:\/\/tkg-duisburg.de\/wp-content\/uploads\/2021\/10\/benches-g26a33996f_1920-300x199.jpg 300w, https:\/\/tkg-duisburg.de\/wp-content\/uploads\/2021\/10\/benches-g26a33996f_1920-1024x680.jpg 1024w, https:\/\/tkg-duisburg.de\/wp-content\/uploads\/2021\/10\/benches-g26a33996f_1920-1536x1020.jpg 1536w\" sizes=\"auto, (max-width: 562px) 100vw, 562px\" \/><\/figure><\/div>\n\n\n\n<p>Liebe Sch\u00fclerinnen und liebe Sch\u00fcler, liebe Eltern,<\/p>\n\n\n\n<p>die Herbstferien stehen vor der T\u00fcr, und alle freuen sich sicherlich auf erholsame Tage. Bis jetzt sind wir in diesem Schuljahr recht gut durch die anstrengende Coronazeit gekommen. Unsere Sch\u00fclerschaft geht insgesamt ge\u00fcbt mit allen unserem Schutz dienenden Ma\u00dfnahmen um.<br>Bitte tragen Sie auch in den Ferien dazu bei, dass das so bleibt.<br>Gerne leite ich auf diesem Weg den Appell des Ministeriums f\u00fcr Schule und Bildung unseres Landes NRW an Sie, an euch weiter:<\/p>\n\n\n\n<p>Lassen Sie Ihre Kinder, wenn noch kein Impfschutz vorliegt, zumindest in den letzten Tagen vor Schulbeginn zur Sicherheit einmal testen. Dies ist ein zus\u00e4tzlicher freiwilliger Beitrag zu einem m\u00f6glichst sicheren Schulbeginn am 25.10.2021.<br>Auch weiterhin wird in der TKG regelm\u00e4\u00dfig getestet werden, und Masken m\u00fcssen zun\u00e4chst weiterhin ( wie gewohnt ) getragen werden.<\/p>\n\n\n\n<p>Verhalten wir uns alle verantwortungsvoll, k\u00f6nnen wir sicherlich auf weitere Erleichterungen hoffen.<\/p>\n\n\n\n<p>Herzliche Gr\u00fc\u00dfe, m\u00f6gen alle gesund bleiben oder werden!<\/p>\n\n\n\n<p><em>U. Hoppen, Schulleiterin<\/em><\/p>\n","protected":false},"excerpt":{"rendered":"<p>Liebe Sch\u00fclerinnen und liebe Sch\u00fcler, liebe Eltern, die Herbstferien stehen vor der T\u00fcr, und alle freuen sich sicherlich auf erholsame Tage. Bis jetzt sind wir in diesem Schuljahr recht gut durch die anstrengende Coronazeit gekommen. Unsere Sch\u00fclerschaft geht insgesamt ge\u00fcbt mit allen unserem Schutz dienenden Ma\u00dfnahmen um.Bitte tragen Sie auch in den Ferien dazu bei, &hellip; <a href=\"https:\/\/tkg-duisburg.de\/?p=6546\" class=\"more-link\"><span class=\"screen-reader-text\">Herbstliche Feriengr\u00fc\u00dfe<\/span> weiterlesen <span class=\"meta-nav\">&rarr;<\/span><\/a><\/p>\n","protected":false},"author":5,"featured_media":0,"comment_status":"closed","ping_status":"open","sticky":false,"template":"","format":"standard","meta":{"footnotes":""},"categories":[1],"tags":[],"class_list":["post-6546","post","type-post","status-publish","format-standard","hentry","category-allgemein"],"yoast_head":"<!-- This site is optimized with the Yoast SEO plugin v22.6 - https:\/\/yoast.com\/wordpress\/plugins\/seo\/ -->\n<title>Herbstliche Feriengr\u00fc\u00dfe - Theodor K\u00f6nig Gesamtschule Duisburg<\/title>\n<meta name=\"robots\" content=\"index, follow, max-snippet:-1, max-image-preview:large, max-video-preview:-1\" \/>\n<link rel=\"canonical\" href=\"https:\/\/tkg-duisburg.de\/?p=6546\" \/>\n<meta property=\"og:locale\" content=\"de_DE\" \/>\n<meta property=\"og:type\" content=\"article\" \/>\n<meta property=\"og:title\" content=\"Herbstliche Feriengr\u00fc\u00dfe - Theodor K\u00f6nig Gesamtschule Duisburg\" \/>\n<meta property=\"og:description\" content=\"Liebe Sch\u00fclerinnen und liebe Sch\u00fcler, liebe Eltern, die Herbstferien stehen vor der T\u00fcr, und alle freuen sich sicherlich auf erholsame Tage. Bis jetzt sind wir in diesem Schuljahr recht gut durch die anstrengende Coronazeit gekommen. Unsere Sch\u00fclerschaft geht insgesamt ge\u00fcbt mit allen unserem Schutz dienenden Ma\u00dfnahmen um.Bitte tragen Sie auch in den Ferien dazu bei, &hellip; Herbstliche Feriengr\u00fc\u00dfe weiterlesen &rarr;\" \/>\n<meta property=\"og:url\" content=\"https:\/\/tkg-duisburg.de\/?p=6546\" \/>\n<meta property=\"og:site_name\" content=\"Theodor K\u00f6nig Gesamtschule Duisburg\" \/>\n<meta property=\"article:published_time\" content=\"2021-10-06T19:19:35+00:00\" \/>\n<meta property=\"article:modified_time\" content=\"2021-10-06T19:19:52+00:00\" \/>\n<meta property=\"og:image\" content=\"https:\/\/tkg-duisburg.de\/wp-content\/uploads\/2021\/10\/benches-g26a33996f_1920.jpg\" \/>\n<meta name=\"author\" content=\"Bj\u00f6rn Becker\" \/>\n<meta name=\"twitter:card\" content=\"summary_large_image\" \/>\n<meta name=\"twitter:label1\" content=\"Verfasst von\" \/>\n\t<meta name=\"twitter:data1\" content=\"Bj\u00f6rn Becker\" \/>\n\t<meta name=\"twitter:label2\" content=\"Gesch\u00e4tzte Lesezeit\" \/>\n\t<meta name=\"twitter:data2\" content=\"1\u00a0Minute\" \/>\n<script type=\"application\/ld+json\" class=\"yoast-schema-graph\">{\"@context\":\"https:\/\/schema.org\",\"@graph\":[{\"@type\":\"WebPage\",\"@id\":\"https:\/\/tkg-duisburg.de\/?p=6546\",\"url\":\"https:\/\/tkg-duisburg.de\/?p=6546\",\"name\":\"Herbstliche Feriengr\u00fc\u00dfe - Theodor K\u00f6nig Gesamtschule Duisburg\",\"isPartOf\":{\"@id\":\"https:\/\/tkg-duisburg.de\/#website\"},\"primaryImageOfPage\":{\"@id\":\"https:\/\/tkg-duisburg.de\/?p=6546#primaryimage\"},\"image\":{\"@id\":\"https:\/\/tkg-duisburg.de\/?p=6546#primaryimage\"},\"thumbnailUrl\":\"https:\/\/tkg-duisburg.de\/wp-content\/uploads\/2021\/10\/benches-g26a33996f_1920.jpg\",\"datePublished\":\"2021-10-06T19:19:35+00:00\",\"dateModified\":\"2021-10-06T19:19:52+00:00\",\"author\":{\"@id\":\"https:\/\/tkg-duisburg.de\/#\/schema\/person\/5a5b174492de297d4b57e9a3d89564ee\"},\"breadcrumb\":{\"@id\":\"https:\/\/tkg-duisburg.de\/?p=6546#breadcrumb\"},\"inLanguage\":\"de\",\"potentialAction\":[{\"@type\":\"ReadAction\",\"target\":[\"https:\/\/tkg-duisburg.de\/?p=6546\"]}]},{\"@type\":\"ImageObject\",\"inLanguage\":\"de\",\"@id\":\"https:\/\/tkg-duisburg.de\/?p=6546#primaryimage\",\"url\":\"https:\/\/tkg-duisburg.de\/wp-content\/uploads\/2021\/10\/benches-g26a33996f_1920.jpg\",\"contentUrl\":\"https:\/\/tkg-duisburg.de\/wp-content\/uploads\/2021\/10\/benches-g26a33996f_1920.jpg\",\"width\":1920,\"height\":1275},{\"@type\":\"BreadcrumbList\",\"@id\":\"https:\/\/tkg-duisburg.de\/?p=6546#breadcrumb\",\"itemListElement\":[{\"@type\":\"ListItem\",\"position\":1,\"name\":\"Startseite\",\"item\":\"https:\/\/tkg-duisburg.de\/\"},{\"@type\":\"ListItem\",\"position\":2,\"name\":\"Herbstliche Feriengr\u00fc\u00dfe\"}]},{\"@type\":\"WebSite\",\"@id\":\"https:\/\/tkg-duisburg.de\/#website\",\"url\":\"https:\/\/tkg-duisburg.de\/\",\"name\":\"Theodor K\u00f6nig Gesamtschule Duisburg\",\"description\":\"\",\"potentialAction\":[{\"@type\":\"SearchAction\",\"target\":{\"@type\":\"EntryPoint\",\"urlTemplate\":\"https:\/\/tkg-duisburg.de\/?s={search_term_string}\"},\"query-input\":\"required name=search_term_string\"}],\"inLanguage\":\"de\"},{\"@type\":\"Person\",\"@id\":\"https:\/\/tkg-duisburg.de\/#\/schema\/person\/5a5b174492de297d4b57e9a3d89564ee\",\"name\":\"Bj\u00f6rn Becker\",\"image\":{\"@type\":\"ImageObject\",\"inLanguage\":\"de\",\"@id\":\"https:\/\/tkg-duisburg.de\/#\/schema\/person\/image\/\",\"url\":\"https:\/\/secure.gravatar.com\/avatar\/c7690b9f448fdd19e7a021d2d0201faa0dc70513a48fc7103388e3231c3056a4?s=96&d=mm&r=g\",\"contentUrl\":\"https:\/\/secure.gravatar.com\/avatar\/c7690b9f448fdd19e7a021d2d0201faa0dc70513a48fc7103388e3231c3056a4?s=96&d=mm&r=g\",\"caption\":\"Bj\u00f6rn Becker\"},\"url\":\"https:\/\/tkg-duisburg.de\/?author=5\"}]}<\/script>\n<!-- \/ Yoast SEO plugin. -->","yoast_head_json":{"title":"Herbstliche Feriengr\u00fc\u00dfe - Theodor K\u00f6nig Gesamtschule Duisburg","robots":{"index":"index","follow":"follow","max-snippet":"max-snippet:-1","max-image-preview":"max-image-preview:large","max-video-preview":"max-video-preview:-1"},"canonical":"https:\/\/tkg-duisburg.de\/?p=6546","og_locale":"de_DE","og_type":"article","og_title":"Herbstliche Feriengr\u00fc\u00dfe - Theodor K\u00f6nig Gesamtschule Duisburg","og_description":"Liebe Sch\u00fclerinnen und liebe Sch\u00fcler, liebe Eltern, die Herbstferien stehen vor der T\u00fcr, und alle freuen sich sicherlich auf erholsame Tage. Bis jetzt sind wir in diesem Schuljahr recht gut durch die anstrengende Coronazeit gekommen. Unsere Sch\u00fclerschaft geht insgesamt ge\u00fcbt mit allen unserem Schutz dienenden Ma\u00dfnahmen um.Bitte tragen Sie auch in den Ferien dazu bei, &hellip; Herbstliche Feriengr\u00fc\u00dfe weiterlesen &rarr;","og_url":"https:\/\/tkg-duisburg.de\/?p=6546","og_site_name":"Theodor K\u00f6nig Gesamtschule Duisburg","article_published_time":"2021-10-06T19:19:35+00:00","article_modified_time":"2021-10-06T19:19:52+00:00","og_image":[{"url":"https:\/\/tkg-duisburg.de\/wp-content\/uploads\/2021\/10\/benches-g26a33996f_1920.jpg"}],"author":"Bj\u00f6rn Becker","twitter_card":"summary_large_image","twitter_misc":{"Verfasst von":"Bj\u00f6rn Becker","Gesch\u00e4tzte Lesezeit":"1\u00a0Minute"},"schema":{"@context":"https:\/\/schema.org","@graph":[{"@type":"WebPage","@id":"https:\/\/tkg-duisburg.de\/?p=6546","url":"https:\/\/tkg-duisburg.de\/?p=6546","name":"Herbstliche Feriengr\u00fc\u00dfe - Theodor K\u00f6nig Gesamtschule Duisburg","isPartOf":{"@id":"https:\/\/tkg-duisburg.de\/#website"},"primaryImageOfPage":{"@id":"https:\/\/tkg-duisburg.de\/?p=6546#primaryimage"},"image":{"@id":"https:\/\/tkg-duisburg.de\/?p=6546#primaryimage"},"thumbnailUrl":"https:\/\/tkg-duisburg.de\/wp-content\/uploads\/2021\/10\/benches-g26a33996f_1920.jpg","datePublished":"2021-10-06T19:19:35+00:00","dateModified":"2021-10-06T19:19:52+00:00","author":{"@id":"https:\/\/tkg-duisburg.de\/#\/schema\/person\/5a5b174492de297d4b57e9a3d89564ee"},"breadcrumb":{"@id":"https:\/\/tkg-duisburg.de\/?p=6546#breadcrumb"},"inLanguage":"de","potentialAction":[{"@type":"ReadAction","target":["https:\/\/tkg-duisburg.de\/?p=6546"]}]},{"@type":"ImageObject","inLanguage":"de","@id":"https:\/\/tkg-duisburg.de\/?p=6546#primaryimage","url":"https:\/\/tkg-duisburg.de\/wp-content\/uploads\/2021\/10\/benches-g26a33996f_1920.jpg","contentUrl":"https:\/\/tkg-duisburg.de\/wp-content\/uploads\/2021\/10\/benches-g26a33996f_1920.jpg","width":1920,"height":1275},{"@type":"BreadcrumbList","@id":"https:\/\/tkg-duisburg.de\/?p=6546#breadcrumb","itemListElement":[{"@type":"ListItem","position":1,"name":"Startseite","item":"https:\/\/tkg-duisburg.de\/"},{"@type":"ListItem","position":2,"name":"Herbstliche Feriengr\u00fc\u00dfe"}]},{"@type":"WebSite","@id":"https:\/\/tkg-duisburg.de\/#website","url":"https:\/\/tkg-duisburg.de\/","name":"Theodor K\u00f6nig Gesamtschule Duisburg","description":"","potentialAction":[{"@type":"SearchAction","target":{"@type":"EntryPoint","urlTemplate":"https:\/\/tkg-duisburg.de\/?s={search_term_string}"},"query-input":"required name=search_term_string"}],"inLanguage":"de"},{"@type":"Person","@id":"https:\/\/tkg-duisburg.de\/#\/schema\/person\/5a5b174492de297d4b57e9a3d89564ee","name":"Bj\u00f6rn Becker","image":{"@type":"ImageObject","inLanguage":"de","@id":"https:\/\/tkg-duisburg.de\/#\/schema\/person\/image\/","url":"https:\/\/secure.gravatar.com\/avatar\/c7690b9f448fdd19e7a021d2d0201faa0dc70513a48fc7103388e3231c3056a4?s=96&d=mm&r=g","contentUrl":"https:\/\/secure.gravatar.com\/avatar\/c7690b9f448fdd19e7a021d2d0201faa0dc70513a48fc7103388e3231c3056a4?s=96&d=mm&r=g","caption":"Bj\u00f6rn Becker"},"url":"https:\/\/tkg-duisburg.de\/?author=5"}]}},"_links":{"self":[{"href":"https:\/\/tkg-duisburg.de\/index.php?rest_route=\/wp\/v2\/posts\/6546","targetHints":{"allow":["GET"]}}],"collection":[{"href":"https:\/\/tkg-duisburg.de\/index.php?rest_route=\/wp\/v2\/posts"}],"about":[{"href":"https:\/\/tkg-duisburg.de\/index.php?rest_route=\/wp\/v2\/types\/post"}],"author":[{"embeddable":true,"href":"https:\/\/tkg-duisburg.de\/index.php?rest_route=\/wp\/v2\/users\/5"}],"replies":[{"embeddable":true,"href":"https:\/\/tkg-duisburg.de\/index.php?rest_route=%2Fwp%2Fv2%2Fcomments&post=6546"}],"version-history":[{"count":2,"href":"https:\/\/tkg-duisburg.de\/index.php?rest_route=\/wp\/v2\/posts\/6546\/revisions"}],"predecessor-version":[{"id":6549,"href":"https:\/\/tkg-duisburg.de\/index.php?rest_route=\/wp\/v2\/posts\/6546\/revisions\/6549"}],"wp:attachment":[{"href":"https:\/\/tkg-duisburg.de\/index.php?rest_route=%2Fwp%2Fv2%2Fmedia&parent=6546"}],"wp:term":[{"taxonomy":"category","embeddable":true,"href":"https:\/\/tkg-duisburg.de\/index.php?rest_route=%2Fwp%2Fv2%2Fcategories&post=6546"},{"taxonomy":"post_tag","embeddable":true,"href":"https:\/\/tkg-duisburg.de\/index.php?rest_route=%2Fwp%2Fv2%2Ftags&post=6546"}],"curies":[{"name":"wp","href":"https:\/\/api.w.org\/{rel}","templated":true}]}}