{"id":7094,"date":"2022-05-20T17:09:35","date_gmt":"2022-05-20T15:09:35","guid":{"rendered":"https:\/\/tkg-duisburg.de\/?p=7094"},"modified":"2022-05-20T17:09:36","modified_gmt":"2022-05-20T15:09:36","slug":"mein-shadowing-day-an-der-universitaet-duisburg-essen-campus-essen-am-04-05-2022","status":"publish","type":"post","link":"https:\/\/tkg-duisburg.de\/?p=7094","title":{"rendered":"Mein Shadowing Day an der Universit\u00e4t Duisburg-Essen (Campus Essen) am 04.05.2022"},"content":{"rendered":"\n<div class=\"wp-block-image\"><figure class=\"alignright size-full is-resized\"><img decoding=\"async\" src=\"https:\/\/tkg-duisburg.de\/wp-content\/uploads\/2022\/05\/image-19.png\" alt=\"\" class=\"wp-image-7096\" width=\"150\" srcset=\"https:\/\/tkg-duisburg.de\/wp-content\/uploads\/2022\/05\/image-19.png 332w, https:\/\/tkg-duisburg.de\/wp-content\/uploads\/2022\/05\/image-19-217x300.png 217w\" sizes=\"(max-width: 332px) 100vw, 332px\" \/><\/figure><\/div>\n\n\n\n<p><strong>\u00dcber unseren Talentscout Frau Sarah Schr\u00f6ter konnte Asli am 04.05. einen Studenten als Shadow einen Tag lang begleiten, um so einen Einblick in Ihr Wunschstudium und den Unialltag zu erhalten.\u00a0<\/strong><\/p>\n\n\n\n<!--more-->\n\n\n\n<p>&nbsp;\u201eGanz fr\u00fch am Morgen haben wir uns mit Justin, meinem Ansprechpartner, vor der Uni getroffen. Wir haben uns etwas unterhalten und Justin hat mir alle meine Fragen rund um das Psychologiestudium beantwortet. Ich durfte auch an einem Seminar teilnehmen, in dem einige Studentinnen ihre Pr\u00e4sentationen vorgetragen haben. Sp\u00e4ter haben wir in der riesigen Mensa zu Mittag gegessen und danach sind wir einmal um den ganzen Campus gelaufen. Ich habe die wichtigsten Orte der Uni, wie zum Beispiel die Bibliothek oder auch die Cafeteria gesehen.&nbsp;<\/p>\n\n\n\n<div class=\"wp-block-image\"><figure class=\"alignleft size-full is-resized\"><img decoding=\"async\" src=\"https:\/\/tkg-duisburg.de\/wp-content\/uploads\/2022\/05\/image-18.png\" alt=\"\" class=\"wp-image-7095\" width=\"150\" srcset=\"https:\/\/tkg-duisburg.de\/wp-content\/uploads\/2022\/05\/image-18.png 343w, https:\/\/tkg-duisburg.de\/wp-content\/uploads\/2022\/05\/image-18-168x300.png 168w\" sizes=\"(max-width: 343px) 100vw, 343px\" \/><\/figure><\/div>\n\n\n\n<p>Es war ein toller Tag und noch viel wichtiger, ich wei\u00df jetzt, was mich konkret im Psychologiestudium erwartet und welche Herausforderungen anstehen.\u00a0<\/p>\n\n\n\n<p>Ein guter erster Einblick, der mir zeigt, dass will ich machen und werde mich weiter informieren.\u201c (Asli)&nbsp;<\/p>\n\n\n\n<p><strong>Sie wollen nach dem Abi studieren, wissen schon was oder wissen es noch nicht, dann nutzen Sie einen solchen Shadow-Day. Vereinbaren Sie \u00fcber HIL (Abteilungsleiterin Oberstufe) einen Gespr\u00e4chstermin mit unserem Talentscout Frau Schr\u00f6ter.&nbsp;<\/strong><\/p>\n\n\n\n<p><strong>Asli Gedikli (Jahrgangsstufe Q 1) und C. Hiller-Kitzmann (Abteilungsleiterin Oberstufe)&nbsp;<\/strong><\/p>\n","protected":false},"excerpt":{"rendered":"<p>\u00dcber unseren Talentscout Frau Sarah Schr\u00f6ter konnte Asli am 04.05. einen Studenten als Shadow einen Tag lang begleiten, um so einen Einblick in Ihr Wunschstudium und den Unialltag zu erhalten.\u00a0<\/p>\n","protected":false},"author":5,"featured_media":0,"comment_status":"closed","ping_status":"open","sticky":false,"template":"","format":"standard","meta":{"footnotes":""},"categories":[31,48,79,57],"tags":[],"class_list":["post-7094","post","type-post","status-publish","format-standard","hentry","category-ausserschulisches-lernen","category-berufsvorbereitung","category-studienorientierung","category-talentfoerderung"],"yoast_head":"<!-- This site is optimized with the Yoast SEO plugin v22.6 - https:\/\/yoast.com\/wordpress\/plugins\/seo\/ -->\n<title>Mein Shadowing Day an der Universit\u00e4t Duisburg-Essen (Campus Essen) am 04.05.2022 - Theodor K\u00f6nig Gesamtschule Duisburg<\/title>\n<meta name=\"robots\" content=\"index, follow, max-snippet:-1, max-image-preview:large, max-video-preview:-1\" \/>\n<link rel=\"canonical\" href=\"https:\/\/tkg-duisburg.de\/?p=7094\" \/>\n<meta property=\"og:locale\" content=\"de_DE\" \/>\n<meta property=\"og:type\" content=\"article\" \/>\n<meta property=\"og:title\" content=\"Mein Shadowing Day an der Universit\u00e4t Duisburg-Essen (Campus Essen) am 04.05.2022 - Theodor K\u00f6nig Gesamtschule Duisburg\" \/>\n<meta property=\"og:description\" content=\"\u00dcber unseren Talentscout Frau Sarah Schr\u00f6ter konnte Asli am 04.05. einen Studenten als Shadow einen Tag lang begleiten, um so einen Einblick in Ihr Wunschstudium und den Unialltag zu erhalten.\u00a0\" \/>\n<meta property=\"og:url\" content=\"https:\/\/tkg-duisburg.de\/?p=7094\" \/>\n<meta property=\"og:site_name\" content=\"Theodor K\u00f6nig Gesamtschule Duisburg\" \/>\n<meta property=\"article:published_time\" content=\"2022-05-20T15:09:35+00:00\" \/>\n<meta property=\"article:modified_time\" content=\"2022-05-20T15:09:36+00:00\" \/>\n<meta property=\"og:image\" content=\"https:\/\/tkg-duisburg.de\/wp-content\/uploads\/2022\/05\/image-19.png\" \/>\n<meta name=\"author\" content=\"Bj\u00f6rn Becker\" \/>\n<meta name=\"twitter:card\" content=\"summary_large_image\" \/>\n<meta name=\"twitter:label1\" content=\"Verfasst von\" \/>\n\t<meta name=\"twitter:data1\" content=\"Bj\u00f6rn Becker\" \/>\n\t<meta name=\"twitter:label2\" content=\"Gesch\u00e4tzte Lesezeit\" \/>\n\t<meta name=\"twitter:data2\" content=\"1\u00a0Minute\" \/>\n<script type=\"application\/ld+json\" class=\"yoast-schema-graph\">{\"@context\":\"https:\/\/schema.org\",\"@graph\":[{\"@type\":\"WebPage\",\"@id\":\"https:\/\/tkg-duisburg.de\/?p=7094\",\"url\":\"https:\/\/tkg-duisburg.de\/?p=7094\",\"name\":\"Mein Shadowing Day an der Universit\u00e4t Duisburg-Essen (Campus Essen) am 04.05.2022 - Theodor K\u00f6nig Gesamtschule Duisburg\",\"isPartOf\":{\"@id\":\"https:\/\/tkg-duisburg.de\/#website\"},\"primaryImageOfPage\":{\"@id\":\"https:\/\/tkg-duisburg.de\/?p=7094#primaryimage\"},\"image\":{\"@id\":\"https:\/\/tkg-duisburg.de\/?p=7094#primaryimage\"},\"thumbnailUrl\":\"https:\/\/tkg-duisburg.de\/wp-content\/uploads\/2022\/05\/image-19.png\",\"datePublished\":\"2022-05-20T15:09:35+00:00\",\"dateModified\":\"2022-05-20T15:09:36+00:00\",\"author\":{\"@id\":\"https:\/\/tkg-duisburg.de\/#\/schema\/person\/5a5b174492de297d4b57e9a3d89564ee\"},\"breadcrumb\":{\"@id\":\"https:\/\/tkg-duisburg.de\/?p=7094#breadcrumb\"},\"inLanguage\":\"de\",\"potentialAction\":[{\"@type\":\"ReadAction\",\"target\":[\"https:\/\/tkg-duisburg.de\/?p=7094\"]}]},{\"@type\":\"ImageObject\",\"inLanguage\":\"de\",\"@id\":\"https:\/\/tkg-duisburg.de\/?p=7094#primaryimage\",\"url\":\"https:\/\/tkg-duisburg.de\/wp-content\/uploads\/2022\/05\/image-19.png\",\"contentUrl\":\"https:\/\/tkg-duisburg.de\/wp-content\/uploads\/2022\/05\/image-19.png\",\"width\":332,\"height\":460},{\"@type\":\"BreadcrumbList\",\"@id\":\"https:\/\/tkg-duisburg.de\/?p=7094#breadcrumb\",\"itemListElement\":[{\"@type\":\"ListItem\",\"position\":1,\"name\":\"Startseite\",\"item\":\"https:\/\/tkg-duisburg.de\/\"},{\"@type\":\"ListItem\",\"position\":2,\"name\":\"Mein Shadowing Day an der Universit\u00e4t Duisburg-Essen (Campus Essen) am 04.05.2022\"}]},{\"@type\":\"WebSite\",\"@id\":\"https:\/\/tkg-duisburg.de\/#website\",\"url\":\"https:\/\/tkg-duisburg.de\/\",\"name\":\"Theodor K\u00f6nig Gesamtschule Duisburg\",\"description\":\"\",\"potentialAction\":[{\"@type\":\"SearchAction\",\"target\":{\"@type\":\"EntryPoint\",\"urlTemplate\":\"https:\/\/tkg-duisburg.de\/?s={search_term_string}\"},\"query-input\":\"required name=search_term_string\"}],\"inLanguage\":\"de\"},{\"@type\":\"Person\",\"@id\":\"https:\/\/tkg-duisburg.de\/#\/schema\/person\/5a5b174492de297d4b57e9a3d89564ee\",\"name\":\"Bj\u00f6rn Becker\",\"image\":{\"@type\":\"ImageObject\",\"inLanguage\":\"de\",\"@id\":\"https:\/\/tkg-duisburg.de\/#\/schema\/person\/image\/\",\"url\":\"https:\/\/secure.gravatar.com\/avatar\/c7690b9f448fdd19e7a021d2d0201faa0dc70513a48fc7103388e3231c3056a4?s=96&d=mm&r=g\",\"contentUrl\":\"https:\/\/secure.gravatar.com\/avatar\/c7690b9f448fdd19e7a021d2d0201faa0dc70513a48fc7103388e3231c3056a4?s=96&d=mm&r=g\",\"caption\":\"Bj\u00f6rn Becker\"},\"url\":\"https:\/\/tkg-duisburg.de\/?author=5\"}]}<\/script>\n<!-- \/ Yoast SEO plugin. -->","yoast_head_json":{"title":"Mein Shadowing Day an der Universit\u00e4t Duisburg-Essen (Campus Essen) am 04.05.2022 - Theodor K\u00f6nig Gesamtschule Duisburg","robots":{"index":"index","follow":"follow","max-snippet":"max-snippet:-1","max-image-preview":"max-image-preview:large","max-video-preview":"max-video-preview:-1"},"canonical":"https:\/\/tkg-duisburg.de\/?p=7094","og_locale":"de_DE","og_type":"article","og_title":"Mein Shadowing Day an der Universit\u00e4t Duisburg-Essen (Campus Essen) am 04.05.2022 - Theodor K\u00f6nig Gesamtschule Duisburg","og_description":"\u00dcber unseren Talentscout Frau Sarah Schr\u00f6ter konnte Asli am 04.05. einen Studenten als Shadow einen Tag lang begleiten, um so einen Einblick in Ihr Wunschstudium und den Unialltag zu erhalten.\u00a0","og_url":"https:\/\/tkg-duisburg.de\/?p=7094","og_site_name":"Theodor K\u00f6nig Gesamtschule Duisburg","article_published_time":"2022-05-20T15:09:35+00:00","article_modified_time":"2022-05-20T15:09:36+00:00","og_image":[{"url":"https:\/\/tkg-duisburg.de\/wp-content\/uploads\/2022\/05\/image-19.png"}],"author":"Bj\u00f6rn Becker","twitter_card":"summary_large_image","twitter_misc":{"Verfasst von":"Bj\u00f6rn Becker","Gesch\u00e4tzte Lesezeit":"1\u00a0Minute"},"schema":{"@context":"https:\/\/schema.org","@graph":[{"@type":"WebPage","@id":"https:\/\/tkg-duisburg.de\/?p=7094","url":"https:\/\/tkg-duisburg.de\/?p=7094","name":"Mein Shadowing Day an der Universit\u00e4t Duisburg-Essen (Campus Essen) am 04.05.2022 - Theodor K\u00f6nig Gesamtschule Duisburg","isPartOf":{"@id":"https:\/\/tkg-duisburg.de\/#website"},"primaryImageOfPage":{"@id":"https:\/\/tkg-duisburg.de\/?p=7094#primaryimage"},"image":{"@id":"https:\/\/tkg-duisburg.de\/?p=7094#primaryimage"},"thumbnailUrl":"https:\/\/tkg-duisburg.de\/wp-content\/uploads\/2022\/05\/image-19.png","datePublished":"2022-05-20T15:09:35+00:00","dateModified":"2022-05-20T15:09:36+00:00","author":{"@id":"https:\/\/tkg-duisburg.de\/#\/schema\/person\/5a5b174492de297d4b57e9a3d89564ee"},"breadcrumb":{"@id":"https:\/\/tkg-duisburg.de\/?p=7094#breadcrumb"},"inLanguage":"de","potentialAction":[{"@type":"ReadAction","target":["https:\/\/tkg-duisburg.de\/?p=7094"]}]},{"@type":"ImageObject","inLanguage":"de","@id":"https:\/\/tkg-duisburg.de\/?p=7094#primaryimage","url":"https:\/\/tkg-duisburg.de\/wp-content\/uploads\/2022\/05\/image-19.png","contentUrl":"https:\/\/tkg-duisburg.de\/wp-content\/uploads\/2022\/05\/image-19.png","width":332,"height":460},{"@type":"BreadcrumbList","@id":"https:\/\/tkg-duisburg.de\/?p=7094#breadcrumb","itemListElement":[{"@type":"ListItem","position":1,"name":"Startseite","item":"https:\/\/tkg-duisburg.de\/"},{"@type":"ListItem","position":2,"name":"Mein Shadowing Day an der Universit\u00e4t Duisburg-Essen (Campus Essen) am 04.05.2022"}]},{"@type":"WebSite","@id":"https:\/\/tkg-duisburg.de\/#website","url":"https:\/\/tkg-duisburg.de\/","name":"Theodor K\u00f6nig Gesamtschule Duisburg","description":"","potentialAction":[{"@type":"SearchAction","target":{"@type":"EntryPoint","urlTemplate":"https:\/\/tkg-duisburg.de\/?s={search_term_string}"},"query-input":"required name=search_term_string"}],"inLanguage":"de"},{"@type":"Person","@id":"https:\/\/tkg-duisburg.de\/#\/schema\/person\/5a5b174492de297d4b57e9a3d89564ee","name":"Bj\u00f6rn Becker","image":{"@type":"ImageObject","inLanguage":"de","@id":"https:\/\/tkg-duisburg.de\/#\/schema\/person\/image\/","url":"https:\/\/secure.gravatar.com\/avatar\/c7690b9f448fdd19e7a021d2d0201faa0dc70513a48fc7103388e3231c3056a4?s=96&d=mm&r=g","contentUrl":"https:\/\/secure.gravatar.com\/avatar\/c7690b9f448fdd19e7a021d2d0201faa0dc70513a48fc7103388e3231c3056a4?s=96&d=mm&r=g","caption":"Bj\u00f6rn Becker"},"url":"https:\/\/tkg-duisburg.de\/?author=5"}]}},"_links":{"self":[{"href":"https:\/\/tkg-duisburg.de\/index.php?rest_route=\/wp\/v2\/posts\/7094","targetHints":{"allow":["GET"]}}],"collection":[{"href":"https:\/\/tkg-duisburg.de\/index.php?rest_route=\/wp\/v2\/posts"}],"about":[{"href":"https:\/\/tkg-duisburg.de\/index.php?rest_route=\/wp\/v2\/types\/post"}],"author":[{"embeddable":true,"href":"https:\/\/tkg-duisburg.de\/index.php?rest_route=\/wp\/v2\/users\/5"}],"replies":[{"embeddable":true,"href":"https:\/\/tkg-duisburg.de\/index.php?rest_route=%2Fwp%2Fv2%2Fcomments&post=7094"}],"version-history":[{"count":1,"href":"https:\/\/tkg-duisburg.de\/index.php?rest_route=\/wp\/v2\/posts\/7094\/revisions"}],"predecessor-version":[{"id":7097,"href":"https:\/\/tkg-duisburg.de\/index.php?rest_route=\/wp\/v2\/posts\/7094\/revisions\/7097"}],"wp:attachment":[{"href":"https:\/\/tkg-duisburg.de\/index.php?rest_route=%2Fwp%2Fv2%2Fmedia&parent=7094"}],"wp:term":[{"taxonomy":"category","embeddable":true,"href":"https:\/\/tkg-duisburg.de\/index.php?rest_route=%2Fwp%2Fv2%2Fcategories&post=7094"},{"taxonomy":"post_tag","embeddable":true,"href":"https:\/\/tkg-duisburg.de\/index.php?rest_route=%2Fwp%2Fv2%2Ftags&post=7094"}],"curies":[{"name":"wp","href":"https:\/\/api.w.org\/{rel}","templated":true}]}}