{"id":7100,"date":"2022-05-22T11:25:04","date_gmt":"2022-05-22T09:25:04","guid":{"rendered":"https:\/\/tkg-duisburg.de\/?p=7100"},"modified":"2022-05-22T11:25:06","modified_gmt":"2022-05-22T09:25:06","slug":"ein-tag-an-der-ruhr-universitaet-bochum-alumni-talentwerkstaettentreffen-mai-2022","status":"publish","type":"post","link":"https:\/\/tkg-duisburg.de\/?p=7100","title":{"rendered":"Ein Tag an der Ruhr-Universit\u00e4t Bochum &#8211; Alumni-TalentWerkst\u00e4ttentreffen Mai 2022"},"content":{"rendered":"\n<div class=\"wp-block-image\"><figure class=\"alignright size-full is-resized\"><img decoding=\"async\" src=\"https:\/\/tkg-duisburg.de\/wp-content\/uploads\/2022\/05\/image-20.png\" alt=\"\" class=\"wp-image-7101\" width=\"150\" srcset=\"https:\/\/tkg-duisburg.de\/wp-content\/uploads\/2022\/05\/image-20.png 313w, https:\/\/tkg-duisburg.de\/wp-content\/uploads\/2022\/05\/image-20-300x210.png 300w\" sizes=\"(max-width: 313px) 100vw, 313px\" \/><\/figure><\/div>\n\n\n\n<p>\u00a0Bryan und Asli, die im letzten Jahr am\u00a0\u00a0Ferienangebot \u201eTalentWerkstatt\u201c der TalentMetropole Ruhr teilnahmen, konnten\u00a0\u00a0nun als <strong><em>Alumni <\/em><\/strong>einen spannenden und informativen Tag an der Ruhr-Uni Bochum erleben.\u00a0<\/p>\n\n\n\n<!--more-->\n\n\n\n<div class=\"wp-block-image\"><figure class=\"alignleft size-full is-resized\"><img decoding=\"async\" src=\"https:\/\/tkg-duisburg.de\/wp-content\/uploads\/2022\/05\/image-21.png\" alt=\"\" class=\"wp-image-7102\" width=\"200\" srcset=\"https:\/\/tkg-duisburg.de\/wp-content\/uploads\/2022\/05\/image-21.png 494w, https:\/\/tkg-duisburg.de\/wp-content\/uploads\/2022\/05\/image-21-300x201.png 300w\" sizes=\"(max-width: 494px) 100vw, 494px\" \/><\/figure><\/div>\n\n\n\n<p>&nbsp;<strong>Asli:&nbsp;<\/strong><\/p>\n\n\n\n<blockquote class=\"wp-block-quote is-layout-flow wp-block-quote-is-layout-flow\"><p>\u201eWir haben an dem Tag viel \u00fcber das <\/p><\/blockquote>\n\n\n\n<blockquote class=\"wp-block-quote is-layout-flow wp-block-quote-is-layout-flow\"><p>Universit\u00e4tsleben gelernt. Die unterschiedlichsten Studienf\u00e4cher, aber auch die Ausbildungs-berufe, die an der Uni angeboten werden, kennengelernt. Wir hatten ein gutes italienisches <\/p><\/blockquote>\n\n\n\n<div class=\"wp-block-image\"><figure class=\"alignright size-full is-resized\"><img decoding=\"async\" src=\"https:\/\/tkg-duisburg.de\/wp-content\/uploads\/2022\/05\/image-23.png\" alt=\"\" class=\"wp-image-7104\" width=\"100\" srcset=\"https:\/\/tkg-duisburg.de\/wp-content\/uploads\/2022\/05\/image-23.png 273w, https:\/\/tkg-duisburg.de\/wp-content\/uploads\/2022\/05\/image-23-163x300.png 163w\" sizes=\"(max-width: 273px) 100vw, 273px\" \/><\/figure><\/div>\n\n\n\n<blockquote class=\"wp-block-quote is-layout-flow wp-block-quote-is-layout-flow\"><p>Essen und ich habe wieder mal neue Menschen kennengelernt. Sp\u00e4ter haben wir ein Spiel gespielt, wo wir einige Aufgaben an verschiedenen Orten der RUB erledigen mussten. Dabei haben wir den gesamten Campus kennengelernt. Am Ende haben wir alle einige Geschenke bekommen und den Tag mit einem Gruppenfoto beendet.\u00a0<\/p><\/blockquote>\n\n\n\n<p>&nbsp;<strong>Bryan:&nbsp;<\/strong><\/p>\n\n\n\n<div class=\"wp-block-image\"><figure class=\"alignright size-full\"><img loading=\"lazy\" decoding=\"async\" width=\"303\" height=\"227\" src=\"https:\/\/tkg-duisburg.de\/wp-content\/uploads\/2022\/05\/image-22.png\" alt=\"\" class=\"wp-image-7103\" srcset=\"https:\/\/tkg-duisburg.de\/wp-content\/uploads\/2022\/05\/image-22.png 303w, https:\/\/tkg-duisburg.de\/wp-content\/uploads\/2022\/05\/image-22-300x225.png 300w\" sizes=\"auto, (max-width: 303px) 100vw, 303px\" \/><\/figure><\/div>\n\n\n\n<blockquote class=\"wp-block-quote is-layout-flow wp-block-quote-is-layout-flow\"><p>\u201eEs war ein Supererlebnis. Wir bekamen richtig gutes Essen und hatten sogar eine Schnitzeljagd. Wir haben viele neue Leute kennengelernt, aber auch bekannte Gesichter wiedergesehen. Hier noch einmal einen Riesendank an Larissa und Steven f\u00fcr die Organisation \u201ees war ein mega-lehrreicher Tag\u201c. Ich w\u00fcrde jedem die Teilnahme an der TalentWerkstatt oder dem TalentCamp empfehlen, denn das sind nicht nur Ferienprogramme, sondern auch <\/p><\/blockquote>\n\n\n\n<blockquote class=\"wp-block-quote is-layout-flow wp-block-quote-is-layout-flow\"><p>Unterst\u00fctzungsangebote danach und du kannst dich super gut mit Leuten vernetzen.\u201c\u00a0<\/p><\/blockquote>\n\n\n\n<div class=\"wp-block-image\"><figure class=\"aligncenter size-full\"><img loading=\"lazy\" decoding=\"async\" width=\"566\" height=\"254\" src=\"https:\/\/tkg-duisburg.de\/wp-content\/uploads\/2022\/05\/image-24.png\" alt=\"\" class=\"wp-image-7105\" srcset=\"https:\/\/tkg-duisburg.de\/wp-content\/uploads\/2022\/05\/image-24.png 566w, https:\/\/tkg-duisburg.de\/wp-content\/uploads\/2022\/05\/image-24-300x135.png 300w\" sizes=\"auto, (max-width: 566px) 100vw, 566px\" \/><\/figure><\/div>\n\n\n\n<p>Talente hat jede*r. Man muss sie nur finden und \/ oder erkennen. Gemeinsam mit der TalentMetrople Ruhr finden wir Dein Talent.&nbsp;<\/p>\n\n\n\n<p>Die TalentWerkst\u00e4tten und das TalentCamp der TalentMetropole Ruhr bieten dir nicht nur ein<\/p>\n\n\n\n<div class=\"wp-block-image\"><figure class=\"alignright size-full is-resized\"><img decoding=\"async\" src=\"https:\/\/tkg-duisburg.de\/wp-content\/uploads\/2022\/05\/image-25.png\" alt=\"\" class=\"wp-image-7106\" width=\"250\" srcset=\"https:\/\/tkg-duisburg.de\/wp-content\/uploads\/2022\/05\/image-25.png 516w, https:\/\/tkg-duisburg.de\/wp-content\/uploads\/2022\/05\/image-25-300x223.png 300w\" sizes=\"(max-width: 516px) 100vw, 516px\" \/><\/figure><\/div>\n\n\n\n<p> spannendes Ferienprogramm, sondern unter-st\u00fctzen Dich auch danach als Alumni \u00fcber die Teilnahme an freiwilligen Angeboten.\u00a0<\/p>\n\n\n\n<p>\u201eDu willst auch teilnehmen, dann informiere Dich auf der Homepage der TalentMetropole und melde dich bei unserer Abteilungsleiterin Oberstufe Frau Hiller-Kitzmann\u201c, Asli und Bryan.&nbsp;<\/p>\n\n\n\n<p><\/p>\n\n\n\n<div class=\"wp-block-image\"><figure class=\"aligncenter size-large\"><img loading=\"lazy\" decoding=\"async\" width=\"1024\" height=\"461\" src=\"https:\/\/tkg-duisburg.de\/wp-content\/uploads\/2022\/05\/image-26-1024x461.png\" alt=\"\" class=\"wp-image-7107\" srcset=\"https:\/\/tkg-duisburg.de\/wp-content\/uploads\/2022\/05\/image-26-1024x461.png 1024w, https:\/\/tkg-duisburg.de\/wp-content\/uploads\/2022\/05\/image-26-300x135.png 300w, https:\/\/tkg-duisburg.de\/wp-content\/uploads\/2022\/05\/image-26.png 1258w\" sizes=\"auto, (max-width: 1024px) 100vw, 1024px\" \/><\/figure><\/div>\n\n\n\n<p><strong>Asli und Bryan (Jahrgangsstufe Q 1)&nbsp;<\/strong><\/p>\n\n\n\n<p>(Ver\u00f6ffentlichung genehmigt: C. Hiller-Kitzmann, Abteilungsleiterin Oberstufe)\u00a0<\/p>\n\n\n\n<div class=\"wp-block-image\"><figure class=\"alignleft size-full is-resized\"><img decoding=\"async\" src=\"https:\/\/tkg-duisburg.de\/wp-content\/uploads\/2022\/04\/image-6.png\" alt=\"\" class=\"wp-image-6968\" width=\"150\" srcset=\"https:\/\/tkg-duisburg.de\/wp-content\/uploads\/2022\/04\/image-6.png 451w, https:\/\/tkg-duisburg.de\/wp-content\/uploads\/2022\/04\/image-6-300x155.png 300w\" sizes=\"(max-width: 451px) 100vw, 451px\" \/><\/figure><\/div>\n\n\n\n<div class=\"wp-block-image\"><figure class=\"alignright size-full is-resized\"><img decoding=\"async\" src=\"https:\/\/tkg-duisburg.de\/wp-content\/uploads\/2022\/04\/cropped-icon.png\" alt=\"\" class=\"wp-image-7053\" width=\"150\" srcset=\"https:\/\/tkg-duisburg.de\/wp-content\/uploads\/2022\/04\/cropped-icon.png 512w, https:\/\/tkg-duisburg.de\/wp-content\/uploads\/2022\/04\/cropped-icon-300x300.png 300w, https:\/\/tkg-duisburg.de\/wp-content\/uploads\/2022\/04\/cropped-icon-270x270.png 270w, https:\/\/tkg-duisburg.de\/wp-content\/uploads\/2022\/04\/cropped-icon-192x192.png 192w, https:\/\/tkg-duisburg.de\/wp-content\/uploads\/2022\/04\/cropped-icon-180x180.png 180w, https:\/\/tkg-duisburg.de\/wp-content\/uploads\/2022\/04\/cropped-icon-32x32.png 32w\" sizes=\"(max-width: 512px) 100vw, 512px\" \/><\/figure><\/div>\n","protected":false},"excerpt":{"rendered":"<p>\u00a0Bryan und Asli, die im letzten Jahr am\u00a0\u00a0Ferienangebot \u201eTalentWerkstatt\u201c der TalentMetropole Ruhr teilnahmen, konnten\u00a0\u00a0nun als Alumni einen spannenden und informativen Tag an der Ruhr-Uni Bochum erleben.\u00a0<\/p>\n","protected":false},"author":5,"featured_media":0,"comment_status":"closed","ping_status":"open","sticky":false,"template":"","format":"standard","meta":{"footnotes":""},"categories":[1,31,48,79,57],"tags":[],"class_list":["post-7100","post","type-post","status-publish","format-standard","hentry","category-allgemein","category-ausserschulisches-lernen","category-berufsvorbereitung","category-studienorientierung","category-talentfoerderung"],"yoast_head":"<!-- This site is optimized with the Yoast SEO plugin v22.6 - https:\/\/yoast.com\/wordpress\/plugins\/seo\/ -->\n<title>Ein Tag an der Ruhr-Universit\u00e4t Bochum - Alumni-TalentWerkst\u00e4ttentreffen Mai 2022 - Theodor K\u00f6nig Gesamtschule Duisburg<\/title>\n<meta name=\"robots\" content=\"index, follow, max-snippet:-1, max-image-preview:large, max-video-preview:-1\" \/>\n<link rel=\"canonical\" href=\"https:\/\/tkg-duisburg.de\/?p=7100\" \/>\n<meta property=\"og:locale\" content=\"de_DE\" \/>\n<meta property=\"og:type\" content=\"article\" \/>\n<meta property=\"og:title\" content=\"Ein Tag an der Ruhr-Universit\u00e4t Bochum - Alumni-TalentWerkst\u00e4ttentreffen Mai 2022 - Theodor K\u00f6nig Gesamtschule Duisburg\" \/>\n<meta property=\"og:description\" content=\"\u00a0Bryan und Asli, die im letzten Jahr am\u00a0\u00a0Ferienangebot \u201eTalentWerkstatt\u201c der TalentMetropole Ruhr teilnahmen, konnten\u00a0\u00a0nun als Alumni einen spannenden und informativen Tag an der Ruhr-Uni Bochum erleben.\u00a0\" \/>\n<meta property=\"og:url\" content=\"https:\/\/tkg-duisburg.de\/?p=7100\" \/>\n<meta property=\"og:site_name\" content=\"Theodor K\u00f6nig Gesamtschule Duisburg\" \/>\n<meta property=\"article:published_time\" content=\"2022-05-22T09:25:04+00:00\" \/>\n<meta property=\"article:modified_time\" content=\"2022-05-22T09:25:06+00:00\" \/>\n<meta property=\"og:image\" content=\"https:\/\/tkg-duisburg.de\/wp-content\/uploads\/2022\/05\/image-20.png\" \/>\n<meta name=\"author\" content=\"Bj\u00f6rn Becker\" \/>\n<meta name=\"twitter:card\" content=\"summary_large_image\" \/>\n<meta name=\"twitter:label1\" content=\"Verfasst von\" \/>\n\t<meta name=\"twitter:data1\" content=\"Bj\u00f6rn Becker\" \/>\n\t<meta name=\"twitter:label2\" content=\"Gesch\u00e4tzte Lesezeit\" \/>\n\t<meta name=\"twitter:data2\" content=\"1\u00a0Minute\" \/>\n<script type=\"application\/ld+json\" class=\"yoast-schema-graph\">{\"@context\":\"https:\/\/schema.org\",\"@graph\":[{\"@type\":\"WebPage\",\"@id\":\"https:\/\/tkg-duisburg.de\/?p=7100\",\"url\":\"https:\/\/tkg-duisburg.de\/?p=7100\",\"name\":\"Ein Tag an der Ruhr-Universit\u00e4t Bochum - Alumni-TalentWerkst\u00e4ttentreffen Mai 2022 - Theodor K\u00f6nig Gesamtschule Duisburg\",\"isPartOf\":{\"@id\":\"https:\/\/tkg-duisburg.de\/#website\"},\"primaryImageOfPage\":{\"@id\":\"https:\/\/tkg-duisburg.de\/?p=7100#primaryimage\"},\"image\":{\"@id\":\"https:\/\/tkg-duisburg.de\/?p=7100#primaryimage\"},\"thumbnailUrl\":\"https:\/\/tkg-duisburg.de\/wp-content\/uploads\/2022\/05\/image-20.png\",\"datePublished\":\"2022-05-22T09:25:04+00:00\",\"dateModified\":\"2022-05-22T09:25:06+00:00\",\"author\":{\"@id\":\"https:\/\/tkg-duisburg.de\/#\/schema\/person\/5a5b174492de297d4b57e9a3d89564ee\"},\"breadcrumb\":{\"@id\":\"https:\/\/tkg-duisburg.de\/?p=7100#breadcrumb\"},\"inLanguage\":\"de\",\"potentialAction\":[{\"@type\":\"ReadAction\",\"target\":[\"https:\/\/tkg-duisburg.de\/?p=7100\"]}]},{\"@type\":\"ImageObject\",\"inLanguage\":\"de\",\"@id\":\"https:\/\/tkg-duisburg.de\/?p=7100#primaryimage\",\"url\":\"https:\/\/tkg-duisburg.de\/wp-content\/uploads\/2022\/05\/image-20.png\",\"contentUrl\":\"https:\/\/tkg-duisburg.de\/wp-content\/uploads\/2022\/05\/image-20.png\",\"width\":313,\"height\":219},{\"@type\":\"BreadcrumbList\",\"@id\":\"https:\/\/tkg-duisburg.de\/?p=7100#breadcrumb\",\"itemListElement\":[{\"@type\":\"ListItem\",\"position\":1,\"name\":\"Startseite\",\"item\":\"https:\/\/tkg-duisburg.de\/\"},{\"@type\":\"ListItem\",\"position\":2,\"name\":\"Ein Tag an der Ruhr-Universit\u00e4t Bochum &#8211; Alumni-TalentWerkst\u00e4ttentreffen Mai 2022\"}]},{\"@type\":\"WebSite\",\"@id\":\"https:\/\/tkg-duisburg.de\/#website\",\"url\":\"https:\/\/tkg-duisburg.de\/\",\"name\":\"Theodor K\u00f6nig Gesamtschule Duisburg\",\"description\":\"\",\"potentialAction\":[{\"@type\":\"SearchAction\",\"target\":{\"@type\":\"EntryPoint\",\"urlTemplate\":\"https:\/\/tkg-duisburg.de\/?s={search_term_string}\"},\"query-input\":\"required name=search_term_string\"}],\"inLanguage\":\"de\"},{\"@type\":\"Person\",\"@id\":\"https:\/\/tkg-duisburg.de\/#\/schema\/person\/5a5b174492de297d4b57e9a3d89564ee\",\"name\":\"Bj\u00f6rn Becker\",\"image\":{\"@type\":\"ImageObject\",\"inLanguage\":\"de\",\"@id\":\"https:\/\/tkg-duisburg.de\/#\/schema\/person\/image\/\",\"url\":\"https:\/\/secure.gravatar.com\/avatar\/c7690b9f448fdd19e7a021d2d0201faa0dc70513a48fc7103388e3231c3056a4?s=96&d=mm&r=g\",\"contentUrl\":\"https:\/\/secure.gravatar.com\/avatar\/c7690b9f448fdd19e7a021d2d0201faa0dc70513a48fc7103388e3231c3056a4?s=96&d=mm&r=g\",\"caption\":\"Bj\u00f6rn Becker\"},\"url\":\"https:\/\/tkg-duisburg.de\/?author=5\"}]}<\/script>\n<!-- \/ Yoast SEO plugin. -->","yoast_head_json":{"title":"Ein Tag an der Ruhr-Universit\u00e4t Bochum - Alumni-TalentWerkst\u00e4ttentreffen Mai 2022 - Theodor K\u00f6nig Gesamtschule Duisburg","robots":{"index":"index","follow":"follow","max-snippet":"max-snippet:-1","max-image-preview":"max-image-preview:large","max-video-preview":"max-video-preview:-1"},"canonical":"https:\/\/tkg-duisburg.de\/?p=7100","og_locale":"de_DE","og_type":"article","og_title":"Ein Tag an der Ruhr-Universit\u00e4t Bochum - Alumni-TalentWerkst\u00e4ttentreffen Mai 2022 - Theodor K\u00f6nig Gesamtschule Duisburg","og_description":"\u00a0Bryan und Asli, die im letzten Jahr am\u00a0\u00a0Ferienangebot \u201eTalentWerkstatt\u201c der TalentMetropole Ruhr teilnahmen, konnten\u00a0\u00a0nun als Alumni einen spannenden und informativen Tag an der Ruhr-Uni Bochum erleben.\u00a0","og_url":"https:\/\/tkg-duisburg.de\/?p=7100","og_site_name":"Theodor K\u00f6nig Gesamtschule Duisburg","article_published_time":"2022-05-22T09:25:04+00:00","article_modified_time":"2022-05-22T09:25:06+00:00","og_image":[{"url":"https:\/\/tkg-duisburg.de\/wp-content\/uploads\/2022\/05\/image-20.png"}],"author":"Bj\u00f6rn Becker","twitter_card":"summary_large_image","twitter_misc":{"Verfasst von":"Bj\u00f6rn Becker","Gesch\u00e4tzte Lesezeit":"1\u00a0Minute"},"schema":{"@context":"https:\/\/schema.org","@graph":[{"@type":"WebPage","@id":"https:\/\/tkg-duisburg.de\/?p=7100","url":"https:\/\/tkg-duisburg.de\/?p=7100","name":"Ein Tag an der Ruhr-Universit\u00e4t Bochum - Alumni-TalentWerkst\u00e4ttentreffen Mai 2022 - Theodor K\u00f6nig Gesamtschule Duisburg","isPartOf":{"@id":"https:\/\/tkg-duisburg.de\/#website"},"primaryImageOfPage":{"@id":"https:\/\/tkg-duisburg.de\/?p=7100#primaryimage"},"image":{"@id":"https:\/\/tkg-duisburg.de\/?p=7100#primaryimage"},"thumbnailUrl":"https:\/\/tkg-duisburg.de\/wp-content\/uploads\/2022\/05\/image-20.png","datePublished":"2022-05-22T09:25:04+00:00","dateModified":"2022-05-22T09:25:06+00:00","author":{"@id":"https:\/\/tkg-duisburg.de\/#\/schema\/person\/5a5b174492de297d4b57e9a3d89564ee"},"breadcrumb":{"@id":"https:\/\/tkg-duisburg.de\/?p=7100#breadcrumb"},"inLanguage":"de","potentialAction":[{"@type":"ReadAction","target":["https:\/\/tkg-duisburg.de\/?p=7100"]}]},{"@type":"ImageObject","inLanguage":"de","@id":"https:\/\/tkg-duisburg.de\/?p=7100#primaryimage","url":"https:\/\/tkg-duisburg.de\/wp-content\/uploads\/2022\/05\/image-20.png","contentUrl":"https:\/\/tkg-duisburg.de\/wp-content\/uploads\/2022\/05\/image-20.png","width":313,"height":219},{"@type":"BreadcrumbList","@id":"https:\/\/tkg-duisburg.de\/?p=7100#breadcrumb","itemListElement":[{"@type":"ListItem","position":1,"name":"Startseite","item":"https:\/\/tkg-duisburg.de\/"},{"@type":"ListItem","position":2,"name":"Ein Tag an der Ruhr-Universit\u00e4t Bochum &#8211; Alumni-TalentWerkst\u00e4ttentreffen Mai 2022"}]},{"@type":"WebSite","@id":"https:\/\/tkg-duisburg.de\/#website","url":"https:\/\/tkg-duisburg.de\/","name":"Theodor K\u00f6nig Gesamtschule Duisburg","description":"","potentialAction":[{"@type":"SearchAction","target":{"@type":"EntryPoint","urlTemplate":"https:\/\/tkg-duisburg.de\/?s={search_term_string}"},"query-input":"required name=search_term_string"}],"inLanguage":"de"},{"@type":"Person","@id":"https:\/\/tkg-duisburg.de\/#\/schema\/person\/5a5b174492de297d4b57e9a3d89564ee","name":"Bj\u00f6rn Becker","image":{"@type":"ImageObject","inLanguage":"de","@id":"https:\/\/tkg-duisburg.de\/#\/schema\/person\/image\/","url":"https:\/\/secure.gravatar.com\/avatar\/c7690b9f448fdd19e7a021d2d0201faa0dc70513a48fc7103388e3231c3056a4?s=96&d=mm&r=g","contentUrl":"https:\/\/secure.gravatar.com\/avatar\/c7690b9f448fdd19e7a021d2d0201faa0dc70513a48fc7103388e3231c3056a4?s=96&d=mm&r=g","caption":"Bj\u00f6rn Becker"},"url":"https:\/\/tkg-duisburg.de\/?author=5"}]}},"_links":{"self":[{"href":"https:\/\/tkg-duisburg.de\/index.php?rest_route=\/wp\/v2\/posts\/7100","targetHints":{"allow":["GET"]}}],"collection":[{"href":"https:\/\/tkg-duisburg.de\/index.php?rest_route=\/wp\/v2\/posts"}],"about":[{"href":"https:\/\/tkg-duisburg.de\/index.php?rest_route=\/wp\/v2\/types\/post"}],"author":[{"embeddable":true,"href":"https:\/\/tkg-duisburg.de\/index.php?rest_route=\/wp\/v2\/users\/5"}],"replies":[{"embeddable":true,"href":"https:\/\/tkg-duisburg.de\/index.php?rest_route=%2Fwp%2Fv2%2Fcomments&post=7100"}],"version-history":[{"count":1,"href":"https:\/\/tkg-duisburg.de\/index.php?rest_route=\/wp\/v2\/posts\/7100\/revisions"}],"predecessor-version":[{"id":7108,"href":"https:\/\/tkg-duisburg.de\/index.php?rest_route=\/wp\/v2\/posts\/7100\/revisions\/7108"}],"wp:attachment":[{"href":"https:\/\/tkg-duisburg.de\/index.php?rest_route=%2Fwp%2Fv2%2Fmedia&parent=7100"}],"wp:term":[{"taxonomy":"category","embeddable":true,"href":"https:\/\/tkg-duisburg.de\/index.php?rest_route=%2Fwp%2Fv2%2Fcategories&post=7100"},{"taxonomy":"post_tag","embeddable":true,"href":"https:\/\/tkg-duisburg.de\/index.php?rest_route=%2Fwp%2Fv2%2Ftags&post=7100"}],"curies":[{"name":"wp","href":"https:\/\/api.w.org\/{rel}","templated":true}]}}