{"id":7141,"date":"2022-05-25T17:18:12","date_gmt":"2022-05-25T15:18:12","guid":{"rendered":"https:\/\/tkg-duisburg.de\/?p=7141"},"modified":"2022-05-25T17:18:13","modified_gmt":"2022-05-25T15:18:13","slug":"zweitzeugin-werden-ruhrtalent-leyla-satilmis","status":"publish","type":"post","link":"https:\/\/tkg-duisburg.de\/?p=7141","title":{"rendered":"\u201eZweitzeug*in werden\u201c \u2013 RuhrTalent Leyla Satilmis"},"content":{"rendered":"\n<p>Heute (21.05.2022) durfte ich als RuhrTalent am Workshop \u201eZweitzeug*in werden!\u201c teilnehmen. Der Workshop wurde von einem Mitglied des Vereins ZWEITZEUGEN e.V. durchgef\u00fchrt. Der Verein ZWEITZEUGEN e.V. dokumentiert \u00dcberlebensgeschichten des Holocausts, um sie nachfolgenden Generationen als Zweitzeug*innen der Zeitzeug*innen weiterzuerz\u00e4hlen.\u00a0<\/p>\n\n\n\n<p>Wir, die RuhrTalente wurden f\u00fcr diese Veranstaltung ins NRW-Talentf\u00f6rderzentrum eingeladen, um selber \u201eZeitzeug*innen oder genauer Zweitzeug\u2018*innen zu werden.\u00a0<\/p>\n\n\n\n<blockquote class=\"wp-block-quote is-layout-flow wp-block-quote-is-layout-flow\"><p>\u00a0<strong>\u201eJEDER MENSCH IN DEUTSCHLAND HAT AKTIV TEIL AN EINER AKZEPTIERENDEN, OFFENEN UND VIELF\u00c4LTIGEN GESELLSCHAFT, DIE SO ETWAS WIE DEN HOLOCAUST NICHT MEHR ZUL\u00c4SST.\u201c<\/strong><\/p><cite><strong>ZEITZEUGEN E.V.<\/strong><\/cite><\/blockquote>\n\n\n\n<!--more-->\n\n\n\n<p>In diesem Workshop haben wir uns mit Holocaust-\u00dcberlebensgeschichten auseinandergesetzt<\/p>\n\n\n\n<div class=\"wp-block-image\"><figure class=\"alignright size-full is-resized\"><img decoding=\"async\" src=\"https:\/\/tkg-duisburg.de\/wp-content\/uploads\/2022\/05\/image-27.png\" alt=\"\" class=\"wp-image-7142\" width=\"150\" srcset=\"https:\/\/tkg-duisburg.de\/wp-content\/uploads\/2022\/05\/image-27.png 260w, https:\/\/tkg-duisburg.de\/wp-content\/uploads\/2022\/05\/image-27-216x300.png 216w\" sizes=\"(max-width: 260px) 100vw, 260px\" \/><\/figure><\/div>\n\n\n\n<p> und gelernt, wie wir die Geschichte der \u00dcberlebenden weitergeben k\u00f6nnen und uns so stark gegen Antisemitismus und Rassismus machen.\u00a0<\/p>\n\n\n\n<p>Es war ein sehr bewegender und emotionaler Tag. Nicht nur, weil wir uns mit dem Holocaust auseinandersetzten, sondern uns auch damit auseinandersetzten, inwieweit Antisemitismus und Rassismus immer noch eine Rolle spielen und was die aktuellen politischen Entwicklungen bedeuten. Uns wurde bewusst, dass jede*r gegen Unterdr\u00fcckung, Diskriminierung, Rassismus, Krieg, \u2026 aktiv eintreten muss und nicht schweigen darf.&nbsp;<\/p>\n\n\n\n<p>Leyla Satilmis, RuhrTalent (Jahrgangsstufe Q 1)&nbsp;<\/p>\n\n\n\n<p>Ver\u00f6ffentlichung genehmigt durch: C. Hiller-Kitzmann, Abteilungsleiterin Oberstufe&nbsp;<\/p>\n","protected":false},"excerpt":{"rendered":"<p>Heute (21.05.2022) durfte ich als RuhrTalent am Workshop \u201eZweitzeug*in werden!\u201c teilnehmen. Der Workshop wurde von einem Mitglied des Vereins ZWEITZEUGEN e.V. durchgef\u00fchrt. Der Verein ZWEITZEUGEN e.V. dokumentiert \u00dcberlebensgeschichten des Holocausts, um sie nachfolgenden Generationen als Zweitzeug*innen der Zeitzeug*innen weiterzuerz\u00e4hlen.\u00a0 Wir, die RuhrTalente wurden f\u00fcr diese Veranstaltung ins NRW-Talentf\u00f6rderzentrum eingeladen, um selber \u201eZeitzeug*innen oder genauer Zweitzeug\u2018*innen &hellip; <a href=\"https:\/\/tkg-duisburg.de\/?p=7141\" class=\"more-link\"><span class=\"screen-reader-text\">\u201eZweitzeug*in werden\u201c \u2013 RuhrTalent Leyla Satilmis<\/span> weiterlesen <span class=\"meta-nav\">&rarr;<\/span><\/a><\/p>\n","protected":false},"author":5,"featured_media":0,"comment_status":"closed","ping_status":"open","sticky":false,"template":"","format":"standard","meta":{"footnotes":""},"categories":[31,57],"tags":[],"class_list":["post-7141","post","type-post","status-publish","format-standard","hentry","category-ausserschulisches-lernen","category-talentfoerderung"],"yoast_head":"<!-- This site is optimized with the Yoast SEO plugin v22.6 - https:\/\/yoast.com\/wordpress\/plugins\/seo\/ -->\n<title>\u201eZweitzeug*in werden\u201c \u2013 RuhrTalent Leyla Satilmis - Theodor K\u00f6nig Gesamtschule Duisburg<\/title>\n<meta name=\"robots\" content=\"index, follow, max-snippet:-1, max-image-preview:large, max-video-preview:-1\" \/>\n<link rel=\"canonical\" href=\"https:\/\/tkg-duisburg.de\/?p=7141\" \/>\n<meta property=\"og:locale\" content=\"de_DE\" \/>\n<meta property=\"og:type\" content=\"article\" \/>\n<meta property=\"og:title\" content=\"\u201eZweitzeug*in werden\u201c \u2013 RuhrTalent Leyla Satilmis - Theodor K\u00f6nig Gesamtschule Duisburg\" \/>\n<meta property=\"og:description\" content=\"Heute (21.05.2022) durfte ich als RuhrTalent am Workshop \u201eZweitzeug*in werden!\u201c teilnehmen. Der Workshop wurde von einem Mitglied des Vereins ZWEITZEUGEN e.V. durchgef\u00fchrt. Der Verein ZWEITZEUGEN e.V. dokumentiert \u00dcberlebensgeschichten des Holocausts, um sie nachfolgenden Generationen als Zweitzeug*innen der Zeitzeug*innen weiterzuerz\u00e4hlen.\u00a0 Wir, die RuhrTalente wurden f\u00fcr diese Veranstaltung ins NRW-Talentf\u00f6rderzentrum eingeladen, um selber \u201eZeitzeug*innen oder genauer Zweitzeug\u2018*innen &hellip; \u201eZweitzeug*in werden\u201c \u2013 RuhrTalent Leyla Satilmis weiterlesen &rarr;\" \/>\n<meta property=\"og:url\" content=\"https:\/\/tkg-duisburg.de\/?p=7141\" \/>\n<meta property=\"og:site_name\" content=\"Theodor K\u00f6nig Gesamtschule Duisburg\" \/>\n<meta property=\"article:published_time\" content=\"2022-05-25T15:18:12+00:00\" \/>\n<meta property=\"article:modified_time\" content=\"2022-05-25T15:18:13+00:00\" \/>\n<meta property=\"og:image\" content=\"https:\/\/tkg-duisburg.de\/wp-content\/uploads\/2022\/05\/image-27.png\" \/>\n<meta name=\"author\" content=\"Bj\u00f6rn Becker\" \/>\n<meta name=\"twitter:card\" content=\"summary_large_image\" \/>\n<meta name=\"twitter:label1\" content=\"Verfasst von\" \/>\n\t<meta name=\"twitter:data1\" content=\"Bj\u00f6rn Becker\" \/>\n\t<meta name=\"twitter:label2\" content=\"Gesch\u00e4tzte Lesezeit\" \/>\n\t<meta name=\"twitter:data2\" content=\"1\u00a0Minute\" \/>\n<script type=\"application\/ld+json\" class=\"yoast-schema-graph\">{\"@context\":\"https:\/\/schema.org\",\"@graph\":[{\"@type\":\"WebPage\",\"@id\":\"https:\/\/tkg-duisburg.de\/?p=7141\",\"url\":\"https:\/\/tkg-duisburg.de\/?p=7141\",\"name\":\"\u201eZweitzeug*in werden\u201c \u2013 RuhrTalent Leyla Satilmis - Theodor K\u00f6nig Gesamtschule Duisburg\",\"isPartOf\":{\"@id\":\"https:\/\/tkg-duisburg.de\/#website\"},\"primaryImageOfPage\":{\"@id\":\"https:\/\/tkg-duisburg.de\/?p=7141#primaryimage\"},\"image\":{\"@id\":\"https:\/\/tkg-duisburg.de\/?p=7141#primaryimage\"},\"thumbnailUrl\":\"https:\/\/tkg-duisburg.de\/wp-content\/uploads\/2022\/05\/image-27.png\",\"datePublished\":\"2022-05-25T15:18:12+00:00\",\"dateModified\":\"2022-05-25T15:18:13+00:00\",\"author\":{\"@id\":\"https:\/\/tkg-duisburg.de\/#\/schema\/person\/5a5b174492de297d4b57e9a3d89564ee\"},\"breadcrumb\":{\"@id\":\"https:\/\/tkg-duisburg.de\/?p=7141#breadcrumb\"},\"inLanguage\":\"de\",\"potentialAction\":[{\"@type\":\"ReadAction\",\"target\":[\"https:\/\/tkg-duisburg.de\/?p=7141\"]}]},{\"@type\":\"ImageObject\",\"inLanguage\":\"de\",\"@id\":\"https:\/\/tkg-duisburg.de\/?p=7141#primaryimage\",\"url\":\"https:\/\/tkg-duisburg.de\/wp-content\/uploads\/2022\/05\/image-27.png\",\"contentUrl\":\"https:\/\/tkg-duisburg.de\/wp-content\/uploads\/2022\/05\/image-27.png\",\"width\":260,\"height\":361},{\"@type\":\"BreadcrumbList\",\"@id\":\"https:\/\/tkg-duisburg.de\/?p=7141#breadcrumb\",\"itemListElement\":[{\"@type\":\"ListItem\",\"position\":1,\"name\":\"Startseite\",\"item\":\"https:\/\/tkg-duisburg.de\/\"},{\"@type\":\"ListItem\",\"position\":2,\"name\":\"\u201eZweitzeug*in werden\u201c \u2013 RuhrTalent Leyla Satilmis\"}]},{\"@type\":\"WebSite\",\"@id\":\"https:\/\/tkg-duisburg.de\/#website\",\"url\":\"https:\/\/tkg-duisburg.de\/\",\"name\":\"Theodor K\u00f6nig Gesamtschule Duisburg\",\"description\":\"\",\"potentialAction\":[{\"@type\":\"SearchAction\",\"target\":{\"@type\":\"EntryPoint\",\"urlTemplate\":\"https:\/\/tkg-duisburg.de\/?s={search_term_string}\"},\"query-input\":\"required name=search_term_string\"}],\"inLanguage\":\"de\"},{\"@type\":\"Person\",\"@id\":\"https:\/\/tkg-duisburg.de\/#\/schema\/person\/5a5b174492de297d4b57e9a3d89564ee\",\"name\":\"Bj\u00f6rn Becker\",\"image\":{\"@type\":\"ImageObject\",\"inLanguage\":\"de\",\"@id\":\"https:\/\/tkg-duisburg.de\/#\/schema\/person\/image\/\",\"url\":\"https:\/\/secure.gravatar.com\/avatar\/c7690b9f448fdd19e7a021d2d0201faa0dc70513a48fc7103388e3231c3056a4?s=96&d=mm&r=g\",\"contentUrl\":\"https:\/\/secure.gravatar.com\/avatar\/c7690b9f448fdd19e7a021d2d0201faa0dc70513a48fc7103388e3231c3056a4?s=96&d=mm&r=g\",\"caption\":\"Bj\u00f6rn Becker\"},\"url\":\"https:\/\/tkg-duisburg.de\/?author=5\"}]}<\/script>\n<!-- \/ Yoast SEO plugin. -->","yoast_head_json":{"title":"\u201eZweitzeug*in werden\u201c \u2013 RuhrTalent Leyla Satilmis - Theodor K\u00f6nig Gesamtschule Duisburg","robots":{"index":"index","follow":"follow","max-snippet":"max-snippet:-1","max-image-preview":"max-image-preview:large","max-video-preview":"max-video-preview:-1"},"canonical":"https:\/\/tkg-duisburg.de\/?p=7141","og_locale":"de_DE","og_type":"article","og_title":"\u201eZweitzeug*in werden\u201c \u2013 RuhrTalent Leyla Satilmis - Theodor K\u00f6nig Gesamtschule Duisburg","og_description":"Heute (21.05.2022) durfte ich als RuhrTalent am Workshop \u201eZweitzeug*in werden!\u201c teilnehmen. Der Workshop wurde von einem Mitglied des Vereins ZWEITZEUGEN e.V. durchgef\u00fchrt. Der Verein ZWEITZEUGEN e.V. dokumentiert \u00dcberlebensgeschichten des Holocausts, um sie nachfolgenden Generationen als Zweitzeug*innen der Zeitzeug*innen weiterzuerz\u00e4hlen.\u00a0 Wir, die RuhrTalente wurden f\u00fcr diese Veranstaltung ins NRW-Talentf\u00f6rderzentrum eingeladen, um selber \u201eZeitzeug*innen oder genauer Zweitzeug\u2018*innen &hellip; \u201eZweitzeug*in werden\u201c \u2013 RuhrTalent Leyla Satilmis weiterlesen &rarr;","og_url":"https:\/\/tkg-duisburg.de\/?p=7141","og_site_name":"Theodor K\u00f6nig Gesamtschule Duisburg","article_published_time":"2022-05-25T15:18:12+00:00","article_modified_time":"2022-05-25T15:18:13+00:00","og_image":[{"url":"https:\/\/tkg-duisburg.de\/wp-content\/uploads\/2022\/05\/image-27.png"}],"author":"Bj\u00f6rn Becker","twitter_card":"summary_large_image","twitter_misc":{"Verfasst von":"Bj\u00f6rn Becker","Gesch\u00e4tzte Lesezeit":"1\u00a0Minute"},"schema":{"@context":"https:\/\/schema.org","@graph":[{"@type":"WebPage","@id":"https:\/\/tkg-duisburg.de\/?p=7141","url":"https:\/\/tkg-duisburg.de\/?p=7141","name":"\u201eZweitzeug*in werden\u201c \u2013 RuhrTalent Leyla Satilmis - Theodor K\u00f6nig Gesamtschule Duisburg","isPartOf":{"@id":"https:\/\/tkg-duisburg.de\/#website"},"primaryImageOfPage":{"@id":"https:\/\/tkg-duisburg.de\/?p=7141#primaryimage"},"image":{"@id":"https:\/\/tkg-duisburg.de\/?p=7141#primaryimage"},"thumbnailUrl":"https:\/\/tkg-duisburg.de\/wp-content\/uploads\/2022\/05\/image-27.png","datePublished":"2022-05-25T15:18:12+00:00","dateModified":"2022-05-25T15:18:13+00:00","author":{"@id":"https:\/\/tkg-duisburg.de\/#\/schema\/person\/5a5b174492de297d4b57e9a3d89564ee"},"breadcrumb":{"@id":"https:\/\/tkg-duisburg.de\/?p=7141#breadcrumb"},"inLanguage":"de","potentialAction":[{"@type":"ReadAction","target":["https:\/\/tkg-duisburg.de\/?p=7141"]}]},{"@type":"ImageObject","inLanguage":"de","@id":"https:\/\/tkg-duisburg.de\/?p=7141#primaryimage","url":"https:\/\/tkg-duisburg.de\/wp-content\/uploads\/2022\/05\/image-27.png","contentUrl":"https:\/\/tkg-duisburg.de\/wp-content\/uploads\/2022\/05\/image-27.png","width":260,"height":361},{"@type":"BreadcrumbList","@id":"https:\/\/tkg-duisburg.de\/?p=7141#breadcrumb","itemListElement":[{"@type":"ListItem","position":1,"name":"Startseite","item":"https:\/\/tkg-duisburg.de\/"},{"@type":"ListItem","position":2,"name":"\u201eZweitzeug*in werden\u201c \u2013 RuhrTalent Leyla Satilmis"}]},{"@type":"WebSite","@id":"https:\/\/tkg-duisburg.de\/#website","url":"https:\/\/tkg-duisburg.de\/","name":"Theodor K\u00f6nig Gesamtschule Duisburg","description":"","potentialAction":[{"@type":"SearchAction","target":{"@type":"EntryPoint","urlTemplate":"https:\/\/tkg-duisburg.de\/?s={search_term_string}"},"query-input":"required name=search_term_string"}],"inLanguage":"de"},{"@type":"Person","@id":"https:\/\/tkg-duisburg.de\/#\/schema\/person\/5a5b174492de297d4b57e9a3d89564ee","name":"Bj\u00f6rn Becker","image":{"@type":"ImageObject","inLanguage":"de","@id":"https:\/\/tkg-duisburg.de\/#\/schema\/person\/image\/","url":"https:\/\/secure.gravatar.com\/avatar\/c7690b9f448fdd19e7a021d2d0201faa0dc70513a48fc7103388e3231c3056a4?s=96&d=mm&r=g","contentUrl":"https:\/\/secure.gravatar.com\/avatar\/c7690b9f448fdd19e7a021d2d0201faa0dc70513a48fc7103388e3231c3056a4?s=96&d=mm&r=g","caption":"Bj\u00f6rn Becker"},"url":"https:\/\/tkg-duisburg.de\/?author=5"}]}},"_links":{"self":[{"href":"https:\/\/tkg-duisburg.de\/index.php?rest_route=\/wp\/v2\/posts\/7141","targetHints":{"allow":["GET"]}}],"collection":[{"href":"https:\/\/tkg-duisburg.de\/index.php?rest_route=\/wp\/v2\/posts"}],"about":[{"href":"https:\/\/tkg-duisburg.de\/index.php?rest_route=\/wp\/v2\/types\/post"}],"author":[{"embeddable":true,"href":"https:\/\/tkg-duisburg.de\/index.php?rest_route=\/wp\/v2\/users\/5"}],"replies":[{"embeddable":true,"href":"https:\/\/tkg-duisburg.de\/index.php?rest_route=%2Fwp%2Fv2%2Fcomments&post=7141"}],"version-history":[{"count":1,"href":"https:\/\/tkg-duisburg.de\/index.php?rest_route=\/wp\/v2\/posts\/7141\/revisions"}],"predecessor-version":[{"id":7143,"href":"https:\/\/tkg-duisburg.de\/index.php?rest_route=\/wp\/v2\/posts\/7141\/revisions\/7143"}],"wp:attachment":[{"href":"https:\/\/tkg-duisburg.de\/index.php?rest_route=%2Fwp%2Fv2%2Fmedia&parent=7141"}],"wp:term":[{"taxonomy":"category","embeddable":true,"href":"https:\/\/tkg-duisburg.de\/index.php?rest_route=%2Fwp%2Fv2%2Fcategories&post=7141"},{"taxonomy":"post_tag","embeddable":true,"href":"https:\/\/tkg-duisburg.de\/index.php?rest_route=%2Fwp%2Fv2%2Ftags&post=7141"}],"curies":[{"name":"wp","href":"https:\/\/api.w.org\/{rel}","templated":true}]}}