{"id":7192,"date":"2022-06-25T11:29:40","date_gmt":"2022-06-25T09:29:40","guid":{"rendered":"https:\/\/tkg-duisburg.de\/?p=7192"},"modified":"2022-06-25T11:29:41","modified_gmt":"2022-06-25T09:29:41","slug":"deutsch-bosnische-jugendbegegnung-asli-sude-und-hussein-q-1","status":"publish","type":"post","link":"https:\/\/tkg-duisburg.de\/?p=7192","title":{"rendered":"Deutsch-Bosnische Jugendbegegnung &#8211; Asli, Sude und Hussein (Q 1)"},"content":{"rendered":"\n<div class=\"wp-block-image\"><figure class=\"alignright size-full is-resized\"><img decoding=\"async\" src=\"https:\/\/tkg-duisburg.de\/wp-content\/uploads\/2022\/06\/image-11.png\" alt=\"\" class=\"wp-image-7193\" width=\"150\" srcset=\"https:\/\/tkg-duisburg.de\/wp-content\/uploads\/2022\/06\/image-11.png 228w, https:\/\/tkg-duisburg.de\/wp-content\/uploads\/2022\/06\/image-11-225x300.png 225w, https:\/\/tkg-duisburg.de\/wp-content\/uploads\/2022\/06\/image-11-150x200.png 150w\" sizes=\"(max-width: 228px) 100vw, 228px\" \/><\/figure><\/div>\n\n\n\n<p>\u00a0\u00dcber ihre Teilnahme an den Talentwerkst\u00e4tten der TMR wurden Asli, Sude und Hussein auf die<\/p>\n\n\n\n<p> durch die Jugendakademie Walberg e.V. organisierte Deutsch-Bosnische Jugendbegegnung aufmerksam und meldeten sich f\u00fcr die Teilnahme an.\u00a0<\/p>\n\n\n\n<!--more-->\n\n\n\n<div class=\"wp-block-image\"><figure class=\"alignleft size-full is-resized\"><img decoding=\"async\" src=\"https:\/\/tkg-duisburg.de\/wp-content\/uploads\/2022\/06\/image-12.png\" alt=\"\" class=\"wp-image-7194\" width=\"150\" srcset=\"https:\/\/tkg-duisburg.de\/wp-content\/uploads\/2022\/06\/image-12.png 413w, https:\/\/tkg-duisburg.de\/wp-content\/uploads\/2022\/06\/image-12-300x265.png 300w\" sizes=\"(max-width: 413px) 100vw, 413px\" \/><\/figure><\/div>\n\n\n\n<p><strong>Hussein: <\/strong><em>\u201eBei der Deutsch-Bosnischen Jugendbegegnung begegnen sich junge Menschen aus Bosnien und Deutschland. In diesem Jahr treffen sich die jungen Bosnier und die jungen Deutschen in den Sommerferien in Deutschland und in den Herbstferien in Bosnien, tauschen sich \u00fcber kulturelle Fragen aus und besch\u00e4ftigen sich mit dem Thema Nachhaltigkeit.\u00a0Ich bin gespannt, welche Menschen wir kennenlernen und was wir voneinander aber auch miteinander lernen k\u00f6nnen.\u201c\u00a0<\/em><\/p>\n\n\n\n<p><strong>Asli: <\/strong><em>\u201eAm Samstag, 11.06. waren wir drei zum Vorbereitungstreffen der deutsch-bosnischen <\/em><\/p>\n\n\n\n<div class=\"wp-block-image\"><figure class=\"alignright size-full is-resized\"><img decoding=\"async\" src=\"https:\/\/tkg-duisburg.de\/wp-content\/uploads\/2022\/06\/image-13.png\" alt=\"\" class=\"wp-image-7195\" width=\"200\" srcset=\"https:\/\/tkg-duisburg.de\/wp-content\/uploads\/2022\/06\/image-13.png 384w, https:\/\/tkg-duisburg.de\/wp-content\/uploads\/2022\/06\/image-13-300x169.png 300w\" sizes=\"(max-width: 384px) 100vw, 384px\" \/><\/figure><\/div>\n\n\n\n<div class=\"wp-block-image\"><figure class=\"alignleft size-full is-resized\"><img decoding=\"async\" src=\"https:\/\/tkg-duisburg.de\/wp-content\/uploads\/2022\/06\/image-14.png\" alt=\"\" class=\"wp-image-7196\" width=\"200\" srcset=\"https:\/\/tkg-duisburg.de\/wp-content\/uploads\/2022\/06\/image-14.png 356w, https:\/\/tkg-duisburg.de\/wp-content\/uploads\/2022\/06\/image-14-300x225.png 300w\" sizes=\"(max-width: 356px) 100vw, 356px\" \/><\/figure><\/div>\n\n\n\n<p><em>Jugendbegegnung in K\u00f6ln. Dieses Treffen diente als \u201eInfo-Tag\u201c, an dem wir Einiges \u00fcber unser Projekt und \u00fcber das Land Bosnien erfahren haben. Unser Hauptthema bei diesem Treffen war die Frage der Nachhaltigkeit. Und nat\u00fcrlich lernten wir die weiteren Teilnehmer*Innen kennen.\u00a0Nat\u00fcrlich hatten wir auch jede Menge Spa\u00df und leckeres Essen.\u00a0Wir drei freuen uns schon jetzt auf die anstehenden Begegnungen in Deutschland und Bosnien.\u201c\u00a0<\/em><\/p>\n\n\n\n<p>Nat\u00fcrlich werden Asli, Sude und Hussein mit Bildern und Texten von diesen Begegnungen berichten. Und ich bin schon sehr gespannt, welche Erfahrungen sie machen und welche neuen Menschen sie kennenlernen.\u00a0<\/p>\n\n\n\n<div class=\"wp-block-image\"><figure class=\"aligncenter size-full\"><img loading=\"lazy\" decoding=\"async\" width=\"631\" height=\"473\" src=\"https:\/\/tkg-duisburg.de\/wp-content\/uploads\/2022\/06\/image-15.png\" alt=\"\" class=\"wp-image-7197\" srcset=\"https:\/\/tkg-duisburg.de\/wp-content\/uploads\/2022\/06\/image-15.png 631w, https:\/\/tkg-duisburg.de\/wp-content\/uploads\/2022\/06\/image-15-300x225.png 300w\" sizes=\"auto, (max-width: 631px) 100vw, 631px\" \/><\/figure><\/div>\n\n\n\n<p><strong>Asli, Sude und Hussein (Q 1)&nbsp;<\/strong><\/p>\n\n\n\n<p><strong>Cordula Hiller-Kitzmann (Abteilungsleiterin Oberstufe)&nbsp;<\/strong><\/p>\n","protected":false},"excerpt":{"rendered":"<p>\u00a0\u00dcber ihre Teilnahme an den Talentwerkst\u00e4tten der TMR wurden Asli, Sude und Hussein auf die durch die Jugendakademie Walberg e.V. organisierte Deutsch-Bosnische Jugendbegegnung aufmerksam und meldeten sich f\u00fcr die Teilnahme an.\u00a0<\/p>\n","protected":false},"author":5,"featured_media":0,"comment_status":"closed","ping_status":"open","sticky":false,"template":"","format":"standard","meta":{"footnotes":""},"categories":[31,57],"tags":[],"class_list":["post-7192","post","type-post","status-publish","format-standard","hentry","category-ausserschulisches-lernen","category-talentfoerderung"],"yoast_head":"<!-- This site is optimized with the Yoast SEO plugin v22.6 - https:\/\/yoast.com\/wordpress\/plugins\/seo\/ -->\n<title>Deutsch-Bosnische Jugendbegegnung - Asli, Sude und Hussein (Q 1) - Theodor K\u00f6nig Gesamtschule Duisburg<\/title>\n<meta name=\"robots\" content=\"index, follow, max-snippet:-1, max-image-preview:large, max-video-preview:-1\" \/>\n<link rel=\"canonical\" href=\"https:\/\/tkg-duisburg.de\/?p=7192\" \/>\n<meta property=\"og:locale\" content=\"de_DE\" \/>\n<meta property=\"og:type\" content=\"article\" \/>\n<meta property=\"og:title\" content=\"Deutsch-Bosnische Jugendbegegnung - Asli, Sude und Hussein (Q 1) - Theodor K\u00f6nig Gesamtschule Duisburg\" \/>\n<meta property=\"og:description\" content=\"\u00a0\u00dcber ihre Teilnahme an den Talentwerkst\u00e4tten der TMR wurden Asli, Sude und Hussein auf die durch die Jugendakademie Walberg e.V. organisierte Deutsch-Bosnische Jugendbegegnung aufmerksam und meldeten sich f\u00fcr die Teilnahme an.\u00a0\" \/>\n<meta property=\"og:url\" content=\"https:\/\/tkg-duisburg.de\/?p=7192\" \/>\n<meta property=\"og:site_name\" content=\"Theodor K\u00f6nig Gesamtschule Duisburg\" \/>\n<meta property=\"article:published_time\" content=\"2022-06-25T09:29:40+00:00\" \/>\n<meta property=\"article:modified_time\" content=\"2022-06-25T09:29:41+00:00\" \/>\n<meta property=\"og:image\" content=\"https:\/\/tkg-duisburg.de\/wp-content\/uploads\/2022\/06\/image-11.png\" \/>\n<meta name=\"author\" content=\"Bj\u00f6rn Becker\" \/>\n<meta name=\"twitter:card\" content=\"summary_large_image\" \/>\n<meta name=\"twitter:label1\" content=\"Verfasst von\" \/>\n\t<meta name=\"twitter:data1\" content=\"Bj\u00f6rn Becker\" \/>\n\t<meta name=\"twitter:label2\" content=\"Gesch\u00e4tzte Lesezeit\" \/>\n\t<meta name=\"twitter:data2\" content=\"1\u00a0Minute\" \/>\n<script type=\"application\/ld+json\" class=\"yoast-schema-graph\">{\"@context\":\"https:\/\/schema.org\",\"@graph\":[{\"@type\":\"WebPage\",\"@id\":\"https:\/\/tkg-duisburg.de\/?p=7192\",\"url\":\"https:\/\/tkg-duisburg.de\/?p=7192\",\"name\":\"Deutsch-Bosnische Jugendbegegnung - Asli, Sude und Hussein (Q 1) - Theodor K\u00f6nig Gesamtschule Duisburg\",\"isPartOf\":{\"@id\":\"https:\/\/tkg-duisburg.de\/#website\"},\"primaryImageOfPage\":{\"@id\":\"https:\/\/tkg-duisburg.de\/?p=7192#primaryimage\"},\"image\":{\"@id\":\"https:\/\/tkg-duisburg.de\/?p=7192#primaryimage\"},\"thumbnailUrl\":\"https:\/\/tkg-duisburg.de\/wp-content\/uploads\/2022\/06\/image-11.png\",\"datePublished\":\"2022-06-25T09:29:40+00:00\",\"dateModified\":\"2022-06-25T09:29:41+00:00\",\"author\":{\"@id\":\"https:\/\/tkg-duisburg.de\/#\/schema\/person\/5a5b174492de297d4b57e9a3d89564ee\"},\"breadcrumb\":{\"@id\":\"https:\/\/tkg-duisburg.de\/?p=7192#breadcrumb\"},\"inLanguage\":\"de\",\"potentialAction\":[{\"@type\":\"ReadAction\",\"target\":[\"https:\/\/tkg-duisburg.de\/?p=7192\"]}]},{\"@type\":\"ImageObject\",\"inLanguage\":\"de\",\"@id\":\"https:\/\/tkg-duisburg.de\/?p=7192#primaryimage\",\"url\":\"https:\/\/tkg-duisburg.de\/wp-content\/uploads\/2022\/06\/image-11.png\",\"contentUrl\":\"https:\/\/tkg-duisburg.de\/wp-content\/uploads\/2022\/06\/image-11.png\",\"width\":228,\"height\":304},{\"@type\":\"BreadcrumbList\",\"@id\":\"https:\/\/tkg-duisburg.de\/?p=7192#breadcrumb\",\"itemListElement\":[{\"@type\":\"ListItem\",\"position\":1,\"name\":\"Startseite\",\"item\":\"https:\/\/tkg-duisburg.de\/\"},{\"@type\":\"ListItem\",\"position\":2,\"name\":\"Deutsch-Bosnische Jugendbegegnung &#8211; Asli, Sude und Hussein (Q 1)\"}]},{\"@type\":\"WebSite\",\"@id\":\"https:\/\/tkg-duisburg.de\/#website\",\"url\":\"https:\/\/tkg-duisburg.de\/\",\"name\":\"Theodor K\u00f6nig Gesamtschule Duisburg\",\"description\":\"\",\"potentialAction\":[{\"@type\":\"SearchAction\",\"target\":{\"@type\":\"EntryPoint\",\"urlTemplate\":\"https:\/\/tkg-duisburg.de\/?s={search_term_string}\"},\"query-input\":\"required name=search_term_string\"}],\"inLanguage\":\"de\"},{\"@type\":\"Person\",\"@id\":\"https:\/\/tkg-duisburg.de\/#\/schema\/person\/5a5b174492de297d4b57e9a3d89564ee\",\"name\":\"Bj\u00f6rn Becker\",\"image\":{\"@type\":\"ImageObject\",\"inLanguage\":\"de\",\"@id\":\"https:\/\/tkg-duisburg.de\/#\/schema\/person\/image\/\",\"url\":\"https:\/\/secure.gravatar.com\/avatar\/c7690b9f448fdd19e7a021d2d0201faa0dc70513a48fc7103388e3231c3056a4?s=96&d=mm&r=g\",\"contentUrl\":\"https:\/\/secure.gravatar.com\/avatar\/c7690b9f448fdd19e7a021d2d0201faa0dc70513a48fc7103388e3231c3056a4?s=96&d=mm&r=g\",\"caption\":\"Bj\u00f6rn Becker\"},\"url\":\"https:\/\/tkg-duisburg.de\/?author=5\"}]}<\/script>\n<!-- \/ Yoast SEO plugin. -->","yoast_head_json":{"title":"Deutsch-Bosnische Jugendbegegnung - Asli, Sude und Hussein (Q 1) - Theodor K\u00f6nig Gesamtschule Duisburg","robots":{"index":"index","follow":"follow","max-snippet":"max-snippet:-1","max-image-preview":"max-image-preview:large","max-video-preview":"max-video-preview:-1"},"canonical":"https:\/\/tkg-duisburg.de\/?p=7192","og_locale":"de_DE","og_type":"article","og_title":"Deutsch-Bosnische Jugendbegegnung - Asli, Sude und Hussein (Q 1) - Theodor K\u00f6nig Gesamtschule Duisburg","og_description":"\u00a0\u00dcber ihre Teilnahme an den Talentwerkst\u00e4tten der TMR wurden Asli, Sude und Hussein auf die durch die Jugendakademie Walberg e.V. organisierte Deutsch-Bosnische Jugendbegegnung aufmerksam und meldeten sich f\u00fcr die Teilnahme an.\u00a0","og_url":"https:\/\/tkg-duisburg.de\/?p=7192","og_site_name":"Theodor K\u00f6nig Gesamtschule Duisburg","article_published_time":"2022-06-25T09:29:40+00:00","article_modified_time":"2022-06-25T09:29:41+00:00","og_image":[{"url":"https:\/\/tkg-duisburg.de\/wp-content\/uploads\/2022\/06\/image-11.png"}],"author":"Bj\u00f6rn Becker","twitter_card":"summary_large_image","twitter_misc":{"Verfasst von":"Bj\u00f6rn Becker","Gesch\u00e4tzte Lesezeit":"1\u00a0Minute"},"schema":{"@context":"https:\/\/schema.org","@graph":[{"@type":"WebPage","@id":"https:\/\/tkg-duisburg.de\/?p=7192","url":"https:\/\/tkg-duisburg.de\/?p=7192","name":"Deutsch-Bosnische Jugendbegegnung - Asli, Sude und Hussein (Q 1) - Theodor K\u00f6nig Gesamtschule Duisburg","isPartOf":{"@id":"https:\/\/tkg-duisburg.de\/#website"},"primaryImageOfPage":{"@id":"https:\/\/tkg-duisburg.de\/?p=7192#primaryimage"},"image":{"@id":"https:\/\/tkg-duisburg.de\/?p=7192#primaryimage"},"thumbnailUrl":"https:\/\/tkg-duisburg.de\/wp-content\/uploads\/2022\/06\/image-11.png","datePublished":"2022-06-25T09:29:40+00:00","dateModified":"2022-06-25T09:29:41+00:00","author":{"@id":"https:\/\/tkg-duisburg.de\/#\/schema\/person\/5a5b174492de297d4b57e9a3d89564ee"},"breadcrumb":{"@id":"https:\/\/tkg-duisburg.de\/?p=7192#breadcrumb"},"inLanguage":"de","potentialAction":[{"@type":"ReadAction","target":["https:\/\/tkg-duisburg.de\/?p=7192"]}]},{"@type":"ImageObject","inLanguage":"de","@id":"https:\/\/tkg-duisburg.de\/?p=7192#primaryimage","url":"https:\/\/tkg-duisburg.de\/wp-content\/uploads\/2022\/06\/image-11.png","contentUrl":"https:\/\/tkg-duisburg.de\/wp-content\/uploads\/2022\/06\/image-11.png","width":228,"height":304},{"@type":"BreadcrumbList","@id":"https:\/\/tkg-duisburg.de\/?p=7192#breadcrumb","itemListElement":[{"@type":"ListItem","position":1,"name":"Startseite","item":"https:\/\/tkg-duisburg.de\/"},{"@type":"ListItem","position":2,"name":"Deutsch-Bosnische Jugendbegegnung &#8211; Asli, Sude und Hussein (Q 1)"}]},{"@type":"WebSite","@id":"https:\/\/tkg-duisburg.de\/#website","url":"https:\/\/tkg-duisburg.de\/","name":"Theodor K\u00f6nig Gesamtschule Duisburg","description":"","potentialAction":[{"@type":"SearchAction","target":{"@type":"EntryPoint","urlTemplate":"https:\/\/tkg-duisburg.de\/?s={search_term_string}"},"query-input":"required name=search_term_string"}],"inLanguage":"de"},{"@type":"Person","@id":"https:\/\/tkg-duisburg.de\/#\/schema\/person\/5a5b174492de297d4b57e9a3d89564ee","name":"Bj\u00f6rn Becker","image":{"@type":"ImageObject","inLanguage":"de","@id":"https:\/\/tkg-duisburg.de\/#\/schema\/person\/image\/","url":"https:\/\/secure.gravatar.com\/avatar\/c7690b9f448fdd19e7a021d2d0201faa0dc70513a48fc7103388e3231c3056a4?s=96&d=mm&r=g","contentUrl":"https:\/\/secure.gravatar.com\/avatar\/c7690b9f448fdd19e7a021d2d0201faa0dc70513a48fc7103388e3231c3056a4?s=96&d=mm&r=g","caption":"Bj\u00f6rn Becker"},"url":"https:\/\/tkg-duisburg.de\/?author=5"}]}},"_links":{"self":[{"href":"https:\/\/tkg-duisburg.de\/index.php?rest_route=\/wp\/v2\/posts\/7192","targetHints":{"allow":["GET"]}}],"collection":[{"href":"https:\/\/tkg-duisburg.de\/index.php?rest_route=\/wp\/v2\/posts"}],"about":[{"href":"https:\/\/tkg-duisburg.de\/index.php?rest_route=\/wp\/v2\/types\/post"}],"author":[{"embeddable":true,"href":"https:\/\/tkg-duisburg.de\/index.php?rest_route=\/wp\/v2\/users\/5"}],"replies":[{"embeddable":true,"href":"https:\/\/tkg-duisburg.de\/index.php?rest_route=%2Fwp%2Fv2%2Fcomments&post=7192"}],"version-history":[{"count":1,"href":"https:\/\/tkg-duisburg.de\/index.php?rest_route=\/wp\/v2\/posts\/7192\/revisions"}],"predecessor-version":[{"id":7198,"href":"https:\/\/tkg-duisburg.de\/index.php?rest_route=\/wp\/v2\/posts\/7192\/revisions\/7198"}],"wp:attachment":[{"href":"https:\/\/tkg-duisburg.de\/index.php?rest_route=%2Fwp%2Fv2%2Fmedia&parent=7192"}],"wp:term":[{"taxonomy":"category","embeddable":true,"href":"https:\/\/tkg-duisburg.de\/index.php?rest_route=%2Fwp%2Fv2%2Fcategories&post=7192"},{"taxonomy":"post_tag","embeddable":true,"href":"https:\/\/tkg-duisburg.de\/index.php?rest_route=%2Fwp%2Fv2%2Ftags&post=7192"}],"curies":[{"name":"wp","href":"https:\/\/api.w.org\/{rel}","templated":true}]}}