{"id":7338,"date":"2022-09-14T17:03:44","date_gmt":"2022-09-14T15:03:44","guid":{"rendered":"https:\/\/tkg-duisburg.de\/?p=7338"},"modified":"2022-09-14T17:03:46","modified_gmt":"2022-09-14T15:03:46","slug":"aus-einer-zeitzeugin-wurden-drei","status":"publish","type":"post","link":"https:\/\/tkg-duisburg.de\/?p=7338","title":{"rendered":"AUS EINER ZEITZEUGIN WURDEN DREI!\u00a0"},"content":{"rendered":"<div class=\"wp-block-image\">\n<figure class=\"alignleft size-full is-resized\"><img loading=\"lazy\" decoding=\"async\" src=\"https:\/\/tkg-duisburg.de\/wp-content\/uploads\/2022\/09\/image-11.png\" alt=\"\" class=\"wp-image-7339\" width=\"144\" height=\"223\" srcset=\"https:\/\/tkg-duisburg.de\/wp-content\/uploads\/2022\/09\/image-11.png 253w, https:\/\/tkg-duisburg.de\/wp-content\/uploads\/2022\/09\/image-11-193x300.png 193w\" sizes=\"auto, (max-width: 144px) 100vw, 144px\" \/><\/figure>\n<\/div>\n\n\n<p>Am Donnerstag, den 1. September 2022, besuchten drei <em>Zweitzeugen <\/em>unsere Schule. Wir hatten die Ehre, mit den Enkelkindern von Frau <em>Sara Atzmon <\/em>ein Zweitzeugengespr\u00e4ch zu f\u00fchren, da sie selber aus gesundheitlichen Gr\u00fcnden leider verhindert war. Doch Ayelet, Yoaf und Yael fungierten als Sprachrohr und \u00fcbernahmen die Aufgabe, \u00fcber den Holocaust und die traumatischen Erfahrungen der Gro\u00dfmutter aufzukl\u00e4ren, denn diese Geschichte war, ist und wird stets Teil der Familie sein.\u00a0<\/p>\n\n\n\n<!--more-->\n\n\n\n<p>Zun\u00e4chst haben wir eine Filmsequenz aus dem Film <em>\u201eHolocaust light gibt es nicht\u201c <\/em>von und \u00fcber Sara Atzmon sehen d\u00fcrfen. Originale Bildaufnahmen aus den Konzentrationslagern lie\u00dfen uns zun\u00e4chst sehr bewegt und betroffen zur\u00fcck, denn es ist doch schon etwas ganz anderes, im Klassenraum dar\u00fcber zu sprechen und von Geschichtslehrern\/Innen so etwas erz\u00e4hlt zu bekommen.\u00a0<\/p>\n\n\n\n<p>So ergriff eine Enkelin anschlie\u00dfend das Wort und f\u00fchrte uns durch die Biografie der eigenen <\/p>\n\n\n<div class=\"wp-block-image\">\n<figure class=\"alignright size-full\"><img loading=\"lazy\" decoding=\"async\" width=\"368\" height=\"391\" src=\"https:\/\/tkg-duisburg.de\/wp-content\/uploads\/2022\/09\/image-12.png\" alt=\"\" class=\"wp-image-7340\" srcset=\"https:\/\/tkg-duisburg.de\/wp-content\/uploads\/2022\/09\/image-12.png 368w, https:\/\/tkg-duisburg.de\/wp-content\/uploads\/2022\/09\/image-12-282x300.png 282w\" sizes=\"auto, (max-width: 368px) 100vw, 368px\" \/><\/figure>\n<\/div>\n\n\n<p>Gro\u00dfmutter. Im jungen Alter von nur 12 Jahren erlebte die Gro\u00dfmutter die H\u00f6lle auf Erden. Sie wusste zun\u00e4chst nicht, wie ihr und ihrer Familie geschah. Diese traumatischen Erfahrungen zur NS-Zeit haben dazu gef\u00fchrt, dass Sara Atzmon selber lange nicht \u00fcber diese Ereignisse sprechen konnte. Erst viele Jahre sp\u00e4ter fing sie an zu malen und ihr Trauma durch ihre Kunst zu verarbeiten. Sie macht es sich seitdem zur Aufgabe, es der Welt zu erz\u00e4hlen.\u00a0<\/p>\n\n\n\n<p><strong><em>Die Shoah kann man nicht einfach abhaken, wir m\u00fcssen dar\u00fcber reden und d\u00fcrfen dar\u00fcber nicht schweigen, das wurde uns so erst richtig bewusst.&nbsp;<\/em><\/strong><\/p>\n\n\n\n<p>Im Anschluss stellten wir Fragen, welche wir bereits in unserer Vorbereitung auf das Gespr\u00e4ch vorbereitet hatten und Ayelet, Yoaf sowie Yael beantworteten diese so ausf\u00fchrlich wie m\u00f6glich. Zum Ende konnten wir sogar einen Teil von Sara Atzmons pers\u00f6nlichen Worten h\u00f6ren. Sie schrieb einen Brief f\u00fcr die amerikanischen Soldaten, von denen sie einst befreit wurde. Dies war abschlie\u00dfend noch mal sehr bewegend und wir erhielten somit einen emotionalen Einblick in ihre Gef\u00fchlslage.&nbsp;<\/p>\n\n\n\n<p>Obwohl das Gespr\u00e4ch auf Englisch stattfand, sehen wir diese Erfahrung als positiv an und m\u00f6chten uns ganz herzlich f\u00fcr die M\u00f6glichkeit bedanken. Wir hoffen, dass unsere Schule weiterhin die Chance hat, solche pr\u00e4genden Gespr\u00e4che zu f\u00fchren, denn dieser Tag war etwas Besonderes und wird uns sicherlich noch l\u00e4nger im Ged\u00e4chtnis bleiben.&nbsp;<\/p>\n\n\n\n<p>Ein entsprechend gro\u00dfes Danke geht daher auch raus an Ayelet, Yoaf und Yael, die ihr Wissen mit uns geteilt haben. An Sara Atzmon \u00fcbersenden wir viele Gr\u00fc\u00dfe, w\u00fcnschen eine hoffentlich schnelle Genesung und m\u00f6chten mit ihren Worten enden: <em>Spread love.&nbsp;<\/em><\/p>\n\n\n\n<p class=\"has-text-align-center\"><strong>Die Geschichtskurse der EF mit Herrn Bender und Frau Ramirez Delgado\u00a0<\/strong><\/p>\n\n\n\n<p>(Bilder von Sara Atzmon, ver\u00f6ffentlicht im Ausstellungskatalog \u201eMehr aus dem Vorhof des Satans\u201c 2011)&nbsp;<\/p>\n\n\n\n<p>(Ver\u00f6ffentlichung genehmigt durch: C. Hiller-Kitzmann, Abteilungsleiterin Oberstufe)&nbsp;<\/p>\n","protected":false},"excerpt":{"rendered":"<p>Am Donnerstag, den 1. September 2022, besuchten drei Zweitzeugen unsere Schule. Wir hatten die Ehre, mit den Enkelkindern von Frau Sara Atzmon ein Zweitzeugengespr\u00e4ch zu f\u00fchren, da sie selber aus gesundheitlichen Gr\u00fcnden leider verhindert war. Doch Ayelet, Yoaf und Yael fungierten als Sprachrohr und \u00fcbernahmen die Aufgabe, \u00fcber den Holocaust und die traumatischen Erfahrungen der &hellip; <a href=\"https:\/\/tkg-duisburg.de\/?p=7338\" class=\"more-link\"><span class=\"screen-reader-text\">AUS EINER ZEITZEUGIN WURDEN DREI!\u00a0<\/span> weiterlesen <span class=\"meta-nav\">&rarr;<\/span><\/a><\/p>\n","protected":false},"author":5,"featured_media":0,"comment_status":"closed","ping_status":"open","sticky":false,"template":"","format":"standard","meta":{"footnotes":""},"categories":[31,20,7,40,3],"tags":[],"class_list":["post-7338","post","type-post","status-publish","format-standard","hentry","category-ausserschulisches-lernen","category-ef","category-geschichte","category-sekundarstufe-ii","category-veranstaltungen"],"yoast_head":"<!-- This site is optimized with the Yoast SEO plugin v22.6 - https:\/\/yoast.com\/wordpress\/plugins\/seo\/ -->\n<title>AUS EINER ZEITZEUGIN WURDEN DREI!\u00a0 - Theodor K\u00f6nig Gesamtschule Duisburg<\/title>\n<meta name=\"robots\" content=\"index, follow, max-snippet:-1, max-image-preview:large, max-video-preview:-1\" \/>\n<link rel=\"canonical\" href=\"https:\/\/tkg-duisburg.de\/?p=7338\" \/>\n<meta property=\"og:locale\" content=\"de_DE\" \/>\n<meta property=\"og:type\" content=\"article\" \/>\n<meta property=\"og:title\" content=\"AUS EINER ZEITZEUGIN WURDEN DREI!\u00a0 - Theodor K\u00f6nig Gesamtschule Duisburg\" \/>\n<meta property=\"og:description\" content=\"Am Donnerstag, den 1. September 2022, besuchten drei Zweitzeugen unsere Schule. Wir hatten die Ehre, mit den Enkelkindern von Frau Sara Atzmon ein Zweitzeugengespr\u00e4ch zu f\u00fchren, da sie selber aus gesundheitlichen Gr\u00fcnden leider verhindert war. Doch Ayelet, Yoaf und Yael fungierten als Sprachrohr und \u00fcbernahmen die Aufgabe, \u00fcber den Holocaust und die traumatischen Erfahrungen der &hellip; AUS EINER ZEITZEUGIN WURDEN DREI!\u00a0 weiterlesen &rarr;\" \/>\n<meta property=\"og:url\" content=\"https:\/\/tkg-duisburg.de\/?p=7338\" \/>\n<meta property=\"og:site_name\" content=\"Theodor K\u00f6nig Gesamtschule Duisburg\" \/>\n<meta property=\"article:published_time\" content=\"2022-09-14T15:03:44+00:00\" \/>\n<meta property=\"article:modified_time\" content=\"2022-09-14T15:03:46+00:00\" \/>\n<meta property=\"og:image\" content=\"https:\/\/tkg-duisburg.de\/wp-content\/uploads\/2022\/09\/image-11.png\" \/>\n<meta name=\"author\" content=\"Bj\u00f6rn Becker\" \/>\n<meta name=\"twitter:card\" content=\"summary_large_image\" \/>\n<meta name=\"twitter:label1\" content=\"Verfasst von\" \/>\n\t<meta name=\"twitter:data1\" content=\"Bj\u00f6rn Becker\" \/>\n\t<meta name=\"twitter:label2\" content=\"Gesch\u00e4tzte Lesezeit\" \/>\n\t<meta name=\"twitter:data2\" content=\"2\u00a0Minuten\" \/>\n<script type=\"application\/ld+json\" class=\"yoast-schema-graph\">{\"@context\":\"https:\/\/schema.org\",\"@graph\":[{\"@type\":\"WebPage\",\"@id\":\"https:\/\/tkg-duisburg.de\/?p=7338\",\"url\":\"https:\/\/tkg-duisburg.de\/?p=7338\",\"name\":\"AUS EINER ZEITZEUGIN WURDEN DREI!\u00a0 - Theodor K\u00f6nig Gesamtschule Duisburg\",\"isPartOf\":{\"@id\":\"https:\/\/tkg-duisburg.de\/#website\"},\"primaryImageOfPage\":{\"@id\":\"https:\/\/tkg-duisburg.de\/?p=7338#primaryimage\"},\"image\":{\"@id\":\"https:\/\/tkg-duisburg.de\/?p=7338#primaryimage\"},\"thumbnailUrl\":\"https:\/\/tkg-duisburg.de\/wp-content\/uploads\/2022\/09\/image-11.png\",\"datePublished\":\"2022-09-14T15:03:44+00:00\",\"dateModified\":\"2022-09-14T15:03:46+00:00\",\"author\":{\"@id\":\"https:\/\/tkg-duisburg.de\/#\/schema\/person\/5a5b174492de297d4b57e9a3d89564ee\"},\"breadcrumb\":{\"@id\":\"https:\/\/tkg-duisburg.de\/?p=7338#breadcrumb\"},\"inLanguage\":\"de\",\"potentialAction\":[{\"@type\":\"ReadAction\",\"target\":[\"https:\/\/tkg-duisburg.de\/?p=7338\"]}]},{\"@type\":\"ImageObject\",\"inLanguage\":\"de\",\"@id\":\"https:\/\/tkg-duisburg.de\/?p=7338#primaryimage\",\"url\":\"https:\/\/tkg-duisburg.de\/wp-content\/uploads\/2022\/09\/image-11.png\",\"contentUrl\":\"https:\/\/tkg-duisburg.de\/wp-content\/uploads\/2022\/09\/image-11.png\",\"width\":253,\"height\":393},{\"@type\":\"BreadcrumbList\",\"@id\":\"https:\/\/tkg-duisburg.de\/?p=7338#breadcrumb\",\"itemListElement\":[{\"@type\":\"ListItem\",\"position\":1,\"name\":\"Startseite\",\"item\":\"https:\/\/tkg-duisburg.de\/\"},{\"@type\":\"ListItem\",\"position\":2,\"name\":\"AUS EINER ZEITZEUGIN WURDEN DREI!\u00a0\"}]},{\"@type\":\"WebSite\",\"@id\":\"https:\/\/tkg-duisburg.de\/#website\",\"url\":\"https:\/\/tkg-duisburg.de\/\",\"name\":\"Theodor K\u00f6nig Gesamtschule Duisburg\",\"description\":\"\",\"potentialAction\":[{\"@type\":\"SearchAction\",\"target\":{\"@type\":\"EntryPoint\",\"urlTemplate\":\"https:\/\/tkg-duisburg.de\/?s={search_term_string}\"},\"query-input\":\"required name=search_term_string\"}],\"inLanguage\":\"de\"},{\"@type\":\"Person\",\"@id\":\"https:\/\/tkg-duisburg.de\/#\/schema\/person\/5a5b174492de297d4b57e9a3d89564ee\",\"name\":\"Bj\u00f6rn Becker\",\"image\":{\"@type\":\"ImageObject\",\"inLanguage\":\"de\",\"@id\":\"https:\/\/tkg-duisburg.de\/#\/schema\/person\/image\/\",\"url\":\"https:\/\/secure.gravatar.com\/avatar\/c7690b9f448fdd19e7a021d2d0201faa0dc70513a48fc7103388e3231c3056a4?s=96&d=mm&r=g\",\"contentUrl\":\"https:\/\/secure.gravatar.com\/avatar\/c7690b9f448fdd19e7a021d2d0201faa0dc70513a48fc7103388e3231c3056a4?s=96&d=mm&r=g\",\"caption\":\"Bj\u00f6rn Becker\"},\"url\":\"https:\/\/tkg-duisburg.de\/?author=5\"}]}<\/script>\n<!-- \/ Yoast SEO plugin. -->","yoast_head_json":{"title":"AUS EINER ZEITZEUGIN WURDEN DREI!\u00a0 - Theodor K\u00f6nig Gesamtschule Duisburg","robots":{"index":"index","follow":"follow","max-snippet":"max-snippet:-1","max-image-preview":"max-image-preview:large","max-video-preview":"max-video-preview:-1"},"canonical":"https:\/\/tkg-duisburg.de\/?p=7338","og_locale":"de_DE","og_type":"article","og_title":"AUS EINER ZEITZEUGIN WURDEN DREI!\u00a0 - Theodor K\u00f6nig Gesamtschule Duisburg","og_description":"Am Donnerstag, den 1. September 2022, besuchten drei Zweitzeugen unsere Schule. Wir hatten die Ehre, mit den Enkelkindern von Frau Sara Atzmon ein Zweitzeugengespr\u00e4ch zu f\u00fchren, da sie selber aus gesundheitlichen Gr\u00fcnden leider verhindert war. Doch Ayelet, Yoaf und Yael fungierten als Sprachrohr und \u00fcbernahmen die Aufgabe, \u00fcber den Holocaust und die traumatischen Erfahrungen der &hellip; AUS EINER ZEITZEUGIN WURDEN DREI!\u00a0 weiterlesen &rarr;","og_url":"https:\/\/tkg-duisburg.de\/?p=7338","og_site_name":"Theodor K\u00f6nig Gesamtschule Duisburg","article_published_time":"2022-09-14T15:03:44+00:00","article_modified_time":"2022-09-14T15:03:46+00:00","og_image":[{"url":"https:\/\/tkg-duisburg.de\/wp-content\/uploads\/2022\/09\/image-11.png"}],"author":"Bj\u00f6rn Becker","twitter_card":"summary_large_image","twitter_misc":{"Verfasst von":"Bj\u00f6rn Becker","Gesch\u00e4tzte Lesezeit":"2\u00a0Minuten"},"schema":{"@context":"https:\/\/schema.org","@graph":[{"@type":"WebPage","@id":"https:\/\/tkg-duisburg.de\/?p=7338","url":"https:\/\/tkg-duisburg.de\/?p=7338","name":"AUS EINER ZEITZEUGIN WURDEN DREI!\u00a0 - Theodor K\u00f6nig Gesamtschule Duisburg","isPartOf":{"@id":"https:\/\/tkg-duisburg.de\/#website"},"primaryImageOfPage":{"@id":"https:\/\/tkg-duisburg.de\/?p=7338#primaryimage"},"image":{"@id":"https:\/\/tkg-duisburg.de\/?p=7338#primaryimage"},"thumbnailUrl":"https:\/\/tkg-duisburg.de\/wp-content\/uploads\/2022\/09\/image-11.png","datePublished":"2022-09-14T15:03:44+00:00","dateModified":"2022-09-14T15:03:46+00:00","author":{"@id":"https:\/\/tkg-duisburg.de\/#\/schema\/person\/5a5b174492de297d4b57e9a3d89564ee"},"breadcrumb":{"@id":"https:\/\/tkg-duisburg.de\/?p=7338#breadcrumb"},"inLanguage":"de","potentialAction":[{"@type":"ReadAction","target":["https:\/\/tkg-duisburg.de\/?p=7338"]}]},{"@type":"ImageObject","inLanguage":"de","@id":"https:\/\/tkg-duisburg.de\/?p=7338#primaryimage","url":"https:\/\/tkg-duisburg.de\/wp-content\/uploads\/2022\/09\/image-11.png","contentUrl":"https:\/\/tkg-duisburg.de\/wp-content\/uploads\/2022\/09\/image-11.png","width":253,"height":393},{"@type":"BreadcrumbList","@id":"https:\/\/tkg-duisburg.de\/?p=7338#breadcrumb","itemListElement":[{"@type":"ListItem","position":1,"name":"Startseite","item":"https:\/\/tkg-duisburg.de\/"},{"@type":"ListItem","position":2,"name":"AUS EINER ZEITZEUGIN WURDEN DREI!\u00a0"}]},{"@type":"WebSite","@id":"https:\/\/tkg-duisburg.de\/#website","url":"https:\/\/tkg-duisburg.de\/","name":"Theodor K\u00f6nig Gesamtschule Duisburg","description":"","potentialAction":[{"@type":"SearchAction","target":{"@type":"EntryPoint","urlTemplate":"https:\/\/tkg-duisburg.de\/?s={search_term_string}"},"query-input":"required name=search_term_string"}],"inLanguage":"de"},{"@type":"Person","@id":"https:\/\/tkg-duisburg.de\/#\/schema\/person\/5a5b174492de297d4b57e9a3d89564ee","name":"Bj\u00f6rn Becker","image":{"@type":"ImageObject","inLanguage":"de","@id":"https:\/\/tkg-duisburg.de\/#\/schema\/person\/image\/","url":"https:\/\/secure.gravatar.com\/avatar\/c7690b9f448fdd19e7a021d2d0201faa0dc70513a48fc7103388e3231c3056a4?s=96&d=mm&r=g","contentUrl":"https:\/\/secure.gravatar.com\/avatar\/c7690b9f448fdd19e7a021d2d0201faa0dc70513a48fc7103388e3231c3056a4?s=96&d=mm&r=g","caption":"Bj\u00f6rn Becker"},"url":"https:\/\/tkg-duisburg.de\/?author=5"}]}},"_links":{"self":[{"href":"https:\/\/tkg-duisburg.de\/index.php?rest_route=\/wp\/v2\/posts\/7338","targetHints":{"allow":["GET"]}}],"collection":[{"href":"https:\/\/tkg-duisburg.de\/index.php?rest_route=\/wp\/v2\/posts"}],"about":[{"href":"https:\/\/tkg-duisburg.de\/index.php?rest_route=\/wp\/v2\/types\/post"}],"author":[{"embeddable":true,"href":"https:\/\/tkg-duisburg.de\/index.php?rest_route=\/wp\/v2\/users\/5"}],"replies":[{"embeddable":true,"href":"https:\/\/tkg-duisburg.de\/index.php?rest_route=%2Fwp%2Fv2%2Fcomments&post=7338"}],"version-history":[{"count":1,"href":"https:\/\/tkg-duisburg.de\/index.php?rest_route=\/wp\/v2\/posts\/7338\/revisions"}],"predecessor-version":[{"id":7341,"href":"https:\/\/tkg-duisburg.de\/index.php?rest_route=\/wp\/v2\/posts\/7338\/revisions\/7341"}],"wp:attachment":[{"href":"https:\/\/tkg-duisburg.de\/index.php?rest_route=%2Fwp%2Fv2%2Fmedia&parent=7338"}],"wp:term":[{"taxonomy":"category","embeddable":true,"href":"https:\/\/tkg-duisburg.de\/index.php?rest_route=%2Fwp%2Fv2%2Fcategories&post=7338"},{"taxonomy":"post_tag","embeddable":true,"href":"https:\/\/tkg-duisburg.de\/index.php?rest_route=%2Fwp%2Fv2%2Ftags&post=7338"}],"curies":[{"name":"wp","href":"https:\/\/api.w.org\/{rel}","templated":true}]}}