{"id":7449,"date":"2022-11-03T21:02:17","date_gmt":"2022-11-03T19:02:17","guid":{"rendered":"https:\/\/tkg-duisburg.de\/?p=7449"},"modified":"2022-11-03T21:02:18","modified_gmt":"2022-11-03T19:02:18","slug":"ruhrtalent-josefa-akue-exkursion-nach-berlin","status":"publish","type":"post","link":"https:\/\/tkg-duisburg.de\/?p=7449","title":{"rendered":"RuhrTalent Josefa Akue \u2013 Exkursion nach Berlin\u00a0"},"content":{"rendered":"\n<p>&nbsp;In den Herbstferien durfte ich vom 10.10. bis zum 13.10.22, dank der RuhrTalente, an einer Exkursion nach Berlin teilnehmen. Bei dieser Exkursion ging es haupts\u00e4chlich darum, das politische und kulturelle Berlin zu entdecken.&nbsp;<\/p>\n\n\n\n<p>Ich hatte so die Gelegenheit, die wichtigsten Orte in Berlin zu besuchen, konnte bekannte politische und geschichtliche St\u00e4tten hautnah erleben und meine Eindr\u00fccke und Erfahrungen mit vielen weiteren RuhrTalenten teilen.\u00a0<\/p>\n\n\n<div class=\"wp-block-image\">\n<figure class=\"aligncenter size-full is-resized\"><img loading=\"lazy\" decoding=\"async\" src=\"https:\/\/tkg-duisburg.de\/wp-content\/uploads\/2022\/11\/image.png\" alt=\"\" class=\"wp-image-7450\" width=\"600\" height=\"400\" srcset=\"https:\/\/tkg-duisburg.de\/wp-content\/uploads\/2022\/11\/image.png 924w, https:\/\/tkg-duisburg.de\/wp-content\/uploads\/2022\/11\/image-300x200.png 300w\" sizes=\"auto, (max-width: 600px) 100vw, 600px\" \/><\/figure>\n<\/div>\n\n<div class=\"wp-block-image\">\n<figure class=\"alignright size-full is-resized\"><img loading=\"lazy\" decoding=\"async\" src=\"https:\/\/tkg-duisburg.de\/wp-content\/uploads\/2022\/11\/image-1.png\" alt=\"\" class=\"wp-image-7451\" width=\"229\" height=\"305\" srcset=\"https:\/\/tkg-duisburg.de\/wp-content\/uploads\/2022\/11\/image-1.png 500w, https:\/\/tkg-duisburg.de\/wp-content\/uploads\/2022\/11\/image-1-225x300.png 225w, https:\/\/tkg-duisburg.de\/wp-content\/uploads\/2022\/11\/image-1-150x200.png 150w\" sizes=\"auto, (max-width: 229px) 100vw, 229px\" \/><\/figure>\n<\/div>\n\n\n<!--more-->\n\n\n\n<p>Am\u00a0Montag, 10.10.22, trafen sich die teilnehmenden RuhrTalente am Essener Hauptbahnhof und dann ging es mit dem ICE nach Berlin, wo wir in Mehrbettzimmern im Pfefferbett Hostel \u2013 einer ehemaligen Brauerei am Prenzlauer Berg \u2013 untergebracht waren.\u00a0<\/p>\n\n\n\n<p>Mittags stand dann gleich ein Stadtrundgang mit dem Schwerpunkt \u201eBerliner Sehensw\u00fcrdigkeiten erkunden\u201c auf dem Programm. Dabei sahen wir u.a. das Brandenburger Tor, das Holocaust Denkmal und die Eastside Gallery.\u00a0<\/p>\n\n\n<div class=\"wp-block-image\">\n<figure class=\"alignleft size-full is-resized\"><img loading=\"lazy\" decoding=\"async\" src=\"https:\/\/tkg-duisburg.de\/wp-content\/uploads\/2022\/11\/image-2.png\" alt=\"\" class=\"wp-image-7452\" width=\"247\" height=\"248\" srcset=\"https:\/\/tkg-duisburg.de\/wp-content\/uploads\/2022\/11\/image-2.png 661w, https:\/\/tkg-duisburg.de\/wp-content\/uploads\/2022\/11\/image-2-297x300.png 297w\" sizes=\"auto, (max-width: 247px) 100vw, 247px\" \/><\/figure>\n<\/div>\n\n\n<p>Am Dienstag durften wir an einem Planspiel im Bundesrat teilnehmen. Jedes RuhrTalent schl\u00fcpfte in die Rolle eines Bundesratsmitglieds und musste sich mit der Frage \u201eSoll es ein Pfand auf Kaffeebecher geben?\u201c auseinandersetzen. Durch das Spiel lernten wir, wie Gesetzgebung funktioniert und erhielten einen Einblick in die Abl\u00e4ufe und die Arbeitsweise im Bundesrat.\u00a0<\/p>\n\n\n\n<p>Das Justizministerium besuchten wir am Mittwoch. Nach einer F\u00fchrung trafen wir Dr. Marco Buschmann, Bundesminister der Justiz, und durften ihn zwanzig Minuten lang mit unseren Fragen l\u00f6chern.&nbsp;<\/p>\n\n\n\n<p>Am Donnerstag besuchten wir die Ausstellung im Humboldt-Forum. Die Ausstellung war sehr <\/p>\n\n\n\n<p>sch\u00f6n, nur leider war es verboten Fotos zu machen. Mit der Ausstellung im Humboldt-Forum endete auch unsere Exkursion nach Berlin.\u00a0<\/p>\n\n\n\n<figure class=\"wp-block-image size-full\"><img loading=\"lazy\" decoding=\"async\" width=\"835\" height=\"623\" src=\"https:\/\/tkg-duisburg.de\/wp-content\/uploads\/2022\/11\/image-3.png\" alt=\"\" class=\"wp-image-7453\" srcset=\"https:\/\/tkg-duisburg.de\/wp-content\/uploads\/2022\/11\/image-3.png 835w, https:\/\/tkg-duisburg.de\/wp-content\/uploads\/2022\/11\/image-3-300x224.png 300w\" sizes=\"auto, (max-width: 835px) 100vw, 835px\" \/><\/figure>\n\n\n\n<p>Ich bin sehr dankbar, dass ich an dieser kurzen, aber lehrreichen Exkursion teilnehmen durfte, die vollst\u00e4ndig vom Sch\u00fclerstipendienprogramm RuhrTalente finanziert wurde. Viele tolle Momente durfte ich mit anderen RuhrTalenten teilen und habe neue Freunde auf dieser Reise gewonnen.&nbsp;<\/p>\n\n\n<div class=\"wp-block-image\">\n<figure class=\"alignright size-full is-resized\"><img loading=\"lazy\" decoding=\"async\" src=\"https:\/\/tkg-duisburg.de\/wp-content\/uploads\/2022\/11\/image-4.png\" alt=\"\" class=\"wp-image-7454\" width=\"147\" height=\"188\" srcset=\"https:\/\/tkg-duisburg.de\/wp-content\/uploads\/2022\/11\/image-4.png 269w, https:\/\/tkg-duisburg.de\/wp-content\/uploads\/2022\/11\/image-4-235x300.png 235w\" sizes=\"auto, (max-width: 147px) 100vw, 147px\" \/><\/figure>\n<\/div>\n\n\n<p><strong>Josefa Diana Akue, RuhrTalent aus der Q1\u00a0<\/strong><\/p>\n\n\n\n<p>(Ver\u00f6ffentlichung genehmigt durch: C. Hiller-Kitzmann, Abteilungsleiterin Oberstufe)&nbsp;<\/p>\n","protected":false},"excerpt":{"rendered":"<p>&nbsp;In den Herbstferien durfte ich vom 10.10. bis zum 13.10.22, dank der RuhrTalente, an einer Exkursion nach Berlin teilnehmen. Bei dieser Exkursion ging es haupts\u00e4chlich darum, das politische und kulturelle Berlin zu entdecken.&nbsp; Ich hatte so die Gelegenheit, die wichtigsten Orte in Berlin zu besuchen, konnte bekannte politische und geschichtliche St\u00e4tten hautnah erleben und meine &hellip; <a href=\"https:\/\/tkg-duisburg.de\/?p=7449\" class=\"more-link\"><span class=\"screen-reader-text\">RuhrTalent Josefa Akue \u2013 Exkursion nach Berlin\u00a0<\/span> weiterlesen <span class=\"meta-nav\">&rarr;<\/span><\/a><\/p>\n","protected":false},"author":5,"featured_media":0,"comment_status":"closed","ping_status":"open","sticky":false,"template":"","format":"standard","meta":{"footnotes":""},"categories":[31,48,9,57],"tags":[],"class_list":["post-7449","post","type-post","status-publish","format-standard","hentry","category-ausserschulisches-lernen","category-berufsvorbereitung","category-exkursionen","category-talentfoerderung"],"yoast_head":"<!-- This site is optimized with the Yoast SEO plugin v22.6 - https:\/\/yoast.com\/wordpress\/plugins\/seo\/ -->\n<title>RuhrTalent Josefa Akue \u2013 Exkursion nach Berlin\u00a0 - Theodor K\u00f6nig Gesamtschule Duisburg<\/title>\n<meta name=\"robots\" content=\"index, follow, max-snippet:-1, max-image-preview:large, max-video-preview:-1\" \/>\n<link rel=\"canonical\" href=\"https:\/\/tkg-duisburg.de\/?p=7449\" \/>\n<meta property=\"og:locale\" content=\"de_DE\" \/>\n<meta property=\"og:type\" content=\"article\" \/>\n<meta property=\"og:title\" content=\"RuhrTalent Josefa Akue \u2013 Exkursion nach Berlin\u00a0 - Theodor K\u00f6nig Gesamtschule Duisburg\" \/>\n<meta property=\"og:description\" content=\"&nbsp;In den Herbstferien durfte ich vom 10.10. bis zum 13.10.22, dank der RuhrTalente, an einer Exkursion nach Berlin teilnehmen. Bei dieser Exkursion ging es haupts\u00e4chlich darum, das politische und kulturelle Berlin zu entdecken.&nbsp; Ich hatte so die Gelegenheit, die wichtigsten Orte in Berlin zu besuchen, konnte bekannte politische und geschichtliche St\u00e4tten hautnah erleben und meine &hellip; RuhrTalent Josefa Akue \u2013 Exkursion nach Berlin\u00a0 weiterlesen &rarr;\" \/>\n<meta property=\"og:url\" content=\"https:\/\/tkg-duisburg.de\/?p=7449\" \/>\n<meta property=\"og:site_name\" content=\"Theodor K\u00f6nig Gesamtschule Duisburg\" \/>\n<meta property=\"article:published_time\" content=\"2022-11-03T19:02:17+00:00\" \/>\n<meta property=\"article:modified_time\" content=\"2022-11-03T19:02:18+00:00\" \/>\n<meta property=\"og:image\" content=\"https:\/\/tkg-duisburg.de\/wp-content\/uploads\/2022\/11\/image.png\" \/>\n<meta name=\"author\" content=\"Bj\u00f6rn Becker\" \/>\n<meta name=\"twitter:card\" content=\"summary_large_image\" \/>\n<meta name=\"twitter:label1\" content=\"Verfasst von\" \/>\n\t<meta name=\"twitter:data1\" content=\"Bj\u00f6rn Becker\" \/>\n\t<meta name=\"twitter:label2\" content=\"Gesch\u00e4tzte Lesezeit\" \/>\n\t<meta name=\"twitter:data2\" content=\"2\u00a0Minuten\" \/>\n<script type=\"application\/ld+json\" class=\"yoast-schema-graph\">{\"@context\":\"https:\/\/schema.org\",\"@graph\":[{\"@type\":\"WebPage\",\"@id\":\"https:\/\/tkg-duisburg.de\/?p=7449\",\"url\":\"https:\/\/tkg-duisburg.de\/?p=7449\",\"name\":\"RuhrTalent Josefa Akue \u2013 Exkursion nach Berlin\u00a0 - Theodor K\u00f6nig Gesamtschule Duisburg\",\"isPartOf\":{\"@id\":\"https:\/\/tkg-duisburg.de\/#website\"},\"primaryImageOfPage\":{\"@id\":\"https:\/\/tkg-duisburg.de\/?p=7449#primaryimage\"},\"image\":{\"@id\":\"https:\/\/tkg-duisburg.de\/?p=7449#primaryimage\"},\"thumbnailUrl\":\"https:\/\/tkg-duisburg.de\/wp-content\/uploads\/2022\/11\/image.png\",\"datePublished\":\"2022-11-03T19:02:17+00:00\",\"dateModified\":\"2022-11-03T19:02:18+00:00\",\"author\":{\"@id\":\"https:\/\/tkg-duisburg.de\/#\/schema\/person\/5a5b174492de297d4b57e9a3d89564ee\"},\"breadcrumb\":{\"@id\":\"https:\/\/tkg-duisburg.de\/?p=7449#breadcrumb\"},\"inLanguage\":\"de\",\"potentialAction\":[{\"@type\":\"ReadAction\",\"target\":[\"https:\/\/tkg-duisburg.de\/?p=7449\"]}]},{\"@type\":\"ImageObject\",\"inLanguage\":\"de\",\"@id\":\"https:\/\/tkg-duisburg.de\/?p=7449#primaryimage\",\"url\":\"https:\/\/tkg-duisburg.de\/wp-content\/uploads\/2022\/11\/image.png\",\"contentUrl\":\"https:\/\/tkg-duisburg.de\/wp-content\/uploads\/2022\/11\/image.png\",\"width\":924,\"height\":616},{\"@type\":\"BreadcrumbList\",\"@id\":\"https:\/\/tkg-duisburg.de\/?p=7449#breadcrumb\",\"itemListElement\":[{\"@type\":\"ListItem\",\"position\":1,\"name\":\"Startseite\",\"item\":\"https:\/\/tkg-duisburg.de\/\"},{\"@type\":\"ListItem\",\"position\":2,\"name\":\"RuhrTalent Josefa Akue \u2013 Exkursion nach Berlin\u00a0\"}]},{\"@type\":\"WebSite\",\"@id\":\"https:\/\/tkg-duisburg.de\/#website\",\"url\":\"https:\/\/tkg-duisburg.de\/\",\"name\":\"Theodor K\u00f6nig Gesamtschule Duisburg\",\"description\":\"\",\"potentialAction\":[{\"@type\":\"SearchAction\",\"target\":{\"@type\":\"EntryPoint\",\"urlTemplate\":\"https:\/\/tkg-duisburg.de\/?s={search_term_string}\"},\"query-input\":\"required name=search_term_string\"}],\"inLanguage\":\"de\"},{\"@type\":\"Person\",\"@id\":\"https:\/\/tkg-duisburg.de\/#\/schema\/person\/5a5b174492de297d4b57e9a3d89564ee\",\"name\":\"Bj\u00f6rn Becker\",\"image\":{\"@type\":\"ImageObject\",\"inLanguage\":\"de\",\"@id\":\"https:\/\/tkg-duisburg.de\/#\/schema\/person\/image\/\",\"url\":\"https:\/\/secure.gravatar.com\/avatar\/c7690b9f448fdd19e7a021d2d0201faa0dc70513a48fc7103388e3231c3056a4?s=96&d=mm&r=g\",\"contentUrl\":\"https:\/\/secure.gravatar.com\/avatar\/c7690b9f448fdd19e7a021d2d0201faa0dc70513a48fc7103388e3231c3056a4?s=96&d=mm&r=g\",\"caption\":\"Bj\u00f6rn Becker\"},\"url\":\"https:\/\/tkg-duisburg.de\/?author=5\"}]}<\/script>\n<!-- \/ Yoast SEO plugin. -->","yoast_head_json":{"title":"RuhrTalent Josefa Akue \u2013 Exkursion nach Berlin\u00a0 - Theodor K\u00f6nig Gesamtschule Duisburg","robots":{"index":"index","follow":"follow","max-snippet":"max-snippet:-1","max-image-preview":"max-image-preview:large","max-video-preview":"max-video-preview:-1"},"canonical":"https:\/\/tkg-duisburg.de\/?p=7449","og_locale":"de_DE","og_type":"article","og_title":"RuhrTalent Josefa Akue \u2013 Exkursion nach Berlin\u00a0 - Theodor K\u00f6nig Gesamtschule Duisburg","og_description":"&nbsp;In den Herbstferien durfte ich vom 10.10. bis zum 13.10.22, dank der RuhrTalente, an einer Exkursion nach Berlin teilnehmen. Bei dieser Exkursion ging es haupts\u00e4chlich darum, das politische und kulturelle Berlin zu entdecken.&nbsp; Ich hatte so die Gelegenheit, die wichtigsten Orte in Berlin zu besuchen, konnte bekannte politische und geschichtliche St\u00e4tten hautnah erleben und meine &hellip; RuhrTalent Josefa Akue \u2013 Exkursion nach Berlin\u00a0 weiterlesen &rarr;","og_url":"https:\/\/tkg-duisburg.de\/?p=7449","og_site_name":"Theodor K\u00f6nig Gesamtschule Duisburg","article_published_time":"2022-11-03T19:02:17+00:00","article_modified_time":"2022-11-03T19:02:18+00:00","og_image":[{"url":"https:\/\/tkg-duisburg.de\/wp-content\/uploads\/2022\/11\/image.png"}],"author":"Bj\u00f6rn Becker","twitter_card":"summary_large_image","twitter_misc":{"Verfasst von":"Bj\u00f6rn Becker","Gesch\u00e4tzte Lesezeit":"2\u00a0Minuten"},"schema":{"@context":"https:\/\/schema.org","@graph":[{"@type":"WebPage","@id":"https:\/\/tkg-duisburg.de\/?p=7449","url":"https:\/\/tkg-duisburg.de\/?p=7449","name":"RuhrTalent Josefa Akue \u2013 Exkursion nach Berlin\u00a0 - Theodor K\u00f6nig Gesamtschule Duisburg","isPartOf":{"@id":"https:\/\/tkg-duisburg.de\/#website"},"primaryImageOfPage":{"@id":"https:\/\/tkg-duisburg.de\/?p=7449#primaryimage"},"image":{"@id":"https:\/\/tkg-duisburg.de\/?p=7449#primaryimage"},"thumbnailUrl":"https:\/\/tkg-duisburg.de\/wp-content\/uploads\/2022\/11\/image.png","datePublished":"2022-11-03T19:02:17+00:00","dateModified":"2022-11-03T19:02:18+00:00","author":{"@id":"https:\/\/tkg-duisburg.de\/#\/schema\/person\/5a5b174492de297d4b57e9a3d89564ee"},"breadcrumb":{"@id":"https:\/\/tkg-duisburg.de\/?p=7449#breadcrumb"},"inLanguage":"de","potentialAction":[{"@type":"ReadAction","target":["https:\/\/tkg-duisburg.de\/?p=7449"]}]},{"@type":"ImageObject","inLanguage":"de","@id":"https:\/\/tkg-duisburg.de\/?p=7449#primaryimage","url":"https:\/\/tkg-duisburg.de\/wp-content\/uploads\/2022\/11\/image.png","contentUrl":"https:\/\/tkg-duisburg.de\/wp-content\/uploads\/2022\/11\/image.png","width":924,"height":616},{"@type":"BreadcrumbList","@id":"https:\/\/tkg-duisburg.de\/?p=7449#breadcrumb","itemListElement":[{"@type":"ListItem","position":1,"name":"Startseite","item":"https:\/\/tkg-duisburg.de\/"},{"@type":"ListItem","position":2,"name":"RuhrTalent Josefa Akue \u2013 Exkursion nach Berlin\u00a0"}]},{"@type":"WebSite","@id":"https:\/\/tkg-duisburg.de\/#website","url":"https:\/\/tkg-duisburg.de\/","name":"Theodor K\u00f6nig Gesamtschule Duisburg","description":"","potentialAction":[{"@type":"SearchAction","target":{"@type":"EntryPoint","urlTemplate":"https:\/\/tkg-duisburg.de\/?s={search_term_string}"},"query-input":"required name=search_term_string"}],"inLanguage":"de"},{"@type":"Person","@id":"https:\/\/tkg-duisburg.de\/#\/schema\/person\/5a5b174492de297d4b57e9a3d89564ee","name":"Bj\u00f6rn Becker","image":{"@type":"ImageObject","inLanguage":"de","@id":"https:\/\/tkg-duisburg.de\/#\/schema\/person\/image\/","url":"https:\/\/secure.gravatar.com\/avatar\/c7690b9f448fdd19e7a021d2d0201faa0dc70513a48fc7103388e3231c3056a4?s=96&d=mm&r=g","contentUrl":"https:\/\/secure.gravatar.com\/avatar\/c7690b9f448fdd19e7a021d2d0201faa0dc70513a48fc7103388e3231c3056a4?s=96&d=mm&r=g","caption":"Bj\u00f6rn Becker"},"url":"https:\/\/tkg-duisburg.de\/?author=5"}]}},"_links":{"self":[{"href":"https:\/\/tkg-duisburg.de\/index.php?rest_route=\/wp\/v2\/posts\/7449","targetHints":{"allow":["GET"]}}],"collection":[{"href":"https:\/\/tkg-duisburg.de\/index.php?rest_route=\/wp\/v2\/posts"}],"about":[{"href":"https:\/\/tkg-duisburg.de\/index.php?rest_route=\/wp\/v2\/types\/post"}],"author":[{"embeddable":true,"href":"https:\/\/tkg-duisburg.de\/index.php?rest_route=\/wp\/v2\/users\/5"}],"replies":[{"embeddable":true,"href":"https:\/\/tkg-duisburg.de\/index.php?rest_route=%2Fwp%2Fv2%2Fcomments&post=7449"}],"version-history":[{"count":1,"href":"https:\/\/tkg-duisburg.de\/index.php?rest_route=\/wp\/v2\/posts\/7449\/revisions"}],"predecessor-version":[{"id":7455,"href":"https:\/\/tkg-duisburg.de\/index.php?rest_route=\/wp\/v2\/posts\/7449\/revisions\/7455"}],"wp:attachment":[{"href":"https:\/\/tkg-duisburg.de\/index.php?rest_route=%2Fwp%2Fv2%2Fmedia&parent=7449"}],"wp:term":[{"taxonomy":"category","embeddable":true,"href":"https:\/\/tkg-duisburg.de\/index.php?rest_route=%2Fwp%2Fv2%2Fcategories&post=7449"},{"taxonomy":"post_tag","embeddable":true,"href":"https:\/\/tkg-duisburg.de\/index.php?rest_route=%2Fwp%2Fv2%2Ftags&post=7449"}],"curies":[{"name":"wp","href":"https:\/\/api.w.org\/{rel}","templated":true}]}}