{"id":7534,"date":"2022-12-05T19:18:20","date_gmt":"2022-12-05T17:18:20","guid":{"rendered":"https:\/\/tkg-duisburg.de\/?p=7534"},"modified":"2022-12-05T19:18:55","modified_gmt":"2022-12-05T17:18:55","slug":"sporttage-an-der-theodor-koenig-gesamtschule","status":"publish","type":"post","link":"https:\/\/tkg-duisburg.de\/?p=7534","title":{"rendered":"Sporttage an der Theodor-K\u00f6nig-Gesamtschule\u00a0"},"content":{"rendered":"\n<p>Im November war es endlich soweit. Die lang ersehnten Sporttage fanden an unserer Schule statt. Tage, an denen das Klassenzimmer mal nicht im Mittelpunkt des schulischen Alltags unserer Sch\u00fcler:innen stand, sondern die Sporthalle.<\/p>\n\n\n\n<p>Die Jahrg\u00e4nge 5-8 konnten sich klassenweise im sportlichen Wettkampf messen.&nbsp;<\/p>\n\n\n\n<p>Geschicklichkeit, Teamf\u00e4higkeit, Ausdauer und Fairness standen bei allen Wettk\u00e4mpfen im Vordergrund.&nbsp;<\/p>\n\n\n\n<p>Strahlende Kinderaugen, viel Lachen, Ehrgeiz, Durchhalteverm\u00f6gen und der darauffolgende Muskelkater bei vielen Sch\u00fcler:innen am n\u00e4chsten Tag zeugten von einem gelungen Event an der TKG, von dem sicher noch l\u00e4nger gesprochen wird.\u00a0<\/p>\n\n\n\n<figure class=\"wp-block-video\"><video height=\"1080\" style=\"aspect-ratio: 1920 \/ 1080;\" width=\"1920\" controls src=\"https:\/\/tkg-duisburg.de\/wp-content\/uploads\/2022\/12\/Bewegungstage.mp4\"><\/video><\/figure>\n","protected":false},"excerpt":{"rendered":"<p>Im November war es endlich soweit. Die lang ersehnten Sporttage fanden an unserer Schule statt. Tage, an denen das Klassenzimmer mal nicht im Mittelpunkt des schulischen Alltags unserer Sch\u00fcler:innen stand, sondern die Sporthalle. Die Jahrg\u00e4nge 5-8 konnten sich klassenweise im sportlichen Wettkampf messen.&nbsp; Geschicklichkeit, Teamf\u00e4higkeit, Ausdauer und Fairness standen bei allen Wettk\u00e4mpfen im Vordergrund.&nbsp; Strahlende &hellip; <a href=\"https:\/\/tkg-duisburg.de\/?p=7534\" class=\"more-link\"><span class=\"screen-reader-text\">Sporttage an der Theodor-K\u00f6nig-Gesamtschule\u00a0<\/span> weiterlesen <span class=\"meta-nav\">&rarr;<\/span><\/a><\/p>\n","protected":false},"author":5,"featured_media":0,"comment_status":"closed","ping_status":"open","sticky":false,"template":"","format":"standard","meta":{"footnotes":""},"categories":[45,69,78,85,54,3],"tags":[],"class_list":["post-7534","post","type-post","status-publish","format-standard","hentry","category-jahrgang-5","category-jahrgang-6","category-jahrgang-7","category-jahrgang-8","category-sport-faecher","category-veranstaltungen"],"yoast_head":"<!-- This site is optimized with the Yoast SEO plugin v22.6 - https:\/\/yoast.com\/wordpress\/plugins\/seo\/ -->\n<title>Sporttage an der Theodor-K\u00f6nig-Gesamtschule\u00a0 - Theodor K\u00f6nig Gesamtschule Duisburg<\/title>\n<meta name=\"robots\" content=\"index, follow, max-snippet:-1, max-image-preview:large, max-video-preview:-1\" \/>\n<link rel=\"canonical\" href=\"https:\/\/tkg-duisburg.de\/?p=7534\" \/>\n<meta property=\"og:locale\" content=\"de_DE\" \/>\n<meta property=\"og:type\" content=\"article\" \/>\n<meta property=\"og:title\" content=\"Sporttage an der Theodor-K\u00f6nig-Gesamtschule\u00a0 - Theodor K\u00f6nig Gesamtschule Duisburg\" \/>\n<meta property=\"og:description\" content=\"Im November war es endlich soweit. Die lang ersehnten Sporttage fanden an unserer Schule statt. Tage, an denen das Klassenzimmer mal nicht im Mittelpunkt des schulischen Alltags unserer Sch\u00fcler:innen stand, sondern die Sporthalle. Die Jahrg\u00e4nge 5-8 konnten sich klassenweise im sportlichen Wettkampf messen.&nbsp; Geschicklichkeit, Teamf\u00e4higkeit, Ausdauer und Fairness standen bei allen Wettk\u00e4mpfen im Vordergrund.&nbsp; Strahlende &hellip; Sporttage an der Theodor-K\u00f6nig-Gesamtschule\u00a0 weiterlesen &rarr;\" \/>\n<meta property=\"og:url\" content=\"https:\/\/tkg-duisburg.de\/?p=7534\" \/>\n<meta property=\"og:site_name\" content=\"Theodor K\u00f6nig Gesamtschule Duisburg\" \/>\n<meta property=\"article:published_time\" content=\"2022-12-05T17:18:20+00:00\" \/>\n<meta property=\"article:modified_time\" content=\"2022-12-05T17:18:55+00:00\" \/>\n<meta name=\"author\" content=\"Bj\u00f6rn Becker\" \/>\n<meta name=\"twitter:card\" content=\"summary_large_image\" \/>\n<meta name=\"twitter:label1\" content=\"Verfasst von\" \/>\n\t<meta name=\"twitter:data1\" content=\"Bj\u00f6rn Becker\" \/>\n<script type=\"application\/ld+json\" class=\"yoast-schema-graph\">{\"@context\":\"https:\/\/schema.org\",\"@graph\":[{\"@type\":\"WebPage\",\"@id\":\"https:\/\/tkg-duisburg.de\/?p=7534\",\"url\":\"https:\/\/tkg-duisburg.de\/?p=7534\",\"name\":\"Sporttage an der Theodor-K\u00f6nig-Gesamtschule\u00a0 - Theodor K\u00f6nig Gesamtschule Duisburg\",\"isPartOf\":{\"@id\":\"https:\/\/tkg-duisburg.de\/#website\"},\"datePublished\":\"2022-12-05T17:18:20+00:00\",\"dateModified\":\"2022-12-05T17:18:55+00:00\",\"author\":{\"@id\":\"https:\/\/tkg-duisburg.de\/#\/schema\/person\/5a5b174492de297d4b57e9a3d89564ee\"},\"breadcrumb\":{\"@id\":\"https:\/\/tkg-duisburg.de\/?p=7534#breadcrumb\"},\"inLanguage\":\"de\",\"potentialAction\":[{\"@type\":\"ReadAction\",\"target\":[\"https:\/\/tkg-duisburg.de\/?p=7534\"]}]},{\"@type\":\"BreadcrumbList\",\"@id\":\"https:\/\/tkg-duisburg.de\/?p=7534#breadcrumb\",\"itemListElement\":[{\"@type\":\"ListItem\",\"position\":1,\"name\":\"Startseite\",\"item\":\"https:\/\/tkg-duisburg.de\/\"},{\"@type\":\"ListItem\",\"position\":2,\"name\":\"Sporttage an der Theodor-K\u00f6nig-Gesamtschule\u00a0\"}]},{\"@type\":\"WebSite\",\"@id\":\"https:\/\/tkg-duisburg.de\/#website\",\"url\":\"https:\/\/tkg-duisburg.de\/\",\"name\":\"Theodor K\u00f6nig Gesamtschule Duisburg\",\"description\":\"\",\"potentialAction\":[{\"@type\":\"SearchAction\",\"target\":{\"@type\":\"EntryPoint\",\"urlTemplate\":\"https:\/\/tkg-duisburg.de\/?s={search_term_string}\"},\"query-input\":\"required name=search_term_string\"}],\"inLanguage\":\"de\"},{\"@type\":\"Person\",\"@id\":\"https:\/\/tkg-duisburg.de\/#\/schema\/person\/5a5b174492de297d4b57e9a3d89564ee\",\"name\":\"Bj\u00f6rn Becker\",\"image\":{\"@type\":\"ImageObject\",\"inLanguage\":\"de\",\"@id\":\"https:\/\/tkg-duisburg.de\/#\/schema\/person\/image\/\",\"url\":\"https:\/\/secure.gravatar.com\/avatar\/c7690b9f448fdd19e7a021d2d0201faa0dc70513a48fc7103388e3231c3056a4?s=96&d=mm&r=g\",\"contentUrl\":\"https:\/\/secure.gravatar.com\/avatar\/c7690b9f448fdd19e7a021d2d0201faa0dc70513a48fc7103388e3231c3056a4?s=96&d=mm&r=g\",\"caption\":\"Bj\u00f6rn Becker\"},\"url\":\"https:\/\/tkg-duisburg.de\/?author=5\"}]}<\/script>\n<!-- \/ Yoast SEO plugin. -->","yoast_head_json":{"title":"Sporttage an der Theodor-K\u00f6nig-Gesamtschule\u00a0 - Theodor K\u00f6nig Gesamtschule Duisburg","robots":{"index":"index","follow":"follow","max-snippet":"max-snippet:-1","max-image-preview":"max-image-preview:large","max-video-preview":"max-video-preview:-1"},"canonical":"https:\/\/tkg-duisburg.de\/?p=7534","og_locale":"de_DE","og_type":"article","og_title":"Sporttage an der Theodor-K\u00f6nig-Gesamtschule\u00a0 - Theodor K\u00f6nig Gesamtschule Duisburg","og_description":"Im November war es endlich soweit. Die lang ersehnten Sporttage fanden an unserer Schule statt. Tage, an denen das Klassenzimmer mal nicht im Mittelpunkt des schulischen Alltags unserer Sch\u00fcler:innen stand, sondern die Sporthalle. Die Jahrg\u00e4nge 5-8 konnten sich klassenweise im sportlichen Wettkampf messen.&nbsp; Geschicklichkeit, Teamf\u00e4higkeit, Ausdauer und Fairness standen bei allen Wettk\u00e4mpfen im Vordergrund.&nbsp; Strahlende &hellip; Sporttage an der Theodor-K\u00f6nig-Gesamtschule\u00a0 weiterlesen &rarr;","og_url":"https:\/\/tkg-duisburg.de\/?p=7534","og_site_name":"Theodor K\u00f6nig Gesamtschule Duisburg","article_published_time":"2022-12-05T17:18:20+00:00","article_modified_time":"2022-12-05T17:18:55+00:00","author":"Bj\u00f6rn Becker","twitter_card":"summary_large_image","twitter_misc":{"Verfasst von":"Bj\u00f6rn Becker"},"schema":{"@context":"https:\/\/schema.org","@graph":[{"@type":"WebPage","@id":"https:\/\/tkg-duisburg.de\/?p=7534","url":"https:\/\/tkg-duisburg.de\/?p=7534","name":"Sporttage an der Theodor-K\u00f6nig-Gesamtschule\u00a0 - Theodor K\u00f6nig Gesamtschule Duisburg","isPartOf":{"@id":"https:\/\/tkg-duisburg.de\/#website"},"datePublished":"2022-12-05T17:18:20+00:00","dateModified":"2022-12-05T17:18:55+00:00","author":{"@id":"https:\/\/tkg-duisburg.de\/#\/schema\/person\/5a5b174492de297d4b57e9a3d89564ee"},"breadcrumb":{"@id":"https:\/\/tkg-duisburg.de\/?p=7534#breadcrumb"},"inLanguage":"de","potentialAction":[{"@type":"ReadAction","target":["https:\/\/tkg-duisburg.de\/?p=7534"]}]},{"@type":"BreadcrumbList","@id":"https:\/\/tkg-duisburg.de\/?p=7534#breadcrumb","itemListElement":[{"@type":"ListItem","position":1,"name":"Startseite","item":"https:\/\/tkg-duisburg.de\/"},{"@type":"ListItem","position":2,"name":"Sporttage an der Theodor-K\u00f6nig-Gesamtschule\u00a0"}]},{"@type":"WebSite","@id":"https:\/\/tkg-duisburg.de\/#website","url":"https:\/\/tkg-duisburg.de\/","name":"Theodor K\u00f6nig Gesamtschule Duisburg","description":"","potentialAction":[{"@type":"SearchAction","target":{"@type":"EntryPoint","urlTemplate":"https:\/\/tkg-duisburg.de\/?s={search_term_string}"},"query-input":"required name=search_term_string"}],"inLanguage":"de"},{"@type":"Person","@id":"https:\/\/tkg-duisburg.de\/#\/schema\/person\/5a5b174492de297d4b57e9a3d89564ee","name":"Bj\u00f6rn Becker","image":{"@type":"ImageObject","inLanguage":"de","@id":"https:\/\/tkg-duisburg.de\/#\/schema\/person\/image\/","url":"https:\/\/secure.gravatar.com\/avatar\/c7690b9f448fdd19e7a021d2d0201faa0dc70513a48fc7103388e3231c3056a4?s=96&d=mm&r=g","contentUrl":"https:\/\/secure.gravatar.com\/avatar\/c7690b9f448fdd19e7a021d2d0201faa0dc70513a48fc7103388e3231c3056a4?s=96&d=mm&r=g","caption":"Bj\u00f6rn Becker"},"url":"https:\/\/tkg-duisburg.de\/?author=5"}]}},"_links":{"self":[{"href":"https:\/\/tkg-duisburg.de\/index.php?rest_route=\/wp\/v2\/posts\/7534","targetHints":{"allow":["GET"]}}],"collection":[{"href":"https:\/\/tkg-duisburg.de\/index.php?rest_route=\/wp\/v2\/posts"}],"about":[{"href":"https:\/\/tkg-duisburg.de\/index.php?rest_route=\/wp\/v2\/types\/post"}],"author":[{"embeddable":true,"href":"https:\/\/tkg-duisburg.de\/index.php?rest_route=\/wp\/v2\/users\/5"}],"replies":[{"embeddable":true,"href":"https:\/\/tkg-duisburg.de\/index.php?rest_route=%2Fwp%2Fv2%2Fcomments&post=7534"}],"version-history":[{"count":1,"href":"https:\/\/tkg-duisburg.de\/index.php?rest_route=\/wp\/v2\/posts\/7534\/revisions"}],"predecessor-version":[{"id":7536,"href":"https:\/\/tkg-duisburg.de\/index.php?rest_route=\/wp\/v2\/posts\/7534\/revisions\/7536"}],"wp:attachment":[{"href":"https:\/\/tkg-duisburg.de\/index.php?rest_route=%2Fwp%2Fv2%2Fmedia&parent=7534"}],"wp:term":[{"taxonomy":"category","embeddable":true,"href":"https:\/\/tkg-duisburg.de\/index.php?rest_route=%2Fwp%2Fv2%2Fcategories&post=7534"},{"taxonomy":"post_tag","embeddable":true,"href":"https:\/\/tkg-duisburg.de\/index.php?rest_route=%2Fwp%2Fv2%2Ftags&post=7534"}],"curies":[{"name":"wp","href":"https:\/\/api.w.org\/{rel}","templated":true}]}}