{"id":7652,"date":"2023-03-07T09:49:27","date_gmt":"2023-03-07T07:49:27","guid":{"rendered":"https:\/\/tkg-duisburg.de\/?p=7652"},"modified":"2023-03-07T09:49:29","modified_gmt":"2023-03-07T07:49:29","slug":"ipads-an-der-tkg-2","status":"publish","type":"post","link":"https:\/\/tkg-duisburg.de\/?p=7652","title":{"rendered":"IPADs an der TKG"},"content":{"rendered":"<div class=\"wp-block-image\">\n<figure class=\"aligncenter size-large is-resized\"><img loading=\"lazy\" decoding=\"async\" src=\"https:\/\/tkg-duisburg.de\/wp-content\/uploads\/2023\/03\/A5519B2E-41B4-419B-B83A-B09A9D5E1AAC-1024x963.jpeg\" alt=\"\" class=\"wp-image-7653\" width=\"379\" height=\"356\" srcset=\"https:\/\/tkg-duisburg.de\/wp-content\/uploads\/2023\/03\/A5519B2E-41B4-419B-B83A-B09A9D5E1AAC-1024x963.jpeg 1024w, https:\/\/tkg-duisburg.de\/wp-content\/uploads\/2023\/03\/A5519B2E-41B4-419B-B83A-B09A9D5E1AAC-300x282.jpeg 300w, https:\/\/tkg-duisburg.de\/wp-content\/uploads\/2023\/03\/A5519B2E-41B4-419B-B83A-B09A9D5E1AAC-1536x1445.jpeg 1536w, https:\/\/tkg-duisburg.de\/wp-content\/uploads\/2023\/03\/A5519B2E-41B4-419B-B83A-B09A9D5E1AAC-2048x1927.jpeg 2048w\" sizes=\"auto, (max-width: 379px) 100vw, 379px\" \/><\/figure>\n<\/div>\n\n\n<p>Die Digitalisierung der TKG schreitet voran. In dieser Woche startet die Verteilung der IPADs am Standort Gartstr\u00e4ucher Stra\u00dfe. Damit sind nun im Rahmen der fl\u00e4chendeckenden Ausstattung mit IPADs diese an allen Standorten der TKG im Einsatz.<\/p>\n","protected":false},"excerpt":{"rendered":"<p>Die Digitalisierung der TKG schreitet voran. In dieser Woche startet die Verteilung der IPADs am Standort Gartstr\u00e4ucher Stra\u00dfe. Damit sind nun im Rahmen der fl\u00e4chendeckenden Ausstattung mit IPADs diese an allen Standorten der TKG im Einsatz.<\/p>\n","protected":false},"author":5,"featured_media":0,"comment_status":"closed","ping_status":"open","sticky":false,"template":"","format":"standard","meta":{"footnotes":""},"categories":[86,65,45,69],"tags":[],"class_list":["post-7652","post","type-post","status-publish","format-standard","hentry","category-digitalisierung","category-gartstraeucher-str","category-jahrgang-5","category-jahrgang-6"],"yoast_head":"<!-- This site is optimized with the Yoast SEO plugin v22.6 - https:\/\/yoast.com\/wordpress\/plugins\/seo\/ -->\n<title>IPADs an der TKG - Theodor K\u00f6nig Gesamtschule Duisburg<\/title>\n<meta name=\"robots\" content=\"index, follow, max-snippet:-1, max-image-preview:large, max-video-preview:-1\" \/>\n<link rel=\"canonical\" href=\"https:\/\/tkg-duisburg.de\/?p=7652\" \/>\n<meta property=\"og:locale\" content=\"de_DE\" \/>\n<meta property=\"og:type\" content=\"article\" \/>\n<meta property=\"og:title\" content=\"IPADs an der TKG - Theodor K\u00f6nig Gesamtschule Duisburg\" \/>\n<meta property=\"og:description\" content=\"Die Digitalisierung der TKG schreitet voran. In dieser Woche startet die Verteilung der IPADs am Standort Gartstr\u00e4ucher Stra\u00dfe. Damit sind nun im Rahmen der fl\u00e4chendeckenden Ausstattung mit IPADs diese an allen Standorten der TKG im Einsatz.\" \/>\n<meta property=\"og:url\" content=\"https:\/\/tkg-duisburg.de\/?p=7652\" \/>\n<meta property=\"og:site_name\" content=\"Theodor K\u00f6nig Gesamtschule Duisburg\" \/>\n<meta property=\"article:published_time\" content=\"2023-03-07T07:49:27+00:00\" \/>\n<meta property=\"article:modified_time\" content=\"2023-03-07T07:49:29+00:00\" \/>\n<meta property=\"og:image\" content=\"http:\/\/tkg-duisburg.de\/wp-content\/uploads\/2023\/03\/A5519B2E-41B4-419B-B83A-B09A9D5E1AAC-1024x963.jpeg\" \/>\n<meta name=\"author\" content=\"Bj\u00f6rn Becker\" \/>\n<meta name=\"twitter:card\" content=\"summary_large_image\" \/>\n<meta name=\"twitter:label1\" content=\"Verfasst von\" \/>\n\t<meta name=\"twitter:data1\" content=\"Bj\u00f6rn Becker\" \/>\n<script type=\"application\/ld+json\" class=\"yoast-schema-graph\">{\"@context\":\"https:\/\/schema.org\",\"@graph\":[{\"@type\":\"WebPage\",\"@id\":\"https:\/\/tkg-duisburg.de\/?p=7652\",\"url\":\"https:\/\/tkg-duisburg.de\/?p=7652\",\"name\":\"IPADs an der TKG - Theodor K\u00f6nig Gesamtschule Duisburg\",\"isPartOf\":{\"@id\":\"https:\/\/tkg-duisburg.de\/#website\"},\"primaryImageOfPage\":{\"@id\":\"https:\/\/tkg-duisburg.de\/?p=7652#primaryimage\"},\"image\":{\"@id\":\"https:\/\/tkg-duisburg.de\/?p=7652#primaryimage\"},\"thumbnailUrl\":\"http:\/\/tkg-duisburg.de\/wp-content\/uploads\/2023\/03\/A5519B2E-41B4-419B-B83A-B09A9D5E1AAC-1024x963.jpeg\",\"datePublished\":\"2023-03-07T07:49:27+00:00\",\"dateModified\":\"2023-03-07T07:49:29+00:00\",\"author\":{\"@id\":\"https:\/\/tkg-duisburg.de\/#\/schema\/person\/5a5b174492de297d4b57e9a3d89564ee\"},\"breadcrumb\":{\"@id\":\"https:\/\/tkg-duisburg.de\/?p=7652#breadcrumb\"},\"inLanguage\":\"de\",\"potentialAction\":[{\"@type\":\"ReadAction\",\"target\":[\"https:\/\/tkg-duisburg.de\/?p=7652\"]}]},{\"@type\":\"ImageObject\",\"inLanguage\":\"de\",\"@id\":\"https:\/\/tkg-duisburg.de\/?p=7652#primaryimage\",\"url\":\"http:\/\/tkg-duisburg.de\/wp-content\/uploads\/2023\/03\/A5519B2E-41B4-419B-B83A-B09A9D5E1AAC-1024x963.jpeg\",\"contentUrl\":\"http:\/\/tkg-duisburg.de\/wp-content\/uploads\/2023\/03\/A5519B2E-41B4-419B-B83A-B09A9D5E1AAC-1024x963.jpeg\"},{\"@type\":\"BreadcrumbList\",\"@id\":\"https:\/\/tkg-duisburg.de\/?p=7652#breadcrumb\",\"itemListElement\":[{\"@type\":\"ListItem\",\"position\":1,\"name\":\"Startseite\",\"item\":\"https:\/\/tkg-duisburg.de\/\"},{\"@type\":\"ListItem\",\"position\":2,\"name\":\"IPADs an der TKG\"}]},{\"@type\":\"WebSite\",\"@id\":\"https:\/\/tkg-duisburg.de\/#website\",\"url\":\"https:\/\/tkg-duisburg.de\/\",\"name\":\"Theodor K\u00f6nig Gesamtschule Duisburg\",\"description\":\"\",\"potentialAction\":[{\"@type\":\"SearchAction\",\"target\":{\"@type\":\"EntryPoint\",\"urlTemplate\":\"https:\/\/tkg-duisburg.de\/?s={search_term_string}\"},\"query-input\":\"required name=search_term_string\"}],\"inLanguage\":\"de\"},{\"@type\":\"Person\",\"@id\":\"https:\/\/tkg-duisburg.de\/#\/schema\/person\/5a5b174492de297d4b57e9a3d89564ee\",\"name\":\"Bj\u00f6rn Becker\",\"image\":{\"@type\":\"ImageObject\",\"inLanguage\":\"de\",\"@id\":\"https:\/\/tkg-duisburg.de\/#\/schema\/person\/image\/\",\"url\":\"https:\/\/secure.gravatar.com\/avatar\/c7690b9f448fdd19e7a021d2d0201faa0dc70513a48fc7103388e3231c3056a4?s=96&d=mm&r=g\",\"contentUrl\":\"https:\/\/secure.gravatar.com\/avatar\/c7690b9f448fdd19e7a021d2d0201faa0dc70513a48fc7103388e3231c3056a4?s=96&d=mm&r=g\",\"caption\":\"Bj\u00f6rn Becker\"},\"url\":\"https:\/\/tkg-duisburg.de\/?author=5\"}]}<\/script>\n<!-- \/ Yoast SEO plugin. -->","yoast_head_json":{"title":"IPADs an der TKG - Theodor K\u00f6nig Gesamtschule Duisburg","robots":{"index":"index","follow":"follow","max-snippet":"max-snippet:-1","max-image-preview":"max-image-preview:large","max-video-preview":"max-video-preview:-1"},"canonical":"https:\/\/tkg-duisburg.de\/?p=7652","og_locale":"de_DE","og_type":"article","og_title":"IPADs an der TKG - Theodor K\u00f6nig Gesamtschule Duisburg","og_description":"Die Digitalisierung der TKG schreitet voran. In dieser Woche startet die Verteilung der IPADs am Standort Gartstr\u00e4ucher Stra\u00dfe. Damit sind nun im Rahmen der fl\u00e4chendeckenden Ausstattung mit IPADs diese an allen Standorten der TKG im Einsatz.","og_url":"https:\/\/tkg-duisburg.de\/?p=7652","og_site_name":"Theodor K\u00f6nig Gesamtschule Duisburg","article_published_time":"2023-03-07T07:49:27+00:00","article_modified_time":"2023-03-07T07:49:29+00:00","og_image":[{"url":"http:\/\/tkg-duisburg.de\/wp-content\/uploads\/2023\/03\/A5519B2E-41B4-419B-B83A-B09A9D5E1AAC-1024x963.jpeg"}],"author":"Bj\u00f6rn Becker","twitter_card":"summary_large_image","twitter_misc":{"Verfasst von":"Bj\u00f6rn Becker"},"schema":{"@context":"https:\/\/schema.org","@graph":[{"@type":"WebPage","@id":"https:\/\/tkg-duisburg.de\/?p=7652","url":"https:\/\/tkg-duisburg.de\/?p=7652","name":"IPADs an der TKG - Theodor K\u00f6nig Gesamtschule Duisburg","isPartOf":{"@id":"https:\/\/tkg-duisburg.de\/#website"},"primaryImageOfPage":{"@id":"https:\/\/tkg-duisburg.de\/?p=7652#primaryimage"},"image":{"@id":"https:\/\/tkg-duisburg.de\/?p=7652#primaryimage"},"thumbnailUrl":"http:\/\/tkg-duisburg.de\/wp-content\/uploads\/2023\/03\/A5519B2E-41B4-419B-B83A-B09A9D5E1AAC-1024x963.jpeg","datePublished":"2023-03-07T07:49:27+00:00","dateModified":"2023-03-07T07:49:29+00:00","author":{"@id":"https:\/\/tkg-duisburg.de\/#\/schema\/person\/5a5b174492de297d4b57e9a3d89564ee"},"breadcrumb":{"@id":"https:\/\/tkg-duisburg.de\/?p=7652#breadcrumb"},"inLanguage":"de","potentialAction":[{"@type":"ReadAction","target":["https:\/\/tkg-duisburg.de\/?p=7652"]}]},{"@type":"ImageObject","inLanguage":"de","@id":"https:\/\/tkg-duisburg.de\/?p=7652#primaryimage","url":"http:\/\/tkg-duisburg.de\/wp-content\/uploads\/2023\/03\/A5519B2E-41B4-419B-B83A-B09A9D5E1AAC-1024x963.jpeg","contentUrl":"http:\/\/tkg-duisburg.de\/wp-content\/uploads\/2023\/03\/A5519B2E-41B4-419B-B83A-B09A9D5E1AAC-1024x963.jpeg"},{"@type":"BreadcrumbList","@id":"https:\/\/tkg-duisburg.de\/?p=7652#breadcrumb","itemListElement":[{"@type":"ListItem","position":1,"name":"Startseite","item":"https:\/\/tkg-duisburg.de\/"},{"@type":"ListItem","position":2,"name":"IPADs an der TKG"}]},{"@type":"WebSite","@id":"https:\/\/tkg-duisburg.de\/#website","url":"https:\/\/tkg-duisburg.de\/","name":"Theodor K\u00f6nig Gesamtschule Duisburg","description":"","potentialAction":[{"@type":"SearchAction","target":{"@type":"EntryPoint","urlTemplate":"https:\/\/tkg-duisburg.de\/?s={search_term_string}"},"query-input":"required name=search_term_string"}],"inLanguage":"de"},{"@type":"Person","@id":"https:\/\/tkg-duisburg.de\/#\/schema\/person\/5a5b174492de297d4b57e9a3d89564ee","name":"Bj\u00f6rn Becker","image":{"@type":"ImageObject","inLanguage":"de","@id":"https:\/\/tkg-duisburg.de\/#\/schema\/person\/image\/","url":"https:\/\/secure.gravatar.com\/avatar\/c7690b9f448fdd19e7a021d2d0201faa0dc70513a48fc7103388e3231c3056a4?s=96&d=mm&r=g","contentUrl":"https:\/\/secure.gravatar.com\/avatar\/c7690b9f448fdd19e7a021d2d0201faa0dc70513a48fc7103388e3231c3056a4?s=96&d=mm&r=g","caption":"Bj\u00f6rn Becker"},"url":"https:\/\/tkg-duisburg.de\/?author=5"}]}},"_links":{"self":[{"href":"https:\/\/tkg-duisburg.de\/index.php?rest_route=\/wp\/v2\/posts\/7652","targetHints":{"allow":["GET"]}}],"collection":[{"href":"https:\/\/tkg-duisburg.de\/index.php?rest_route=\/wp\/v2\/posts"}],"about":[{"href":"https:\/\/tkg-duisburg.de\/index.php?rest_route=\/wp\/v2\/types\/post"}],"author":[{"embeddable":true,"href":"https:\/\/tkg-duisburg.de\/index.php?rest_route=\/wp\/v2\/users\/5"}],"replies":[{"embeddable":true,"href":"https:\/\/tkg-duisburg.de\/index.php?rest_route=%2Fwp%2Fv2%2Fcomments&post=7652"}],"version-history":[{"count":1,"href":"https:\/\/tkg-duisburg.de\/index.php?rest_route=\/wp\/v2\/posts\/7652\/revisions"}],"predecessor-version":[{"id":7654,"href":"https:\/\/tkg-duisburg.de\/index.php?rest_route=\/wp\/v2\/posts\/7652\/revisions\/7654"}],"wp:attachment":[{"href":"https:\/\/tkg-duisburg.de\/index.php?rest_route=%2Fwp%2Fv2%2Fmedia&parent=7652"}],"wp:term":[{"taxonomy":"category","embeddable":true,"href":"https:\/\/tkg-duisburg.de\/index.php?rest_route=%2Fwp%2Fv2%2Fcategories&post=7652"},{"taxonomy":"post_tag","embeddable":true,"href":"https:\/\/tkg-duisburg.de\/index.php?rest_route=%2Fwp%2Fv2%2Ftags&post=7652"}],"curies":[{"name":"wp","href":"https:\/\/api.w.org\/{rel}","templated":true}]}}