{"id":7658,"date":"2023-03-10T19:31:07","date_gmt":"2023-03-10T17:31:07","guid":{"rendered":"https:\/\/tkg-duisburg.de\/?p=7658"},"modified":"2023-03-10T19:32:20","modified_gmt":"2023-03-10T17:32:20","slug":"meet-mercator-europa-tour-mahlet-suhr-ruhrtalent","status":"publish","type":"post","link":"https:\/\/tkg-duisburg.de\/?p=7658","title":{"rendered":"meet!-Mercator Europa Tour -Mahlet Suhr (RuhrTalent)"},"content":{"rendered":"<div class=\"wp-block-image\">\n<figure class=\"alignright size-full\"><img loading=\"lazy\" decoding=\"async\" width=\"92\" height=\"92\" src=\"https:\/\/tkg-duisburg.de\/wp-content\/uploads\/2023\/03\/image-3.png\" alt=\"\" class=\"wp-image-7661\"\/><\/figure>\n<\/div>\n\n<div class=\"wp-block-image\">\n<figure class=\"alignleft size-large is-resized\"><img loading=\"lazy\" decoding=\"async\" src=\"https:\/\/tkg-duisburg.de\/wp-content\/uploads\/2023\/03\/image-4-808x1024.png\" alt=\"\" class=\"wp-image-7663\" width=\"104\" height=\"132\" srcset=\"https:\/\/tkg-duisburg.de\/wp-content\/uploads\/2023\/03\/image-4-808x1024.png 808w, https:\/\/tkg-duisburg.de\/wp-content\/uploads\/2023\/03\/image-4-237x300.png 237w, https:\/\/tkg-duisburg.de\/wp-content\/uploads\/2023\/03\/image-4-1213x1536.png 1213w, https:\/\/tkg-duisburg.de\/wp-content\/uploads\/2023\/03\/image-4-1617x2048.png 1617w, https:\/\/tkg-duisburg.de\/wp-content\/uploads\/2023\/03\/image-4.png 1920w\" sizes=\"auto, (max-width: 104px) 100vw, 104px\" \/><\/figure>\n<\/div>\n\n\n<p>Die meet! &#8211; Mercator Europa Tour erm\u00f6glicht einen vollfinanzierten Einblick in die Vielseitigkeit<\/p>\n\n\n\n<p> Europas, nimmt Dich mit auf eine Reise durch Europa und unterst\u00fctzt dich bei deinen ersten internationalen Schritten.<\/p>\n\n\n\n<!--more-->\n\n\n<div class=\"wp-block-image\">\n<figure class=\"alignleft size-full is-resized\"><img loading=\"lazy\" decoding=\"async\" src=\"https:\/\/tkg-duisburg.de\/wp-content\/uploads\/2023\/03\/image-2.png\" alt=\"\" class=\"wp-image-7660\" width=\"354\" height=\"274\" srcset=\"https:\/\/tkg-duisburg.de\/wp-content\/uploads\/2023\/03\/image-2.png 536w, https:\/\/tkg-duisburg.de\/wp-content\/uploads\/2023\/03\/image-2-300x232.png 300w\" sizes=\"auto, (max-width: 354px) 100vw, 354px\" \/><\/figure>\n<\/div>\n\n\n<p>Am 23.02.23 habe ich an einer Informationsveranstaltung zu meet! \u2013 Mercator Europa Tour teilgenommen. Das von der Mercator Stiftung gef\u00f6rderte Programm unterst\u00fctzt junge Leute dabei, Auslandserfahrungen und Fremdsprachenkenntnisse zu sammeln. DieTeilnehmer*innen werden in f\u00fcr sie geeigneten Unterk\u00fcnften untergebracht und alle Teilnehmer*innen werden im Anschluss an das Programm Teil des Netzwerks der Stiftung Mercator.<\/p>\n\n\n\n<p>So lernte ich z.B. die Bewerbungsvoraussetzungen kennen:<\/p>\n\n\n\n<p>\u2022 Lebensmittelpunkt im Ruhrgebiet\/ NRW<\/p>\n\n\n\n<p>\u2022 bis Sommer 2023 abgeschlossenes Abitur\/ Fachabitur<\/p>\n\n\n\n<p>\u2022 Mindestalter 18Jahre<\/p>\n\n\n\n<p>\u2022 (geplantes) Studium oder Ausbildung ab Herbst 2023<\/p>\n\n\n\n<p>\u2022 bisher noch keine Teilnahme an einem l\u00e4ngeren Austauschprogramm<\/p>\n\n\n\n<p>\u2022 Offenheit f\u00fcr neue Themen<\/p>\n\n\n\n<p>\u2022 Interesseaneurop\u00e4ischenThemen<\/p>\n\n\n\n<p>Der Link zur offiziellen Seite der Stiftung Mercator: https:\/\/www.meet-europa.de\/<\/p>\n\n\n\n<p>Tolles Angebot!<\/p>\n\n\n\n<p>Und ich \u00fcberlege gerade, ob das ein Weg und eine Perspektive f\u00fcr mich nach dem Abi ist, um einfach neue Erfahrungen zu sammeln. Aber auch, weil ich noch nicht so genau wei\u00df, was ich nach dem Abi machen m\u00f6chte, aber meine Zeit der Suche gerne sinnvoll und gewinnbringend gestalten m\u00f6chte.<\/p>\n\n\n\n<p><strong>Mahlet Suhr (RuhrTalent,Q2)<\/strong><\/p>\n\n\n\n<p>(Ver\u00f6ffentlichung genehmigt durch C.Hiller-Kitzmann, Abteilungsleiterin Oberstufe)<\/p>\n\n\n\n<p><\/p>\n","protected":false},"excerpt":{"rendered":"<p>Die meet! &#8211; Mercator Europa Tour erm\u00f6glicht einen vollfinanzierten Einblick in die Vielseitigkeit Europas, nimmt Dich mit auf eine Reise durch Europa und unterst\u00fctzt dich bei deinen ersten internationalen Schritten.<\/p>\n","protected":false},"author":5,"featured_media":0,"comment_status":"closed","ping_status":"open","sticky":false,"template":"","format":"standard","meta":{"footnotes":""},"categories":[31,48,79,57],"tags":[],"class_list":["post-7658","post","type-post","status-publish","format-standard","hentry","category-ausserschulisches-lernen","category-berufsvorbereitung","category-studienorientierung","category-talentfoerderung"],"yoast_head":"<!-- This site is optimized with the Yoast SEO plugin v22.6 - https:\/\/yoast.com\/wordpress\/plugins\/seo\/ -->\n<title>meet!-Mercator Europa Tour -Mahlet Suhr (RuhrTalent) - Theodor K\u00f6nig Gesamtschule Duisburg<\/title>\n<meta name=\"robots\" content=\"index, follow, max-snippet:-1, max-image-preview:large, max-video-preview:-1\" \/>\n<link rel=\"canonical\" href=\"https:\/\/tkg-duisburg.de\/?p=7658\" \/>\n<meta property=\"og:locale\" content=\"de_DE\" \/>\n<meta property=\"og:type\" content=\"article\" \/>\n<meta property=\"og:title\" content=\"meet!-Mercator Europa Tour -Mahlet Suhr (RuhrTalent) - Theodor K\u00f6nig Gesamtschule Duisburg\" \/>\n<meta property=\"og:description\" content=\"Die meet! &#8211; Mercator Europa Tour erm\u00f6glicht einen vollfinanzierten Einblick in die Vielseitigkeit Europas, nimmt Dich mit auf eine Reise durch Europa und unterst\u00fctzt dich bei deinen ersten internationalen Schritten.\" \/>\n<meta property=\"og:url\" content=\"https:\/\/tkg-duisburg.de\/?p=7658\" \/>\n<meta property=\"og:site_name\" content=\"Theodor K\u00f6nig Gesamtschule Duisburg\" \/>\n<meta property=\"article:published_time\" content=\"2023-03-10T17:31:07+00:00\" \/>\n<meta property=\"article:modified_time\" content=\"2023-03-10T17:32:20+00:00\" \/>\n<meta property=\"og:image\" content=\"https:\/\/tkg-duisburg.de\/wp-content\/uploads\/2023\/03\/image-3.png\" \/>\n<meta name=\"author\" content=\"Bj\u00f6rn Becker\" \/>\n<meta name=\"twitter:card\" content=\"summary_large_image\" \/>\n<meta name=\"twitter:label1\" content=\"Verfasst von\" \/>\n\t<meta name=\"twitter:data1\" content=\"Bj\u00f6rn Becker\" \/>\n\t<meta name=\"twitter:label2\" content=\"Gesch\u00e4tzte Lesezeit\" \/>\n\t<meta name=\"twitter:data2\" content=\"1\u00a0Minute\" \/>\n<script type=\"application\/ld+json\" class=\"yoast-schema-graph\">{\"@context\":\"https:\/\/schema.org\",\"@graph\":[{\"@type\":\"WebPage\",\"@id\":\"https:\/\/tkg-duisburg.de\/?p=7658\",\"url\":\"https:\/\/tkg-duisburg.de\/?p=7658\",\"name\":\"meet!-Mercator Europa Tour -Mahlet Suhr (RuhrTalent) - Theodor K\u00f6nig Gesamtschule Duisburg\",\"isPartOf\":{\"@id\":\"https:\/\/tkg-duisburg.de\/#website\"},\"primaryImageOfPage\":{\"@id\":\"https:\/\/tkg-duisburg.de\/?p=7658#primaryimage\"},\"image\":{\"@id\":\"https:\/\/tkg-duisburg.de\/?p=7658#primaryimage\"},\"thumbnailUrl\":\"https:\/\/tkg-duisburg.de\/wp-content\/uploads\/2023\/03\/image-3.png\",\"datePublished\":\"2023-03-10T17:31:07+00:00\",\"dateModified\":\"2023-03-10T17:32:20+00:00\",\"author\":{\"@id\":\"https:\/\/tkg-duisburg.de\/#\/schema\/person\/5a5b174492de297d4b57e9a3d89564ee\"},\"breadcrumb\":{\"@id\":\"https:\/\/tkg-duisburg.de\/?p=7658#breadcrumb\"},\"inLanguage\":\"de\",\"potentialAction\":[{\"@type\":\"ReadAction\",\"target\":[\"https:\/\/tkg-duisburg.de\/?p=7658\"]}]},{\"@type\":\"ImageObject\",\"inLanguage\":\"de\",\"@id\":\"https:\/\/tkg-duisburg.de\/?p=7658#primaryimage\",\"url\":\"https:\/\/tkg-duisburg.de\/wp-content\/uploads\/2023\/03\/image-3.png\",\"contentUrl\":\"https:\/\/tkg-duisburg.de\/wp-content\/uploads\/2023\/03\/image-3.png\",\"width\":92,\"height\":92},{\"@type\":\"BreadcrumbList\",\"@id\":\"https:\/\/tkg-duisburg.de\/?p=7658#breadcrumb\",\"itemListElement\":[{\"@type\":\"ListItem\",\"position\":1,\"name\":\"Startseite\",\"item\":\"https:\/\/tkg-duisburg.de\/\"},{\"@type\":\"ListItem\",\"position\":2,\"name\":\"meet!-Mercator Europa Tour -Mahlet Suhr (RuhrTalent)\"}]},{\"@type\":\"WebSite\",\"@id\":\"https:\/\/tkg-duisburg.de\/#website\",\"url\":\"https:\/\/tkg-duisburg.de\/\",\"name\":\"Theodor K\u00f6nig Gesamtschule Duisburg\",\"description\":\"\",\"potentialAction\":[{\"@type\":\"SearchAction\",\"target\":{\"@type\":\"EntryPoint\",\"urlTemplate\":\"https:\/\/tkg-duisburg.de\/?s={search_term_string}\"},\"query-input\":\"required name=search_term_string\"}],\"inLanguage\":\"de\"},{\"@type\":\"Person\",\"@id\":\"https:\/\/tkg-duisburg.de\/#\/schema\/person\/5a5b174492de297d4b57e9a3d89564ee\",\"name\":\"Bj\u00f6rn Becker\",\"image\":{\"@type\":\"ImageObject\",\"inLanguage\":\"de\",\"@id\":\"https:\/\/tkg-duisburg.de\/#\/schema\/person\/image\/\",\"url\":\"https:\/\/secure.gravatar.com\/avatar\/c7690b9f448fdd19e7a021d2d0201faa0dc70513a48fc7103388e3231c3056a4?s=96&d=mm&r=g\",\"contentUrl\":\"https:\/\/secure.gravatar.com\/avatar\/c7690b9f448fdd19e7a021d2d0201faa0dc70513a48fc7103388e3231c3056a4?s=96&d=mm&r=g\",\"caption\":\"Bj\u00f6rn Becker\"},\"url\":\"https:\/\/tkg-duisburg.de\/?author=5\"}]}<\/script>\n<!-- \/ Yoast SEO plugin. -->","yoast_head_json":{"title":"meet!-Mercator Europa Tour -Mahlet Suhr (RuhrTalent) - Theodor K\u00f6nig Gesamtschule Duisburg","robots":{"index":"index","follow":"follow","max-snippet":"max-snippet:-1","max-image-preview":"max-image-preview:large","max-video-preview":"max-video-preview:-1"},"canonical":"https:\/\/tkg-duisburg.de\/?p=7658","og_locale":"de_DE","og_type":"article","og_title":"meet!-Mercator Europa Tour -Mahlet Suhr (RuhrTalent) - Theodor K\u00f6nig Gesamtschule Duisburg","og_description":"Die meet! &#8211; Mercator Europa Tour erm\u00f6glicht einen vollfinanzierten Einblick in die Vielseitigkeit Europas, nimmt Dich mit auf eine Reise durch Europa und unterst\u00fctzt dich bei deinen ersten internationalen Schritten.","og_url":"https:\/\/tkg-duisburg.de\/?p=7658","og_site_name":"Theodor K\u00f6nig Gesamtschule Duisburg","article_published_time":"2023-03-10T17:31:07+00:00","article_modified_time":"2023-03-10T17:32:20+00:00","og_image":[{"url":"https:\/\/tkg-duisburg.de\/wp-content\/uploads\/2023\/03\/image-3.png"}],"author":"Bj\u00f6rn Becker","twitter_card":"summary_large_image","twitter_misc":{"Verfasst von":"Bj\u00f6rn Becker","Gesch\u00e4tzte Lesezeit":"1\u00a0Minute"},"schema":{"@context":"https:\/\/schema.org","@graph":[{"@type":"WebPage","@id":"https:\/\/tkg-duisburg.de\/?p=7658","url":"https:\/\/tkg-duisburg.de\/?p=7658","name":"meet!-Mercator Europa Tour -Mahlet Suhr (RuhrTalent) - Theodor K\u00f6nig Gesamtschule Duisburg","isPartOf":{"@id":"https:\/\/tkg-duisburg.de\/#website"},"primaryImageOfPage":{"@id":"https:\/\/tkg-duisburg.de\/?p=7658#primaryimage"},"image":{"@id":"https:\/\/tkg-duisburg.de\/?p=7658#primaryimage"},"thumbnailUrl":"https:\/\/tkg-duisburg.de\/wp-content\/uploads\/2023\/03\/image-3.png","datePublished":"2023-03-10T17:31:07+00:00","dateModified":"2023-03-10T17:32:20+00:00","author":{"@id":"https:\/\/tkg-duisburg.de\/#\/schema\/person\/5a5b174492de297d4b57e9a3d89564ee"},"breadcrumb":{"@id":"https:\/\/tkg-duisburg.de\/?p=7658#breadcrumb"},"inLanguage":"de","potentialAction":[{"@type":"ReadAction","target":["https:\/\/tkg-duisburg.de\/?p=7658"]}]},{"@type":"ImageObject","inLanguage":"de","@id":"https:\/\/tkg-duisburg.de\/?p=7658#primaryimage","url":"https:\/\/tkg-duisburg.de\/wp-content\/uploads\/2023\/03\/image-3.png","contentUrl":"https:\/\/tkg-duisburg.de\/wp-content\/uploads\/2023\/03\/image-3.png","width":92,"height":92},{"@type":"BreadcrumbList","@id":"https:\/\/tkg-duisburg.de\/?p=7658#breadcrumb","itemListElement":[{"@type":"ListItem","position":1,"name":"Startseite","item":"https:\/\/tkg-duisburg.de\/"},{"@type":"ListItem","position":2,"name":"meet!-Mercator Europa Tour -Mahlet Suhr (RuhrTalent)"}]},{"@type":"WebSite","@id":"https:\/\/tkg-duisburg.de\/#website","url":"https:\/\/tkg-duisburg.de\/","name":"Theodor K\u00f6nig Gesamtschule Duisburg","description":"","potentialAction":[{"@type":"SearchAction","target":{"@type":"EntryPoint","urlTemplate":"https:\/\/tkg-duisburg.de\/?s={search_term_string}"},"query-input":"required name=search_term_string"}],"inLanguage":"de"},{"@type":"Person","@id":"https:\/\/tkg-duisburg.de\/#\/schema\/person\/5a5b174492de297d4b57e9a3d89564ee","name":"Bj\u00f6rn Becker","image":{"@type":"ImageObject","inLanguage":"de","@id":"https:\/\/tkg-duisburg.de\/#\/schema\/person\/image\/","url":"https:\/\/secure.gravatar.com\/avatar\/c7690b9f448fdd19e7a021d2d0201faa0dc70513a48fc7103388e3231c3056a4?s=96&d=mm&r=g","contentUrl":"https:\/\/secure.gravatar.com\/avatar\/c7690b9f448fdd19e7a021d2d0201faa0dc70513a48fc7103388e3231c3056a4?s=96&d=mm&r=g","caption":"Bj\u00f6rn Becker"},"url":"https:\/\/tkg-duisburg.de\/?author=5"}]}},"_links":{"self":[{"href":"https:\/\/tkg-duisburg.de\/index.php?rest_route=\/wp\/v2\/posts\/7658","targetHints":{"allow":["GET"]}}],"collection":[{"href":"https:\/\/tkg-duisburg.de\/index.php?rest_route=\/wp\/v2\/posts"}],"about":[{"href":"https:\/\/tkg-duisburg.de\/index.php?rest_route=\/wp\/v2\/types\/post"}],"author":[{"embeddable":true,"href":"https:\/\/tkg-duisburg.de\/index.php?rest_route=\/wp\/v2\/users\/5"}],"replies":[{"embeddable":true,"href":"https:\/\/tkg-duisburg.de\/index.php?rest_route=%2Fwp%2Fv2%2Fcomments&post=7658"}],"version-history":[{"count":2,"href":"https:\/\/tkg-duisburg.de\/index.php?rest_route=\/wp\/v2\/posts\/7658\/revisions"}],"predecessor-version":[{"id":7667,"href":"https:\/\/tkg-duisburg.de\/index.php?rest_route=\/wp\/v2\/posts\/7658\/revisions\/7667"}],"wp:attachment":[{"href":"https:\/\/tkg-duisburg.de\/index.php?rest_route=%2Fwp%2Fv2%2Fmedia&parent=7658"}],"wp:term":[{"taxonomy":"category","embeddable":true,"href":"https:\/\/tkg-duisburg.de\/index.php?rest_route=%2Fwp%2Fv2%2Fcategories&post=7658"},{"taxonomy":"post_tag","embeddable":true,"href":"https:\/\/tkg-duisburg.de\/index.php?rest_route=%2Fwp%2Fv2%2Ftags&post=7658"}],"curies":[{"name":"wp","href":"https:\/\/api.w.org\/{rel}","templated":true}]}}