{"id":7668,"date":"2023-03-10T19:34:30","date_gmt":"2023-03-10T17:34:30","guid":{"rendered":"https:\/\/tkg-duisburg.de\/?p=7668"},"modified":"2023-03-10T19:34:48","modified_gmt":"2023-03-10T17:34:48","slug":"der-klassenrat-demokratielernen-im-jahrgang-5","status":"publish","type":"post","link":"https:\/\/tkg-duisburg.de\/?p=7668","title":{"rendered":"Der Klassenrat-Demokratielernen im Jahrgang 5\u00a0"},"content":{"rendered":"\n<p><em>Konflikte aus der Welt schaffen!<\/em><\/p>\n\n\n\n<p>Miteinander reden, miteinander leben, kann nur in einer Schulgemeinschaft funktionieren, wenn eine Atmosph\u00e4re respektvollen Umgangs daf\u00fcr geschaffen wird. F\u00fcr ein gesundes Schul- und Klassenklima, gute Lernatmosph\u00e4re unabdingbar. Die w\u00f6chentlichen Sitzungen des Klassenrats sollen diese p\u00e4dagogischen Ziele unterst\u00fctzen. Es soll Sch\u00fclerinnen und Sch\u00fcler dazu bef\u00e4higen, Konflikte anzusprechen, angemessen zu formulieren und L\u00f6sungen zu finden.<\/p>\n\n\n<div class=\"wp-block-image\">\n<figure class=\"aligncenter size-full is-resized\"><img loading=\"lazy\" decoding=\"async\" src=\"https:\/\/tkg-duisburg.de\/wp-content\/uploads\/2023\/03\/image-7.png\" alt=\"\" class=\"wp-image-7669\" width=\"543\" height=\"401\" srcset=\"https:\/\/tkg-duisburg.de\/wp-content\/uploads\/2023\/03\/image-7.png 825w, https:\/\/tkg-duisburg.de\/wp-content\/uploads\/2023\/03\/image-7-300x221.png 300w\" sizes=\"auto, (max-width: 543px) 100vw, 543px\" \/><\/figure>\n<\/div>\n\n\n<p> <\/p>\n\n\n\n<!--more-->\n\n\n\n<p>Doch es geht nicht immer um Konflikte im Klassenrat. Sch\u00fclerinnen und Sch\u00fcler k\u00f6nnen \u00fcber Konfliktthemen hinaus Themen ansprechen, die sie besonders bewegen oder interessieren. Diese k\u00f6nnen aktuelle Themen, das Schulleben, aber auch schulorganisatorische Themen betreffen, wie die gemeinsame Gestaltung des Klassenraums oder Planung des Wandertages. Alle Mitglieder der Klasse nehmen an den Klassenratssitzungen gleichberechtigt teil. Zun\u00e4chst finden die Sitzungen unter der Leitung der Klassenlehrer:innen statt, wobei weitere Aufgaben, wie Assistent:in, Protokollant:in, Zeitw\u00e4chter:in, Regelw\u00e4chter:in, etc. weiterhin von den Sch\u00fclerinnen und Sch\u00fclern \u00fcbernommen und selbstst\u00e4ndig durchgef\u00fchrt werden sollen. Die Begeisterung f\u00fcr den Klassenrat fasst Frau Ramirez Delgado (Klasse 5c)\u00a0 folgenderma\u00dfen zusammen:\u00a0<\/p>\n\n\n\n<p><em>\u201eDie beste Stunde in der gesamten Woche\u201c. Kommunikation ist das A und O in einer funktionierenden Gemeinschaft, aber wie geht das richtig? Wie verhalte ich mich in Streitsituationen? Wie spreche ich Probleme an und wie l\u00f6se ich diese? Das sind Bespiele f\u00fcr Fragen, mit denen wir uns besch\u00e4ftigen. Ganz nach dem Motto: \u201eGemeinsam finden wir eine L\u00f6sung und immer offene Ohren f\u00fcreinander.\u00a0<\/em><\/p>\n\n\n<div class=\"wp-block-image\">\n<figure class=\"aligncenter size-full is-resized\"><img loading=\"lazy\" decoding=\"async\" src=\"https:\/\/tkg-duisburg.de\/wp-content\/uploads\/2023\/03\/image-8.png\" alt=\"\" class=\"wp-image-7670\" width=\"511\" height=\"458\" srcset=\"https:\/\/tkg-duisburg.de\/wp-content\/uploads\/2023\/03\/image-8.png 626w, https:\/\/tkg-duisburg.de\/wp-content\/uploads\/2023\/03\/image-8-300x269.png 300w\" sizes=\"auto, (max-width: 511px) 100vw, 511px\" \/><\/figure>\n<\/div>\n\n\n<p>Einige Aussagen der Sch\u00fcler:innen zu Klassenrat:<\/p>\n\n\n\n<p><em>\u201eIch finde den Klassenrat gut, weil wir alles kl\u00e4ren k\u00f6nnen.\u201c&nbsp;<\/em><\/p>\n\n\n\n<p><em>\u201eIch finde den Klassenrat gut, weil wir Probleme kl\u00e4ren k\u00f6nnen und uns gegenseitig zuh\u00f6ren. 5c ist die beste Klasse.<\/em>\u201c<\/p>\n\n\n\n<p><em>\u201eIch finde es gut, dass wir mit Frau Ramirez den Klassenrat haben und unsere Meinungen zu einem Streit sagen k\u00f6nnen.\u201c<\/em><\/p>\n\n\n\n<p><em>\u201eWir entscheiden gemeinsam wohin es am Wandertag gehen soll.\u201c<\/em><\/p>\n\n\n\n<p><em>\u201eProbleme au\u00dferhalb der Klasse k\u00f6nnen wir auch in der Demokratiestunde l\u00f6sen.\u201c<\/em><\/p>\n\n\n\n<p>Insgesamt hat der Klassenrat einen positiven Einfluss auf das Sch\u00fclerleben und das Klassenklima. Die Sch\u00fcler f\u00fchlen sich ernst genommen und haben die M\u00f6glichkeit, ihre Anliegen zu \u00e4u\u00dfern und an der Gestaltung ihrer Klassengemeinschaft mitzuwirken. Daher sollte der Klassenrat regelm\u00e4\u00dfig stattfinden und von allen Beteiligten ernst genommen werden. Nach R\u00fcckmeldung der Klassenleitungen k\u00f6nnen wir sagen, dass sowohl von Sch\u00fclerseite, als auch Lehrerseite der Klassenrat gut angenommen wurde.\u00a0<\/p>\n\n\n\n<p><strong>Z\u00fcbeyda Uzun<\/strong><\/p>\n","protected":false},"excerpt":{"rendered":"<p>Konflikte aus der Welt schaffen! Miteinander reden, miteinander leben, kann nur in einer Schulgemeinschaft funktionieren, wenn eine Atmosph\u00e4re respektvollen Umgangs daf\u00fcr geschaffen wird. F\u00fcr ein gesundes Schul- und Klassenklima, gute Lernatmosph\u00e4re unabdingbar. Die w\u00f6chentlichen Sitzungen des Klassenrats sollen diese p\u00e4dagogischen Ziele unterst\u00fctzen. Es soll Sch\u00fclerinnen und Sch\u00fcler dazu bef\u00e4higen, Konflikte anzusprechen, angemessen zu formulieren und &hellip; <a href=\"https:\/\/tkg-duisburg.de\/?p=7668\" class=\"more-link\"><span class=\"screen-reader-text\">Der Klassenrat-Demokratielernen im Jahrgang 5\u00a0<\/span> weiterlesen <span class=\"meta-nav\">&rarr;<\/span><\/a><\/p>\n","protected":false},"author":5,"featured_media":0,"comment_status":"closed","ping_status":"open","sticky":false,"template":"","format":"standard","meta":{"footnotes":""},"categories":[87,65,45,81],"tags":[],"class_list":["post-7668","post","type-post","status-publish","format-standard","hentry","category-demokratie","category-gartstraeucher-str","category-jahrgang-5","category-politik-faecher"],"yoast_head":"<!-- This site is optimized with the Yoast SEO plugin v22.6 - https:\/\/yoast.com\/wordpress\/plugins\/seo\/ -->\n<title>Der Klassenrat-Demokratielernen im Jahrgang 5\u00a0 - Theodor K\u00f6nig Gesamtschule Duisburg<\/title>\n<meta name=\"robots\" content=\"index, follow, max-snippet:-1, max-image-preview:large, max-video-preview:-1\" \/>\n<link rel=\"canonical\" href=\"https:\/\/tkg-duisburg.de\/?p=7668\" \/>\n<meta property=\"og:locale\" content=\"de_DE\" \/>\n<meta property=\"og:type\" content=\"article\" \/>\n<meta property=\"og:title\" content=\"Der Klassenrat-Demokratielernen im Jahrgang 5\u00a0 - Theodor K\u00f6nig Gesamtschule Duisburg\" \/>\n<meta property=\"og:description\" content=\"Konflikte aus der Welt schaffen! Miteinander reden, miteinander leben, kann nur in einer Schulgemeinschaft funktionieren, wenn eine Atmosph\u00e4re respektvollen Umgangs daf\u00fcr geschaffen wird. F\u00fcr ein gesundes Schul- und Klassenklima, gute Lernatmosph\u00e4re unabdingbar. Die w\u00f6chentlichen Sitzungen des Klassenrats sollen diese p\u00e4dagogischen Ziele unterst\u00fctzen. Es soll Sch\u00fclerinnen und Sch\u00fcler dazu bef\u00e4higen, Konflikte anzusprechen, angemessen zu formulieren und &hellip; Der Klassenrat-Demokratielernen im Jahrgang 5\u00a0 weiterlesen &rarr;\" \/>\n<meta property=\"og:url\" content=\"https:\/\/tkg-duisburg.de\/?p=7668\" \/>\n<meta property=\"og:site_name\" content=\"Theodor K\u00f6nig Gesamtschule Duisburg\" \/>\n<meta property=\"article:published_time\" content=\"2023-03-10T17:34:30+00:00\" \/>\n<meta property=\"article:modified_time\" content=\"2023-03-10T17:34:48+00:00\" \/>\n<meta property=\"og:image\" content=\"https:\/\/tkg-duisburg.de\/wp-content\/uploads\/2023\/03\/image-7.png\" \/>\n<meta name=\"author\" content=\"Bj\u00f6rn Becker\" \/>\n<meta name=\"twitter:card\" content=\"summary_large_image\" \/>\n<meta name=\"twitter:label1\" content=\"Verfasst von\" \/>\n\t<meta name=\"twitter:data1\" content=\"Bj\u00f6rn Becker\" \/>\n\t<meta name=\"twitter:label2\" content=\"Gesch\u00e4tzte Lesezeit\" \/>\n\t<meta name=\"twitter:data2\" content=\"2\u00a0Minuten\" \/>\n<script type=\"application\/ld+json\" class=\"yoast-schema-graph\">{\"@context\":\"https:\/\/schema.org\",\"@graph\":[{\"@type\":\"WebPage\",\"@id\":\"https:\/\/tkg-duisburg.de\/?p=7668\",\"url\":\"https:\/\/tkg-duisburg.de\/?p=7668\",\"name\":\"Der Klassenrat-Demokratielernen im Jahrgang 5\u00a0 - Theodor K\u00f6nig Gesamtschule Duisburg\",\"isPartOf\":{\"@id\":\"https:\/\/tkg-duisburg.de\/#website\"},\"primaryImageOfPage\":{\"@id\":\"https:\/\/tkg-duisburg.de\/?p=7668#primaryimage\"},\"image\":{\"@id\":\"https:\/\/tkg-duisburg.de\/?p=7668#primaryimage\"},\"thumbnailUrl\":\"https:\/\/tkg-duisburg.de\/wp-content\/uploads\/2023\/03\/image-7.png\",\"datePublished\":\"2023-03-10T17:34:30+00:00\",\"dateModified\":\"2023-03-10T17:34:48+00:00\",\"author\":{\"@id\":\"https:\/\/tkg-duisburg.de\/#\/schema\/person\/5a5b174492de297d4b57e9a3d89564ee\"},\"breadcrumb\":{\"@id\":\"https:\/\/tkg-duisburg.de\/?p=7668#breadcrumb\"},\"inLanguage\":\"de\",\"potentialAction\":[{\"@type\":\"ReadAction\",\"target\":[\"https:\/\/tkg-duisburg.de\/?p=7668\"]}]},{\"@type\":\"ImageObject\",\"inLanguage\":\"de\",\"@id\":\"https:\/\/tkg-duisburg.de\/?p=7668#primaryimage\",\"url\":\"https:\/\/tkg-duisburg.de\/wp-content\/uploads\/2023\/03\/image-7.png\",\"contentUrl\":\"https:\/\/tkg-duisburg.de\/wp-content\/uploads\/2023\/03\/image-7.png\",\"width\":825,\"height\":609},{\"@type\":\"BreadcrumbList\",\"@id\":\"https:\/\/tkg-duisburg.de\/?p=7668#breadcrumb\",\"itemListElement\":[{\"@type\":\"ListItem\",\"position\":1,\"name\":\"Startseite\",\"item\":\"https:\/\/tkg-duisburg.de\/\"},{\"@type\":\"ListItem\",\"position\":2,\"name\":\"Der Klassenrat-Demokratielernen im Jahrgang 5\u00a0\"}]},{\"@type\":\"WebSite\",\"@id\":\"https:\/\/tkg-duisburg.de\/#website\",\"url\":\"https:\/\/tkg-duisburg.de\/\",\"name\":\"Theodor K\u00f6nig Gesamtschule Duisburg\",\"description\":\"\",\"potentialAction\":[{\"@type\":\"SearchAction\",\"target\":{\"@type\":\"EntryPoint\",\"urlTemplate\":\"https:\/\/tkg-duisburg.de\/?s={search_term_string}\"},\"query-input\":\"required name=search_term_string\"}],\"inLanguage\":\"de\"},{\"@type\":\"Person\",\"@id\":\"https:\/\/tkg-duisburg.de\/#\/schema\/person\/5a5b174492de297d4b57e9a3d89564ee\",\"name\":\"Bj\u00f6rn Becker\",\"image\":{\"@type\":\"ImageObject\",\"inLanguage\":\"de\",\"@id\":\"https:\/\/tkg-duisburg.de\/#\/schema\/person\/image\/\",\"url\":\"https:\/\/secure.gravatar.com\/avatar\/c7690b9f448fdd19e7a021d2d0201faa0dc70513a48fc7103388e3231c3056a4?s=96&d=mm&r=g\",\"contentUrl\":\"https:\/\/secure.gravatar.com\/avatar\/c7690b9f448fdd19e7a021d2d0201faa0dc70513a48fc7103388e3231c3056a4?s=96&d=mm&r=g\",\"caption\":\"Bj\u00f6rn Becker\"},\"url\":\"https:\/\/tkg-duisburg.de\/?author=5\"}]}<\/script>\n<!-- \/ Yoast SEO plugin. -->","yoast_head_json":{"title":"Der Klassenrat-Demokratielernen im Jahrgang 5\u00a0 - Theodor K\u00f6nig Gesamtschule Duisburg","robots":{"index":"index","follow":"follow","max-snippet":"max-snippet:-1","max-image-preview":"max-image-preview:large","max-video-preview":"max-video-preview:-1"},"canonical":"https:\/\/tkg-duisburg.de\/?p=7668","og_locale":"de_DE","og_type":"article","og_title":"Der Klassenrat-Demokratielernen im Jahrgang 5\u00a0 - Theodor K\u00f6nig Gesamtschule Duisburg","og_description":"Konflikte aus der Welt schaffen! Miteinander reden, miteinander leben, kann nur in einer Schulgemeinschaft funktionieren, wenn eine Atmosph\u00e4re respektvollen Umgangs daf\u00fcr geschaffen wird. F\u00fcr ein gesundes Schul- und Klassenklima, gute Lernatmosph\u00e4re unabdingbar. Die w\u00f6chentlichen Sitzungen des Klassenrats sollen diese p\u00e4dagogischen Ziele unterst\u00fctzen. Es soll Sch\u00fclerinnen und Sch\u00fcler dazu bef\u00e4higen, Konflikte anzusprechen, angemessen zu formulieren und &hellip; Der Klassenrat-Demokratielernen im Jahrgang 5\u00a0 weiterlesen &rarr;","og_url":"https:\/\/tkg-duisburg.de\/?p=7668","og_site_name":"Theodor K\u00f6nig Gesamtschule Duisburg","article_published_time":"2023-03-10T17:34:30+00:00","article_modified_time":"2023-03-10T17:34:48+00:00","og_image":[{"url":"https:\/\/tkg-duisburg.de\/wp-content\/uploads\/2023\/03\/image-7.png"}],"author":"Bj\u00f6rn Becker","twitter_card":"summary_large_image","twitter_misc":{"Verfasst von":"Bj\u00f6rn Becker","Gesch\u00e4tzte Lesezeit":"2\u00a0Minuten"},"schema":{"@context":"https:\/\/schema.org","@graph":[{"@type":"WebPage","@id":"https:\/\/tkg-duisburg.de\/?p=7668","url":"https:\/\/tkg-duisburg.de\/?p=7668","name":"Der Klassenrat-Demokratielernen im Jahrgang 5\u00a0 - Theodor K\u00f6nig Gesamtschule Duisburg","isPartOf":{"@id":"https:\/\/tkg-duisburg.de\/#website"},"primaryImageOfPage":{"@id":"https:\/\/tkg-duisburg.de\/?p=7668#primaryimage"},"image":{"@id":"https:\/\/tkg-duisburg.de\/?p=7668#primaryimage"},"thumbnailUrl":"https:\/\/tkg-duisburg.de\/wp-content\/uploads\/2023\/03\/image-7.png","datePublished":"2023-03-10T17:34:30+00:00","dateModified":"2023-03-10T17:34:48+00:00","author":{"@id":"https:\/\/tkg-duisburg.de\/#\/schema\/person\/5a5b174492de297d4b57e9a3d89564ee"},"breadcrumb":{"@id":"https:\/\/tkg-duisburg.de\/?p=7668#breadcrumb"},"inLanguage":"de","potentialAction":[{"@type":"ReadAction","target":["https:\/\/tkg-duisburg.de\/?p=7668"]}]},{"@type":"ImageObject","inLanguage":"de","@id":"https:\/\/tkg-duisburg.de\/?p=7668#primaryimage","url":"https:\/\/tkg-duisburg.de\/wp-content\/uploads\/2023\/03\/image-7.png","contentUrl":"https:\/\/tkg-duisburg.de\/wp-content\/uploads\/2023\/03\/image-7.png","width":825,"height":609},{"@type":"BreadcrumbList","@id":"https:\/\/tkg-duisburg.de\/?p=7668#breadcrumb","itemListElement":[{"@type":"ListItem","position":1,"name":"Startseite","item":"https:\/\/tkg-duisburg.de\/"},{"@type":"ListItem","position":2,"name":"Der Klassenrat-Demokratielernen im Jahrgang 5\u00a0"}]},{"@type":"WebSite","@id":"https:\/\/tkg-duisburg.de\/#website","url":"https:\/\/tkg-duisburg.de\/","name":"Theodor K\u00f6nig Gesamtschule Duisburg","description":"","potentialAction":[{"@type":"SearchAction","target":{"@type":"EntryPoint","urlTemplate":"https:\/\/tkg-duisburg.de\/?s={search_term_string}"},"query-input":"required name=search_term_string"}],"inLanguage":"de"},{"@type":"Person","@id":"https:\/\/tkg-duisburg.de\/#\/schema\/person\/5a5b174492de297d4b57e9a3d89564ee","name":"Bj\u00f6rn Becker","image":{"@type":"ImageObject","inLanguage":"de","@id":"https:\/\/tkg-duisburg.de\/#\/schema\/person\/image\/","url":"https:\/\/secure.gravatar.com\/avatar\/c7690b9f448fdd19e7a021d2d0201faa0dc70513a48fc7103388e3231c3056a4?s=96&d=mm&r=g","contentUrl":"https:\/\/secure.gravatar.com\/avatar\/c7690b9f448fdd19e7a021d2d0201faa0dc70513a48fc7103388e3231c3056a4?s=96&d=mm&r=g","caption":"Bj\u00f6rn Becker"},"url":"https:\/\/tkg-duisburg.de\/?author=5"}]}},"_links":{"self":[{"href":"https:\/\/tkg-duisburg.de\/index.php?rest_route=\/wp\/v2\/posts\/7668","targetHints":{"allow":["GET"]}}],"collection":[{"href":"https:\/\/tkg-duisburg.de\/index.php?rest_route=\/wp\/v2\/posts"}],"about":[{"href":"https:\/\/tkg-duisburg.de\/index.php?rest_route=\/wp\/v2\/types\/post"}],"author":[{"embeddable":true,"href":"https:\/\/tkg-duisburg.de\/index.php?rest_route=\/wp\/v2\/users\/5"}],"replies":[{"embeddable":true,"href":"https:\/\/tkg-duisburg.de\/index.php?rest_route=%2Fwp%2Fv2%2Fcomments&post=7668"}],"version-history":[{"count":2,"href":"https:\/\/tkg-duisburg.de\/index.php?rest_route=\/wp\/v2\/posts\/7668\/revisions"}],"predecessor-version":[{"id":7672,"href":"https:\/\/tkg-duisburg.de\/index.php?rest_route=\/wp\/v2\/posts\/7668\/revisions\/7672"}],"wp:attachment":[{"href":"https:\/\/tkg-duisburg.de\/index.php?rest_route=%2Fwp%2Fv2%2Fmedia&parent=7668"}],"wp:term":[{"taxonomy":"category","embeddable":true,"href":"https:\/\/tkg-duisburg.de\/index.php?rest_route=%2Fwp%2Fv2%2Fcategories&post=7668"},{"taxonomy":"post_tag","embeddable":true,"href":"https:\/\/tkg-duisburg.de\/index.php?rest_route=%2Fwp%2Fv2%2Ftags&post=7668"}],"curies":[{"name":"wp","href":"https:\/\/api.w.org\/{rel}","templated":true}]}}