{"id":7870,"date":"2023-08-17T20:41:47","date_gmt":"2023-08-17T18:41:47","guid":{"rendered":"https:\/\/tkg-duisburg.de\/?p=7870"},"modified":"2023-08-17T20:41:49","modified_gmt":"2023-08-17T18:41:49","slug":"herzlich-willkommen-unsere-neue-ef-abi-26","status":"publish","type":"post","link":"https:\/\/tkg-duisburg.de\/?p=7870","title":{"rendered":"Herzlich willkommen &#8211; Unsere neue EF (ABI 26)"},"content":{"rendered":"\n<p><em>Am ersten Schultag konnten Frau Verhoeven als Beratungslehrerin und Frau Hiller-Kitzmann als Abteilungsleiterin die neue EF \u2013 den Abiturjahrgang 26 &#8211; an der TKG<\/em> <em>begr\u00fc\u00dfen und freuen sich auf drei gemeinsame und erfolgreiche Jahre.<\/em> <em>In der Woche vom 14. bis 18.08.23 findet f\u00fcr unseren Abijahrgang 26 der<\/em> <em>Br\u00fcckenkurs \u201eAnkommen an der TKG\u201c statt.<\/em><\/p>\n\n\n<div class=\"wp-block-image\">\n<figure class=\"aligncenter size-large\"><img loading=\"lazy\" decoding=\"async\" width=\"1024\" height=\"763\" src=\"https:\/\/tkg-duisburg.de\/wp-content\/uploads\/2023\/08\/Bildschirmfoto-2023-08-17-um-20.38.29-1024x763.png\" alt=\"\" class=\"wp-image-7871\" srcset=\"https:\/\/tkg-duisburg.de\/wp-content\/uploads\/2023\/08\/Bildschirmfoto-2023-08-17-um-20.38.29-1024x763.png 1024w, https:\/\/tkg-duisburg.de\/wp-content\/uploads\/2023\/08\/Bildschirmfoto-2023-08-17-um-20.38.29-300x223.png 300w, https:\/\/tkg-duisburg.de\/wp-content\/uploads\/2023\/08\/Bildschirmfoto-2023-08-17-um-20.38.29.png 1128w\" sizes=\"auto, (max-width: 1024px) 100vw, 1024px\" \/><\/figure>\n<\/div>\n\n\n<p><em>Nat\u00fcrlich<\/em> <em>werden wir<\/em> <em>dar\u00fcber<\/em> <em>berichten.<\/em><\/p>\n\n\n\n<p><em>Beim ersten gemeinsamen Ausflug ins Gasometer entstand auch das erste<\/em> <em>Gruppenfoto.<\/em><\/p>\n\n\n\n<figure class=\"wp-block-image size-large\"><img loading=\"lazy\" decoding=\"async\" width=\"1024\" height=\"353\" src=\"https:\/\/tkg-duisburg.de\/wp-content\/uploads\/2023\/08\/IMG_20230815_120542-scaled-e1692297686326-1024x353.jpg\" alt=\"\" class=\"wp-image-7872\" srcset=\"https:\/\/tkg-duisburg.de\/wp-content\/uploads\/2023\/08\/IMG_20230815_120542-scaled-e1692297686326-1024x353.jpg 1024w, https:\/\/tkg-duisburg.de\/wp-content\/uploads\/2023\/08\/IMG_20230815_120542-scaled-e1692297686326-300x103.jpg 300w, https:\/\/tkg-duisburg.de\/wp-content\/uploads\/2023\/08\/IMG_20230815_120542-scaled-e1692297686326-1536x530.jpg 1536w, https:\/\/tkg-duisburg.de\/wp-content\/uploads\/2023\/08\/IMG_20230815_120542-scaled-e1692297686326-2048x706.jpg 2048w\" sizes=\"auto, (max-width: 1024px) 100vw, 1024px\" \/><\/figure>\n\n\n\n<p><em>Wir w\u00fcnschen unserem Abiturjahrgang 26 eine erfolgreiche Oberstufenzeit<\/em>,<\/p>\n\n\n\n<p><em>K. Verhoeven und C. Hiller-Kitzmann<\/em><\/p>\n","protected":false},"excerpt":{"rendered":"<p>Am ersten Schultag konnten Frau Verhoeven als Beratungslehrerin und Frau Hiller-Kitzmann als Abteilungsleiterin die neue EF \u2013 den Abiturjahrgang 26 &#8211; an der TKG begr\u00fc\u00dfen und freuen sich auf drei gemeinsame und erfolgreiche Jahre. In der Woche vom 14. bis 18.08.23 findet f\u00fcr unseren Abijahrgang 26 der Br\u00fcckenkurs \u201eAnkommen an der TKG\u201c statt. Nat\u00fcrlich werden &hellip; <a href=\"https:\/\/tkg-duisburg.de\/?p=7870\" class=\"more-link\"><span class=\"screen-reader-text\">Herzlich willkommen &#8211; Unsere neue EF (ABI 26)<\/span> weiterlesen <span class=\"meta-nav\">&rarr;<\/span><\/a><\/p>\n","protected":false},"author":5,"featured_media":0,"comment_status":"closed","ping_status":"open","sticky":false,"template":"","format":"standard","meta":{"footnotes":""},"categories":[31,20,72,40],"tags":[],"class_list":["post-7870","post","type-post","status-publish","format-standard","hentry","category-ausserschulisches-lernen","category-ef","category-exkursion","category-sekundarstufe-ii"],"yoast_head":"<!-- This site is optimized with the Yoast SEO plugin v22.6 - https:\/\/yoast.com\/wordpress\/plugins\/seo\/ -->\n<title>Herzlich willkommen - Unsere neue EF (ABI 26) - Theodor K\u00f6nig Gesamtschule Duisburg<\/title>\n<meta name=\"robots\" content=\"index, follow, max-snippet:-1, max-image-preview:large, max-video-preview:-1\" \/>\n<link rel=\"canonical\" href=\"https:\/\/tkg-duisburg.de\/?p=7870\" \/>\n<meta property=\"og:locale\" content=\"de_DE\" \/>\n<meta property=\"og:type\" content=\"article\" \/>\n<meta property=\"og:title\" content=\"Herzlich willkommen - Unsere neue EF (ABI 26) - Theodor K\u00f6nig Gesamtschule Duisburg\" \/>\n<meta property=\"og:description\" content=\"Am ersten Schultag konnten Frau Verhoeven als Beratungslehrerin und Frau Hiller-Kitzmann als Abteilungsleiterin die neue EF \u2013 den Abiturjahrgang 26 &#8211; an der TKG begr\u00fc\u00dfen und freuen sich auf drei gemeinsame und erfolgreiche Jahre. In der Woche vom 14. bis 18.08.23 findet f\u00fcr unseren Abijahrgang 26 der Br\u00fcckenkurs \u201eAnkommen an der TKG\u201c statt. Nat\u00fcrlich werden &hellip; Herzlich willkommen &#8211; Unsere neue EF (ABI 26) weiterlesen &rarr;\" \/>\n<meta property=\"og:url\" content=\"https:\/\/tkg-duisburg.de\/?p=7870\" \/>\n<meta property=\"og:site_name\" content=\"Theodor K\u00f6nig Gesamtschule Duisburg\" \/>\n<meta property=\"article:published_time\" content=\"2023-08-17T18:41:47+00:00\" \/>\n<meta property=\"article:modified_time\" content=\"2023-08-17T18:41:49+00:00\" \/>\n<meta property=\"og:image\" content=\"https:\/\/tkg-duisburg.de\/wp-content\/uploads\/2023\/08\/Bildschirmfoto-2023-08-17-um-20.38.29-1024x763.png\" \/>\n<meta name=\"author\" content=\"Bj\u00f6rn Becker\" \/>\n<meta name=\"twitter:card\" content=\"summary_large_image\" \/>\n<meta name=\"twitter:label1\" content=\"Verfasst von\" \/>\n\t<meta name=\"twitter:data1\" content=\"Bj\u00f6rn Becker\" \/>\n<script type=\"application\/ld+json\" class=\"yoast-schema-graph\">{\"@context\":\"https:\/\/schema.org\",\"@graph\":[{\"@type\":\"WebPage\",\"@id\":\"https:\/\/tkg-duisburg.de\/?p=7870\",\"url\":\"https:\/\/tkg-duisburg.de\/?p=7870\",\"name\":\"Herzlich willkommen - Unsere neue EF (ABI 26) - Theodor K\u00f6nig Gesamtschule Duisburg\",\"isPartOf\":{\"@id\":\"https:\/\/tkg-duisburg.de\/#website\"},\"primaryImageOfPage\":{\"@id\":\"https:\/\/tkg-duisburg.de\/?p=7870#primaryimage\"},\"image\":{\"@id\":\"https:\/\/tkg-duisburg.de\/?p=7870#primaryimage\"},\"thumbnailUrl\":\"https:\/\/tkg-duisburg.de\/wp-content\/uploads\/2023\/08\/Bildschirmfoto-2023-08-17-um-20.38.29-1024x763.png\",\"datePublished\":\"2023-08-17T18:41:47+00:00\",\"dateModified\":\"2023-08-17T18:41:49+00:00\",\"author\":{\"@id\":\"https:\/\/tkg-duisburg.de\/#\/schema\/person\/5a5b174492de297d4b57e9a3d89564ee\"},\"breadcrumb\":{\"@id\":\"https:\/\/tkg-duisburg.de\/?p=7870#breadcrumb\"},\"inLanguage\":\"de\",\"potentialAction\":[{\"@type\":\"ReadAction\",\"target\":[\"https:\/\/tkg-duisburg.de\/?p=7870\"]}]},{\"@type\":\"ImageObject\",\"inLanguage\":\"de\",\"@id\":\"https:\/\/tkg-duisburg.de\/?p=7870#primaryimage\",\"url\":\"https:\/\/tkg-duisburg.de\/wp-content\/uploads\/2023\/08\/Bildschirmfoto-2023-08-17-um-20.38.29.png\",\"contentUrl\":\"https:\/\/tkg-duisburg.de\/wp-content\/uploads\/2023\/08\/Bildschirmfoto-2023-08-17-um-20.38.29.png\",\"width\":1128,\"height\":840},{\"@type\":\"BreadcrumbList\",\"@id\":\"https:\/\/tkg-duisburg.de\/?p=7870#breadcrumb\",\"itemListElement\":[{\"@type\":\"ListItem\",\"position\":1,\"name\":\"Startseite\",\"item\":\"https:\/\/tkg-duisburg.de\/\"},{\"@type\":\"ListItem\",\"position\":2,\"name\":\"Herzlich willkommen &#8211; Unsere neue EF (ABI 26)\"}]},{\"@type\":\"WebSite\",\"@id\":\"https:\/\/tkg-duisburg.de\/#website\",\"url\":\"https:\/\/tkg-duisburg.de\/\",\"name\":\"Theodor K\u00f6nig Gesamtschule Duisburg\",\"description\":\"\",\"potentialAction\":[{\"@type\":\"SearchAction\",\"target\":{\"@type\":\"EntryPoint\",\"urlTemplate\":\"https:\/\/tkg-duisburg.de\/?s={search_term_string}\"},\"query-input\":\"required name=search_term_string\"}],\"inLanguage\":\"de\"},{\"@type\":\"Person\",\"@id\":\"https:\/\/tkg-duisburg.de\/#\/schema\/person\/5a5b174492de297d4b57e9a3d89564ee\",\"name\":\"Bj\u00f6rn Becker\",\"image\":{\"@type\":\"ImageObject\",\"inLanguage\":\"de\",\"@id\":\"https:\/\/tkg-duisburg.de\/#\/schema\/person\/image\/\",\"url\":\"https:\/\/secure.gravatar.com\/avatar\/c7690b9f448fdd19e7a021d2d0201faa0dc70513a48fc7103388e3231c3056a4?s=96&d=mm&r=g\",\"contentUrl\":\"https:\/\/secure.gravatar.com\/avatar\/c7690b9f448fdd19e7a021d2d0201faa0dc70513a48fc7103388e3231c3056a4?s=96&d=mm&r=g\",\"caption\":\"Bj\u00f6rn Becker\"},\"url\":\"https:\/\/tkg-duisburg.de\/?author=5\"}]}<\/script>\n<!-- \/ Yoast SEO plugin. -->","yoast_head_json":{"title":"Herzlich willkommen - Unsere neue EF (ABI 26) - Theodor K\u00f6nig Gesamtschule Duisburg","robots":{"index":"index","follow":"follow","max-snippet":"max-snippet:-1","max-image-preview":"max-image-preview:large","max-video-preview":"max-video-preview:-1"},"canonical":"https:\/\/tkg-duisburg.de\/?p=7870","og_locale":"de_DE","og_type":"article","og_title":"Herzlich willkommen - Unsere neue EF (ABI 26) - Theodor K\u00f6nig Gesamtschule Duisburg","og_description":"Am ersten Schultag konnten Frau Verhoeven als Beratungslehrerin und Frau Hiller-Kitzmann als Abteilungsleiterin die neue EF \u2013 den Abiturjahrgang 26 &#8211; an der TKG begr\u00fc\u00dfen und freuen sich auf drei gemeinsame und erfolgreiche Jahre. In der Woche vom 14. bis 18.08.23 findet f\u00fcr unseren Abijahrgang 26 der Br\u00fcckenkurs \u201eAnkommen an der TKG\u201c statt. Nat\u00fcrlich werden &hellip; Herzlich willkommen &#8211; Unsere neue EF (ABI 26) weiterlesen &rarr;","og_url":"https:\/\/tkg-duisburg.de\/?p=7870","og_site_name":"Theodor K\u00f6nig Gesamtschule Duisburg","article_published_time":"2023-08-17T18:41:47+00:00","article_modified_time":"2023-08-17T18:41:49+00:00","og_image":[{"url":"https:\/\/tkg-duisburg.de\/wp-content\/uploads\/2023\/08\/Bildschirmfoto-2023-08-17-um-20.38.29-1024x763.png"}],"author":"Bj\u00f6rn Becker","twitter_card":"summary_large_image","twitter_misc":{"Verfasst von":"Bj\u00f6rn Becker"},"schema":{"@context":"https:\/\/schema.org","@graph":[{"@type":"WebPage","@id":"https:\/\/tkg-duisburg.de\/?p=7870","url":"https:\/\/tkg-duisburg.de\/?p=7870","name":"Herzlich willkommen - Unsere neue EF (ABI 26) - Theodor K\u00f6nig Gesamtschule Duisburg","isPartOf":{"@id":"https:\/\/tkg-duisburg.de\/#website"},"primaryImageOfPage":{"@id":"https:\/\/tkg-duisburg.de\/?p=7870#primaryimage"},"image":{"@id":"https:\/\/tkg-duisburg.de\/?p=7870#primaryimage"},"thumbnailUrl":"https:\/\/tkg-duisburg.de\/wp-content\/uploads\/2023\/08\/Bildschirmfoto-2023-08-17-um-20.38.29-1024x763.png","datePublished":"2023-08-17T18:41:47+00:00","dateModified":"2023-08-17T18:41:49+00:00","author":{"@id":"https:\/\/tkg-duisburg.de\/#\/schema\/person\/5a5b174492de297d4b57e9a3d89564ee"},"breadcrumb":{"@id":"https:\/\/tkg-duisburg.de\/?p=7870#breadcrumb"},"inLanguage":"de","potentialAction":[{"@type":"ReadAction","target":["https:\/\/tkg-duisburg.de\/?p=7870"]}]},{"@type":"ImageObject","inLanguage":"de","@id":"https:\/\/tkg-duisburg.de\/?p=7870#primaryimage","url":"https:\/\/tkg-duisburg.de\/wp-content\/uploads\/2023\/08\/Bildschirmfoto-2023-08-17-um-20.38.29.png","contentUrl":"https:\/\/tkg-duisburg.de\/wp-content\/uploads\/2023\/08\/Bildschirmfoto-2023-08-17-um-20.38.29.png","width":1128,"height":840},{"@type":"BreadcrumbList","@id":"https:\/\/tkg-duisburg.de\/?p=7870#breadcrumb","itemListElement":[{"@type":"ListItem","position":1,"name":"Startseite","item":"https:\/\/tkg-duisburg.de\/"},{"@type":"ListItem","position":2,"name":"Herzlich willkommen &#8211; Unsere neue EF (ABI 26)"}]},{"@type":"WebSite","@id":"https:\/\/tkg-duisburg.de\/#website","url":"https:\/\/tkg-duisburg.de\/","name":"Theodor K\u00f6nig Gesamtschule Duisburg","description":"","potentialAction":[{"@type":"SearchAction","target":{"@type":"EntryPoint","urlTemplate":"https:\/\/tkg-duisburg.de\/?s={search_term_string}"},"query-input":"required name=search_term_string"}],"inLanguage":"de"},{"@type":"Person","@id":"https:\/\/tkg-duisburg.de\/#\/schema\/person\/5a5b174492de297d4b57e9a3d89564ee","name":"Bj\u00f6rn Becker","image":{"@type":"ImageObject","inLanguage":"de","@id":"https:\/\/tkg-duisburg.de\/#\/schema\/person\/image\/","url":"https:\/\/secure.gravatar.com\/avatar\/c7690b9f448fdd19e7a021d2d0201faa0dc70513a48fc7103388e3231c3056a4?s=96&d=mm&r=g","contentUrl":"https:\/\/secure.gravatar.com\/avatar\/c7690b9f448fdd19e7a021d2d0201faa0dc70513a48fc7103388e3231c3056a4?s=96&d=mm&r=g","caption":"Bj\u00f6rn Becker"},"url":"https:\/\/tkg-duisburg.de\/?author=5"}]}},"_links":{"self":[{"href":"https:\/\/tkg-duisburg.de\/index.php?rest_route=\/wp\/v2\/posts\/7870","targetHints":{"allow":["GET"]}}],"collection":[{"href":"https:\/\/tkg-duisburg.de\/index.php?rest_route=\/wp\/v2\/posts"}],"about":[{"href":"https:\/\/tkg-duisburg.de\/index.php?rest_route=\/wp\/v2\/types\/post"}],"author":[{"embeddable":true,"href":"https:\/\/tkg-duisburg.de\/index.php?rest_route=\/wp\/v2\/users\/5"}],"replies":[{"embeddable":true,"href":"https:\/\/tkg-duisburg.de\/index.php?rest_route=%2Fwp%2Fv2%2Fcomments&post=7870"}],"version-history":[{"count":1,"href":"https:\/\/tkg-duisburg.de\/index.php?rest_route=\/wp\/v2\/posts\/7870\/revisions"}],"predecessor-version":[{"id":7874,"href":"https:\/\/tkg-duisburg.de\/index.php?rest_route=\/wp\/v2\/posts\/7870\/revisions\/7874"}],"wp:attachment":[{"href":"https:\/\/tkg-duisburg.de\/index.php?rest_route=%2Fwp%2Fv2%2Fmedia&parent=7870"}],"wp:term":[{"taxonomy":"category","embeddable":true,"href":"https:\/\/tkg-duisburg.de\/index.php?rest_route=%2Fwp%2Fv2%2Fcategories&post=7870"},{"taxonomy":"post_tag","embeddable":true,"href":"https:\/\/tkg-duisburg.de\/index.php?rest_route=%2Fwp%2Fv2%2Ftags&post=7870"}],"curies":[{"name":"wp","href":"https:\/\/api.w.org\/{rel}","templated":true}]}}