{"id":7876,"date":"2023-08-25T08:04:18","date_gmt":"2023-08-25T06:04:18","guid":{"rendered":"https:\/\/tkg-duisburg.de\/?p=7876"},"modified":"2023-08-25T08:56:53","modified_gmt":"2023-08-25T06:56:53","slug":"unsere-aktuellen-ruhrtalent","status":"publish","type":"post","link":"https:\/\/tkg-duisburg.de\/?p=7876","title":{"rendered":"Unsere aktuellen RuhrTalent"},"content":{"rendered":"\n<p><br><br>Unsere aktuellen RuhrTalent<\/p>\n\n\n\n<figure class=\"wp-block-image size-large\"><img loading=\"lazy\" decoding=\"async\" width=\"1024\" height=\"769\" src=\"https:\/\/tkg-duisburg.de\/wp-content\/uploads\/2023\/08\/IMG_0400-1024x769.png\" alt=\"\" class=\"wp-image-7877\" srcset=\"https:\/\/tkg-duisburg.de\/wp-content\/uploads\/2023\/08\/IMG_0400-1024x769.png 1024w, https:\/\/tkg-duisburg.de\/wp-content\/uploads\/2023\/08\/IMG_0400-300x225.png 300w, https:\/\/tkg-duisburg.de\/wp-content\/uploads\/2023\/08\/IMG_0400.png 1463w\" sizes=\"auto, (max-width: 1024px) 100vw, 1024px\" \/><figcaption>Josefa Akue, Isokh Salimov, Roni Sido, Farahmand Nawabi, Noor Othmann und Eva Seli (von links nach rechts)<\/figcaption><\/figure>\n\n\n\n<p class=\"has-text-align-center\">w\u00fcnschen allen einen guten Schulstart und ein erfolgreiches Schuljahr.<br><br>Achtung: Ab sofort findet man unsere neuen Beitr\u00e4ge unter <a href=\"https:\/\/tkg-duisburg.de\/?page_id=7861\" data-type=\"page\" data-id=\"7861\">\u201e<strong>Menschen \u2013 RuhrTalente<\/strong>\u201c<\/a>.<br>\u201eWerde Teil unseres Teams und sprich oder schreibe unsere Oberstufenleiterin Frau Hiller-Kitzmann an:\u201c<br>C. Hiller-Kitzmann, Abteilungsleiterin Oberstufe<\/p>\n","protected":false},"excerpt":{"rendered":"<p>Unsere aktuellen RuhrTalent w\u00fcnschen allen einen guten Schulstart und ein erfolgreiches Schuljahr. Achtung: Ab sofort findet man unsere neuen Beitr\u00e4ge unter \u201eMenschen \u2013 RuhrTalente\u201c.\u201eWerde Teil unseres Teams und sprich oder schreibe unsere Oberstufenleiterin Frau Hiller-Kitzmann an:\u201cC. Hiller-Kitzmann, Abteilungsleiterin Oberstufe<\/p>\n","protected":false},"author":5,"featured_media":0,"comment_status":"closed","ping_status":"open","sticky":false,"template":"","format":"standard","meta":{"footnotes":""},"categories":[57],"tags":[],"class_list":["post-7876","post","type-post","status-publish","format-standard","hentry","category-talentfoerderung"],"yoast_head":"<!-- This site is optimized with the Yoast SEO plugin v22.6 - https:\/\/yoast.com\/wordpress\/plugins\/seo\/ -->\n<title>Unsere aktuellen RuhrTalent - Theodor K\u00f6nig Gesamtschule Duisburg<\/title>\n<meta name=\"robots\" content=\"index, follow, max-snippet:-1, max-image-preview:large, max-video-preview:-1\" \/>\n<link rel=\"canonical\" href=\"https:\/\/tkg-duisburg.de\/?p=7876\" \/>\n<meta property=\"og:locale\" content=\"de_DE\" \/>\n<meta property=\"og:type\" content=\"article\" \/>\n<meta property=\"og:title\" content=\"Unsere aktuellen RuhrTalent - Theodor K\u00f6nig Gesamtschule Duisburg\" \/>\n<meta property=\"og:description\" content=\"Unsere aktuellen RuhrTalent w\u00fcnschen allen einen guten Schulstart und ein erfolgreiches Schuljahr. Achtung: Ab sofort findet man unsere neuen Beitr\u00e4ge unter \u201eMenschen \u2013 RuhrTalente\u201c.\u201eWerde Teil unseres Teams und sprich oder schreibe unsere Oberstufenleiterin Frau Hiller-Kitzmann an:\u201cC. Hiller-Kitzmann, Abteilungsleiterin Oberstufe\" \/>\n<meta property=\"og:url\" content=\"https:\/\/tkg-duisburg.de\/?p=7876\" \/>\n<meta property=\"og:site_name\" content=\"Theodor K\u00f6nig Gesamtschule Duisburg\" \/>\n<meta property=\"article:published_time\" content=\"2023-08-25T06:04:18+00:00\" \/>\n<meta property=\"article:modified_time\" content=\"2023-08-25T06:56:53+00:00\" \/>\n<meta property=\"og:image\" content=\"https:\/\/tkg-duisburg.de\/wp-content\/uploads\/2023\/08\/IMG_0400-1024x769.png\" \/>\n<meta name=\"author\" content=\"Bj\u00f6rn Becker\" \/>\n<meta name=\"twitter:card\" content=\"summary_large_image\" \/>\n<meta name=\"twitter:label1\" content=\"Verfasst von\" \/>\n\t<meta name=\"twitter:data1\" content=\"Bj\u00f6rn Becker\" \/>\n<script type=\"application\/ld+json\" class=\"yoast-schema-graph\">{\"@context\":\"https:\/\/schema.org\",\"@graph\":[{\"@type\":\"WebPage\",\"@id\":\"https:\/\/tkg-duisburg.de\/?p=7876\",\"url\":\"https:\/\/tkg-duisburg.de\/?p=7876\",\"name\":\"Unsere aktuellen RuhrTalent - Theodor K\u00f6nig Gesamtschule Duisburg\",\"isPartOf\":{\"@id\":\"https:\/\/tkg-duisburg.de\/#website\"},\"primaryImageOfPage\":{\"@id\":\"https:\/\/tkg-duisburg.de\/?p=7876#primaryimage\"},\"image\":{\"@id\":\"https:\/\/tkg-duisburg.de\/?p=7876#primaryimage\"},\"thumbnailUrl\":\"https:\/\/tkg-duisburg.de\/wp-content\/uploads\/2023\/08\/IMG_0400-1024x769.png\",\"datePublished\":\"2023-08-25T06:04:18+00:00\",\"dateModified\":\"2023-08-25T06:56:53+00:00\",\"author\":{\"@id\":\"https:\/\/tkg-duisburg.de\/#\/schema\/person\/5a5b174492de297d4b57e9a3d89564ee\"},\"breadcrumb\":{\"@id\":\"https:\/\/tkg-duisburg.de\/?p=7876#breadcrumb\"},\"inLanguage\":\"de\",\"potentialAction\":[{\"@type\":\"ReadAction\",\"target\":[\"https:\/\/tkg-duisburg.de\/?p=7876\"]}]},{\"@type\":\"ImageObject\",\"inLanguage\":\"de\",\"@id\":\"https:\/\/tkg-duisburg.de\/?p=7876#primaryimage\",\"url\":\"https:\/\/tkg-duisburg.de\/wp-content\/uploads\/2023\/08\/IMG_0400.png\",\"contentUrl\":\"https:\/\/tkg-duisburg.de\/wp-content\/uploads\/2023\/08\/IMG_0400.png\",\"width\":1463,\"height\":1098},{\"@type\":\"BreadcrumbList\",\"@id\":\"https:\/\/tkg-duisburg.de\/?p=7876#breadcrumb\",\"itemListElement\":[{\"@type\":\"ListItem\",\"position\":1,\"name\":\"Startseite\",\"item\":\"https:\/\/tkg-duisburg.de\/\"},{\"@type\":\"ListItem\",\"position\":2,\"name\":\"Unsere aktuellen RuhrTalent\"}]},{\"@type\":\"WebSite\",\"@id\":\"https:\/\/tkg-duisburg.de\/#website\",\"url\":\"https:\/\/tkg-duisburg.de\/\",\"name\":\"Theodor K\u00f6nig Gesamtschule Duisburg\",\"description\":\"\",\"potentialAction\":[{\"@type\":\"SearchAction\",\"target\":{\"@type\":\"EntryPoint\",\"urlTemplate\":\"https:\/\/tkg-duisburg.de\/?s={search_term_string}\"},\"query-input\":\"required name=search_term_string\"}],\"inLanguage\":\"de\"},{\"@type\":\"Person\",\"@id\":\"https:\/\/tkg-duisburg.de\/#\/schema\/person\/5a5b174492de297d4b57e9a3d89564ee\",\"name\":\"Bj\u00f6rn Becker\",\"image\":{\"@type\":\"ImageObject\",\"inLanguage\":\"de\",\"@id\":\"https:\/\/tkg-duisburg.de\/#\/schema\/person\/image\/\",\"url\":\"https:\/\/secure.gravatar.com\/avatar\/c7690b9f448fdd19e7a021d2d0201faa0dc70513a48fc7103388e3231c3056a4?s=96&d=mm&r=g\",\"contentUrl\":\"https:\/\/secure.gravatar.com\/avatar\/c7690b9f448fdd19e7a021d2d0201faa0dc70513a48fc7103388e3231c3056a4?s=96&d=mm&r=g\",\"caption\":\"Bj\u00f6rn Becker\"},\"url\":\"https:\/\/tkg-duisburg.de\/?author=5\"}]}<\/script>\n<!-- \/ Yoast SEO plugin. -->","yoast_head_json":{"title":"Unsere aktuellen RuhrTalent - Theodor K\u00f6nig Gesamtschule Duisburg","robots":{"index":"index","follow":"follow","max-snippet":"max-snippet:-1","max-image-preview":"max-image-preview:large","max-video-preview":"max-video-preview:-1"},"canonical":"https:\/\/tkg-duisburg.de\/?p=7876","og_locale":"de_DE","og_type":"article","og_title":"Unsere aktuellen RuhrTalent - Theodor K\u00f6nig Gesamtschule Duisburg","og_description":"Unsere aktuellen RuhrTalent w\u00fcnschen allen einen guten Schulstart und ein erfolgreiches Schuljahr. Achtung: Ab sofort findet man unsere neuen Beitr\u00e4ge unter \u201eMenschen \u2013 RuhrTalente\u201c.\u201eWerde Teil unseres Teams und sprich oder schreibe unsere Oberstufenleiterin Frau Hiller-Kitzmann an:\u201cC. Hiller-Kitzmann, Abteilungsleiterin Oberstufe","og_url":"https:\/\/tkg-duisburg.de\/?p=7876","og_site_name":"Theodor K\u00f6nig Gesamtschule Duisburg","article_published_time":"2023-08-25T06:04:18+00:00","article_modified_time":"2023-08-25T06:56:53+00:00","og_image":[{"url":"https:\/\/tkg-duisburg.de\/wp-content\/uploads\/2023\/08\/IMG_0400-1024x769.png"}],"author":"Bj\u00f6rn Becker","twitter_card":"summary_large_image","twitter_misc":{"Verfasst von":"Bj\u00f6rn Becker"},"schema":{"@context":"https:\/\/schema.org","@graph":[{"@type":"WebPage","@id":"https:\/\/tkg-duisburg.de\/?p=7876","url":"https:\/\/tkg-duisburg.de\/?p=7876","name":"Unsere aktuellen RuhrTalent - Theodor K\u00f6nig Gesamtschule Duisburg","isPartOf":{"@id":"https:\/\/tkg-duisburg.de\/#website"},"primaryImageOfPage":{"@id":"https:\/\/tkg-duisburg.de\/?p=7876#primaryimage"},"image":{"@id":"https:\/\/tkg-duisburg.de\/?p=7876#primaryimage"},"thumbnailUrl":"https:\/\/tkg-duisburg.de\/wp-content\/uploads\/2023\/08\/IMG_0400-1024x769.png","datePublished":"2023-08-25T06:04:18+00:00","dateModified":"2023-08-25T06:56:53+00:00","author":{"@id":"https:\/\/tkg-duisburg.de\/#\/schema\/person\/5a5b174492de297d4b57e9a3d89564ee"},"breadcrumb":{"@id":"https:\/\/tkg-duisburg.de\/?p=7876#breadcrumb"},"inLanguage":"de","potentialAction":[{"@type":"ReadAction","target":["https:\/\/tkg-duisburg.de\/?p=7876"]}]},{"@type":"ImageObject","inLanguage":"de","@id":"https:\/\/tkg-duisburg.de\/?p=7876#primaryimage","url":"https:\/\/tkg-duisburg.de\/wp-content\/uploads\/2023\/08\/IMG_0400.png","contentUrl":"https:\/\/tkg-duisburg.de\/wp-content\/uploads\/2023\/08\/IMG_0400.png","width":1463,"height":1098},{"@type":"BreadcrumbList","@id":"https:\/\/tkg-duisburg.de\/?p=7876#breadcrumb","itemListElement":[{"@type":"ListItem","position":1,"name":"Startseite","item":"https:\/\/tkg-duisburg.de\/"},{"@type":"ListItem","position":2,"name":"Unsere aktuellen RuhrTalent"}]},{"@type":"WebSite","@id":"https:\/\/tkg-duisburg.de\/#website","url":"https:\/\/tkg-duisburg.de\/","name":"Theodor K\u00f6nig Gesamtschule Duisburg","description":"","potentialAction":[{"@type":"SearchAction","target":{"@type":"EntryPoint","urlTemplate":"https:\/\/tkg-duisburg.de\/?s={search_term_string}"},"query-input":"required name=search_term_string"}],"inLanguage":"de"},{"@type":"Person","@id":"https:\/\/tkg-duisburg.de\/#\/schema\/person\/5a5b174492de297d4b57e9a3d89564ee","name":"Bj\u00f6rn Becker","image":{"@type":"ImageObject","inLanguage":"de","@id":"https:\/\/tkg-duisburg.de\/#\/schema\/person\/image\/","url":"https:\/\/secure.gravatar.com\/avatar\/c7690b9f448fdd19e7a021d2d0201faa0dc70513a48fc7103388e3231c3056a4?s=96&d=mm&r=g","contentUrl":"https:\/\/secure.gravatar.com\/avatar\/c7690b9f448fdd19e7a021d2d0201faa0dc70513a48fc7103388e3231c3056a4?s=96&d=mm&r=g","caption":"Bj\u00f6rn Becker"},"url":"https:\/\/tkg-duisburg.de\/?author=5"}]}},"_links":{"self":[{"href":"https:\/\/tkg-duisburg.de\/index.php?rest_route=\/wp\/v2\/posts\/7876","targetHints":{"allow":["GET"]}}],"collection":[{"href":"https:\/\/tkg-duisburg.de\/index.php?rest_route=\/wp\/v2\/posts"}],"about":[{"href":"https:\/\/tkg-duisburg.de\/index.php?rest_route=\/wp\/v2\/types\/post"}],"author":[{"embeddable":true,"href":"https:\/\/tkg-duisburg.de\/index.php?rest_route=\/wp\/v2\/users\/5"}],"replies":[{"embeddable":true,"href":"https:\/\/tkg-duisburg.de\/index.php?rest_route=%2Fwp%2Fv2%2Fcomments&post=7876"}],"version-history":[{"count":2,"href":"https:\/\/tkg-duisburg.de\/index.php?rest_route=\/wp\/v2\/posts\/7876\/revisions"}],"predecessor-version":[{"id":7880,"href":"https:\/\/tkg-duisburg.de\/index.php?rest_route=\/wp\/v2\/posts\/7876\/revisions\/7880"}],"wp:attachment":[{"href":"https:\/\/tkg-duisburg.de\/index.php?rest_route=%2Fwp%2Fv2%2Fmedia&parent=7876"}],"wp:term":[{"taxonomy":"category","embeddable":true,"href":"https:\/\/tkg-duisburg.de\/index.php?rest_route=%2Fwp%2Fv2%2Fcategories&post=7876"},{"taxonomy":"post_tag","embeddable":true,"href":"https:\/\/tkg-duisburg.de\/index.php?rest_route=%2Fwp%2Fv2%2Ftags&post=7876"}],"curies":[{"name":"wp","href":"https:\/\/api.w.org\/{rel}","templated":true}]}}