{"id":7940,"date":"2023-09-23T20:33:09","date_gmt":"2023-09-23T18:33:09","guid":{"rendered":"https:\/\/tkg-duisburg.de\/?p=7940"},"modified":"2023-09-23T20:33:11","modified_gmt":"2023-09-23T18:33:11","slug":"talenttage-ruhr-2023-takeoff-mit-der-tello-drohne","status":"publish","type":"post","link":"https:\/\/tkg-duisburg.de\/?p=7940","title":{"rendered":"TalentTage Ruhr 2023 &#8211; Takeoff mit der Tello Drohne"},"content":{"rendered":"<div class=\"wp-block-image\">\n<figure class=\"alignleft size-full\"><img loading=\"lazy\" decoding=\"async\" width=\"151\" height=\"113\" src=\"https:\/\/tkg-duisburg.de\/wp-content\/uploads\/2023\/09\/image-17.png\" alt=\"\" class=\"wp-image-7943\"\/><\/figure>\n<\/div>\n\n<div class=\"wp-block-image\">\n<figure class=\"alignright size-full\"><img loading=\"lazy\" decoding=\"async\" width=\"134\" height=\"176\" src=\"https:\/\/tkg-duisburg.de\/wp-content\/uploads\/2023\/09\/image-18.png\" alt=\"\" class=\"wp-image-7944\"\/><\/figure>\n<\/div>\n\n\n<p>Vierzehn Oberstufensch\u00fcler: innen wurden am 18.09. im Rahmen der TalentTage Ruhr in der DigitalWerkstatt Dortmund zu Drohnenpiloten:innen.<\/p>\n\n\n\n<p>Nach einer kurzen theoretischen Einf\u00fchrung durch das Team der DigitalWerkstatt in den Aufbau, die Funktionsweise, die Nutzungsm\u00f6glichkeiten einer Drohne, aber auch in die beim Drohneneinsatz geltenden Rechte und Pflichten und die Einweisung in die heute zu nutzenden Apps f\u00fcr die Drohnenprogrammierung ging es direkt in die Praxis.<\/p>\n\n\n\n<!--more-->\n\n\n\n<p><br><\/p>\n\n\n<div class=\"wp-block-image\">\n<figure class=\"alignleft size-full is-resized\"><img loading=\"lazy\" decoding=\"async\" src=\"https:\/\/tkg-duisburg.de\/wp-content\/uploads\/2023\/09\/image-19.png\" alt=\"\" class=\"wp-image-7945\" width=\"101\" height=\"135\"\/><\/figure>\n<\/div>\n\n<div class=\"wp-block-image\">\n<figure class=\"alignright size-full\"><img loading=\"lazy\" decoding=\"async\" width=\"104\" height=\"150\" src=\"https:\/\/tkg-duisburg.de\/wp-content\/uploads\/2023\/09\/image-20.png\" alt=\"\" class=\"wp-image-7946\"\/><\/figure>\n<\/div>\n\n\n<p>In der ersten Praxisphase galt es zun\u00e4chst einen eigenen Parcours f\u00fcr die zum Einsatz kommende TELLO Edu Drohne mit allen in der DigitalWerkstatt zur Verf\u00fcgungstehenden Mitteln aufzubauen, wie z.B. mit Hula-Hopp-Reifen, Schwimmnudeln, St\u00fchlen oder Styroporplatten und die von der Drohne zu bew\u00e4ltigenden Aufgaben zu beschreiben.<\/p>\n\n\n<div class=\"wp-block-image\">\n<figure class=\"alignright size-full\"><img loading=\"lazy\" decoding=\"async\" width=\"221\" height=\"166\" src=\"https:\/\/tkg-duisburg.de\/wp-content\/uploads\/2023\/09\/image-25.png\" alt=\"\" class=\"wp-image-7951\"\/><\/figure>\n<\/div>\n\n\n<p>Ein f\u00fcr die Drohnen, aber auch f\u00fcr die Sch\u00fcler: innen herausfordernder Parcours war das Ergebnis. Mit Hilfe der TELLO du App mussten dann Befehlsbl\u00f6cke per Drag &amp; Drop festgelegt werden, damit die Drohne das Hindernis umfliegen oder auch durchfliegen konnte. Gar nicht so einfach, H\u00f6he und Abst\u00e4nde einzusch\u00e4tzen und manchmal half nur der Zollstock. Gut, dass der kleine eingesetzte Quadrokopter robust war, denn in der Programmierungsphase kam es doch zu einigen Zusammenst\u00f6\u00dfen mit den Hindernissen oder Abst\u00fcrzen. Und die K\u00f6pfe rauchten, wenn die TELLO Drohne nicht den programmierten Weg nahm, sondern eigene Wege ging. Aber bei der Pr\u00e4sentation der Programmierungsergebnisse durften sich alle auf die Schulter klopfen, denn die Drohne flog wie befohlen.<\/p>\n\n\n<div class=\"wp-block-image\">\n<figure class=\"alignleft size-full\"><img loading=\"lazy\" decoding=\"async\" width=\"166\" height=\"109\" src=\"https:\/\/tkg-duisburg.de\/wp-content\/uploads\/2023\/09\/image-21.png\" alt=\"\" class=\"wp-image-7947\"\/><\/figure>\n<\/div>\n\n<div class=\"wp-block-image\">\n<figure class=\"alignright size-full is-resized\"><img loading=\"lazy\" decoding=\"async\" src=\"https:\/\/tkg-duisburg.de\/wp-content\/uploads\/2023\/09\/image-22.png\" alt=\"\" class=\"wp-image-7948\" width=\"103\" height=\"137\"\/><\/figure>\n<\/div>\n\n\n<p><br>Nach einer kurzen Pause ging es dann in die zweite Praxisphase. Diesmal sollte ein von den Mitarbeitern: Innen der DigitalWerkstatt erstellter Parcours von der Drohne in m\u00f6glichst kurzer Zeit durchflogen werden. Nach einer kurzen \u00dcbungsphase traten jeweils zwei Teams <\/p>\n\n\n<div class=\"wp-block-image\">\n<figure class=\"alignright size-full\"><img loading=\"lazy\" decoding=\"async\" width=\"95\" height=\"151\" src=\"https:\/\/tkg-duisburg.de\/wp-content\/uploads\/2023\/09\/image-23.png\" alt=\"\" class=\"wp-image-7949\"\/><\/figure>\n<\/div>\n\n<div class=\"wp-block-image\">\n<figure class=\"alignleft size-full\"><img loading=\"lazy\" decoding=\"async\" width=\"110\" height=\"147\" src=\"https:\/\/tkg-duisburg.de\/wp-content\/uploads\/2023\/09\/image-24.png\" alt=\"\" class=\"wp-image-7950\"\/><\/figure>\n<\/div>\n\n\n<p>gegeneinander an, klar war Wettkampf angesagt. Aber egal ob 38 Sekunden oder 1 Minute 48 jede Ziellandung wurde beklatscht und die erreichte Platzierung war nebens\u00e4chlich.<\/p>\n\n\n\n<p><br><\/p>\n\n\n\n<p>Die Sch\u00fclerinnen und Sch\u00fcler bedanken sich ganz herzlich bei der DigitalWerkstatt Dortmund und der TalentMetropole Ruhr f\u00fcr einen spannenden, unterhaltsamen, aber auch lehrreichen und informativen Tag und das fr\u00fche Aufstehen hat sich absolut gelohnt.<\/p>\n\n\n<div class=\"wp-block-image\">\n<figure class=\"aligncenter size-full\"><img loading=\"lazy\" decoding=\"async\" width=\"422\" height=\"316\" src=\"https:\/\/tkg-duisburg.de\/wp-content\/uploads\/2023\/09\/image-26.png\" alt=\"\" class=\"wp-image-7952\" srcset=\"https:\/\/tkg-duisburg.de\/wp-content\/uploads\/2023\/09\/image-26.png 422w, https:\/\/tkg-duisburg.de\/wp-content\/uploads\/2023\/09\/image-26-300x225.png 300w\" sizes=\"auto, (max-width: 422px) 100vw, 422px\" \/><\/figure>\n<\/div>\n\n\n<p>Cordula Hiller-Kitzmann, Abteilungsleiterin Oberstufe<\/p>\n\n\n\n<p>\u201eWas alles m\u00f6glich ist, zeigt unser Video.\u201c<\/p>\n\n\n\n<figure class=\"wp-block-video\"><video height=\"406\" style=\"aspect-ratio: 720 \/ 406;\" width=\"720\" controls src=\"https:\/\/tkg-duisburg.de\/wp-content\/uploads\/2023\/09\/TalentTage-Ruhr_Video_Drohne.mp4\"><\/video><\/figure>\n","protected":false},"excerpt":{"rendered":"<p>Vierzehn Oberstufensch\u00fcler: innen wurden am 18.09. im Rahmen der TalentTage Ruhr in der DigitalWerkstatt Dortmund zu Drohnenpiloten:innen. Nach einer kurzen theoretischen Einf\u00fchrung durch das Team der DigitalWerkstatt in den Aufbau, die Funktionsweise, die Nutzungsm\u00f6glichkeiten einer Drohne, aber auch in die beim Drohneneinsatz geltenden Rechte und Pflichten und die Einweisung in die heute zu nutzenden Apps &hellip; <a href=\"https:\/\/tkg-duisburg.de\/?p=7940\" class=\"more-link\"><span class=\"screen-reader-text\">TalentTage Ruhr 2023 &#8211; Takeoff mit der Tello Drohne<\/span> weiterlesen <span class=\"meta-nav\">&rarr;<\/span><\/a><\/p>\n","protected":false},"author":5,"featured_media":0,"comment_status":"closed","ping_status":"open","sticky":false,"template":"","format":"standard","meta":{"footnotes":""},"categories":[1,31,48,79,57],"tags":[],"class_list":["post-7940","post","type-post","status-publish","format-standard","hentry","category-allgemein","category-ausserschulisches-lernen","category-berufsvorbereitung","category-studienorientierung","category-talentfoerderung"],"yoast_head":"<!-- This site is optimized with the Yoast SEO plugin v22.6 - https:\/\/yoast.com\/wordpress\/plugins\/seo\/ -->\n<title>TalentTage Ruhr 2023 - Takeoff mit der Tello Drohne - Theodor K\u00f6nig Gesamtschule Duisburg<\/title>\n<meta name=\"robots\" content=\"index, follow, max-snippet:-1, max-image-preview:large, max-video-preview:-1\" \/>\n<link rel=\"canonical\" href=\"https:\/\/tkg-duisburg.de\/?p=7940\" \/>\n<meta property=\"og:locale\" content=\"de_DE\" \/>\n<meta property=\"og:type\" content=\"article\" \/>\n<meta property=\"og:title\" content=\"TalentTage Ruhr 2023 - Takeoff mit der Tello Drohne - Theodor K\u00f6nig Gesamtschule Duisburg\" \/>\n<meta property=\"og:description\" content=\"Vierzehn Oberstufensch\u00fcler: innen wurden am 18.09. im Rahmen der TalentTage Ruhr in der DigitalWerkstatt Dortmund zu Drohnenpiloten:innen. Nach einer kurzen theoretischen Einf\u00fchrung durch das Team der DigitalWerkstatt in den Aufbau, die Funktionsweise, die Nutzungsm\u00f6glichkeiten einer Drohne, aber auch in die beim Drohneneinsatz geltenden Rechte und Pflichten und die Einweisung in die heute zu nutzenden Apps &hellip; TalentTage Ruhr 2023 &#8211; Takeoff mit der Tello Drohne weiterlesen &rarr;\" \/>\n<meta property=\"og:url\" content=\"https:\/\/tkg-duisburg.de\/?p=7940\" \/>\n<meta property=\"og:site_name\" content=\"Theodor K\u00f6nig Gesamtschule Duisburg\" \/>\n<meta property=\"article:published_time\" content=\"2023-09-23T18:33:09+00:00\" \/>\n<meta property=\"article:modified_time\" content=\"2023-09-23T18:33:11+00:00\" \/>\n<meta property=\"og:image\" content=\"https:\/\/tkg-duisburg.de\/wp-content\/uploads\/2023\/09\/image-17.png\" \/>\n<meta name=\"author\" content=\"Bj\u00f6rn Becker\" \/>\n<meta name=\"twitter:card\" content=\"summary_large_image\" \/>\n<meta name=\"twitter:label1\" content=\"Verfasst von\" \/>\n\t<meta name=\"twitter:data1\" content=\"Bj\u00f6rn Becker\" \/>\n\t<meta name=\"twitter:label2\" content=\"Gesch\u00e4tzte Lesezeit\" \/>\n\t<meta name=\"twitter:data2\" content=\"2\u00a0Minuten\" \/>\n<script type=\"application\/ld+json\" class=\"yoast-schema-graph\">{\"@context\":\"https:\/\/schema.org\",\"@graph\":[{\"@type\":\"WebPage\",\"@id\":\"https:\/\/tkg-duisburg.de\/?p=7940\",\"url\":\"https:\/\/tkg-duisburg.de\/?p=7940\",\"name\":\"TalentTage Ruhr 2023 - Takeoff mit der Tello Drohne - Theodor K\u00f6nig Gesamtschule Duisburg\",\"isPartOf\":{\"@id\":\"https:\/\/tkg-duisburg.de\/#website\"},\"primaryImageOfPage\":{\"@id\":\"https:\/\/tkg-duisburg.de\/?p=7940#primaryimage\"},\"image\":{\"@id\":\"https:\/\/tkg-duisburg.de\/?p=7940#primaryimage\"},\"thumbnailUrl\":\"https:\/\/tkg-duisburg.de\/wp-content\/uploads\/2023\/09\/image-17.png\",\"datePublished\":\"2023-09-23T18:33:09+00:00\",\"dateModified\":\"2023-09-23T18:33:11+00:00\",\"author\":{\"@id\":\"https:\/\/tkg-duisburg.de\/#\/schema\/person\/5a5b174492de297d4b57e9a3d89564ee\"},\"breadcrumb\":{\"@id\":\"https:\/\/tkg-duisburg.de\/?p=7940#breadcrumb\"},\"inLanguage\":\"de\",\"potentialAction\":[{\"@type\":\"ReadAction\",\"target\":[\"https:\/\/tkg-duisburg.de\/?p=7940\"]}]},{\"@type\":\"ImageObject\",\"inLanguage\":\"de\",\"@id\":\"https:\/\/tkg-duisburg.de\/?p=7940#primaryimage\",\"url\":\"https:\/\/tkg-duisburg.de\/wp-content\/uploads\/2023\/09\/image-17.png\",\"contentUrl\":\"https:\/\/tkg-duisburg.de\/wp-content\/uploads\/2023\/09\/image-17.png\",\"width\":151,\"height\":113},{\"@type\":\"BreadcrumbList\",\"@id\":\"https:\/\/tkg-duisburg.de\/?p=7940#breadcrumb\",\"itemListElement\":[{\"@type\":\"ListItem\",\"position\":1,\"name\":\"Startseite\",\"item\":\"https:\/\/tkg-duisburg.de\/\"},{\"@type\":\"ListItem\",\"position\":2,\"name\":\"TalentTage Ruhr 2023 &#8211; Takeoff mit der Tello Drohne\"}]},{\"@type\":\"WebSite\",\"@id\":\"https:\/\/tkg-duisburg.de\/#website\",\"url\":\"https:\/\/tkg-duisburg.de\/\",\"name\":\"Theodor K\u00f6nig Gesamtschule Duisburg\",\"description\":\"\",\"potentialAction\":[{\"@type\":\"SearchAction\",\"target\":{\"@type\":\"EntryPoint\",\"urlTemplate\":\"https:\/\/tkg-duisburg.de\/?s={search_term_string}\"},\"query-input\":\"required name=search_term_string\"}],\"inLanguage\":\"de\"},{\"@type\":\"Person\",\"@id\":\"https:\/\/tkg-duisburg.de\/#\/schema\/person\/5a5b174492de297d4b57e9a3d89564ee\",\"name\":\"Bj\u00f6rn Becker\",\"image\":{\"@type\":\"ImageObject\",\"inLanguage\":\"de\",\"@id\":\"https:\/\/tkg-duisburg.de\/#\/schema\/person\/image\/\",\"url\":\"https:\/\/secure.gravatar.com\/avatar\/c7690b9f448fdd19e7a021d2d0201faa0dc70513a48fc7103388e3231c3056a4?s=96&d=mm&r=g\",\"contentUrl\":\"https:\/\/secure.gravatar.com\/avatar\/c7690b9f448fdd19e7a021d2d0201faa0dc70513a48fc7103388e3231c3056a4?s=96&d=mm&r=g\",\"caption\":\"Bj\u00f6rn Becker\"},\"url\":\"https:\/\/tkg-duisburg.de\/?author=5\"}]}<\/script>\n<!-- \/ Yoast SEO plugin. -->","yoast_head_json":{"title":"TalentTage Ruhr 2023 - Takeoff mit der Tello Drohne - Theodor K\u00f6nig Gesamtschule Duisburg","robots":{"index":"index","follow":"follow","max-snippet":"max-snippet:-1","max-image-preview":"max-image-preview:large","max-video-preview":"max-video-preview:-1"},"canonical":"https:\/\/tkg-duisburg.de\/?p=7940","og_locale":"de_DE","og_type":"article","og_title":"TalentTage Ruhr 2023 - Takeoff mit der Tello Drohne - Theodor K\u00f6nig Gesamtschule Duisburg","og_description":"Vierzehn Oberstufensch\u00fcler: innen wurden am 18.09. im Rahmen der TalentTage Ruhr in der DigitalWerkstatt Dortmund zu Drohnenpiloten:innen. Nach einer kurzen theoretischen Einf\u00fchrung durch das Team der DigitalWerkstatt in den Aufbau, die Funktionsweise, die Nutzungsm\u00f6glichkeiten einer Drohne, aber auch in die beim Drohneneinsatz geltenden Rechte und Pflichten und die Einweisung in die heute zu nutzenden Apps &hellip; TalentTage Ruhr 2023 &#8211; Takeoff mit der Tello Drohne weiterlesen &rarr;","og_url":"https:\/\/tkg-duisburg.de\/?p=7940","og_site_name":"Theodor K\u00f6nig Gesamtschule Duisburg","article_published_time":"2023-09-23T18:33:09+00:00","article_modified_time":"2023-09-23T18:33:11+00:00","og_image":[{"url":"https:\/\/tkg-duisburg.de\/wp-content\/uploads\/2023\/09\/image-17.png"}],"author":"Bj\u00f6rn Becker","twitter_card":"summary_large_image","twitter_misc":{"Verfasst von":"Bj\u00f6rn Becker","Gesch\u00e4tzte Lesezeit":"2\u00a0Minuten"},"schema":{"@context":"https:\/\/schema.org","@graph":[{"@type":"WebPage","@id":"https:\/\/tkg-duisburg.de\/?p=7940","url":"https:\/\/tkg-duisburg.de\/?p=7940","name":"TalentTage Ruhr 2023 - Takeoff mit der Tello Drohne - Theodor K\u00f6nig Gesamtschule Duisburg","isPartOf":{"@id":"https:\/\/tkg-duisburg.de\/#website"},"primaryImageOfPage":{"@id":"https:\/\/tkg-duisburg.de\/?p=7940#primaryimage"},"image":{"@id":"https:\/\/tkg-duisburg.de\/?p=7940#primaryimage"},"thumbnailUrl":"https:\/\/tkg-duisburg.de\/wp-content\/uploads\/2023\/09\/image-17.png","datePublished":"2023-09-23T18:33:09+00:00","dateModified":"2023-09-23T18:33:11+00:00","author":{"@id":"https:\/\/tkg-duisburg.de\/#\/schema\/person\/5a5b174492de297d4b57e9a3d89564ee"},"breadcrumb":{"@id":"https:\/\/tkg-duisburg.de\/?p=7940#breadcrumb"},"inLanguage":"de","potentialAction":[{"@type":"ReadAction","target":["https:\/\/tkg-duisburg.de\/?p=7940"]}]},{"@type":"ImageObject","inLanguage":"de","@id":"https:\/\/tkg-duisburg.de\/?p=7940#primaryimage","url":"https:\/\/tkg-duisburg.de\/wp-content\/uploads\/2023\/09\/image-17.png","contentUrl":"https:\/\/tkg-duisburg.de\/wp-content\/uploads\/2023\/09\/image-17.png","width":151,"height":113},{"@type":"BreadcrumbList","@id":"https:\/\/tkg-duisburg.de\/?p=7940#breadcrumb","itemListElement":[{"@type":"ListItem","position":1,"name":"Startseite","item":"https:\/\/tkg-duisburg.de\/"},{"@type":"ListItem","position":2,"name":"TalentTage Ruhr 2023 &#8211; Takeoff mit der Tello Drohne"}]},{"@type":"WebSite","@id":"https:\/\/tkg-duisburg.de\/#website","url":"https:\/\/tkg-duisburg.de\/","name":"Theodor K\u00f6nig Gesamtschule Duisburg","description":"","potentialAction":[{"@type":"SearchAction","target":{"@type":"EntryPoint","urlTemplate":"https:\/\/tkg-duisburg.de\/?s={search_term_string}"},"query-input":"required name=search_term_string"}],"inLanguage":"de"},{"@type":"Person","@id":"https:\/\/tkg-duisburg.de\/#\/schema\/person\/5a5b174492de297d4b57e9a3d89564ee","name":"Bj\u00f6rn Becker","image":{"@type":"ImageObject","inLanguage":"de","@id":"https:\/\/tkg-duisburg.de\/#\/schema\/person\/image\/","url":"https:\/\/secure.gravatar.com\/avatar\/c7690b9f448fdd19e7a021d2d0201faa0dc70513a48fc7103388e3231c3056a4?s=96&d=mm&r=g","contentUrl":"https:\/\/secure.gravatar.com\/avatar\/c7690b9f448fdd19e7a021d2d0201faa0dc70513a48fc7103388e3231c3056a4?s=96&d=mm&r=g","caption":"Bj\u00f6rn Becker"},"url":"https:\/\/tkg-duisburg.de\/?author=5"}]}},"_links":{"self":[{"href":"https:\/\/tkg-duisburg.de\/index.php?rest_route=\/wp\/v2\/posts\/7940","targetHints":{"allow":["GET"]}}],"collection":[{"href":"https:\/\/tkg-duisburg.de\/index.php?rest_route=\/wp\/v2\/posts"}],"about":[{"href":"https:\/\/tkg-duisburg.de\/index.php?rest_route=\/wp\/v2\/types\/post"}],"author":[{"embeddable":true,"href":"https:\/\/tkg-duisburg.de\/index.php?rest_route=\/wp\/v2\/users\/5"}],"replies":[{"embeddable":true,"href":"https:\/\/tkg-duisburg.de\/index.php?rest_route=%2Fwp%2Fv2%2Fcomments&post=7940"}],"version-history":[{"count":2,"href":"https:\/\/tkg-duisburg.de\/index.php?rest_route=\/wp\/v2\/posts\/7940\/revisions"}],"predecessor-version":[{"id":7953,"href":"https:\/\/tkg-duisburg.de\/index.php?rest_route=\/wp\/v2\/posts\/7940\/revisions\/7953"}],"wp:attachment":[{"href":"https:\/\/tkg-duisburg.de\/index.php?rest_route=%2Fwp%2Fv2%2Fmedia&parent=7940"}],"wp:term":[{"taxonomy":"category","embeddable":true,"href":"https:\/\/tkg-duisburg.de\/index.php?rest_route=%2Fwp%2Fv2%2Fcategories&post=7940"},{"taxonomy":"post_tag","embeddable":true,"href":"https:\/\/tkg-duisburg.de\/index.php?rest_route=%2Fwp%2Fv2%2Ftags&post=7940"}],"curies":[{"name":"wp","href":"https:\/\/api.w.org\/{rel}","templated":true}]}}