{"id":8004,"date":"2023-11-11T13:10:21","date_gmt":"2023-11-11T11:10:21","guid":{"rendered":"https:\/\/tkg-duisburg.de\/?p=8004"},"modified":"2023-11-11T13:10:23","modified_gmt":"2023-11-11T11:10:23","slug":"lichtburg-essen-eva-und-ege-q1-aufnahmefeier-fuer-unsere-neuen-ruhrtalente","status":"publish","type":"post","link":"https:\/\/tkg-duisburg.de\/?p=8004","title":{"rendered":"Lichtburg Essen \u2013 Eva und Ege (Q1)\u00a0\u2013 Aufnahmefeier f\u00fcr unsere neuen RuhrTalente\u00a0"},"content":{"rendered":"\n<p>\u00a0Am 07.11.2023 wurden 200 Sch\u00fcler und Sch\u00fclerinnen in einer sehr kurzweiligen Veranstaltung, die vielf\u00e4ltige Einblicke in das Leben eines <strong>RuhrTalents <\/strong>bot, in das Stipendienprogramm aufgenommen.\u00a0<\/p>\n\n\n<div class=\"wp-block-image\">\n<figure class=\"aligncenter size-full\"><img loading=\"lazy\" decoding=\"async\" width=\"831\" height=\"468\" src=\"https:\/\/tkg-duisburg.de\/wp-content\/uploads\/2023\/11\/image-4.png\" alt=\"\" class=\"wp-image-8005\" srcset=\"https:\/\/tkg-duisburg.de\/wp-content\/uploads\/2023\/11\/image-4.png 831w, https:\/\/tkg-duisburg.de\/wp-content\/uploads\/2023\/11\/image-4-300x169.png 300w\" sizes=\"auto, (max-width: 831px) 100vw, 831px\" \/><\/figure>\n<\/div>\n\n\n<!--more-->\n\n\n\n<p>&nbsp;Auch <strong>Eva Seli <\/strong>und <strong>Ege Karaman <\/strong>erhielten ihre offiziellen Aufnahmeurkunden und sind jetzt ganz offiziell \u201eRuhrTalente\u201c.&nbsp;<\/p>\n\n\n\n<p><strong>Wir \u2013 als TKG \u2013 gratulieren beiden ganz herzlich.&nbsp;<\/strong><\/p>\n\n\n\n<p class=\"has-text-align-center\"><strong><em>\u201eJetzt bin ich nicht mehr nichts\u201c <\/em>(Ege).\u00a0<\/strong><\/p>\n\n\n\n<p>&nbsp;<strong>Ein Satz, der mich nachdenklich, aber auch positiv stimmt. Unsere Sch\u00fcler und Sch\u00fclerinnen haben Talente und k\u00f6nnen in einem harten Bewerbungsverfahren \u00fcberzeugen.&nbsp;<\/strong><\/p>\n\n\n\n<p>Wir sind auf einem guten Weg, denn alle aktiven RuhrTalente, ein ehemaliges RuhrTalent (Mahlet), der Beratungs- und ein Fachlehrer waren bei der Aufnahmefeier dabei.&nbsp;<\/p>\n\n\n\n<p>Suchen und finden wir kleine und gro\u00dfe Talente in unserer Sch\u00fclerschaft.\u00a0<\/p>\n\n\n<div class=\"wp-block-image\">\n<figure class=\"aligncenter size-full\"><img loading=\"lazy\" decoding=\"async\" width=\"1024\" height=\"596\" src=\"https:\/\/tkg-duisburg.de\/wp-content\/uploads\/2023\/11\/image-5.png\" alt=\"\" class=\"wp-image-8006\" srcset=\"https:\/\/tkg-duisburg.de\/wp-content\/uploads\/2023\/11\/image-5.png 1024w, https:\/\/tkg-duisburg.de\/wp-content\/uploads\/2023\/11\/image-5-300x175.png 300w\" sizes=\"auto, (max-width: 1024px) 100vw, 1024px\" \/><\/figure>\n<\/div>\n\n\n<p><em>Cordula Hiller-Kitzmann (Abteilungsleiterin Oberstufe)&nbsp;<\/em><\/p>\n","protected":false},"excerpt":{"rendered":"<p>\u00a0Am 07.11.2023 wurden 200 Sch\u00fcler und Sch\u00fclerinnen in einer sehr kurzweiligen Veranstaltung, die vielf\u00e4ltige Einblicke in das Leben eines RuhrTalents bot, in das Stipendienprogramm aufgenommen.\u00a0<\/p>\n","protected":false},"author":5,"featured_media":0,"comment_status":"closed","ping_status":"open","sticky":false,"template":"","format":"standard","meta":{"footnotes":""},"categories":[57,3],"tags":[],"class_list":["post-8004","post","type-post","status-publish","format-standard","hentry","category-talentfoerderung","category-veranstaltungen"],"yoast_head":"<!-- This site is optimized with the Yoast SEO plugin v22.6 - https:\/\/yoast.com\/wordpress\/plugins\/seo\/ -->\n<title>Lichtburg Essen \u2013 Eva und Ege (Q1)\u00a0\u2013 Aufnahmefeier f\u00fcr unsere neuen RuhrTalente\u00a0 - Theodor K\u00f6nig Gesamtschule Duisburg<\/title>\n<meta name=\"robots\" content=\"index, follow, max-snippet:-1, max-image-preview:large, max-video-preview:-1\" \/>\n<link rel=\"canonical\" href=\"https:\/\/tkg-duisburg.de\/?p=8004\" \/>\n<meta property=\"og:locale\" content=\"de_DE\" \/>\n<meta property=\"og:type\" content=\"article\" \/>\n<meta property=\"og:title\" content=\"Lichtburg Essen \u2013 Eva und Ege (Q1)\u00a0\u2013 Aufnahmefeier f\u00fcr unsere neuen RuhrTalente\u00a0 - Theodor K\u00f6nig Gesamtschule Duisburg\" \/>\n<meta property=\"og:description\" content=\"\u00a0Am 07.11.2023 wurden 200 Sch\u00fcler und Sch\u00fclerinnen in einer sehr kurzweiligen Veranstaltung, die vielf\u00e4ltige Einblicke in das Leben eines RuhrTalents bot, in das Stipendienprogramm aufgenommen.\u00a0\" \/>\n<meta property=\"og:url\" content=\"https:\/\/tkg-duisburg.de\/?p=8004\" \/>\n<meta property=\"og:site_name\" content=\"Theodor K\u00f6nig Gesamtschule Duisburg\" \/>\n<meta property=\"article:published_time\" content=\"2023-11-11T11:10:21+00:00\" \/>\n<meta property=\"article:modified_time\" content=\"2023-11-11T11:10:23+00:00\" \/>\n<meta property=\"og:image\" content=\"https:\/\/tkg-duisburg.de\/wp-content\/uploads\/2023\/11\/image-4.png\" \/>\n<meta name=\"author\" content=\"Bj\u00f6rn Becker\" \/>\n<meta name=\"twitter:card\" content=\"summary_large_image\" \/>\n<meta name=\"twitter:label1\" content=\"Verfasst von\" \/>\n\t<meta name=\"twitter:data1\" content=\"Bj\u00f6rn Becker\" \/>\n\t<meta name=\"twitter:label2\" content=\"Gesch\u00e4tzte Lesezeit\" \/>\n\t<meta name=\"twitter:data2\" content=\"1\u00a0Minute\" \/>\n<script type=\"application\/ld+json\" class=\"yoast-schema-graph\">{\"@context\":\"https:\/\/schema.org\",\"@graph\":[{\"@type\":\"WebPage\",\"@id\":\"https:\/\/tkg-duisburg.de\/?p=8004\",\"url\":\"https:\/\/tkg-duisburg.de\/?p=8004\",\"name\":\"Lichtburg Essen \u2013 Eva und Ege (Q1)\u00a0\u2013 Aufnahmefeier f\u00fcr unsere neuen RuhrTalente\u00a0 - Theodor K\u00f6nig Gesamtschule Duisburg\",\"isPartOf\":{\"@id\":\"https:\/\/tkg-duisburg.de\/#website\"},\"primaryImageOfPage\":{\"@id\":\"https:\/\/tkg-duisburg.de\/?p=8004#primaryimage\"},\"image\":{\"@id\":\"https:\/\/tkg-duisburg.de\/?p=8004#primaryimage\"},\"thumbnailUrl\":\"https:\/\/tkg-duisburg.de\/wp-content\/uploads\/2023\/11\/image-4.png\",\"datePublished\":\"2023-11-11T11:10:21+00:00\",\"dateModified\":\"2023-11-11T11:10:23+00:00\",\"author\":{\"@id\":\"https:\/\/tkg-duisburg.de\/#\/schema\/person\/5a5b174492de297d4b57e9a3d89564ee\"},\"breadcrumb\":{\"@id\":\"https:\/\/tkg-duisburg.de\/?p=8004#breadcrumb\"},\"inLanguage\":\"de\",\"potentialAction\":[{\"@type\":\"ReadAction\",\"target\":[\"https:\/\/tkg-duisburg.de\/?p=8004\"]}]},{\"@type\":\"ImageObject\",\"inLanguage\":\"de\",\"@id\":\"https:\/\/tkg-duisburg.de\/?p=8004#primaryimage\",\"url\":\"https:\/\/tkg-duisburg.de\/wp-content\/uploads\/2023\/11\/image-4.png\",\"contentUrl\":\"https:\/\/tkg-duisburg.de\/wp-content\/uploads\/2023\/11\/image-4.png\",\"width\":831,\"height\":468},{\"@type\":\"BreadcrumbList\",\"@id\":\"https:\/\/tkg-duisburg.de\/?p=8004#breadcrumb\",\"itemListElement\":[{\"@type\":\"ListItem\",\"position\":1,\"name\":\"Startseite\",\"item\":\"https:\/\/tkg-duisburg.de\/\"},{\"@type\":\"ListItem\",\"position\":2,\"name\":\"Lichtburg Essen \u2013 Eva und Ege (Q1)\u00a0\u2013 Aufnahmefeier f\u00fcr unsere neuen RuhrTalente\u00a0\"}]},{\"@type\":\"WebSite\",\"@id\":\"https:\/\/tkg-duisburg.de\/#website\",\"url\":\"https:\/\/tkg-duisburg.de\/\",\"name\":\"Theodor K\u00f6nig Gesamtschule Duisburg\",\"description\":\"\",\"potentialAction\":[{\"@type\":\"SearchAction\",\"target\":{\"@type\":\"EntryPoint\",\"urlTemplate\":\"https:\/\/tkg-duisburg.de\/?s={search_term_string}\"},\"query-input\":\"required name=search_term_string\"}],\"inLanguage\":\"de\"},{\"@type\":\"Person\",\"@id\":\"https:\/\/tkg-duisburg.de\/#\/schema\/person\/5a5b174492de297d4b57e9a3d89564ee\",\"name\":\"Bj\u00f6rn Becker\",\"image\":{\"@type\":\"ImageObject\",\"inLanguage\":\"de\",\"@id\":\"https:\/\/tkg-duisburg.de\/#\/schema\/person\/image\/\",\"url\":\"https:\/\/secure.gravatar.com\/avatar\/c7690b9f448fdd19e7a021d2d0201faa0dc70513a48fc7103388e3231c3056a4?s=96&d=mm&r=g\",\"contentUrl\":\"https:\/\/secure.gravatar.com\/avatar\/c7690b9f448fdd19e7a021d2d0201faa0dc70513a48fc7103388e3231c3056a4?s=96&d=mm&r=g\",\"caption\":\"Bj\u00f6rn Becker\"},\"url\":\"https:\/\/tkg-duisburg.de\/?author=5\"}]}<\/script>\n<!-- \/ Yoast SEO plugin. -->","yoast_head_json":{"title":"Lichtburg Essen \u2013 Eva und Ege (Q1)\u00a0\u2013 Aufnahmefeier f\u00fcr unsere neuen RuhrTalente\u00a0 - Theodor K\u00f6nig Gesamtschule Duisburg","robots":{"index":"index","follow":"follow","max-snippet":"max-snippet:-1","max-image-preview":"max-image-preview:large","max-video-preview":"max-video-preview:-1"},"canonical":"https:\/\/tkg-duisburg.de\/?p=8004","og_locale":"de_DE","og_type":"article","og_title":"Lichtburg Essen \u2013 Eva und Ege (Q1)\u00a0\u2013 Aufnahmefeier f\u00fcr unsere neuen RuhrTalente\u00a0 - Theodor K\u00f6nig Gesamtschule Duisburg","og_description":"\u00a0Am 07.11.2023 wurden 200 Sch\u00fcler und Sch\u00fclerinnen in einer sehr kurzweiligen Veranstaltung, die vielf\u00e4ltige Einblicke in das Leben eines RuhrTalents bot, in das Stipendienprogramm aufgenommen.\u00a0","og_url":"https:\/\/tkg-duisburg.de\/?p=8004","og_site_name":"Theodor K\u00f6nig Gesamtschule Duisburg","article_published_time":"2023-11-11T11:10:21+00:00","article_modified_time":"2023-11-11T11:10:23+00:00","og_image":[{"url":"https:\/\/tkg-duisburg.de\/wp-content\/uploads\/2023\/11\/image-4.png"}],"author":"Bj\u00f6rn Becker","twitter_card":"summary_large_image","twitter_misc":{"Verfasst von":"Bj\u00f6rn Becker","Gesch\u00e4tzte Lesezeit":"1\u00a0Minute"},"schema":{"@context":"https:\/\/schema.org","@graph":[{"@type":"WebPage","@id":"https:\/\/tkg-duisburg.de\/?p=8004","url":"https:\/\/tkg-duisburg.de\/?p=8004","name":"Lichtburg Essen \u2013 Eva und Ege (Q1)\u00a0\u2013 Aufnahmefeier f\u00fcr unsere neuen RuhrTalente\u00a0 - Theodor K\u00f6nig Gesamtschule Duisburg","isPartOf":{"@id":"https:\/\/tkg-duisburg.de\/#website"},"primaryImageOfPage":{"@id":"https:\/\/tkg-duisburg.de\/?p=8004#primaryimage"},"image":{"@id":"https:\/\/tkg-duisburg.de\/?p=8004#primaryimage"},"thumbnailUrl":"https:\/\/tkg-duisburg.de\/wp-content\/uploads\/2023\/11\/image-4.png","datePublished":"2023-11-11T11:10:21+00:00","dateModified":"2023-11-11T11:10:23+00:00","author":{"@id":"https:\/\/tkg-duisburg.de\/#\/schema\/person\/5a5b174492de297d4b57e9a3d89564ee"},"breadcrumb":{"@id":"https:\/\/tkg-duisburg.de\/?p=8004#breadcrumb"},"inLanguage":"de","potentialAction":[{"@type":"ReadAction","target":["https:\/\/tkg-duisburg.de\/?p=8004"]}]},{"@type":"ImageObject","inLanguage":"de","@id":"https:\/\/tkg-duisburg.de\/?p=8004#primaryimage","url":"https:\/\/tkg-duisburg.de\/wp-content\/uploads\/2023\/11\/image-4.png","contentUrl":"https:\/\/tkg-duisburg.de\/wp-content\/uploads\/2023\/11\/image-4.png","width":831,"height":468},{"@type":"BreadcrumbList","@id":"https:\/\/tkg-duisburg.de\/?p=8004#breadcrumb","itemListElement":[{"@type":"ListItem","position":1,"name":"Startseite","item":"https:\/\/tkg-duisburg.de\/"},{"@type":"ListItem","position":2,"name":"Lichtburg Essen \u2013 Eva und Ege (Q1)\u00a0\u2013 Aufnahmefeier f\u00fcr unsere neuen RuhrTalente\u00a0"}]},{"@type":"WebSite","@id":"https:\/\/tkg-duisburg.de\/#website","url":"https:\/\/tkg-duisburg.de\/","name":"Theodor K\u00f6nig Gesamtschule Duisburg","description":"","potentialAction":[{"@type":"SearchAction","target":{"@type":"EntryPoint","urlTemplate":"https:\/\/tkg-duisburg.de\/?s={search_term_string}"},"query-input":"required name=search_term_string"}],"inLanguage":"de"},{"@type":"Person","@id":"https:\/\/tkg-duisburg.de\/#\/schema\/person\/5a5b174492de297d4b57e9a3d89564ee","name":"Bj\u00f6rn Becker","image":{"@type":"ImageObject","inLanguage":"de","@id":"https:\/\/tkg-duisburg.de\/#\/schema\/person\/image\/","url":"https:\/\/secure.gravatar.com\/avatar\/c7690b9f448fdd19e7a021d2d0201faa0dc70513a48fc7103388e3231c3056a4?s=96&d=mm&r=g","contentUrl":"https:\/\/secure.gravatar.com\/avatar\/c7690b9f448fdd19e7a021d2d0201faa0dc70513a48fc7103388e3231c3056a4?s=96&d=mm&r=g","caption":"Bj\u00f6rn Becker"},"url":"https:\/\/tkg-duisburg.de\/?author=5"}]}},"_links":{"self":[{"href":"https:\/\/tkg-duisburg.de\/index.php?rest_route=\/wp\/v2\/posts\/8004","targetHints":{"allow":["GET"]}}],"collection":[{"href":"https:\/\/tkg-duisburg.de\/index.php?rest_route=\/wp\/v2\/posts"}],"about":[{"href":"https:\/\/tkg-duisburg.de\/index.php?rest_route=\/wp\/v2\/types\/post"}],"author":[{"embeddable":true,"href":"https:\/\/tkg-duisburg.de\/index.php?rest_route=\/wp\/v2\/users\/5"}],"replies":[{"embeddable":true,"href":"https:\/\/tkg-duisburg.de\/index.php?rest_route=%2Fwp%2Fv2%2Fcomments&post=8004"}],"version-history":[{"count":1,"href":"https:\/\/tkg-duisburg.de\/index.php?rest_route=\/wp\/v2\/posts\/8004\/revisions"}],"predecessor-version":[{"id":8007,"href":"https:\/\/tkg-duisburg.de\/index.php?rest_route=\/wp\/v2\/posts\/8004\/revisions\/8007"}],"wp:attachment":[{"href":"https:\/\/tkg-duisburg.de\/index.php?rest_route=%2Fwp%2Fv2%2Fmedia&parent=8004"}],"wp:term":[{"taxonomy":"category","embeddable":true,"href":"https:\/\/tkg-duisburg.de\/index.php?rest_route=%2Fwp%2Fv2%2Fcategories&post=8004"},{"taxonomy":"post_tag","embeddable":true,"href":"https:\/\/tkg-duisburg.de\/index.php?rest_route=%2Fwp%2Fv2%2Ftags&post=8004"}],"curies":[{"name":"wp","href":"https:\/\/api.w.org\/{rel}","templated":true}]}}