{"id":8010,"date":"2023-11-11T13:14:51","date_gmt":"2023-11-11T11:14:51","guid":{"rendered":"https:\/\/tkg-duisburg.de\/?p=8010"},"modified":"2023-11-11T13:14:53","modified_gmt":"2023-11-11T11:14:53","slug":"talenttage-ruhr-2023-gebaeude-analysieren-und-skizzieren","status":"publish","type":"post","link":"https:\/\/tkg-duisburg.de\/?p=8010","title":{"rendered":"TalentTage Ruhr 2023 -Geb\u00e4ude analysieren und skizzieren\u00a0"},"content":{"rendered":"<div class=\"wp-block-image\">\n<figure class=\"alignright size-full is-resized\"><img loading=\"lazy\" decoding=\"async\" src=\"https:\/\/tkg-duisburg.de\/wp-content\/uploads\/2023\/11\/image-6.png\" alt=\"\" class=\"wp-image-8011\" width=\"94\" height=\"125\" srcset=\"https:\/\/tkg-duisburg.de\/wp-content\/uploads\/2023\/11\/image-6.png 227w, https:\/\/tkg-duisburg.de\/wp-content\/uploads\/2023\/11\/image-6-225x300.png 225w, https:\/\/tkg-duisburg.de\/wp-content\/uploads\/2023\/11\/image-6-150x200.png 150w\" sizes=\"auto, (max-width: 94px) 100vw, 94px\" \/><\/figure>\n<\/div>\n\n<div class=\"wp-block-image\">\n<figure class=\"alignleft size-full is-resized\"><img loading=\"lazy\" decoding=\"async\" src=\"https:\/\/tkg-duisburg.de\/wp-content\/uploads\/2023\/11\/image-7.png\" alt=\"\" class=\"wp-image-8012\" width=\"135\" height=\"100\" srcset=\"https:\/\/tkg-duisburg.de\/wp-content\/uploads\/2023\/11\/image-7.png 409w, https:\/\/tkg-duisburg.de\/wp-content\/uploads\/2023\/11\/image-7-300x222.png 300w\" sizes=\"auto, (max-width: 135px) 100vw, 135px\" \/><\/figure>\n<\/div>\n\n\n<p>\u00a0Im Rahmen der TalentTage Ruhr erhielt meine Kunstkurs der EF und weitere Sch\u00fcler und Sch\u00fclerinnen unserer Oberstufe durch Frau Thielemann vom KA-Labor f\u00fcr Kunst und Architektur einen ersten Einblick in das Studium der Architektur.\u00a0<\/p>\n\n\n\n<p>Zu Beginn pr\u00e4sentierte Frau Thielemann uns Bilder von den \u00e4ltesten Geb\u00e4uden z.B. in China und Barcelona und es folgte ein kleiner Theorieteil zur Analyse von Geb\u00e4uden und den Herausforderungen des perspektivischen Zeichnens.\u00a0<\/p>\n\n\n\n<!--more-->\n\n\n<div class=\"wp-block-image\">\n<figure class=\"alignleft size-full is-resized\"><img loading=\"lazy\" decoding=\"async\" src=\"https:\/\/tkg-duisburg.de\/wp-content\/uploads\/2023\/11\/image-8.png\" alt=\"\" class=\"wp-image-8013\" width=\"258\" height=\"211\" srcset=\"https:\/\/tkg-duisburg.de\/wp-content\/uploads\/2023\/11\/image-8.png 473w, https:\/\/tkg-duisburg.de\/wp-content\/uploads\/2023\/11\/image-8-300x245.png 300w\" sizes=\"auto, (max-width: 258px) 100vw, 258px\" \/><\/figure>\n<\/div>\n\n\n<p>&nbsp;Im Rahmen der TalentTage Ruhr erhielt meine Kunstkurs der EF und weitere Sch\u00fcler und Sch\u00fclerinnen unserer Oberstufe durch Frau Thielemann vom KA-Labor f\u00fcr Kunst und Architektur einen ersten Einblick in das Studium der Architektur.&nbsp;<\/p>\n\n\n<div class=\"wp-block-image\">\n<figure class=\"alignright size-full is-resized\"><img loading=\"lazy\" decoding=\"async\" src=\"https:\/\/tkg-duisburg.de\/wp-content\/uploads\/2023\/11\/image-9.png\" alt=\"\" class=\"wp-image-8014\" width=\"187\" height=\"176\" srcset=\"https:\/\/tkg-duisburg.de\/wp-content\/uploads\/2023\/11\/image-9.png 434w, https:\/\/tkg-duisburg.de\/wp-content\/uploads\/2023\/11\/image-9-300x282.png 300w\" sizes=\"auto, (max-width: 187px) 100vw, 187px\" \/><\/figure>\n<\/div>\n\n\n<p>Zu Beginn pr\u00e4sentierte Frau Thielemann uns Bilder von den \u00e4ltesten Geb\u00e4uden z.B. in China und Barcelona und es folgte ein kleiner Theorieteil zur Analyse von Geb\u00e4uden und den Herausforderungen des perspektivischen Zeichnens.&nbsp;<\/p>\n\n\n<div class=\"wp-block-image\">\n<figure class=\"alignleft size-full is-resized\"><img loading=\"lazy\" decoding=\"async\" src=\"https:\/\/tkg-duisburg.de\/wp-content\/uploads\/2023\/11\/image-11.png\" alt=\"\" class=\"wp-image-8016\" width=\"167\" height=\"223\" srcset=\"https:\/\/tkg-duisburg.de\/wp-content\/uploads\/2023\/11\/image-11.png 315w, https:\/\/tkg-duisburg.de\/wp-content\/uploads\/2023\/11\/image-11-225x300.png 225w, https:\/\/tkg-duisburg.de\/wp-content\/uploads\/2023\/11\/image-11-150x200.png 150w\" sizes=\"auto, (max-width: 167px) 100vw, 167px\" \/><\/figure>\n<\/div>\n\n\n<p>Dann ging es nach drau\u00dfen und die Materialien unserer Geb\u00e4ude an der M\u00f6hlenkampstra\u00dfe wurden analysiert. Unsere Aufgabe war es dann, Bilder von den Geb\u00e4uden aus verschiedenen Perspektiven zu machen und diese dann als perspektivische Zeichnung auf Papier zu bringen. Gar nicht so einfach.&nbsp;<\/p>\n\n\n\n<p>In der abschlie\u00dfenden Fragerunde durften wir auch Verbesserungsvorschl\u00e4ge f\u00fcr die Gestaltung zuk\u00fcnftiger Workshops machen, wobei es f\u00fcr Frau Thielemann und die praktische Arbeit viel Lob gab.&nbsp;<\/p>\n\n\n\n<p>Ich habe heute \u2013 18.09.23 \u2013 viel \u00fcber mein Wunschstudium Architektur gelernt und einen ersten Einblick in die Anforderungen erhalten.&nbsp;<\/p>\n\n\n<div class=\"wp-block-image\">\n<figure class=\"aligncenter size-full is-resized\"><img loading=\"lazy\" decoding=\"async\" src=\"https:\/\/tkg-duisburg.de\/wp-content\/uploads\/2023\/11\/image-10.png\" alt=\"\" class=\"wp-image-8015\" width=\"247\" height=\"237\" srcset=\"https:\/\/tkg-duisburg.de\/wp-content\/uploads\/2023\/11\/image-10.png 470w, https:\/\/tkg-duisburg.de\/wp-content\/uploads\/2023\/11\/image-10-300x288.png 300w\" sizes=\"auto, (max-width: 247px) 100vw, 247px\" \/><\/figure>\n<\/div>\n\n\n<p><strong>Valya Kamal, EF\u00a0<\/strong><\/p>\n\n\n\n<p>\u00a0(Ver\u00f6ffentlichung genehmigt durch: C. Hiller-Kitzmann, Abteilungsleiterin Oberstufe)<\/p>\n","protected":false},"excerpt":{"rendered":"<p>\u00a0Im Rahmen der TalentTage Ruhr erhielt meine Kunstkurs der EF und weitere Sch\u00fcler und Sch\u00fclerinnen unserer Oberstufe durch Frau Thielemann vom KA-Labor f\u00fcr Kunst und Architektur einen ersten Einblick in das Studium der Architektur.\u00a0 Zu Beginn pr\u00e4sentierte Frau Thielemann uns Bilder von den \u00e4ltesten Geb\u00e4uden z.B. in China und Barcelona und es folgte ein kleiner &hellip; <a href=\"https:\/\/tkg-duisburg.de\/?p=8010\" class=\"more-link\"><span class=\"screen-reader-text\">TalentTage Ruhr 2023 -Geb\u00e4ude analysieren und skizzieren\u00a0<\/span> weiterlesen <span class=\"meta-nav\">&rarr;<\/span><\/a><\/p>\n","protected":false},"author":5,"featured_media":0,"comment_status":"closed","ping_status":"open","sticky":false,"template":"","format":"standard","meta":{"footnotes":""},"categories":[20,55,40,57],"tags":[],"class_list":["post-8010","post","type-post","status-publish","format-standard","hentry","category-ef","category-kunst","category-sekundarstufe-ii","category-talentfoerderung"],"yoast_head":"<!-- This site is optimized with the Yoast SEO plugin v22.6 - https:\/\/yoast.com\/wordpress\/plugins\/seo\/ -->\n<title>TalentTage Ruhr 2023 -Geb\u00e4ude analysieren und skizzieren\u00a0 - Theodor K\u00f6nig Gesamtschule Duisburg<\/title>\n<meta name=\"robots\" content=\"index, follow, max-snippet:-1, max-image-preview:large, max-video-preview:-1\" \/>\n<link rel=\"canonical\" href=\"https:\/\/tkg-duisburg.de\/?p=8010\" \/>\n<meta property=\"og:locale\" content=\"de_DE\" \/>\n<meta property=\"og:type\" content=\"article\" \/>\n<meta property=\"og:title\" content=\"TalentTage Ruhr 2023 -Geb\u00e4ude analysieren und skizzieren\u00a0 - Theodor K\u00f6nig Gesamtschule Duisburg\" \/>\n<meta property=\"og:description\" content=\"\u00a0Im Rahmen der TalentTage Ruhr erhielt meine Kunstkurs der EF und weitere Sch\u00fcler und Sch\u00fclerinnen unserer Oberstufe durch Frau Thielemann vom KA-Labor f\u00fcr Kunst und Architektur einen ersten Einblick in das Studium der Architektur.\u00a0 Zu Beginn pr\u00e4sentierte Frau Thielemann uns Bilder von den \u00e4ltesten Geb\u00e4uden z.B. in China und Barcelona und es folgte ein kleiner &hellip; TalentTage Ruhr 2023 -Geb\u00e4ude analysieren und skizzieren\u00a0 weiterlesen &rarr;\" \/>\n<meta property=\"og:url\" content=\"https:\/\/tkg-duisburg.de\/?p=8010\" \/>\n<meta property=\"og:site_name\" content=\"Theodor K\u00f6nig Gesamtschule Duisburg\" \/>\n<meta property=\"article:published_time\" content=\"2023-11-11T11:14:51+00:00\" \/>\n<meta property=\"article:modified_time\" content=\"2023-11-11T11:14:53+00:00\" \/>\n<meta property=\"og:image\" content=\"https:\/\/tkg-duisburg.de\/wp-content\/uploads\/2023\/11\/image-6.png\" \/>\n<meta name=\"author\" content=\"Bj\u00f6rn Becker\" \/>\n<meta name=\"twitter:card\" content=\"summary_large_image\" \/>\n<meta name=\"twitter:label1\" content=\"Verfasst von\" \/>\n\t<meta name=\"twitter:data1\" content=\"Bj\u00f6rn Becker\" \/>\n\t<meta name=\"twitter:label2\" content=\"Gesch\u00e4tzte Lesezeit\" \/>\n\t<meta name=\"twitter:data2\" content=\"1\u00a0Minute\" \/>\n<script type=\"application\/ld+json\" class=\"yoast-schema-graph\">{\"@context\":\"https:\/\/schema.org\",\"@graph\":[{\"@type\":\"WebPage\",\"@id\":\"https:\/\/tkg-duisburg.de\/?p=8010\",\"url\":\"https:\/\/tkg-duisburg.de\/?p=8010\",\"name\":\"TalentTage Ruhr 2023 -Geb\u00e4ude analysieren und skizzieren\u00a0 - Theodor K\u00f6nig Gesamtschule Duisburg\",\"isPartOf\":{\"@id\":\"https:\/\/tkg-duisburg.de\/#website\"},\"primaryImageOfPage\":{\"@id\":\"https:\/\/tkg-duisburg.de\/?p=8010#primaryimage\"},\"image\":{\"@id\":\"https:\/\/tkg-duisburg.de\/?p=8010#primaryimage\"},\"thumbnailUrl\":\"https:\/\/tkg-duisburg.de\/wp-content\/uploads\/2023\/11\/image-6.png\",\"datePublished\":\"2023-11-11T11:14:51+00:00\",\"dateModified\":\"2023-11-11T11:14:53+00:00\",\"author\":{\"@id\":\"https:\/\/tkg-duisburg.de\/#\/schema\/person\/5a5b174492de297d4b57e9a3d89564ee\"},\"breadcrumb\":{\"@id\":\"https:\/\/tkg-duisburg.de\/?p=8010#breadcrumb\"},\"inLanguage\":\"de\",\"potentialAction\":[{\"@type\":\"ReadAction\",\"target\":[\"https:\/\/tkg-duisburg.de\/?p=8010\"]}]},{\"@type\":\"ImageObject\",\"inLanguage\":\"de\",\"@id\":\"https:\/\/tkg-duisburg.de\/?p=8010#primaryimage\",\"url\":\"https:\/\/tkg-duisburg.de\/wp-content\/uploads\/2023\/11\/image-6.png\",\"contentUrl\":\"https:\/\/tkg-duisburg.de\/wp-content\/uploads\/2023\/11\/image-6.png\",\"width\":227,\"height\":303},{\"@type\":\"BreadcrumbList\",\"@id\":\"https:\/\/tkg-duisburg.de\/?p=8010#breadcrumb\",\"itemListElement\":[{\"@type\":\"ListItem\",\"position\":1,\"name\":\"Startseite\",\"item\":\"https:\/\/tkg-duisburg.de\/\"},{\"@type\":\"ListItem\",\"position\":2,\"name\":\"TalentTage Ruhr 2023 -Geb\u00e4ude analysieren und skizzieren\u00a0\"}]},{\"@type\":\"WebSite\",\"@id\":\"https:\/\/tkg-duisburg.de\/#website\",\"url\":\"https:\/\/tkg-duisburg.de\/\",\"name\":\"Theodor K\u00f6nig Gesamtschule Duisburg\",\"description\":\"\",\"potentialAction\":[{\"@type\":\"SearchAction\",\"target\":{\"@type\":\"EntryPoint\",\"urlTemplate\":\"https:\/\/tkg-duisburg.de\/?s={search_term_string}\"},\"query-input\":\"required name=search_term_string\"}],\"inLanguage\":\"de\"},{\"@type\":\"Person\",\"@id\":\"https:\/\/tkg-duisburg.de\/#\/schema\/person\/5a5b174492de297d4b57e9a3d89564ee\",\"name\":\"Bj\u00f6rn Becker\",\"image\":{\"@type\":\"ImageObject\",\"inLanguage\":\"de\",\"@id\":\"https:\/\/tkg-duisburg.de\/#\/schema\/person\/image\/\",\"url\":\"https:\/\/secure.gravatar.com\/avatar\/c7690b9f448fdd19e7a021d2d0201faa0dc70513a48fc7103388e3231c3056a4?s=96&d=mm&r=g\",\"contentUrl\":\"https:\/\/secure.gravatar.com\/avatar\/c7690b9f448fdd19e7a021d2d0201faa0dc70513a48fc7103388e3231c3056a4?s=96&d=mm&r=g\",\"caption\":\"Bj\u00f6rn Becker\"},\"url\":\"https:\/\/tkg-duisburg.de\/?author=5\"}]}<\/script>\n<!-- \/ Yoast SEO plugin. -->","yoast_head_json":{"title":"TalentTage Ruhr 2023 -Geb\u00e4ude analysieren und skizzieren\u00a0 - Theodor K\u00f6nig Gesamtschule Duisburg","robots":{"index":"index","follow":"follow","max-snippet":"max-snippet:-1","max-image-preview":"max-image-preview:large","max-video-preview":"max-video-preview:-1"},"canonical":"https:\/\/tkg-duisburg.de\/?p=8010","og_locale":"de_DE","og_type":"article","og_title":"TalentTage Ruhr 2023 -Geb\u00e4ude analysieren und skizzieren\u00a0 - Theodor K\u00f6nig Gesamtschule Duisburg","og_description":"\u00a0Im Rahmen der TalentTage Ruhr erhielt meine Kunstkurs der EF und weitere Sch\u00fcler und Sch\u00fclerinnen unserer Oberstufe durch Frau Thielemann vom KA-Labor f\u00fcr Kunst und Architektur einen ersten Einblick in das Studium der Architektur.\u00a0 Zu Beginn pr\u00e4sentierte Frau Thielemann uns Bilder von den \u00e4ltesten Geb\u00e4uden z.B. in China und Barcelona und es folgte ein kleiner &hellip; TalentTage Ruhr 2023 -Geb\u00e4ude analysieren und skizzieren\u00a0 weiterlesen &rarr;","og_url":"https:\/\/tkg-duisburg.de\/?p=8010","og_site_name":"Theodor K\u00f6nig Gesamtschule Duisburg","article_published_time":"2023-11-11T11:14:51+00:00","article_modified_time":"2023-11-11T11:14:53+00:00","og_image":[{"url":"https:\/\/tkg-duisburg.de\/wp-content\/uploads\/2023\/11\/image-6.png"}],"author":"Bj\u00f6rn Becker","twitter_card":"summary_large_image","twitter_misc":{"Verfasst von":"Bj\u00f6rn Becker","Gesch\u00e4tzte Lesezeit":"1\u00a0Minute"},"schema":{"@context":"https:\/\/schema.org","@graph":[{"@type":"WebPage","@id":"https:\/\/tkg-duisburg.de\/?p=8010","url":"https:\/\/tkg-duisburg.de\/?p=8010","name":"TalentTage Ruhr 2023 -Geb\u00e4ude analysieren und skizzieren\u00a0 - Theodor K\u00f6nig Gesamtschule Duisburg","isPartOf":{"@id":"https:\/\/tkg-duisburg.de\/#website"},"primaryImageOfPage":{"@id":"https:\/\/tkg-duisburg.de\/?p=8010#primaryimage"},"image":{"@id":"https:\/\/tkg-duisburg.de\/?p=8010#primaryimage"},"thumbnailUrl":"https:\/\/tkg-duisburg.de\/wp-content\/uploads\/2023\/11\/image-6.png","datePublished":"2023-11-11T11:14:51+00:00","dateModified":"2023-11-11T11:14:53+00:00","author":{"@id":"https:\/\/tkg-duisburg.de\/#\/schema\/person\/5a5b174492de297d4b57e9a3d89564ee"},"breadcrumb":{"@id":"https:\/\/tkg-duisburg.de\/?p=8010#breadcrumb"},"inLanguage":"de","potentialAction":[{"@type":"ReadAction","target":["https:\/\/tkg-duisburg.de\/?p=8010"]}]},{"@type":"ImageObject","inLanguage":"de","@id":"https:\/\/tkg-duisburg.de\/?p=8010#primaryimage","url":"https:\/\/tkg-duisburg.de\/wp-content\/uploads\/2023\/11\/image-6.png","contentUrl":"https:\/\/tkg-duisburg.de\/wp-content\/uploads\/2023\/11\/image-6.png","width":227,"height":303},{"@type":"BreadcrumbList","@id":"https:\/\/tkg-duisburg.de\/?p=8010#breadcrumb","itemListElement":[{"@type":"ListItem","position":1,"name":"Startseite","item":"https:\/\/tkg-duisburg.de\/"},{"@type":"ListItem","position":2,"name":"TalentTage Ruhr 2023 -Geb\u00e4ude analysieren und skizzieren\u00a0"}]},{"@type":"WebSite","@id":"https:\/\/tkg-duisburg.de\/#website","url":"https:\/\/tkg-duisburg.de\/","name":"Theodor K\u00f6nig Gesamtschule Duisburg","description":"","potentialAction":[{"@type":"SearchAction","target":{"@type":"EntryPoint","urlTemplate":"https:\/\/tkg-duisburg.de\/?s={search_term_string}"},"query-input":"required name=search_term_string"}],"inLanguage":"de"},{"@type":"Person","@id":"https:\/\/tkg-duisburg.de\/#\/schema\/person\/5a5b174492de297d4b57e9a3d89564ee","name":"Bj\u00f6rn Becker","image":{"@type":"ImageObject","inLanguage":"de","@id":"https:\/\/tkg-duisburg.de\/#\/schema\/person\/image\/","url":"https:\/\/secure.gravatar.com\/avatar\/c7690b9f448fdd19e7a021d2d0201faa0dc70513a48fc7103388e3231c3056a4?s=96&d=mm&r=g","contentUrl":"https:\/\/secure.gravatar.com\/avatar\/c7690b9f448fdd19e7a021d2d0201faa0dc70513a48fc7103388e3231c3056a4?s=96&d=mm&r=g","caption":"Bj\u00f6rn Becker"},"url":"https:\/\/tkg-duisburg.de\/?author=5"}]}},"_links":{"self":[{"href":"https:\/\/tkg-duisburg.de\/index.php?rest_route=\/wp\/v2\/posts\/8010","targetHints":{"allow":["GET"]}}],"collection":[{"href":"https:\/\/tkg-duisburg.de\/index.php?rest_route=\/wp\/v2\/posts"}],"about":[{"href":"https:\/\/tkg-duisburg.de\/index.php?rest_route=\/wp\/v2\/types\/post"}],"author":[{"embeddable":true,"href":"https:\/\/tkg-duisburg.de\/index.php?rest_route=\/wp\/v2\/users\/5"}],"replies":[{"embeddable":true,"href":"https:\/\/tkg-duisburg.de\/index.php?rest_route=%2Fwp%2Fv2%2Fcomments&post=8010"}],"version-history":[{"count":1,"href":"https:\/\/tkg-duisburg.de\/index.php?rest_route=\/wp\/v2\/posts\/8010\/revisions"}],"predecessor-version":[{"id":8017,"href":"https:\/\/tkg-duisburg.de\/index.php?rest_route=\/wp\/v2\/posts\/8010\/revisions\/8017"}],"wp:attachment":[{"href":"https:\/\/tkg-duisburg.de\/index.php?rest_route=%2Fwp%2Fv2%2Fmedia&parent=8010"}],"wp:term":[{"taxonomy":"category","embeddable":true,"href":"https:\/\/tkg-duisburg.de\/index.php?rest_route=%2Fwp%2Fv2%2Fcategories&post=8010"},{"taxonomy":"post_tag","embeddable":true,"href":"https:\/\/tkg-duisburg.de\/index.php?rest_route=%2Fwp%2Fv2%2Ftags&post=8010"}],"curies":[{"name":"wp","href":"https:\/\/api.w.org\/{rel}","templated":true}]}}