{"id":8113,"date":"2024-01-24T18:51:56","date_gmt":"2024-01-24T16:51:56","guid":{"rendered":"https:\/\/tkg-duisburg.de\/?p=8113"},"modified":"2024-01-24T18:51:57","modified_gmt":"2024-01-24T16:51:57","slug":"24-01-2024-gelandet","status":"publish","type":"post","link":"https:\/\/tkg-duisburg.de\/?p=8113","title":{"rendered":"\u00a024.01.2024 \u2013 \u201eGelandet\u201c\u00a0"},"content":{"rendered":"\n<p><\/p>\n\n\n\n<p>Dank R\u00fcckenwind landete unsere Gruppe sogar eine Stunde fr\u00fcher als geplant in Windhuk, wo man ganz herzlich vom Wadadee begr\u00fc\u00dft wurde.\u00a0<\/p>\n\n\n\n<figure class=\"wp-block-image size-large\"><img loading=\"lazy\" decoding=\"async\" width=\"1024\" height=\"767\" src=\"https:\/\/tkg-duisburg.de\/wp-content\/uploads\/2024\/01\/image-3-1024x767.png\" alt=\"\" class=\"wp-image-8114\" srcset=\"https:\/\/tkg-duisburg.de\/wp-content\/uploads\/2024\/01\/image-3-1024x767.png 1024w, https:\/\/tkg-duisburg.de\/wp-content\/uploads\/2024\/01\/image-3-300x225.png 300w, https:\/\/tkg-duisburg.de\/wp-content\/uploads\/2024\/01\/image-3.png 1209w\" sizes=\"auto, (max-width: 1024px) 100vw, 1024px\" \/><\/figure>\n\n\n\n<p>&nbsp;F\u00fcr heute hei\u00dft es nur noch einkaufen, auspacken und ankommen.&nbsp;<\/p>\n\n\n\n<p>Im Namen der Namibia-Gruppe&nbsp;<\/p>\n\n\n\n<p><em>C. Hiller-Kitzmann&nbsp;<\/em><\/p>\n","protected":false},"excerpt":{"rendered":"<p>Dank R\u00fcckenwind landete unsere Gruppe sogar eine Stunde fr\u00fcher als geplant in Windhuk, wo man ganz herzlich vom Wadadee begr\u00fc\u00dft wurde.\u00a0 &nbsp;F\u00fcr heute hei\u00dft es nur noch einkaufen, auspacken und ankommen.&nbsp; Im Namen der Namibia-Gruppe&nbsp; C. Hiller-Kitzmann&nbsp;<\/p>\n","protected":false},"author":5,"featured_media":0,"comment_status":"closed","ping_status":"open","sticky":false,"template":"","format":"standard","meta":{"footnotes":""},"categories":[31,9,50],"tags":[],"class_list":["post-8113","post","type-post","status-publish","format-standard","hentry","category-ausserschulisches-lernen","category-exkursionen","category-namibia"],"yoast_head":"<!-- This site is optimized with the Yoast SEO plugin v22.6 - https:\/\/yoast.com\/wordpress\/plugins\/seo\/ -->\n<title>\u00a024.01.2024 \u2013 \u201eGelandet\u201c\u00a0 - Theodor K\u00f6nig Gesamtschule Duisburg<\/title>\n<meta name=\"robots\" content=\"index, follow, max-snippet:-1, max-image-preview:large, max-video-preview:-1\" \/>\n<link rel=\"canonical\" href=\"https:\/\/tkg-duisburg.de\/?p=8113\" \/>\n<meta property=\"og:locale\" content=\"de_DE\" \/>\n<meta property=\"og:type\" content=\"article\" \/>\n<meta property=\"og:title\" content=\"\u00a024.01.2024 \u2013 \u201eGelandet\u201c\u00a0 - Theodor K\u00f6nig Gesamtschule Duisburg\" \/>\n<meta property=\"og:description\" content=\"Dank R\u00fcckenwind landete unsere Gruppe sogar eine Stunde fr\u00fcher als geplant in Windhuk, wo man ganz herzlich vom Wadadee begr\u00fc\u00dft wurde.\u00a0 &nbsp;F\u00fcr heute hei\u00dft es nur noch einkaufen, auspacken und ankommen.&nbsp; Im Namen der Namibia-Gruppe&nbsp; C. Hiller-Kitzmann&nbsp;\" \/>\n<meta property=\"og:url\" content=\"https:\/\/tkg-duisburg.de\/?p=8113\" \/>\n<meta property=\"og:site_name\" content=\"Theodor K\u00f6nig Gesamtschule Duisburg\" \/>\n<meta property=\"article:published_time\" content=\"2024-01-24T16:51:56+00:00\" \/>\n<meta property=\"article:modified_time\" content=\"2024-01-24T16:51:57+00:00\" \/>\n<meta property=\"og:image\" content=\"https:\/\/tkg-duisburg.de\/wp-content\/uploads\/2024\/01\/image-3-1024x767.png\" \/>\n<meta name=\"author\" content=\"Bj\u00f6rn Becker\" \/>\n<meta name=\"twitter:card\" content=\"summary_large_image\" \/>\n<meta name=\"twitter:label1\" content=\"Verfasst von\" \/>\n\t<meta name=\"twitter:data1\" content=\"Bj\u00f6rn Becker\" \/>\n<script type=\"application\/ld+json\" class=\"yoast-schema-graph\">{\"@context\":\"https:\/\/schema.org\",\"@graph\":[{\"@type\":\"WebPage\",\"@id\":\"https:\/\/tkg-duisburg.de\/?p=8113\",\"url\":\"https:\/\/tkg-duisburg.de\/?p=8113\",\"name\":\"\u00a024.01.2024 \u2013 \u201eGelandet\u201c\u00a0 - Theodor K\u00f6nig Gesamtschule Duisburg\",\"isPartOf\":{\"@id\":\"https:\/\/tkg-duisburg.de\/#website\"},\"primaryImageOfPage\":{\"@id\":\"https:\/\/tkg-duisburg.de\/?p=8113#primaryimage\"},\"image\":{\"@id\":\"https:\/\/tkg-duisburg.de\/?p=8113#primaryimage\"},\"thumbnailUrl\":\"https:\/\/tkg-duisburg.de\/wp-content\/uploads\/2024\/01\/image-3-1024x767.png\",\"datePublished\":\"2024-01-24T16:51:56+00:00\",\"dateModified\":\"2024-01-24T16:51:57+00:00\",\"author\":{\"@id\":\"https:\/\/tkg-duisburg.de\/#\/schema\/person\/5a5b174492de297d4b57e9a3d89564ee\"},\"breadcrumb\":{\"@id\":\"https:\/\/tkg-duisburg.de\/?p=8113#breadcrumb\"},\"inLanguage\":\"de\",\"potentialAction\":[{\"@type\":\"ReadAction\",\"target\":[\"https:\/\/tkg-duisburg.de\/?p=8113\"]}]},{\"@type\":\"ImageObject\",\"inLanguage\":\"de\",\"@id\":\"https:\/\/tkg-duisburg.de\/?p=8113#primaryimage\",\"url\":\"https:\/\/tkg-duisburg.de\/wp-content\/uploads\/2024\/01\/image-3.png\",\"contentUrl\":\"https:\/\/tkg-duisburg.de\/wp-content\/uploads\/2024\/01\/image-3.png\",\"width\":1209,\"height\":906},{\"@type\":\"BreadcrumbList\",\"@id\":\"https:\/\/tkg-duisburg.de\/?p=8113#breadcrumb\",\"itemListElement\":[{\"@type\":\"ListItem\",\"position\":1,\"name\":\"Startseite\",\"item\":\"https:\/\/tkg-duisburg.de\/\"},{\"@type\":\"ListItem\",\"position\":2,\"name\":\"\u00a024.01.2024 \u2013 \u201eGelandet\u201c\u00a0\"}]},{\"@type\":\"WebSite\",\"@id\":\"https:\/\/tkg-duisburg.de\/#website\",\"url\":\"https:\/\/tkg-duisburg.de\/\",\"name\":\"Theodor K\u00f6nig Gesamtschule Duisburg\",\"description\":\"\",\"potentialAction\":[{\"@type\":\"SearchAction\",\"target\":{\"@type\":\"EntryPoint\",\"urlTemplate\":\"https:\/\/tkg-duisburg.de\/?s={search_term_string}\"},\"query-input\":\"required name=search_term_string\"}],\"inLanguage\":\"de\"},{\"@type\":\"Person\",\"@id\":\"https:\/\/tkg-duisburg.de\/#\/schema\/person\/5a5b174492de297d4b57e9a3d89564ee\",\"name\":\"Bj\u00f6rn Becker\",\"image\":{\"@type\":\"ImageObject\",\"inLanguage\":\"de\",\"@id\":\"https:\/\/tkg-duisburg.de\/#\/schema\/person\/image\/\",\"url\":\"https:\/\/secure.gravatar.com\/avatar\/c7690b9f448fdd19e7a021d2d0201faa0dc70513a48fc7103388e3231c3056a4?s=96&d=mm&r=g\",\"contentUrl\":\"https:\/\/secure.gravatar.com\/avatar\/c7690b9f448fdd19e7a021d2d0201faa0dc70513a48fc7103388e3231c3056a4?s=96&d=mm&r=g\",\"caption\":\"Bj\u00f6rn Becker\"},\"url\":\"https:\/\/tkg-duisburg.de\/?author=5\"}]}<\/script>\n<!-- \/ Yoast SEO plugin. -->","yoast_head_json":{"title":"\u00a024.01.2024 \u2013 \u201eGelandet\u201c\u00a0 - Theodor K\u00f6nig Gesamtschule Duisburg","robots":{"index":"index","follow":"follow","max-snippet":"max-snippet:-1","max-image-preview":"max-image-preview:large","max-video-preview":"max-video-preview:-1"},"canonical":"https:\/\/tkg-duisburg.de\/?p=8113","og_locale":"de_DE","og_type":"article","og_title":"\u00a024.01.2024 \u2013 \u201eGelandet\u201c\u00a0 - Theodor K\u00f6nig Gesamtschule Duisburg","og_description":"Dank R\u00fcckenwind landete unsere Gruppe sogar eine Stunde fr\u00fcher als geplant in Windhuk, wo man ganz herzlich vom Wadadee begr\u00fc\u00dft wurde.\u00a0 &nbsp;F\u00fcr heute hei\u00dft es nur noch einkaufen, auspacken und ankommen.&nbsp; Im Namen der Namibia-Gruppe&nbsp; C. Hiller-Kitzmann&nbsp;","og_url":"https:\/\/tkg-duisburg.de\/?p=8113","og_site_name":"Theodor K\u00f6nig Gesamtschule Duisburg","article_published_time":"2024-01-24T16:51:56+00:00","article_modified_time":"2024-01-24T16:51:57+00:00","og_image":[{"url":"https:\/\/tkg-duisburg.de\/wp-content\/uploads\/2024\/01\/image-3-1024x767.png"}],"author":"Bj\u00f6rn Becker","twitter_card":"summary_large_image","twitter_misc":{"Verfasst von":"Bj\u00f6rn Becker"},"schema":{"@context":"https:\/\/schema.org","@graph":[{"@type":"WebPage","@id":"https:\/\/tkg-duisburg.de\/?p=8113","url":"https:\/\/tkg-duisburg.de\/?p=8113","name":"\u00a024.01.2024 \u2013 \u201eGelandet\u201c\u00a0 - Theodor K\u00f6nig Gesamtschule Duisburg","isPartOf":{"@id":"https:\/\/tkg-duisburg.de\/#website"},"primaryImageOfPage":{"@id":"https:\/\/tkg-duisburg.de\/?p=8113#primaryimage"},"image":{"@id":"https:\/\/tkg-duisburg.de\/?p=8113#primaryimage"},"thumbnailUrl":"https:\/\/tkg-duisburg.de\/wp-content\/uploads\/2024\/01\/image-3-1024x767.png","datePublished":"2024-01-24T16:51:56+00:00","dateModified":"2024-01-24T16:51:57+00:00","author":{"@id":"https:\/\/tkg-duisburg.de\/#\/schema\/person\/5a5b174492de297d4b57e9a3d89564ee"},"breadcrumb":{"@id":"https:\/\/tkg-duisburg.de\/?p=8113#breadcrumb"},"inLanguage":"de","potentialAction":[{"@type":"ReadAction","target":["https:\/\/tkg-duisburg.de\/?p=8113"]}]},{"@type":"ImageObject","inLanguage":"de","@id":"https:\/\/tkg-duisburg.de\/?p=8113#primaryimage","url":"https:\/\/tkg-duisburg.de\/wp-content\/uploads\/2024\/01\/image-3.png","contentUrl":"https:\/\/tkg-duisburg.de\/wp-content\/uploads\/2024\/01\/image-3.png","width":1209,"height":906},{"@type":"BreadcrumbList","@id":"https:\/\/tkg-duisburg.de\/?p=8113#breadcrumb","itemListElement":[{"@type":"ListItem","position":1,"name":"Startseite","item":"https:\/\/tkg-duisburg.de\/"},{"@type":"ListItem","position":2,"name":"\u00a024.01.2024 \u2013 \u201eGelandet\u201c\u00a0"}]},{"@type":"WebSite","@id":"https:\/\/tkg-duisburg.de\/#website","url":"https:\/\/tkg-duisburg.de\/","name":"Theodor K\u00f6nig Gesamtschule Duisburg","description":"","potentialAction":[{"@type":"SearchAction","target":{"@type":"EntryPoint","urlTemplate":"https:\/\/tkg-duisburg.de\/?s={search_term_string}"},"query-input":"required name=search_term_string"}],"inLanguage":"de"},{"@type":"Person","@id":"https:\/\/tkg-duisburg.de\/#\/schema\/person\/5a5b174492de297d4b57e9a3d89564ee","name":"Bj\u00f6rn Becker","image":{"@type":"ImageObject","inLanguage":"de","@id":"https:\/\/tkg-duisburg.de\/#\/schema\/person\/image\/","url":"https:\/\/secure.gravatar.com\/avatar\/c7690b9f448fdd19e7a021d2d0201faa0dc70513a48fc7103388e3231c3056a4?s=96&d=mm&r=g","contentUrl":"https:\/\/secure.gravatar.com\/avatar\/c7690b9f448fdd19e7a021d2d0201faa0dc70513a48fc7103388e3231c3056a4?s=96&d=mm&r=g","caption":"Bj\u00f6rn Becker"},"url":"https:\/\/tkg-duisburg.de\/?author=5"}]}},"_links":{"self":[{"href":"https:\/\/tkg-duisburg.de\/index.php?rest_route=\/wp\/v2\/posts\/8113","targetHints":{"allow":["GET"]}}],"collection":[{"href":"https:\/\/tkg-duisburg.de\/index.php?rest_route=\/wp\/v2\/posts"}],"about":[{"href":"https:\/\/tkg-duisburg.de\/index.php?rest_route=\/wp\/v2\/types\/post"}],"author":[{"embeddable":true,"href":"https:\/\/tkg-duisburg.de\/index.php?rest_route=\/wp\/v2\/users\/5"}],"replies":[{"embeddable":true,"href":"https:\/\/tkg-duisburg.de\/index.php?rest_route=%2Fwp%2Fv2%2Fcomments&post=8113"}],"version-history":[{"count":1,"href":"https:\/\/tkg-duisburg.de\/index.php?rest_route=\/wp\/v2\/posts\/8113\/revisions"}],"predecessor-version":[{"id":8115,"href":"https:\/\/tkg-duisburg.de\/index.php?rest_route=\/wp\/v2\/posts\/8113\/revisions\/8115"}],"wp:attachment":[{"href":"https:\/\/tkg-duisburg.de\/index.php?rest_route=%2Fwp%2Fv2%2Fmedia&parent=8113"}],"wp:term":[{"taxonomy":"category","embeddable":true,"href":"https:\/\/tkg-duisburg.de\/index.php?rest_route=%2Fwp%2Fv2%2Fcategories&post=8113"},{"taxonomy":"post_tag","embeddable":true,"href":"https:\/\/tkg-duisburg.de\/index.php?rest_route=%2Fwp%2Fv2%2Ftags&post=8113"}],"curies":[{"name":"wp","href":"https:\/\/api.w.org\/{rel}","templated":true}]}}