{"id":8161,"date":"2024-02-09T15:12:45","date_gmt":"2024-02-09T13:12:45","guid":{"rendered":"https:\/\/tkg-duisburg.de\/?p=8161"},"modified":"2024-02-09T15:12:46","modified_gmt":"2024-02-09T13:12:46","slug":"schulalltag-und-ehrung-der-wirklichen-helden-namibias-montag-29-01-2024","status":"publish","type":"post","link":"https:\/\/tkg-duisburg.de\/?p=8161","title":{"rendered":"Schulalltag und Ehrung der wirklichen Helden Namibias (Montag, 29.01.2024)\u00a0"},"content":{"rendered":"\n<p>Heute am 30.01.2024 um 20:09 schreibe ich \u00fcber den gestrigen Tag, den 29.01.2024. Der Tag hat f\u00fcr mich sehr fr\u00fch angefangen. Um 5:30 Uhr musste ich mit Eda aufstehen und Fr\u00fchst\u00fcck f\u00fcr die Gruppe vorbereiten. Das Problem war, dass ich erst um 4 Uhr eingeschlafen bin, und das hatte auch seine Auswirkungen auf meinen Tag und meine k\u00f6rperliche Verfassung. Also, um 7:30 kam der Bus und wir sind schon innerhalb von 5 Minuten an der Schule angekommen. Die erste Stunde verbrachten wir, Ebru und ich, in unserer Klasse. Biologie stand an und direkt wurde ein Test \u00fcber die Themen der letzten Stunde geschrieben. Das ein oder andere \u201eJuhu\u201c ist dabei auch gefallen und die sorgten f\u00fcr ein heiteres Gel\u00e4chter. <\/p>\n\n\n\n<!--more-->\n\n\n\n<p>Dazu m\u00f6chte ich kurz erw\u00e4hnen, dass das \u201eJuhu\u201c ein Running Gag ist, der von Herrn Daniels im Hostel initiiert wurde und schon seit paar Tagen f\u00fcr Spa\u00df in unserer Gruppe sorgt. Jedenfalls h\u00e4tten wir danach Englisch gehabt, jedoch war die Lehrerin nicht da. Aufgrund des Entfalls der Stunde konnten Ebru und ich nochmal die Gelegenheit nutzten, uns mit unseren Austauschsch\u00fclerinnen und -sch\u00fclern auszutauschen. Danach ist die Physikstunde ebenfalls ausgefallen, weil der Schulleiter abwesend war. Der Vater von ihm war kurz zuvor verstorben, weswegen er Zeit braucht, um dies f\u00fcr sich zu verarbeiten. Allgemein habe ich das Gef\u00fchl, dass es wie in NRW auch hier Lehrermangel gibt, nur mit dem Unterschied, dass die Regierung nicht die finanziellen Mittel hat, um Lehrerinnen und Lehrer einzustellen. In NRW hingegen liegt es eher am mangelnden Nachwuchs. Jedenfalls hatten wir danach Chemie bei Mr. Ileka. Er hatte eine sehr, sehr entspannte Aura und es hatte eine sehr unbeschwerte und auch lustige Atmosph\u00e4re geherrscht. Der Lehrer hat den Sch\u00fclerinnen und Sch\u00fclern das Gef\u00fchl gegeben, auf Augenh\u00f6he mit ihm kommunizieren zu k\u00f6nnen. Zum Schluss unseres Schultages hatten wir Afrikaans, das sehr unterhaltsam gewesen ist, weil Ebru und ich immer wieder versucht hatten zu verstehen, was die Mitsch\u00fclerinnen und -sch\u00fcler gesagt haben. Afrikaans hat viele niederl\u00e4ndische Komponenten, das macht die Sprache unweigerlich etwas am\u00fcsant. Wir konnten viele Begriffe verstehen, weil Niederl\u00e4ndisch vom Deutschen nicht so weit weg ist.\u00a0<\/p>\n\n\n\n<h3 class=\"wp-block-heading\">Heldenacker (Windhoek)&nbsp;<\/h3>\n\n\n<div class=\"wp-block-image\">\n<figure class=\"alignleft size-full is-resized\"><img loading=\"lazy\" decoding=\"async\" src=\"https:\/\/tkg-duisburg.de\/wp-content\/uploads\/2024\/02\/image-7.png\" alt=\"\" class=\"wp-image-8162\" width=\"322\" height=\"252\" srcset=\"https:\/\/tkg-duisburg.de\/wp-content\/uploads\/2024\/02\/image-7.png 664w, https:\/\/tkg-duisburg.de\/wp-content\/uploads\/2024\/02\/image-7-300x234.png 300w\" sizes=\"auto, (max-width: 322px) 100vw, 322px\" \/><\/figure>\n<\/div>\n\n\n<p>Um 13:10 Uhr war Schulschluss, sodass wir um 14 Uhr zu einer Gedenkst\u00e4tte (Heldenacker) in Windhoek mit unseren Austauschsch\u00fclerinnen und -sch\u00fclern gefahren sind. Dies ist ein gro\u00dfer Friedhof, der 2002 errichtet wurde, um den Patriotismus und das Nationalbewusstsein zu pflegen. Begraben sind auf dem Friedhof Anf\u00fchrer und wichtige Pers\u00f6nlichkeiten der Revolution gegen die Apartheid und den Kolonialismus. Auf dem Weg nach oben zu den Treppen gab es eine &#8222;ewige Flamme&#8220; die immer brennt; Zur Kennzeichnung, dass man niemals vergessen soll, was in der Vergangenheit passiert ist. Leider konnte ich dort nicht so viel f\u00fcr mich mitnehmen, da ich durch meinen Schlafentzug sehr ersch\u00f6pft war. Ich hatte Kopfschmerzen und Tinnitus auf dem linken Ohr, was auch Frau Uzun ziemlich zu schaffen gemacht hat. Denn ihr Schlaf und ihre Nerven haben auch darunter gelitten, was mit immer noch sehr leidtut. Nach dem Besuch in der Gedenkst\u00e4tte sind wir gemeinsam zu KFC gefahren und haben zusammen nochmal gegessen, bevor wir wieder zur\u00fcck zum Hostel gefahren sind.<\/p>\n\n\n<div class=\"wp-block-image\">\n<figure class=\"alignright size-full is-resized\"><img loading=\"lazy\" decoding=\"async\" src=\"https:\/\/tkg-duisburg.de\/wp-content\/uploads\/2024\/02\/image-8.png\" alt=\"\" class=\"wp-image-8163\" width=\"296\" height=\"222\" srcset=\"https:\/\/tkg-duisburg.de\/wp-content\/uploads\/2024\/02\/image-8.png 517w, https:\/\/tkg-duisburg.de\/wp-content\/uploads\/2024\/02\/image-8-300x225.png 300w\" sizes=\"auto, (max-width: 296px) 100vw, 296px\" \/><\/figure>\n<\/div>\n\n\n<p> Im Hostel konnte ich auch nicht einschlafen, obwohl ich sehr m\u00fcde war. Den Abend haben wir wie immer ganz entspannt ausklingen lassen. Gemeinsam im Kreis miteinander unterhalten und gelacht. Heute haben wir aber mal eine ruhige Nacht gehabt und sind fr\u00fcher schlafen gegangen, um f\u00fcr den darauffolgenden Tag fit zu sein und Kraft zu sammeln. Ich habe dann auch den Entschluss gefasst, einfach schlafen zu gehen, wobei mich Frau Uzun auch direkt in mein Bett verbannt hat. Der Tag war sehr anstrengend, aber trotzdem sehr ereignisreich.\u00a0<\/p>\n\n\n\n<p>\u00a0verfasst von Nick S\u00fchring, Q1-Sch\u00fcler editiert von Z. Uzun und D. Daniels\u00a0<\/p>\n\n\n\n<p>Ver\u00f6ffentlichung genehmigt von C. Hiller-Kitzmann, Oberstufenleiterin\u00a0<\/p>\n","protected":false},"excerpt":{"rendered":"<p>Heute am 30.01.2024 um 20:09 schreibe ich \u00fcber den gestrigen Tag, den 29.01.2024. Der Tag hat f\u00fcr mich sehr fr\u00fch angefangen. Um 5:30 Uhr musste ich mit Eda aufstehen und Fr\u00fchst\u00fcck f\u00fcr die Gruppe vorbereiten. Das Problem war, dass ich erst um 4 Uhr eingeschlafen bin, und das hatte auch seine Auswirkungen auf meinen Tag &hellip; <a href=\"https:\/\/tkg-duisburg.de\/?p=8161\" class=\"more-link\"><span class=\"screen-reader-text\">Schulalltag und Ehrung der wirklichen Helden Namibias (Montag, 29.01.2024)\u00a0<\/span> weiterlesen <span class=\"meta-nav\">&rarr;<\/span><\/a><\/p>\n","protected":false},"author":5,"featured_media":0,"comment_status":"closed","ping_status":"open","sticky":false,"template":"","format":"standard","meta":{"footnotes":""},"categories":[31,72,9,50],"tags":[],"class_list":["post-8161","post","type-post","status-publish","format-standard","hentry","category-ausserschulisches-lernen","category-exkursion","category-exkursionen","category-namibia"],"yoast_head":"<!-- This site is optimized with the Yoast SEO plugin v22.6 - https:\/\/yoast.com\/wordpress\/plugins\/seo\/ -->\n<title>Schulalltag und Ehrung der wirklichen Helden Namibias (Montag, 29.01.2024)\u00a0 - Theodor K\u00f6nig Gesamtschule Duisburg<\/title>\n<meta name=\"robots\" content=\"index, follow, max-snippet:-1, max-image-preview:large, max-video-preview:-1\" \/>\n<link rel=\"canonical\" href=\"https:\/\/tkg-duisburg.de\/?p=8161\" \/>\n<meta property=\"og:locale\" content=\"de_DE\" \/>\n<meta property=\"og:type\" content=\"article\" \/>\n<meta property=\"og:title\" content=\"Schulalltag und Ehrung der wirklichen Helden Namibias (Montag, 29.01.2024)\u00a0 - Theodor K\u00f6nig Gesamtschule Duisburg\" \/>\n<meta property=\"og:description\" content=\"Heute am 30.01.2024 um 20:09 schreibe ich \u00fcber den gestrigen Tag, den 29.01.2024. Der Tag hat f\u00fcr mich sehr fr\u00fch angefangen. Um 5:30 Uhr musste ich mit Eda aufstehen und Fr\u00fchst\u00fcck f\u00fcr die Gruppe vorbereiten. Das Problem war, dass ich erst um 4 Uhr eingeschlafen bin, und das hatte auch seine Auswirkungen auf meinen Tag &hellip; Schulalltag und Ehrung der wirklichen Helden Namibias (Montag, 29.01.2024)\u00a0 weiterlesen &rarr;\" \/>\n<meta property=\"og:url\" content=\"https:\/\/tkg-duisburg.de\/?p=8161\" \/>\n<meta property=\"og:site_name\" content=\"Theodor K\u00f6nig Gesamtschule Duisburg\" \/>\n<meta property=\"article:published_time\" content=\"2024-02-09T13:12:45+00:00\" \/>\n<meta property=\"article:modified_time\" content=\"2024-02-09T13:12:46+00:00\" \/>\n<meta property=\"og:image\" content=\"https:\/\/tkg-duisburg.de\/wp-content\/uploads\/2024\/02\/image-7.png\" \/>\n<meta name=\"author\" content=\"Bj\u00f6rn Becker\" \/>\n<meta name=\"twitter:card\" content=\"summary_large_image\" \/>\n<meta name=\"twitter:label1\" content=\"Verfasst von\" \/>\n\t<meta name=\"twitter:data1\" content=\"Bj\u00f6rn Becker\" \/>\n\t<meta name=\"twitter:label2\" content=\"Gesch\u00e4tzte Lesezeit\" \/>\n\t<meta name=\"twitter:data2\" content=\"3\u00a0Minuten\" \/>\n<script type=\"application\/ld+json\" class=\"yoast-schema-graph\">{\"@context\":\"https:\/\/schema.org\",\"@graph\":[{\"@type\":\"WebPage\",\"@id\":\"https:\/\/tkg-duisburg.de\/?p=8161\",\"url\":\"https:\/\/tkg-duisburg.de\/?p=8161\",\"name\":\"Schulalltag und Ehrung der wirklichen Helden Namibias (Montag, 29.01.2024)\u00a0 - Theodor K\u00f6nig Gesamtschule Duisburg\",\"isPartOf\":{\"@id\":\"https:\/\/tkg-duisburg.de\/#website\"},\"primaryImageOfPage\":{\"@id\":\"https:\/\/tkg-duisburg.de\/?p=8161#primaryimage\"},\"image\":{\"@id\":\"https:\/\/tkg-duisburg.de\/?p=8161#primaryimage\"},\"thumbnailUrl\":\"https:\/\/tkg-duisburg.de\/wp-content\/uploads\/2024\/02\/image-7.png\",\"datePublished\":\"2024-02-09T13:12:45+00:00\",\"dateModified\":\"2024-02-09T13:12:46+00:00\",\"author\":{\"@id\":\"https:\/\/tkg-duisburg.de\/#\/schema\/person\/5a5b174492de297d4b57e9a3d89564ee\"},\"breadcrumb\":{\"@id\":\"https:\/\/tkg-duisburg.de\/?p=8161#breadcrumb\"},\"inLanguage\":\"de\",\"potentialAction\":[{\"@type\":\"ReadAction\",\"target\":[\"https:\/\/tkg-duisburg.de\/?p=8161\"]}]},{\"@type\":\"ImageObject\",\"inLanguage\":\"de\",\"@id\":\"https:\/\/tkg-duisburg.de\/?p=8161#primaryimage\",\"url\":\"https:\/\/tkg-duisburg.de\/wp-content\/uploads\/2024\/02\/image-7.png\",\"contentUrl\":\"https:\/\/tkg-duisburg.de\/wp-content\/uploads\/2024\/02\/image-7.png\",\"width\":664,\"height\":519},{\"@type\":\"BreadcrumbList\",\"@id\":\"https:\/\/tkg-duisburg.de\/?p=8161#breadcrumb\",\"itemListElement\":[{\"@type\":\"ListItem\",\"position\":1,\"name\":\"Startseite\",\"item\":\"https:\/\/tkg-duisburg.de\/\"},{\"@type\":\"ListItem\",\"position\":2,\"name\":\"Schulalltag und Ehrung der wirklichen Helden Namibias (Montag, 29.01.2024)\u00a0\"}]},{\"@type\":\"WebSite\",\"@id\":\"https:\/\/tkg-duisburg.de\/#website\",\"url\":\"https:\/\/tkg-duisburg.de\/\",\"name\":\"Theodor K\u00f6nig Gesamtschule Duisburg\",\"description\":\"\",\"potentialAction\":[{\"@type\":\"SearchAction\",\"target\":{\"@type\":\"EntryPoint\",\"urlTemplate\":\"https:\/\/tkg-duisburg.de\/?s={search_term_string}\"},\"query-input\":\"required name=search_term_string\"}],\"inLanguage\":\"de\"},{\"@type\":\"Person\",\"@id\":\"https:\/\/tkg-duisburg.de\/#\/schema\/person\/5a5b174492de297d4b57e9a3d89564ee\",\"name\":\"Bj\u00f6rn Becker\",\"image\":{\"@type\":\"ImageObject\",\"inLanguage\":\"de\",\"@id\":\"https:\/\/tkg-duisburg.de\/#\/schema\/person\/image\/\",\"url\":\"https:\/\/secure.gravatar.com\/avatar\/c7690b9f448fdd19e7a021d2d0201faa0dc70513a48fc7103388e3231c3056a4?s=96&d=mm&r=g\",\"contentUrl\":\"https:\/\/secure.gravatar.com\/avatar\/c7690b9f448fdd19e7a021d2d0201faa0dc70513a48fc7103388e3231c3056a4?s=96&d=mm&r=g\",\"caption\":\"Bj\u00f6rn Becker\"},\"url\":\"https:\/\/tkg-duisburg.de\/?author=5\"}]}<\/script>\n<!-- \/ Yoast SEO plugin. -->","yoast_head_json":{"title":"Schulalltag und Ehrung der wirklichen Helden Namibias (Montag, 29.01.2024)\u00a0 - Theodor K\u00f6nig Gesamtschule Duisburg","robots":{"index":"index","follow":"follow","max-snippet":"max-snippet:-1","max-image-preview":"max-image-preview:large","max-video-preview":"max-video-preview:-1"},"canonical":"https:\/\/tkg-duisburg.de\/?p=8161","og_locale":"de_DE","og_type":"article","og_title":"Schulalltag und Ehrung der wirklichen Helden Namibias (Montag, 29.01.2024)\u00a0 - Theodor K\u00f6nig Gesamtschule Duisburg","og_description":"Heute am 30.01.2024 um 20:09 schreibe ich \u00fcber den gestrigen Tag, den 29.01.2024. Der Tag hat f\u00fcr mich sehr fr\u00fch angefangen. Um 5:30 Uhr musste ich mit Eda aufstehen und Fr\u00fchst\u00fcck f\u00fcr die Gruppe vorbereiten. Das Problem war, dass ich erst um 4 Uhr eingeschlafen bin, und das hatte auch seine Auswirkungen auf meinen Tag &hellip; Schulalltag und Ehrung der wirklichen Helden Namibias (Montag, 29.01.2024)\u00a0 weiterlesen &rarr;","og_url":"https:\/\/tkg-duisburg.de\/?p=8161","og_site_name":"Theodor K\u00f6nig Gesamtschule Duisburg","article_published_time":"2024-02-09T13:12:45+00:00","article_modified_time":"2024-02-09T13:12:46+00:00","og_image":[{"url":"https:\/\/tkg-duisburg.de\/wp-content\/uploads\/2024\/02\/image-7.png"}],"author":"Bj\u00f6rn Becker","twitter_card":"summary_large_image","twitter_misc":{"Verfasst von":"Bj\u00f6rn Becker","Gesch\u00e4tzte Lesezeit":"3\u00a0Minuten"},"schema":{"@context":"https:\/\/schema.org","@graph":[{"@type":"WebPage","@id":"https:\/\/tkg-duisburg.de\/?p=8161","url":"https:\/\/tkg-duisburg.de\/?p=8161","name":"Schulalltag und Ehrung der wirklichen Helden Namibias (Montag, 29.01.2024)\u00a0 - Theodor K\u00f6nig Gesamtschule Duisburg","isPartOf":{"@id":"https:\/\/tkg-duisburg.de\/#website"},"primaryImageOfPage":{"@id":"https:\/\/tkg-duisburg.de\/?p=8161#primaryimage"},"image":{"@id":"https:\/\/tkg-duisburg.de\/?p=8161#primaryimage"},"thumbnailUrl":"https:\/\/tkg-duisburg.de\/wp-content\/uploads\/2024\/02\/image-7.png","datePublished":"2024-02-09T13:12:45+00:00","dateModified":"2024-02-09T13:12:46+00:00","author":{"@id":"https:\/\/tkg-duisburg.de\/#\/schema\/person\/5a5b174492de297d4b57e9a3d89564ee"},"breadcrumb":{"@id":"https:\/\/tkg-duisburg.de\/?p=8161#breadcrumb"},"inLanguage":"de","potentialAction":[{"@type":"ReadAction","target":["https:\/\/tkg-duisburg.de\/?p=8161"]}]},{"@type":"ImageObject","inLanguage":"de","@id":"https:\/\/tkg-duisburg.de\/?p=8161#primaryimage","url":"https:\/\/tkg-duisburg.de\/wp-content\/uploads\/2024\/02\/image-7.png","contentUrl":"https:\/\/tkg-duisburg.de\/wp-content\/uploads\/2024\/02\/image-7.png","width":664,"height":519},{"@type":"BreadcrumbList","@id":"https:\/\/tkg-duisburg.de\/?p=8161#breadcrumb","itemListElement":[{"@type":"ListItem","position":1,"name":"Startseite","item":"https:\/\/tkg-duisburg.de\/"},{"@type":"ListItem","position":2,"name":"Schulalltag und Ehrung der wirklichen Helden Namibias (Montag, 29.01.2024)\u00a0"}]},{"@type":"WebSite","@id":"https:\/\/tkg-duisburg.de\/#website","url":"https:\/\/tkg-duisburg.de\/","name":"Theodor K\u00f6nig Gesamtschule Duisburg","description":"","potentialAction":[{"@type":"SearchAction","target":{"@type":"EntryPoint","urlTemplate":"https:\/\/tkg-duisburg.de\/?s={search_term_string}"},"query-input":"required name=search_term_string"}],"inLanguage":"de"},{"@type":"Person","@id":"https:\/\/tkg-duisburg.de\/#\/schema\/person\/5a5b174492de297d4b57e9a3d89564ee","name":"Bj\u00f6rn Becker","image":{"@type":"ImageObject","inLanguage":"de","@id":"https:\/\/tkg-duisburg.de\/#\/schema\/person\/image\/","url":"https:\/\/secure.gravatar.com\/avatar\/c7690b9f448fdd19e7a021d2d0201faa0dc70513a48fc7103388e3231c3056a4?s=96&d=mm&r=g","contentUrl":"https:\/\/secure.gravatar.com\/avatar\/c7690b9f448fdd19e7a021d2d0201faa0dc70513a48fc7103388e3231c3056a4?s=96&d=mm&r=g","caption":"Bj\u00f6rn Becker"},"url":"https:\/\/tkg-duisburg.de\/?author=5"}]}},"_links":{"self":[{"href":"https:\/\/tkg-duisburg.de\/index.php?rest_route=\/wp\/v2\/posts\/8161","targetHints":{"allow":["GET"]}}],"collection":[{"href":"https:\/\/tkg-duisburg.de\/index.php?rest_route=\/wp\/v2\/posts"}],"about":[{"href":"https:\/\/tkg-duisburg.de\/index.php?rest_route=\/wp\/v2\/types\/post"}],"author":[{"embeddable":true,"href":"https:\/\/tkg-duisburg.de\/index.php?rest_route=\/wp\/v2\/users\/5"}],"replies":[{"embeddable":true,"href":"https:\/\/tkg-duisburg.de\/index.php?rest_route=%2Fwp%2Fv2%2Fcomments&post=8161"}],"version-history":[{"count":1,"href":"https:\/\/tkg-duisburg.de\/index.php?rest_route=\/wp\/v2\/posts\/8161\/revisions"}],"predecessor-version":[{"id":8164,"href":"https:\/\/tkg-duisburg.de\/index.php?rest_route=\/wp\/v2\/posts\/8161\/revisions\/8164"}],"wp:attachment":[{"href":"https:\/\/tkg-duisburg.de\/index.php?rest_route=%2Fwp%2Fv2%2Fmedia&parent=8161"}],"wp:term":[{"taxonomy":"category","embeddable":true,"href":"https:\/\/tkg-duisburg.de\/index.php?rest_route=%2Fwp%2Fv2%2Fcategories&post=8161"},{"taxonomy":"post_tag","embeddable":true,"href":"https:\/\/tkg-duisburg.de\/index.php?rest_route=%2Fwp%2Fv2%2Ftags&post=8161"}],"curies":[{"name":"wp","href":"https:\/\/api.w.org\/{rel}","templated":true}]}}