{"id":8175,"date":"2024-02-16T16:25:32","date_gmt":"2024-02-16T14:25:32","guid":{"rendered":"https:\/\/tkg-duisburg.de\/?p=8175"},"modified":"2024-02-16T16:25:33","modified_gmt":"2024-02-16T14:25:33","slug":"das-namibische-parlament-viele-gemeinsamkeiten-mit-deutschland-dienstag-den-30-01-2024","status":"publish","type":"post","link":"https:\/\/tkg-duisburg.de\/?p=8175","title":{"rendered":"Das namibische Parlament \u2013 viele Gemeinsamkeiten mit Deutschland (Dienstag, den 30.01.2024)\u00a0"},"content":{"rendered":"<div class=\"wp-block-image\">\n<figure class=\"aligncenter size-full is-resized\"><img loading=\"lazy\" decoding=\"async\" src=\"https:\/\/tkg-duisburg.de\/wp-content\/uploads\/2024\/02\/image-14.png\" alt=\"\" class=\"wp-image-8176\" width=\"175\" height=\"182\" srcset=\"https:\/\/tkg-duisburg.de\/wp-content\/uploads\/2024\/02\/image-14.png 304w, https:\/\/tkg-duisburg.de\/wp-content\/uploads\/2024\/02\/image-14-288x300.png 288w\" sizes=\"auto, (max-width: 175px) 100vw, 175px\" \/><\/figure>\n<\/div>\n\n<div class=\"wp-block-image\">\n<figure class=\"alignleft size-full is-resized\"><img loading=\"lazy\" decoding=\"async\" src=\"https:\/\/tkg-duisburg.de\/wp-content\/uploads\/2024\/02\/image-15.png\" alt=\"\" class=\"wp-image-8177\" width=\"233\" height=\"175\" srcset=\"https:\/\/tkg-duisburg.de\/wp-content\/uploads\/2024\/02\/image-15.png 528w, https:\/\/tkg-duisburg.de\/wp-content\/uploads\/2024\/02\/image-15-300x225.png 300w\" sizes=\"auto, (max-width: 233px) 100vw, 233px\" \/><\/figure>\n<\/div>\n\n\n<p>\u00a0Der heutige Tag begann damit, dass wir gemeinsam gefr\u00fchst\u00fcckt haben und zur Schule gefahren sind. Wir hatten jedoch einen kurzen Schultag, da wir anschlie\u00dfend gemeinsam mit unseren Austauschsch\u00fclerinnen und -sch\u00fclern zum Parlament gefahren sind. <\/p>\n\n\n\n<!--more-->\n\n\n<div class=\"wp-block-image\">\n<figure class=\"alignright size-full is-resized\"><img loading=\"lazy\" decoding=\"async\" src=\"https:\/\/tkg-duisburg.de\/wp-content\/uploads\/2024\/02\/image-16.png\" alt=\"\" class=\"wp-image-8178\" width=\"151\" height=\"205\" srcset=\"https:\/\/tkg-duisburg.de\/wp-content\/uploads\/2024\/02\/image-16.png 425w, https:\/\/tkg-duisburg.de\/wp-content\/uploads\/2024\/02\/image-16-221x300.png 221w\" sizes=\"auto, (max-width: 151px) 100vw, 151px\" \/><\/figure>\n<\/div>\n\n\n<p>Dort wurden wir von einem Tourguide begleitet, der uns \u00fcber das namibische Parlament und die namibische Verfassung aufgekl\u00e4rt hat. Das namibische Parlament ist aufgeteilt in zwei Kammern, die Nationalversammlung und der Nationalrat. Die Nationalversammlung ist mit unserem Bundestag vergleichbar, w\u00e4hrend der Nationalrat dem Bundesrat entspricht. Die erste Parlamentssitzung hat 1989 stattgefunden. Die Nationalversammlung umfasst 104 Abgeordnete (in Deutschland sind es aktuell 736 Abgeordnete), wobei 96 direkt vom Volk gew\u00e4hlt werden und 8 Abgeordnete vom Staatspr\u00e4sidenten direkt ernannt werden. Die vom Pr\u00e4sidenten ernannten Abgeordneten besitzen deshalb kein Stimmrecht. Ebenfalls der Staatspr\u00e4sident wird, anders als in Deutschland, direkt vom Volk gew\u00e4hlt und ernennt den Premierminister und das Kabinett. <\/p>\n\n\n<div class=\"wp-block-image\">\n<figure class=\"alignleft size-full is-resized\"><img loading=\"lazy\" decoding=\"async\" src=\"https:\/\/tkg-duisburg.de\/wp-content\/uploads\/2024\/02\/image-17.png\" alt=\"\" class=\"wp-image-8179\" width=\"181\" height=\"241\" srcset=\"https:\/\/tkg-duisburg.de\/wp-content\/uploads\/2024\/02\/image-17.png 376w, https:\/\/tkg-duisburg.de\/wp-content\/uploads\/2024\/02\/image-17-225x300.png 225w, https:\/\/tkg-duisburg.de\/wp-content\/uploads\/2024\/02\/image-17-150x200.png 150w\" sizes=\"auto, (max-width: 181px) 100vw, 181px\" \/><\/figure>\n<\/div>\n\n\n<p>Dies weicht ebenfalls von der deutschen Verfassung ab. In Deutschland wird der Bundespr\u00e4sident, der Staatsoberhaupt ist, von der Bundesversammlung gew\u00e4hlt und schl\u00e4gt lediglich den Bundeskanzler als Regierungschef vor. Der Bundeskanzler wird vom Bundestag gew\u00e4hlt. Der Sprecher der Nationalversammlung ist mit dem Bundestagspr\u00e4sidenten vergleichbar. Sie\/Er wird aus der Mitte der Abgeordneten gew\u00e4hlt und \u00fcbt das Hausrecht aus. Der Sprecher sitzt erh\u00f6ht. Auf der rechten Seite vom Sprecher sitzen die Regierung und demnach auch die Abgeordneten der regierenden Partei und auf der linken Seite befinden sich die Oppositionsparteien. Die Legislaturperioden der Abgeordneten und des Pr\u00e4sidenten betragen 5 Jahre. Auch der Pr\u00e4sident hat einen Sitz in der Nationalversammlung, Verfasst von Eslin Kaman, Q2-Sch\u00fclerin\u00a0muss aber den Sprecher um Erlaubnis bitten den Sitzungssaal betreten zu d\u00fcrfen. Im November 2024 ist die n\u00e4chste Wahl angesetzt.\u00a0<\/p>\n\n\n<div class=\"wp-block-image\">\n<figure class=\"alignright size-full is-resized\"><img loading=\"lazy\" decoding=\"async\" src=\"https:\/\/tkg-duisburg.de\/wp-content\/uploads\/2024\/02\/image-18.png\" alt=\"\" class=\"wp-image-8180\" width=\"298\" height=\"220\" srcset=\"https:\/\/tkg-duisburg.de\/wp-content\/uploads\/2024\/02\/image-18.png 529w, https:\/\/tkg-duisburg.de\/wp-content\/uploads\/2024\/02\/image-18-300x221.png 300w\" sizes=\"auto, (max-width: 298px) 100vw, 298px\" \/><\/figure>\n<\/div>\n\n\n<p>F\u00fcr weitere Fakten \u00fcber das namibische und deutsche Staatssystem, ist eine Tabelle unterhalb des Berichtes eingef\u00fcgt.&nbsp;<\/p>\n\n\n\n<p>Die Sitzungen der Nationalversammlung finden dienstags bis donnerstags von 14:30 bis 17:45 Uhr statt. Der Premierminister sitzt rechts neben dem Staatspr\u00e4sidenten. Beide haben jeweils eine Sitzbank f\u00fcr sich allein, die \u00fcbrigen Mitglieder m\u00fcssen sich zu zweit eine Sitzbank teilen.&nbsp;<\/p>\n\n\n\n<p><\/p>\n\n\n<div class=\"wp-block-image\">\n<figure class=\"alignleft size-full is-resized\"><img loading=\"lazy\" decoding=\"async\" src=\"https:\/\/tkg-duisburg.de\/wp-content\/uploads\/2024\/02\/image-19.png\" alt=\"\" class=\"wp-image-8181\" width=\"306\" height=\"407\" srcset=\"https:\/\/tkg-duisburg.de\/wp-content\/uploads\/2024\/02\/image-19.png 320w, https:\/\/tkg-duisburg.de\/wp-content\/uploads\/2024\/02\/image-19-225x300.png 225w, https:\/\/tkg-duisburg.de\/wp-content\/uploads\/2024\/02\/image-19-150x200.png 150w\" sizes=\"auto, (max-width: 306px) 100vw, 306px\" \/><\/figure>\n<\/div>\n\n\n<p>Im Parlament waren zwei Flaggen zu sehen eine war die namibische Flagge und die andere war die der Afrikanischen Union, ein Staatenbund von mittlerweile 55 afrikanischen Staaten, vergleichbar mit der Europ\u00e4ischen Union.\u00a0<\/p>\n\n\n\n<p>Als die Erl\u00e4uterungen fertig waren, durften wir Fragen stellen. Jedes Mitglied, au\u00dfer der Sprecher, muss bei einem Wortbeitrag aufstehen und eine Art Ehrenbekundung voranstellen.&nbsp;<\/p>\n\n\n\n<p>Wir haben auch erfahren, dass es zus\u00e4tzlich ein Jugendparlament gibt. Hier tagen Kinder f\u00fcr die Belange und Rechte von Kindern. Diese Entscheidungen des Jungendparlamentes sind sogar politisch wirksam.&nbsp;<\/p>\n\n\n\n<p>Zusammen mit unseren Partnersch\u00fclerinnen und -sch\u00fclern sowie den Lehren haben wir sch\u00f6ne Fotos gemacht. Ich war sehr beeindruckt von diesem Hohen Haus!\u00a0<\/p>\n\n\n\n<figure class=\"wp-block-image size-full\"><img loading=\"lazy\" decoding=\"async\" width=\"585\" height=\"439\" src=\"https:\/\/tkg-duisburg.de\/wp-content\/uploads\/2024\/02\/image-20.png\" alt=\"\" class=\"wp-image-8182\" srcset=\"https:\/\/tkg-duisburg.de\/wp-content\/uploads\/2024\/02\/image-20.png 585w, https:\/\/tkg-duisburg.de\/wp-content\/uploads\/2024\/02\/image-20-300x225.png 300w\" sizes=\"auto, (max-width: 585px) 100vw, 585px\" \/><\/figure>\n\n\n\n<p>Nach dem Parlamentsbesuch wurden wir dann beim Hostel abgesetzt. Dort haben Frau Uzun, Herr Daniels und ich gemeinsam das Mittagessen gekocht und den Rest des Abends haben wir ausklingen lassen.&nbsp;<\/p>\n\n\n\n<p>Aufgrund der Komplexit\u00e4t des Themas, hat mir Herr Daniels bei der Recherche der politischen Fakten geholfen. Daf\u00fcr war ich ihm sehr dankbar.\u00a0<\/p>\n\n\n\n<figure class=\"wp-block-image size-full\"><img loading=\"lazy\" decoding=\"async\" width=\"703\" height=\"527\" src=\"https:\/\/tkg-duisburg.de\/wp-content\/uploads\/2024\/02\/image-21.png\" alt=\"\" class=\"wp-image-8183\" srcset=\"https:\/\/tkg-duisburg.de\/wp-content\/uploads\/2024\/02\/image-21.png 703w, https:\/\/tkg-duisburg.de\/wp-content\/uploads\/2024\/02\/image-21-300x225.png 300w\" sizes=\"auto, (max-width: 703px) 100vw, 703px\" \/><\/figure>\n\n\n\n<figure class=\"wp-block-image size-large\"><img loading=\"lazy\" decoding=\"async\" width=\"709\" height=\"1024\" src=\"https:\/\/tkg-duisburg.de\/wp-content\/uploads\/2024\/02\/Bildschirmfoto-2024-02-16-um-15.25.13-709x1024.png\" alt=\"\" class=\"wp-image-8184\" srcset=\"https:\/\/tkg-duisburg.de\/wp-content\/uploads\/2024\/02\/Bildschirmfoto-2024-02-16-um-15.25.13-709x1024.png 709w, https:\/\/tkg-duisburg.de\/wp-content\/uploads\/2024\/02\/Bildschirmfoto-2024-02-16-um-15.25.13-208x300.png 208w, https:\/\/tkg-duisburg.de\/wp-content\/uploads\/2024\/02\/Bildschirmfoto-2024-02-16-um-15.25.13-1064x1536.png 1064w, https:\/\/tkg-duisburg.de\/wp-content\/uploads\/2024\/02\/Bildschirmfoto-2024-02-16-um-15.25.13.png 1402w\" sizes=\"auto, (max-width: 709px) 100vw, 709px\" \/><\/figure>\n\n\n\n<p>Verfasst von Eslin Kaman, Q2-Sch\u00fclerin\u00a0<\/p>\n\n\n\n<p><em>Ver\u00f6ffentlichung genehmigt von C. Hiller-Kitzmann Abteilungsleitung  SII<\/em><\/p>\n","protected":false},"excerpt":{"rendered":"<p>\u00a0Der heutige Tag begann damit, dass wir gemeinsam gefr\u00fchst\u00fcckt haben und zur Schule gefahren sind. Wir hatten jedoch einen kurzen Schultag, da wir anschlie\u00dfend gemeinsam mit unseren Austauschsch\u00fclerinnen und -sch\u00fclern zum Parlament gefahren sind.<\/p>\n","protected":false},"author":5,"featured_media":0,"comment_status":"closed","ping_status":"open","sticky":false,"template":"","format":"standard","meta":{"footnotes":""},"categories":[31,72,9,50],"tags":[],"class_list":["post-8175","post","type-post","status-publish","format-standard","hentry","category-ausserschulisches-lernen","category-exkursion","category-exkursionen","category-namibia"],"yoast_head":"<!-- This site is optimized with the Yoast SEO plugin v22.6 - https:\/\/yoast.com\/wordpress\/plugins\/seo\/ -->\n<title>Das namibische Parlament \u2013 viele Gemeinsamkeiten mit Deutschland (Dienstag, den 30.01.2024)\u00a0 - Theodor K\u00f6nig Gesamtschule Duisburg<\/title>\n<meta name=\"robots\" content=\"index, follow, max-snippet:-1, max-image-preview:large, max-video-preview:-1\" \/>\n<link rel=\"canonical\" href=\"https:\/\/tkg-duisburg.de\/?p=8175\" \/>\n<meta property=\"og:locale\" content=\"de_DE\" \/>\n<meta property=\"og:type\" content=\"article\" \/>\n<meta property=\"og:title\" content=\"Das namibische Parlament \u2013 viele Gemeinsamkeiten mit Deutschland (Dienstag, den 30.01.2024)\u00a0 - Theodor K\u00f6nig Gesamtschule Duisburg\" \/>\n<meta property=\"og:description\" content=\"\u00a0Der heutige Tag begann damit, dass wir gemeinsam gefr\u00fchst\u00fcckt haben und zur Schule gefahren sind. Wir hatten jedoch einen kurzen Schultag, da wir anschlie\u00dfend gemeinsam mit unseren Austauschsch\u00fclerinnen und -sch\u00fclern zum Parlament gefahren sind.\" \/>\n<meta property=\"og:url\" content=\"https:\/\/tkg-duisburg.de\/?p=8175\" \/>\n<meta property=\"og:site_name\" content=\"Theodor K\u00f6nig Gesamtschule Duisburg\" \/>\n<meta property=\"article:published_time\" content=\"2024-02-16T14:25:32+00:00\" \/>\n<meta property=\"article:modified_time\" content=\"2024-02-16T14:25:33+00:00\" \/>\n<meta property=\"og:image\" content=\"https:\/\/tkg-duisburg.de\/wp-content\/uploads\/2024\/02\/image-14.png\" \/>\n<meta name=\"author\" content=\"Bj\u00f6rn Becker\" \/>\n<meta name=\"twitter:card\" content=\"summary_large_image\" \/>\n<meta name=\"twitter:label1\" content=\"Verfasst von\" \/>\n\t<meta name=\"twitter:data1\" content=\"Bj\u00f6rn Becker\" \/>\n\t<meta name=\"twitter:label2\" content=\"Gesch\u00e4tzte Lesezeit\" \/>\n\t<meta name=\"twitter:data2\" content=\"3\u00a0Minuten\" \/>\n<script type=\"application\/ld+json\" class=\"yoast-schema-graph\">{\"@context\":\"https:\/\/schema.org\",\"@graph\":[{\"@type\":\"WebPage\",\"@id\":\"https:\/\/tkg-duisburg.de\/?p=8175\",\"url\":\"https:\/\/tkg-duisburg.de\/?p=8175\",\"name\":\"Das namibische Parlament \u2013 viele Gemeinsamkeiten mit Deutschland (Dienstag, den 30.01.2024)\u00a0 - Theodor K\u00f6nig Gesamtschule Duisburg\",\"isPartOf\":{\"@id\":\"https:\/\/tkg-duisburg.de\/#website\"},\"primaryImageOfPage\":{\"@id\":\"https:\/\/tkg-duisburg.de\/?p=8175#primaryimage\"},\"image\":{\"@id\":\"https:\/\/tkg-duisburg.de\/?p=8175#primaryimage\"},\"thumbnailUrl\":\"https:\/\/tkg-duisburg.de\/wp-content\/uploads\/2024\/02\/image-14.png\",\"datePublished\":\"2024-02-16T14:25:32+00:00\",\"dateModified\":\"2024-02-16T14:25:33+00:00\",\"author\":{\"@id\":\"https:\/\/tkg-duisburg.de\/#\/schema\/person\/5a5b174492de297d4b57e9a3d89564ee\"},\"breadcrumb\":{\"@id\":\"https:\/\/tkg-duisburg.de\/?p=8175#breadcrumb\"},\"inLanguage\":\"de\",\"potentialAction\":[{\"@type\":\"ReadAction\",\"target\":[\"https:\/\/tkg-duisburg.de\/?p=8175\"]}]},{\"@type\":\"ImageObject\",\"inLanguage\":\"de\",\"@id\":\"https:\/\/tkg-duisburg.de\/?p=8175#primaryimage\",\"url\":\"https:\/\/tkg-duisburg.de\/wp-content\/uploads\/2024\/02\/image-14.png\",\"contentUrl\":\"https:\/\/tkg-duisburg.de\/wp-content\/uploads\/2024\/02\/image-14.png\",\"width\":304,\"height\":317},{\"@type\":\"BreadcrumbList\",\"@id\":\"https:\/\/tkg-duisburg.de\/?p=8175#breadcrumb\",\"itemListElement\":[{\"@type\":\"ListItem\",\"position\":1,\"name\":\"Startseite\",\"item\":\"https:\/\/tkg-duisburg.de\/\"},{\"@type\":\"ListItem\",\"position\":2,\"name\":\"Das namibische Parlament \u2013 viele Gemeinsamkeiten mit Deutschland (Dienstag, den 30.01.2024)\u00a0\"}]},{\"@type\":\"WebSite\",\"@id\":\"https:\/\/tkg-duisburg.de\/#website\",\"url\":\"https:\/\/tkg-duisburg.de\/\",\"name\":\"Theodor K\u00f6nig Gesamtschule Duisburg\",\"description\":\"\",\"potentialAction\":[{\"@type\":\"SearchAction\",\"target\":{\"@type\":\"EntryPoint\",\"urlTemplate\":\"https:\/\/tkg-duisburg.de\/?s={search_term_string}\"},\"query-input\":\"required name=search_term_string\"}],\"inLanguage\":\"de\"},{\"@type\":\"Person\",\"@id\":\"https:\/\/tkg-duisburg.de\/#\/schema\/person\/5a5b174492de297d4b57e9a3d89564ee\",\"name\":\"Bj\u00f6rn Becker\",\"image\":{\"@type\":\"ImageObject\",\"inLanguage\":\"de\",\"@id\":\"https:\/\/tkg-duisburg.de\/#\/schema\/person\/image\/\",\"url\":\"https:\/\/secure.gravatar.com\/avatar\/c7690b9f448fdd19e7a021d2d0201faa0dc70513a48fc7103388e3231c3056a4?s=96&d=mm&r=g\",\"contentUrl\":\"https:\/\/secure.gravatar.com\/avatar\/c7690b9f448fdd19e7a021d2d0201faa0dc70513a48fc7103388e3231c3056a4?s=96&d=mm&r=g\",\"caption\":\"Bj\u00f6rn Becker\"},\"url\":\"https:\/\/tkg-duisburg.de\/?author=5\"}]}<\/script>\n<!-- \/ Yoast SEO plugin. -->","yoast_head_json":{"title":"Das namibische Parlament \u2013 viele Gemeinsamkeiten mit Deutschland (Dienstag, den 30.01.2024)\u00a0 - Theodor K\u00f6nig Gesamtschule Duisburg","robots":{"index":"index","follow":"follow","max-snippet":"max-snippet:-1","max-image-preview":"max-image-preview:large","max-video-preview":"max-video-preview:-1"},"canonical":"https:\/\/tkg-duisburg.de\/?p=8175","og_locale":"de_DE","og_type":"article","og_title":"Das namibische Parlament \u2013 viele Gemeinsamkeiten mit Deutschland (Dienstag, den 30.01.2024)\u00a0 - Theodor K\u00f6nig Gesamtschule Duisburg","og_description":"\u00a0Der heutige Tag begann damit, dass wir gemeinsam gefr\u00fchst\u00fcckt haben und zur Schule gefahren sind. Wir hatten jedoch einen kurzen Schultag, da wir anschlie\u00dfend gemeinsam mit unseren Austauschsch\u00fclerinnen und -sch\u00fclern zum Parlament gefahren sind.","og_url":"https:\/\/tkg-duisburg.de\/?p=8175","og_site_name":"Theodor K\u00f6nig Gesamtschule Duisburg","article_published_time":"2024-02-16T14:25:32+00:00","article_modified_time":"2024-02-16T14:25:33+00:00","og_image":[{"url":"https:\/\/tkg-duisburg.de\/wp-content\/uploads\/2024\/02\/image-14.png"}],"author":"Bj\u00f6rn Becker","twitter_card":"summary_large_image","twitter_misc":{"Verfasst von":"Bj\u00f6rn Becker","Gesch\u00e4tzte Lesezeit":"3\u00a0Minuten"},"schema":{"@context":"https:\/\/schema.org","@graph":[{"@type":"WebPage","@id":"https:\/\/tkg-duisburg.de\/?p=8175","url":"https:\/\/tkg-duisburg.de\/?p=8175","name":"Das namibische Parlament \u2013 viele Gemeinsamkeiten mit Deutschland (Dienstag, den 30.01.2024)\u00a0 - Theodor K\u00f6nig Gesamtschule Duisburg","isPartOf":{"@id":"https:\/\/tkg-duisburg.de\/#website"},"primaryImageOfPage":{"@id":"https:\/\/tkg-duisburg.de\/?p=8175#primaryimage"},"image":{"@id":"https:\/\/tkg-duisburg.de\/?p=8175#primaryimage"},"thumbnailUrl":"https:\/\/tkg-duisburg.de\/wp-content\/uploads\/2024\/02\/image-14.png","datePublished":"2024-02-16T14:25:32+00:00","dateModified":"2024-02-16T14:25:33+00:00","author":{"@id":"https:\/\/tkg-duisburg.de\/#\/schema\/person\/5a5b174492de297d4b57e9a3d89564ee"},"breadcrumb":{"@id":"https:\/\/tkg-duisburg.de\/?p=8175#breadcrumb"},"inLanguage":"de","potentialAction":[{"@type":"ReadAction","target":["https:\/\/tkg-duisburg.de\/?p=8175"]}]},{"@type":"ImageObject","inLanguage":"de","@id":"https:\/\/tkg-duisburg.de\/?p=8175#primaryimage","url":"https:\/\/tkg-duisburg.de\/wp-content\/uploads\/2024\/02\/image-14.png","contentUrl":"https:\/\/tkg-duisburg.de\/wp-content\/uploads\/2024\/02\/image-14.png","width":304,"height":317},{"@type":"BreadcrumbList","@id":"https:\/\/tkg-duisburg.de\/?p=8175#breadcrumb","itemListElement":[{"@type":"ListItem","position":1,"name":"Startseite","item":"https:\/\/tkg-duisburg.de\/"},{"@type":"ListItem","position":2,"name":"Das namibische Parlament \u2013 viele Gemeinsamkeiten mit Deutschland (Dienstag, den 30.01.2024)\u00a0"}]},{"@type":"WebSite","@id":"https:\/\/tkg-duisburg.de\/#website","url":"https:\/\/tkg-duisburg.de\/","name":"Theodor K\u00f6nig Gesamtschule Duisburg","description":"","potentialAction":[{"@type":"SearchAction","target":{"@type":"EntryPoint","urlTemplate":"https:\/\/tkg-duisburg.de\/?s={search_term_string}"},"query-input":"required name=search_term_string"}],"inLanguage":"de"},{"@type":"Person","@id":"https:\/\/tkg-duisburg.de\/#\/schema\/person\/5a5b174492de297d4b57e9a3d89564ee","name":"Bj\u00f6rn Becker","image":{"@type":"ImageObject","inLanguage":"de","@id":"https:\/\/tkg-duisburg.de\/#\/schema\/person\/image\/","url":"https:\/\/secure.gravatar.com\/avatar\/c7690b9f448fdd19e7a021d2d0201faa0dc70513a48fc7103388e3231c3056a4?s=96&d=mm&r=g","contentUrl":"https:\/\/secure.gravatar.com\/avatar\/c7690b9f448fdd19e7a021d2d0201faa0dc70513a48fc7103388e3231c3056a4?s=96&d=mm&r=g","caption":"Bj\u00f6rn Becker"},"url":"https:\/\/tkg-duisburg.de\/?author=5"}]}},"_links":{"self":[{"href":"https:\/\/tkg-duisburg.de\/index.php?rest_route=\/wp\/v2\/posts\/8175","targetHints":{"allow":["GET"]}}],"collection":[{"href":"https:\/\/tkg-duisburg.de\/index.php?rest_route=\/wp\/v2\/posts"}],"about":[{"href":"https:\/\/tkg-duisburg.de\/index.php?rest_route=\/wp\/v2\/types\/post"}],"author":[{"embeddable":true,"href":"https:\/\/tkg-duisburg.de\/index.php?rest_route=\/wp\/v2\/users\/5"}],"replies":[{"embeddable":true,"href":"https:\/\/tkg-duisburg.de\/index.php?rest_route=%2Fwp%2Fv2%2Fcomments&post=8175"}],"version-history":[{"count":1,"href":"https:\/\/tkg-duisburg.de\/index.php?rest_route=\/wp\/v2\/posts\/8175\/revisions"}],"predecessor-version":[{"id":8185,"href":"https:\/\/tkg-duisburg.de\/index.php?rest_route=\/wp\/v2\/posts\/8175\/revisions\/8185"}],"wp:attachment":[{"href":"https:\/\/tkg-duisburg.de\/index.php?rest_route=%2Fwp%2Fv2%2Fmedia&parent=8175"}],"wp:term":[{"taxonomy":"category","embeddable":true,"href":"https:\/\/tkg-duisburg.de\/index.php?rest_route=%2Fwp%2Fv2%2Fcategories&post=8175"},{"taxonomy":"post_tag","embeddable":true,"href":"https:\/\/tkg-duisburg.de\/index.php?rest_route=%2Fwp%2Fv2%2Ftags&post=8175"}],"curies":[{"name":"wp","href":"https:\/\/api.w.org\/{rel}","templated":true}]}}