{"id":8202,"date":"2024-03-01T12:49:12","date_gmt":"2024-03-01T10:49:12","guid":{"rendered":"https:\/\/tkg-duisburg.de\/?p=8202"},"modified":"2024-03-04T08:41:50","modified_gmt":"2024-03-04T06:41:50","slug":"%ef%bf%bc-meet-mercator-tour-2023","status":"publish","type":"post","link":"https:\/\/tkg-duisburg.de\/?p=8202","title":{"rendered":"\ufffc \u00a0Meet-Mercator Tour 2023\u00a0"},"content":{"rendered":"\n<p>&nbsp;Hallo zusammen,&nbsp;<\/p>\n\n\n\n<p>bestimmt erinnern sich noch einige von euch an mich und f\u00fcr die, die mich noch nicht kennen, <\/p>\n\n\n<div class=\"wp-block-image\">\n<figure class=\"alignright size-full is-resized\"><img loading=\"lazy\" decoding=\"async\" src=\"https:\/\/tkg-duisburg.de\/wp-content\/uploads\/2024\/03\/image.png\" alt=\"\" class=\"wp-image-8203\" width=\"364\" height=\"273\" srcset=\"https:\/\/tkg-duisburg.de\/wp-content\/uploads\/2024\/03\/image.png 779w, https:\/\/tkg-duisburg.de\/wp-content\/uploads\/2024\/03\/image-300x225.png 300w\" sizes=\"auto, (max-width: 364px) 100vw, 364px\" \/><\/figure>\n<\/div>\n\n\n<p>mein Name ist Asli und bis vor kurzem war ich genau wie ihr Sch\u00fclerin der TKG und bin jetzt eure ehemalige Sch\u00fclersprecherin.&nbsp;<\/p>\n\n\n\n<p>Nach dem Abi ging es f\u00fcr mich auf zu einem wundersch\u00f6nen Abenteuer, wovon ich euch berichten m\u00f6chte. Und zwar habe ich an der Meet-Mercator Tour 2023 teilgenommen. Viele fragen sich jetzt bestimmt, was das \u00fcberhaupt ist und genau diese Frage will ich euch mit meinen pers\u00f6nlichen Erfahrungen beantworten.\u00a0<\/p>\n\n\n\n<!--more-->\n\n\n\n<p>&nbsp;Vorab, die Meet!-Tour ist eine Bildungsreise, die von der Stiftung Mercator unterst\u00fctzt wird und bietet allen Jugendlichen ab 18 Jahren, die aus dem Ruhrgebiet kommen und vielleicht nicht \u00fcber die finanziellen Mittel verf\u00fcgen, um Europa f\u00fcr sich zu entdecken, die M\u00f6glichkeit Europa zu bereisen und kennen zulernen. Hierbei geht es um die europ\u00e4ische Politik und was f\u00fcr eine Rolle wir als Jugendliche hier spielen. Jedes Jahr f\u00e4ngt die Meet!-Tour mit einer einw\u00f6chigen Reise in ein anderes Land in Europa an, sp\u00e4ter hospitiert man in einem Unternehmen, das zu den eigenen Interessen passt und das Sch\u00f6nste daran ist, dass es in irgendeinem Land sein kann. Ganz zum Schluss hat man eine Abschlussreise nach Berlin, bei der man die Stiftung Mercator besser kennenlernt. Und das alles ist Kostenlos!&nbsp;<\/p>\n\n\n\n<figure class=\"wp-block-image size-full\"><img loading=\"lazy\" decoding=\"async\" width=\"1024\" height=\"768\" src=\"https:\/\/tkg-duisburg.de\/wp-content\/uploads\/2024\/03\/image-1.png\" alt=\"\" class=\"wp-image-8204\" srcset=\"https:\/\/tkg-duisburg.de\/wp-content\/uploads\/2024\/03\/image-1.png 1024w, https:\/\/tkg-duisburg.de\/wp-content\/uploads\/2024\/03\/image-1-300x225.png 300w\" sizes=\"auto, (max-width: 1024px) 100vw, 1024px\" \/><\/figure>\n\n\n\n<p>\u00a0Ich pers\u00f6nlich habe sehr von der Meet!-Tour profitiert. Ich hatte das Privileg direkt nach meinem Abitur zu reisen und habe viele interessante und starke Pers\u00f6nlichkeiten kennengelernt (Professoren, Botschafter und viele mehr ). Dazu gab es immer leckeres Essen in den besten Restaurants. Aber das Allersch\u00f6nste, was ich mitgenommen habe, sind die Menschen und Erinnerungen. Ich habe tolle Freundschaften gekn\u00fcpft und unvergessliche Sachen erlebt, die ich f\u00fcr immer behalten werde! Und deswegen solltest du dich auch f\u00fcr die n\u00e4chste Meet!-tour bewerben.\u00a0<\/p>\n\n\n\n<p><strong>Asli Gedikli (Abitur 2023)&nbsp;<\/strong><\/p>\n","protected":false},"excerpt":{"rendered":"<p>&nbsp;Hallo zusammen,&nbsp; bestimmt erinnern sich noch einige von euch an mich und f\u00fcr die, die mich noch nicht kennen, mein Name ist Asli und bis vor kurzem war ich genau wie ihr Sch\u00fclerin der TKG und bin jetzt eure ehemalige Sch\u00fclersprecherin.&nbsp; Nach dem Abi ging es f\u00fcr mich auf zu einem wundersch\u00f6nen Abenteuer, wovon ich &hellip; <a href=\"https:\/\/tkg-duisburg.de\/?p=8202\" class=\"more-link\"><span class=\"screen-reader-text\">\ufffc \u00a0Meet-Mercator Tour 2023\u00a0<\/span> weiterlesen <span class=\"meta-nav\">&rarr;<\/span><\/a><\/p>\n","protected":false},"author":5,"featured_media":0,"comment_status":"closed","ping_status":"open","sticky":false,"template":"","format":"standard","meta":{"footnotes":""},"categories":[31,48,88,77,79],"tags":[],"class_list":["post-8202","post","type-post","status-publish","format-standard","hentry","category-ausserschulisches-lernen","category-berufsvorbereitung","category-ehemalige","category-schuelerinnen","category-studienorientierung"],"yoast_head":"<!-- This site is optimized with the Yoast SEO plugin v22.6 - https:\/\/yoast.com\/wordpress\/plugins\/seo\/ -->\n<title>\ufffc \u00a0Meet-Mercator Tour 2023\u00a0 - Theodor K\u00f6nig Gesamtschule Duisburg<\/title>\n<meta name=\"robots\" content=\"index, follow, max-snippet:-1, max-image-preview:large, max-video-preview:-1\" \/>\n<link rel=\"canonical\" href=\"https:\/\/tkg-duisburg.de\/?p=8202\" \/>\n<meta property=\"og:locale\" content=\"de_DE\" \/>\n<meta property=\"og:type\" content=\"article\" \/>\n<meta property=\"og:title\" content=\"\ufffc \u00a0Meet-Mercator Tour 2023\u00a0 - Theodor K\u00f6nig Gesamtschule Duisburg\" \/>\n<meta property=\"og:description\" content=\"&nbsp;Hallo zusammen,&nbsp; bestimmt erinnern sich noch einige von euch an mich und f\u00fcr die, die mich noch nicht kennen, mein Name ist Asli und bis vor kurzem war ich genau wie ihr Sch\u00fclerin der TKG und bin jetzt eure ehemalige Sch\u00fclersprecherin.&nbsp; Nach dem Abi ging es f\u00fcr mich auf zu einem wundersch\u00f6nen Abenteuer, wovon ich &hellip; \ufffc \u00a0Meet-Mercator Tour 2023\u00a0 weiterlesen &rarr;\" \/>\n<meta property=\"og:url\" content=\"https:\/\/tkg-duisburg.de\/?p=8202\" \/>\n<meta property=\"og:site_name\" content=\"Theodor K\u00f6nig Gesamtschule Duisburg\" \/>\n<meta property=\"article:published_time\" content=\"2024-03-01T10:49:12+00:00\" \/>\n<meta property=\"article:modified_time\" content=\"2024-03-04T06:41:50+00:00\" \/>\n<meta property=\"og:image\" content=\"https:\/\/tkg-duisburg.de\/wp-content\/uploads\/2024\/03\/image.png\" \/>\n<meta name=\"author\" content=\"Bj\u00f6rn Becker\" \/>\n<meta name=\"twitter:card\" content=\"summary_large_image\" \/>\n<meta name=\"twitter:label1\" content=\"Verfasst von\" \/>\n\t<meta name=\"twitter:data1\" content=\"Bj\u00f6rn Becker\" \/>\n\t<meta name=\"twitter:label2\" content=\"Gesch\u00e4tzte Lesezeit\" \/>\n\t<meta name=\"twitter:data2\" content=\"2\u00a0Minuten\" \/>\n<script type=\"application\/ld+json\" class=\"yoast-schema-graph\">{\"@context\":\"https:\/\/schema.org\",\"@graph\":[{\"@type\":\"WebPage\",\"@id\":\"https:\/\/tkg-duisburg.de\/?p=8202\",\"url\":\"https:\/\/tkg-duisburg.de\/?p=8202\",\"name\":\"\ufffc \u00a0Meet-Mercator Tour 2023\u00a0 - Theodor K\u00f6nig Gesamtschule Duisburg\",\"isPartOf\":{\"@id\":\"https:\/\/tkg-duisburg.de\/#website\"},\"primaryImageOfPage\":{\"@id\":\"https:\/\/tkg-duisburg.de\/?p=8202#primaryimage\"},\"image\":{\"@id\":\"https:\/\/tkg-duisburg.de\/?p=8202#primaryimage\"},\"thumbnailUrl\":\"https:\/\/tkg-duisburg.de\/wp-content\/uploads\/2024\/03\/image.png\",\"datePublished\":\"2024-03-01T10:49:12+00:00\",\"dateModified\":\"2024-03-04T06:41:50+00:00\",\"author\":{\"@id\":\"https:\/\/tkg-duisburg.de\/#\/schema\/person\/5a5b174492de297d4b57e9a3d89564ee\"},\"breadcrumb\":{\"@id\":\"https:\/\/tkg-duisburg.de\/?p=8202#breadcrumb\"},\"inLanguage\":\"de\",\"potentialAction\":[{\"@type\":\"ReadAction\",\"target\":[\"https:\/\/tkg-duisburg.de\/?p=8202\"]}]},{\"@type\":\"ImageObject\",\"inLanguage\":\"de\",\"@id\":\"https:\/\/tkg-duisburg.de\/?p=8202#primaryimage\",\"url\":\"https:\/\/tkg-duisburg.de\/wp-content\/uploads\/2024\/03\/image.png\",\"contentUrl\":\"https:\/\/tkg-duisburg.de\/wp-content\/uploads\/2024\/03\/image.png\",\"width\":779,\"height\":585},{\"@type\":\"BreadcrumbList\",\"@id\":\"https:\/\/tkg-duisburg.de\/?p=8202#breadcrumb\",\"itemListElement\":[{\"@type\":\"ListItem\",\"position\":1,\"name\":\"Startseite\",\"item\":\"https:\/\/tkg-duisburg.de\/\"},{\"@type\":\"ListItem\",\"position\":2,\"name\":\"\ufffc \u00a0Meet-Mercator Tour 2023\u00a0\"}]},{\"@type\":\"WebSite\",\"@id\":\"https:\/\/tkg-duisburg.de\/#website\",\"url\":\"https:\/\/tkg-duisburg.de\/\",\"name\":\"Theodor K\u00f6nig Gesamtschule Duisburg\",\"description\":\"\",\"potentialAction\":[{\"@type\":\"SearchAction\",\"target\":{\"@type\":\"EntryPoint\",\"urlTemplate\":\"https:\/\/tkg-duisburg.de\/?s={search_term_string}\"},\"query-input\":\"required name=search_term_string\"}],\"inLanguage\":\"de\"},{\"@type\":\"Person\",\"@id\":\"https:\/\/tkg-duisburg.de\/#\/schema\/person\/5a5b174492de297d4b57e9a3d89564ee\",\"name\":\"Bj\u00f6rn Becker\",\"image\":{\"@type\":\"ImageObject\",\"inLanguage\":\"de\",\"@id\":\"https:\/\/tkg-duisburg.de\/#\/schema\/person\/image\/\",\"url\":\"https:\/\/secure.gravatar.com\/avatar\/c7690b9f448fdd19e7a021d2d0201faa0dc70513a48fc7103388e3231c3056a4?s=96&d=mm&r=g\",\"contentUrl\":\"https:\/\/secure.gravatar.com\/avatar\/c7690b9f448fdd19e7a021d2d0201faa0dc70513a48fc7103388e3231c3056a4?s=96&d=mm&r=g\",\"caption\":\"Bj\u00f6rn Becker\"},\"url\":\"https:\/\/tkg-duisburg.de\/?author=5\"}]}<\/script>\n<!-- \/ Yoast SEO plugin. -->","yoast_head_json":{"title":"\ufffc \u00a0Meet-Mercator Tour 2023\u00a0 - Theodor K\u00f6nig Gesamtschule Duisburg","robots":{"index":"index","follow":"follow","max-snippet":"max-snippet:-1","max-image-preview":"max-image-preview:large","max-video-preview":"max-video-preview:-1"},"canonical":"https:\/\/tkg-duisburg.de\/?p=8202","og_locale":"de_DE","og_type":"article","og_title":"\ufffc \u00a0Meet-Mercator Tour 2023\u00a0 - Theodor K\u00f6nig Gesamtschule Duisburg","og_description":"&nbsp;Hallo zusammen,&nbsp; bestimmt erinnern sich noch einige von euch an mich und f\u00fcr die, die mich noch nicht kennen, mein Name ist Asli und bis vor kurzem war ich genau wie ihr Sch\u00fclerin der TKG und bin jetzt eure ehemalige Sch\u00fclersprecherin.&nbsp; Nach dem Abi ging es f\u00fcr mich auf zu einem wundersch\u00f6nen Abenteuer, wovon ich &hellip; \ufffc \u00a0Meet-Mercator Tour 2023\u00a0 weiterlesen &rarr;","og_url":"https:\/\/tkg-duisburg.de\/?p=8202","og_site_name":"Theodor K\u00f6nig Gesamtschule Duisburg","article_published_time":"2024-03-01T10:49:12+00:00","article_modified_time":"2024-03-04T06:41:50+00:00","og_image":[{"url":"https:\/\/tkg-duisburg.de\/wp-content\/uploads\/2024\/03\/image.png"}],"author":"Bj\u00f6rn Becker","twitter_card":"summary_large_image","twitter_misc":{"Verfasst von":"Bj\u00f6rn Becker","Gesch\u00e4tzte Lesezeit":"2\u00a0Minuten"},"schema":{"@context":"https:\/\/schema.org","@graph":[{"@type":"WebPage","@id":"https:\/\/tkg-duisburg.de\/?p=8202","url":"https:\/\/tkg-duisburg.de\/?p=8202","name":"\ufffc \u00a0Meet-Mercator Tour 2023\u00a0 - Theodor K\u00f6nig Gesamtschule Duisburg","isPartOf":{"@id":"https:\/\/tkg-duisburg.de\/#website"},"primaryImageOfPage":{"@id":"https:\/\/tkg-duisburg.de\/?p=8202#primaryimage"},"image":{"@id":"https:\/\/tkg-duisburg.de\/?p=8202#primaryimage"},"thumbnailUrl":"https:\/\/tkg-duisburg.de\/wp-content\/uploads\/2024\/03\/image.png","datePublished":"2024-03-01T10:49:12+00:00","dateModified":"2024-03-04T06:41:50+00:00","author":{"@id":"https:\/\/tkg-duisburg.de\/#\/schema\/person\/5a5b174492de297d4b57e9a3d89564ee"},"breadcrumb":{"@id":"https:\/\/tkg-duisburg.de\/?p=8202#breadcrumb"},"inLanguage":"de","potentialAction":[{"@type":"ReadAction","target":["https:\/\/tkg-duisburg.de\/?p=8202"]}]},{"@type":"ImageObject","inLanguage":"de","@id":"https:\/\/tkg-duisburg.de\/?p=8202#primaryimage","url":"https:\/\/tkg-duisburg.de\/wp-content\/uploads\/2024\/03\/image.png","contentUrl":"https:\/\/tkg-duisburg.de\/wp-content\/uploads\/2024\/03\/image.png","width":779,"height":585},{"@type":"BreadcrumbList","@id":"https:\/\/tkg-duisburg.de\/?p=8202#breadcrumb","itemListElement":[{"@type":"ListItem","position":1,"name":"Startseite","item":"https:\/\/tkg-duisburg.de\/"},{"@type":"ListItem","position":2,"name":"\ufffc \u00a0Meet-Mercator Tour 2023\u00a0"}]},{"@type":"WebSite","@id":"https:\/\/tkg-duisburg.de\/#website","url":"https:\/\/tkg-duisburg.de\/","name":"Theodor K\u00f6nig Gesamtschule Duisburg","description":"","potentialAction":[{"@type":"SearchAction","target":{"@type":"EntryPoint","urlTemplate":"https:\/\/tkg-duisburg.de\/?s={search_term_string}"},"query-input":"required name=search_term_string"}],"inLanguage":"de"},{"@type":"Person","@id":"https:\/\/tkg-duisburg.de\/#\/schema\/person\/5a5b174492de297d4b57e9a3d89564ee","name":"Bj\u00f6rn Becker","image":{"@type":"ImageObject","inLanguage":"de","@id":"https:\/\/tkg-duisburg.de\/#\/schema\/person\/image\/","url":"https:\/\/secure.gravatar.com\/avatar\/c7690b9f448fdd19e7a021d2d0201faa0dc70513a48fc7103388e3231c3056a4?s=96&d=mm&r=g","contentUrl":"https:\/\/secure.gravatar.com\/avatar\/c7690b9f448fdd19e7a021d2d0201faa0dc70513a48fc7103388e3231c3056a4?s=96&d=mm&r=g","caption":"Bj\u00f6rn Becker"},"url":"https:\/\/tkg-duisburg.de\/?author=5"}]}},"_links":{"self":[{"href":"https:\/\/tkg-duisburg.de\/index.php?rest_route=\/wp\/v2\/posts\/8202","targetHints":{"allow":["GET"]}}],"collection":[{"href":"https:\/\/tkg-duisburg.de\/index.php?rest_route=\/wp\/v2\/posts"}],"about":[{"href":"https:\/\/tkg-duisburg.de\/index.php?rest_route=\/wp\/v2\/types\/post"}],"author":[{"embeddable":true,"href":"https:\/\/tkg-duisburg.de\/index.php?rest_route=\/wp\/v2\/users\/5"}],"replies":[{"embeddable":true,"href":"https:\/\/tkg-duisburg.de\/index.php?rest_route=%2Fwp%2Fv2%2Fcomments&post=8202"}],"version-history":[{"count":2,"href":"https:\/\/tkg-duisburg.de\/index.php?rest_route=\/wp\/v2\/posts\/8202\/revisions"}],"predecessor-version":[{"id":8207,"href":"https:\/\/tkg-duisburg.de\/index.php?rest_route=\/wp\/v2\/posts\/8202\/revisions\/8207"}],"wp:attachment":[{"href":"https:\/\/tkg-duisburg.de\/index.php?rest_route=%2Fwp%2Fv2%2Fmedia&parent=8202"}],"wp:term":[{"taxonomy":"category","embeddable":true,"href":"https:\/\/tkg-duisburg.de\/index.php?rest_route=%2Fwp%2Fv2%2Fcategories&post=8202"},{"taxonomy":"post_tag","embeddable":true,"href":"https:\/\/tkg-duisburg.de\/index.php?rest_route=%2Fwp%2Fv2%2Ftags&post=8202"}],"curies":[{"name":"wp","href":"https:\/\/api.w.org\/{rel}","templated":true}]}}