{"id":8213,"date":"2024-03-14T06:55:30","date_gmt":"2024-03-14T04:55:30","guid":{"rendered":"https:\/\/tkg-duisburg.de\/?p=8213"},"modified":"2024-03-14T06:55:31","modified_gmt":"2024-03-14T04:55:31","slug":"die-bretter-die-die-welt-bedeuten","status":"publish","type":"post","link":"https:\/\/tkg-duisburg.de\/?p=8213","title":{"rendered":"Die Bretter, die die Welt bedeuten"},"content":{"rendered":"\n<h2 class=\"wp-block-heading\"><strong>Theodor-K\u00f6nig Gesamtschule und Komma Theater gehen Partnerschaft ein\u00a0<\/strong><\/h2>\n\n\n\n<p>Eine aufregende neue Partnerschaft zwischen der Theodor-K\u00f6nig-Gesamtschule und dem angesehenen Kom\u00b4ma Theater verspricht eine horizonterweiternde Erfahrung f\u00fcr die Sch\u00fclerinnen und Sch\u00fcler. Unter der Leitung von Herrn Bender (Lehrkraft an der Theodor-K\u00f6nig-Gesamtschule) und Herrn Linke vom Theater wird die zuk\u00fcnftige Zusammenarbeit das kulturelle Bewusstsein der Sch\u00fclerinnen und Sch\u00fcler vertiefen und ihnen gleichzeitig eine einzigartige M\u00f6glichkeit bieten, ihre k\u00fcnstlerischen Talente beim Theaterspielen zu entfalten. <\/p>\n\n\n<div class=\"wp-block-image\">\n<figure class=\"aligncenter size-large\"><img loading=\"lazy\" decoding=\"async\" width=\"1024\" height=\"768\" src=\"https:\/\/tkg-duisburg.de\/wp-content\/uploads\/2024\/03\/image-3-1024x768.png\" alt=\"\" class=\"wp-image-8214\" srcset=\"https:\/\/tkg-duisburg.de\/wp-content\/uploads\/2024\/03\/image-3-1024x768.png 1024w, https:\/\/tkg-duisburg.de\/wp-content\/uploads\/2024\/03\/image-3-300x225.png 300w, https:\/\/tkg-duisburg.de\/wp-content\/uploads\/2024\/03\/image-3-1536x1152.png 1536w, https:\/\/tkg-duisburg.de\/wp-content\/uploads\/2024\/03\/image-3-2048x1536.png 2048w\" sizes=\"auto, (max-width: 1024px) 100vw, 1024px\" \/><\/figure>\n<\/div>\n\n\n<!--more-->\n\n\n\n<p>Der Schwerpunkt dieser Partnerschaft liegt auf der kulturellen Bildung der Jugendlichen durch au\u00dferschulisches Engagement. Sie erhalten die Gelegenheit, nicht nur als Zuschauer, sondern auch als aktive Teilnehmende an Theaterproduktionen teilzunehmen. Durch die direkte Zusammenarbeit mit erfahrenen Theaterprofis werden die Sch\u00fclerinnen und Sch\u00fcler ermutigt, ihre kreativen Grenzen zu erkunden und ihre eigene k\u00fcnstlerische Stimme zu finden. <\/p>\n\n\n\n<p>Die Partnerschaft erm\u00f6glicht den Sch\u00fclerinnen und Sch\u00fclern, \u00fcber den traditionellen Unterricht hinaus, zu lernen und praktische Erfahrungen im Theaterbereich zu sammeln. Durch die Teilnahme an Premierenklassen, Fortbildungen und Workshops erhalten sie Einblicke in verschiedene Aspekte der Theaterwelt und k\u00f6nnen z.B. ihre Fertigkeiten in den Bereichen Schauspiel, Regie, B\u00fchnenbild entwickeln. Gleichzeitig bieten Begegnungen an au\u00dferschulischen Lernorten zahlreiche Gespr\u00e4chsanl\u00e4sse, um \u00fcber Themen wie Identit\u00e4t, Freiheit und das Erwachsenwerden zu sprechen. <\/p>\n\n\n\n<p>Diese Zusammenarbeit er\u00f6ffnet den Jugendlichen nicht nur neue Horizonte, sondern zeigt auch das enorme Potenzial auf, das sich beim Theaterspielen entfalten kann. Es st\u00e4rkt ihr Selbstbewusstsein, f\u00f6rdert ihre kreativen F\u00e4higkeiten und bereitet sie auf eine Vielzahl von beruflichen und pers\u00f6nlichen Herausforderungen vor. <\/p>\n\n\n\n<p>Der Kooperationsvertrag zwischen der Theodor-K\u00f6nig-Gesamtschule und dem Kom\u00b4ma Theater wurde am heutigen Tag gemeinsam von Herrn Linke und der Schulleiterin Frau Hoppen unterzeichnet. Die Theodor-K\u00f6nig-Gesamtschule und das Kom\u00b4ma Theater sind gleicherma\u00dfen begeistert von dieser Partnerschaft und freuen sich darauf, die kulturelle Bildung der Sch\u00fclerinnen und Sch\u00fcler gemeinsam zu f\u00f6rdern. Die Beteiligten k\u00f6nnen sich auf eine spannende Reise voller kreativer Entdeckungen und pers\u00f6nlicher Entwicklung freuen, w\u00e4hrend sie die faszinierende Welt des Theaters erkunden. <\/p>\n\n\n\n<p>Frederick Bender\u00a0<\/p>\n","protected":false},"excerpt":{"rendered":"<p>Theodor-K\u00f6nig Gesamtschule und Komma Theater gehen Partnerschaft ein\u00a0 Eine aufregende neue Partnerschaft zwischen der Theodor-K\u00f6nig-Gesamtschule und dem angesehenen Kom\u00b4ma Theater verspricht eine horizonterweiternde Erfahrung f\u00fcr die Sch\u00fclerinnen und Sch\u00fcler. Unter der Leitung von Herrn Bender (Lehrkraft an der Theodor-K\u00f6nig-Gesamtschule) und Herrn Linke vom Theater wird die zuk\u00fcnftige Zusammenarbeit das kulturelle Bewusstsein der Sch\u00fclerinnen und Sch\u00fcler &hellip; <a href=\"https:\/\/tkg-duisburg.de\/?p=8213\" class=\"more-link\"><span class=\"screen-reader-text\">Die Bretter, die die Welt bedeuten<\/span> weiterlesen <span class=\"meta-nav\">&rarr;<\/span><\/a><\/p>\n","protected":false},"author":5,"featured_media":0,"comment_status":"closed","ping_status":"open","sticky":false,"template":"","format":"standard","meta":{"footnotes":""},"categories":[31,71,84,37,55],"tags":[],"class_list":["post-8213","post","type-post","status-publish","format-standard","hentry","category-ausserschulisches-lernen","category-darstellen-und-gestalten","category-deutsch","category-externe-kooperation","category-kunst"],"yoast_head":"<!-- This site is optimized with the Yoast SEO plugin v22.6 - https:\/\/yoast.com\/wordpress\/plugins\/seo\/ -->\n<title>Die Bretter, die die Welt bedeuten - Theodor K\u00f6nig Gesamtschule Duisburg<\/title>\n<meta name=\"robots\" content=\"index, follow, max-snippet:-1, max-image-preview:large, max-video-preview:-1\" \/>\n<link rel=\"canonical\" href=\"https:\/\/tkg-duisburg.de\/?p=8213\" \/>\n<meta property=\"og:locale\" content=\"de_DE\" \/>\n<meta property=\"og:type\" content=\"article\" \/>\n<meta property=\"og:title\" content=\"Die Bretter, die die Welt bedeuten - Theodor K\u00f6nig Gesamtschule Duisburg\" \/>\n<meta property=\"og:description\" content=\"Theodor-K\u00f6nig Gesamtschule und Komma Theater gehen Partnerschaft ein\u00a0 Eine aufregende neue Partnerschaft zwischen der Theodor-K\u00f6nig-Gesamtschule und dem angesehenen Kom\u00b4ma Theater verspricht eine horizonterweiternde Erfahrung f\u00fcr die Sch\u00fclerinnen und Sch\u00fcler. Unter der Leitung von Herrn Bender (Lehrkraft an der Theodor-K\u00f6nig-Gesamtschule) und Herrn Linke vom Theater wird die zuk\u00fcnftige Zusammenarbeit das kulturelle Bewusstsein der Sch\u00fclerinnen und Sch\u00fcler &hellip; Die Bretter, die die Welt bedeuten weiterlesen &rarr;\" \/>\n<meta property=\"og:url\" content=\"https:\/\/tkg-duisburg.de\/?p=8213\" \/>\n<meta property=\"og:site_name\" content=\"Theodor K\u00f6nig Gesamtschule Duisburg\" \/>\n<meta property=\"article:published_time\" content=\"2024-03-14T04:55:30+00:00\" \/>\n<meta property=\"article:modified_time\" content=\"2024-03-14T04:55:31+00:00\" \/>\n<meta property=\"og:image\" content=\"https:\/\/tkg-duisburg.de\/wp-content\/uploads\/2024\/03\/image-3-1024x768.png\" \/>\n<meta name=\"author\" content=\"Bj\u00f6rn Becker\" \/>\n<meta name=\"twitter:card\" content=\"summary_large_image\" \/>\n<meta name=\"twitter:label1\" content=\"Verfasst von\" \/>\n\t<meta name=\"twitter:data1\" content=\"Bj\u00f6rn Becker\" \/>\n\t<meta name=\"twitter:label2\" content=\"Gesch\u00e4tzte Lesezeit\" \/>\n\t<meta name=\"twitter:data2\" content=\"2\u00a0Minuten\" \/>\n<script type=\"application\/ld+json\" class=\"yoast-schema-graph\">{\"@context\":\"https:\/\/schema.org\",\"@graph\":[{\"@type\":\"WebPage\",\"@id\":\"https:\/\/tkg-duisburg.de\/?p=8213\",\"url\":\"https:\/\/tkg-duisburg.de\/?p=8213\",\"name\":\"Die Bretter, die die Welt bedeuten - Theodor K\u00f6nig Gesamtschule Duisburg\",\"isPartOf\":{\"@id\":\"https:\/\/tkg-duisburg.de\/#website\"},\"primaryImageOfPage\":{\"@id\":\"https:\/\/tkg-duisburg.de\/?p=8213#primaryimage\"},\"image\":{\"@id\":\"https:\/\/tkg-duisburg.de\/?p=8213#primaryimage\"},\"thumbnailUrl\":\"https:\/\/tkg-duisburg.de\/wp-content\/uploads\/2024\/03\/image-3-1024x768.png\",\"datePublished\":\"2024-03-14T04:55:30+00:00\",\"dateModified\":\"2024-03-14T04:55:31+00:00\",\"author\":{\"@id\":\"https:\/\/tkg-duisburg.de\/#\/schema\/person\/5a5b174492de297d4b57e9a3d89564ee\"},\"breadcrumb\":{\"@id\":\"https:\/\/tkg-duisburg.de\/?p=8213#breadcrumb\"},\"inLanguage\":\"de\",\"potentialAction\":[{\"@type\":\"ReadAction\",\"target\":[\"https:\/\/tkg-duisburg.de\/?p=8213\"]}]},{\"@type\":\"ImageObject\",\"inLanguage\":\"de\",\"@id\":\"https:\/\/tkg-duisburg.de\/?p=8213#primaryimage\",\"url\":\"https:\/\/tkg-duisburg.de\/wp-content\/uploads\/2024\/03\/image-3.png\",\"contentUrl\":\"https:\/\/tkg-duisburg.de\/wp-content\/uploads\/2024\/03\/image-3.png\",\"width\":4032,\"height\":3024},{\"@type\":\"BreadcrumbList\",\"@id\":\"https:\/\/tkg-duisburg.de\/?p=8213#breadcrumb\",\"itemListElement\":[{\"@type\":\"ListItem\",\"position\":1,\"name\":\"Startseite\",\"item\":\"https:\/\/tkg-duisburg.de\/\"},{\"@type\":\"ListItem\",\"position\":2,\"name\":\"Die Bretter, die die Welt bedeuten\"}]},{\"@type\":\"WebSite\",\"@id\":\"https:\/\/tkg-duisburg.de\/#website\",\"url\":\"https:\/\/tkg-duisburg.de\/\",\"name\":\"Theodor K\u00f6nig Gesamtschule Duisburg\",\"description\":\"\",\"potentialAction\":[{\"@type\":\"SearchAction\",\"target\":{\"@type\":\"EntryPoint\",\"urlTemplate\":\"https:\/\/tkg-duisburg.de\/?s={search_term_string}\"},\"query-input\":\"required name=search_term_string\"}],\"inLanguage\":\"de\"},{\"@type\":\"Person\",\"@id\":\"https:\/\/tkg-duisburg.de\/#\/schema\/person\/5a5b174492de297d4b57e9a3d89564ee\",\"name\":\"Bj\u00f6rn Becker\",\"image\":{\"@type\":\"ImageObject\",\"inLanguage\":\"de\",\"@id\":\"https:\/\/tkg-duisburg.de\/#\/schema\/person\/image\/\",\"url\":\"https:\/\/secure.gravatar.com\/avatar\/c7690b9f448fdd19e7a021d2d0201faa0dc70513a48fc7103388e3231c3056a4?s=96&d=mm&r=g\",\"contentUrl\":\"https:\/\/secure.gravatar.com\/avatar\/c7690b9f448fdd19e7a021d2d0201faa0dc70513a48fc7103388e3231c3056a4?s=96&d=mm&r=g\",\"caption\":\"Bj\u00f6rn Becker\"},\"url\":\"https:\/\/tkg-duisburg.de\/?author=5\"}]}<\/script>\n<!-- \/ Yoast SEO plugin. -->","yoast_head_json":{"title":"Die Bretter, die die Welt bedeuten - Theodor K\u00f6nig Gesamtschule Duisburg","robots":{"index":"index","follow":"follow","max-snippet":"max-snippet:-1","max-image-preview":"max-image-preview:large","max-video-preview":"max-video-preview:-1"},"canonical":"https:\/\/tkg-duisburg.de\/?p=8213","og_locale":"de_DE","og_type":"article","og_title":"Die Bretter, die die Welt bedeuten - Theodor K\u00f6nig Gesamtschule Duisburg","og_description":"Theodor-K\u00f6nig Gesamtschule und Komma Theater gehen Partnerschaft ein\u00a0 Eine aufregende neue Partnerschaft zwischen der Theodor-K\u00f6nig-Gesamtschule und dem angesehenen Kom\u00b4ma Theater verspricht eine horizonterweiternde Erfahrung f\u00fcr die Sch\u00fclerinnen und Sch\u00fcler. Unter der Leitung von Herrn Bender (Lehrkraft an der Theodor-K\u00f6nig-Gesamtschule) und Herrn Linke vom Theater wird die zuk\u00fcnftige Zusammenarbeit das kulturelle Bewusstsein der Sch\u00fclerinnen und Sch\u00fcler &hellip; Die Bretter, die die Welt bedeuten weiterlesen &rarr;","og_url":"https:\/\/tkg-duisburg.de\/?p=8213","og_site_name":"Theodor K\u00f6nig Gesamtschule Duisburg","article_published_time":"2024-03-14T04:55:30+00:00","article_modified_time":"2024-03-14T04:55:31+00:00","og_image":[{"url":"https:\/\/tkg-duisburg.de\/wp-content\/uploads\/2024\/03\/image-3-1024x768.png"}],"author":"Bj\u00f6rn Becker","twitter_card":"summary_large_image","twitter_misc":{"Verfasst von":"Bj\u00f6rn Becker","Gesch\u00e4tzte Lesezeit":"2\u00a0Minuten"},"schema":{"@context":"https:\/\/schema.org","@graph":[{"@type":"WebPage","@id":"https:\/\/tkg-duisburg.de\/?p=8213","url":"https:\/\/tkg-duisburg.de\/?p=8213","name":"Die Bretter, die die Welt bedeuten - Theodor K\u00f6nig Gesamtschule Duisburg","isPartOf":{"@id":"https:\/\/tkg-duisburg.de\/#website"},"primaryImageOfPage":{"@id":"https:\/\/tkg-duisburg.de\/?p=8213#primaryimage"},"image":{"@id":"https:\/\/tkg-duisburg.de\/?p=8213#primaryimage"},"thumbnailUrl":"https:\/\/tkg-duisburg.de\/wp-content\/uploads\/2024\/03\/image-3-1024x768.png","datePublished":"2024-03-14T04:55:30+00:00","dateModified":"2024-03-14T04:55:31+00:00","author":{"@id":"https:\/\/tkg-duisburg.de\/#\/schema\/person\/5a5b174492de297d4b57e9a3d89564ee"},"breadcrumb":{"@id":"https:\/\/tkg-duisburg.de\/?p=8213#breadcrumb"},"inLanguage":"de","potentialAction":[{"@type":"ReadAction","target":["https:\/\/tkg-duisburg.de\/?p=8213"]}]},{"@type":"ImageObject","inLanguage":"de","@id":"https:\/\/tkg-duisburg.de\/?p=8213#primaryimage","url":"https:\/\/tkg-duisburg.de\/wp-content\/uploads\/2024\/03\/image-3.png","contentUrl":"https:\/\/tkg-duisburg.de\/wp-content\/uploads\/2024\/03\/image-3.png","width":4032,"height":3024},{"@type":"BreadcrumbList","@id":"https:\/\/tkg-duisburg.de\/?p=8213#breadcrumb","itemListElement":[{"@type":"ListItem","position":1,"name":"Startseite","item":"https:\/\/tkg-duisburg.de\/"},{"@type":"ListItem","position":2,"name":"Die Bretter, die die Welt bedeuten"}]},{"@type":"WebSite","@id":"https:\/\/tkg-duisburg.de\/#website","url":"https:\/\/tkg-duisburg.de\/","name":"Theodor K\u00f6nig Gesamtschule Duisburg","description":"","potentialAction":[{"@type":"SearchAction","target":{"@type":"EntryPoint","urlTemplate":"https:\/\/tkg-duisburg.de\/?s={search_term_string}"},"query-input":"required name=search_term_string"}],"inLanguage":"de"},{"@type":"Person","@id":"https:\/\/tkg-duisburg.de\/#\/schema\/person\/5a5b174492de297d4b57e9a3d89564ee","name":"Bj\u00f6rn Becker","image":{"@type":"ImageObject","inLanguage":"de","@id":"https:\/\/tkg-duisburg.de\/#\/schema\/person\/image\/","url":"https:\/\/secure.gravatar.com\/avatar\/c7690b9f448fdd19e7a021d2d0201faa0dc70513a48fc7103388e3231c3056a4?s=96&d=mm&r=g","contentUrl":"https:\/\/secure.gravatar.com\/avatar\/c7690b9f448fdd19e7a021d2d0201faa0dc70513a48fc7103388e3231c3056a4?s=96&d=mm&r=g","caption":"Bj\u00f6rn Becker"},"url":"https:\/\/tkg-duisburg.de\/?author=5"}]}},"_links":{"self":[{"href":"https:\/\/tkg-duisburg.de\/index.php?rest_route=\/wp\/v2\/posts\/8213","targetHints":{"allow":["GET"]}}],"collection":[{"href":"https:\/\/tkg-duisburg.de\/index.php?rest_route=\/wp\/v2\/posts"}],"about":[{"href":"https:\/\/tkg-duisburg.de\/index.php?rest_route=\/wp\/v2\/types\/post"}],"author":[{"embeddable":true,"href":"https:\/\/tkg-duisburg.de\/index.php?rest_route=\/wp\/v2\/users\/5"}],"replies":[{"embeddable":true,"href":"https:\/\/tkg-duisburg.de\/index.php?rest_route=%2Fwp%2Fv2%2Fcomments&post=8213"}],"version-history":[{"count":1,"href":"https:\/\/tkg-duisburg.de\/index.php?rest_route=\/wp\/v2\/posts\/8213\/revisions"}],"predecessor-version":[{"id":8215,"href":"https:\/\/tkg-duisburg.de\/index.php?rest_route=\/wp\/v2\/posts\/8213\/revisions\/8215"}],"wp:attachment":[{"href":"https:\/\/tkg-duisburg.de\/index.php?rest_route=%2Fwp%2Fv2%2Fmedia&parent=8213"}],"wp:term":[{"taxonomy":"category","embeddable":true,"href":"https:\/\/tkg-duisburg.de\/index.php?rest_route=%2Fwp%2Fv2%2Fcategories&post=8213"},{"taxonomy":"post_tag","embeddable":true,"href":"https:\/\/tkg-duisburg.de\/index.php?rest_route=%2Fwp%2Fv2%2Ftags&post=8213"}],"curies":[{"name":"wp","href":"https:\/\/api.w.org\/{rel}","templated":true}]}}